{"id":186096,"date":"2026-01-31T05:03:15","date_gmt":"2026-01-31T08:03:15","guid":{"rendered":"https:\/\/portaltela.pt\/noticias\/2026\/01\/31\/depressao-kristin-provoca-danos-em-leiria\/"},"modified":"2026-01-31T05:03:15","modified_gmt":"2026-01-31T08:03:15","slug":"depressao-kristin-provoca-danos-em-leiria","status":"publish","type":"post","link":"https:\/\/portaltela.pt\/noticias\/2026\/01\/31\/depressao-kristin-provoca-danos-em-leiria\/","title":{"rendered":"Depress\u00e3o Kristin provoca danos em Leiria"},"content":{"rendered":"<p>A depress\u00e3o Kristin provocou dano significativo em Leiria, tornando o concelho o mais afetado do pa\u00eds. O territ\u00f3rio ficou mergulhado no caos, com milhares de pessoas sem eletricidade, \u00e1gua e comunica\u00e7\u00f5es. A regi\u00e3o foi atingida na noite de domingo, causando interrup\u00e7\u00f5es generalizadas.<\/p>\n<p>V\u00e1rias estradas ficaram submersas devido ao caudal elevado do rio, especialmente no Cartaxo, o que dificultou o tr\u00e1fego. Equipes de emerg\u00eancia est\u00e3o no terreno para resgates e para apoiar a recupera\u00e7\u00e3o das zonas mais afetadas.<\/p>\n<p>O munic\u00edpio de Leiria coordena os esfor\u00e7os de emerg\u00eancia, mobilizando recursos para apoiar fam\u00edlias atingidas. A popula\u00e7\u00e3o \u00e9 aconselhada a evitar deslocamentos desnecess\u00e1rios e a seguir as instru\u00e7\u00f5es das autoridades.<\/p>\n<h3>Situa\u00e7\u00e3o na regi\u00e3o<\/h3>\n<p>A tempestade tamb\u00e9m provocou danos em v\u00e1rias estruturas, incluindo o revestimento de um pr\u00e9dio que caiu em Vila Nova de Gaia. O presidente Marcelo tem acompanhado a situa\u00e7\u00e3o na regi\u00e3o com as autoridades locais.<\/p>\n<p>Imagens de destrui\u00e7\u00e3o mostram \u00e1rvores derrubadas, ruas inundadas e edif\u00edcios danificados. A comunidade permanece unida na resposta \u00e0 crise, com a\u00e7\u00f5es de solidariedade e apoio \u00e0s v\u00edtimas.<\/p>\n<p>As autoridades continuam a monitorizar a evolu\u00e7\u00e3o do tempo e a prestar assist\u00eancia. Prev\u00ea-se melhoria das condi\u00e7\u00f5es nas pr\u00f3ximas horas, mas permanece o aviso de novas intemp\u00e9ries. Mant\u00eam-se os canais oficiais como principal fonte de informa\u00e7\u00e3o.<\/p>\n","protected":false},"excerpt":{"rendered":"<ul>\n<li>A depress\u00e3o Kristin deixou Leiria como o concelho mais afetado do pa\u00eds, com milhares de pessoas sem eletricidade, \u00e1gua e comunica\u00e7\u00f5es.<\/li>\n<li>A tempestade chegou \u00e0 regi\u00e3o na noite de domingo, causando danos \u00e0 infraestrutura e estradas submersas pelo caudal do rio no Cartaxo; equipas de emerg\u00eancia trabalham no terreno.<\/li>\n<li>O munic\u00edpio de Leiria est\u00e1 a coordenar os esfor\u00e7os de resgate e recupera\u00e7\u00e3o, aconselhando a popula\u00e7\u00e3o a evitar desloca\u00e7\u00f5es desnecess\u00e1rias e a seguir as orienta\u00e7\u00f5es oficiais.<\/li>\n<li>Al\u00e9m disso, houve danos em v\u00e1rias estruturas, incluindo o revestimento de um pr\u00e9dio que caiu em Vila Nova de Gaia; a presen\u00e7a do presidente Marcelo Rebelo de Sousa tem sido acompanhada pelas autoridades.<\/li>\n<li>A situa\u00e7\u00e3o mostra \u00e1rvores derrubadas, ruas inundadas e molduras de edif\u00edcios afetadas; as autoridades mant\u00eam vigil\u00e2ncia e esperam melhoria das condi\u00e7\u00f5es nas pr\u00f3ximas horas.<\/li>\n<\/ul>\n","protected":false},"author":2,"featured_media":186102,"comment_status":"closed","ping_status":"closed","sticky":false,"template":"","format":"standard","meta":{"footnotes":""},"categories":[1],"tags":[3812,4687,2696,2293,1385,4916],"class_list":["post-186096","post","type-post","status-publish","format-standard","has-post-thumbnail","hentry","category-noticias","tag-alagamentos","tag-calamidade-publica","tag-cartaxo","tag-inundacoes","tag-leiria","tag-vila-nova-de-gaia"],"yoast_head":"<!-- This site is optimized with the Yoast SEO plugin v27.2 - https:\/\/yoast.com\/product\/yoast-seo-wordpress\/ -->\n<title>Depress\u00e3o Kristin provoca danos em Leiria - Portal Tela Portugal<\/title>\n<meta name=\"robots\" content=\"index, follow, max-snippet:-1, max-image-preview:large, max-video-preview:-1\" \/>\n<meta property=\"og:locale\" content=\"pt_PT\" \/>\n<meta property=\"og:type\" content=\"article\" \/>\n<meta property=\"og:title\" content=\"Depress\u00e3o Kristin provoca danos em Leiria - Portal Tela Portugal\" \/>\n<meta property=\"og:description\" content=\"A depress\u00e3o Kristin deixou Leiria como o concelho mais afetado do pa\u00eds, com milhares de pessoas sem eletricidade, \u00e1gua e comunica\u00e7\u00f5es. A tempestade chegou \u00e0 regi\u00e3o na noite de domingo, causando danos \u00e0 infraestrutura e estradas submersas pelo caudal do rio no Cartaxo; equipas de emerg\u00eancia trabalham no terreno. O munic\u00edpio de Leiria est\u00e1 a coordenar os esfor\u00e7os de resgate e recupera\u00e7\u00e3o, aconselhando a popula\u00e7\u00e3o a evitar desloca\u00e7\u00f5es desnecess\u00e1rias e a seguir as orienta\u00e7\u00f5es oficiais. Al\u00e9m disso, houve danos em v\u00e1rias estruturas, incluindo o revestimento de um pr\u00e9dio que caiu em Vila Nova de Gaia; a presen\u00e7a do presidente Marcelo Rebelo de Sousa tem sido acompanhada pelas autoridades. A situa\u00e7\u00e3o mostra \u00e1rvores derrubadas, ruas inundadas e molduras de edif\u00edcios afetadas; as autoridades mant\u00eam vigil\u00e2ncia e esperam melhoria das condi\u00e7\u00f5es nas pr\u00f3ximas horas.\" \/>\n<meta property=\"og:url\" content=\"https:\/\/portaltela.pt\/noticias\/2026\/01\/31\/depressao-kristin-provoca-danos-em-leiria\/\" \/>\n<meta property=\"og:site_name\" content=\"Portal Tela Portugal\" \/>\n<meta property=\"article:published_time\" content=\"2026-01-31T08:03:15+00:00\" \/>\n<meta name=\"author\" content=\"Telinha\" \/>\n<meta name=\"twitter:card\" content=\"summary_large_image\" \/>\n<meta name=\"twitter:label1\" content=\"Escrito por\" \/>\n\t<meta name=\"twitter:data1\" content=\"Telinha\" \/>\n\t<meta name=\"twitter:label2\" content=\"Tempo estimado de leitura\" \/>\n\t<meta name=\"twitter:data2\" content=\"1 minuto\" \/>\n<script type=\"application\/ld+json\" class=\"yoast-schema-graph\">{\"@context\":\"https:\/\/schema.org\",\"@graph\":[{\"@type\":\"Article\",\"@id\":\"https:\/\/portaltela.pt\/noticias\/2026\/01\/31\/depressao-kristin-provoca-danos-em-leiria\/#article\",\"isPartOf\":{\"@id\":\"https:\/\/portaltela.pt\/noticias\/2026\/01\/31\/depressao-kristin-provoca-danos-em-leiria\/\"},\"author\":{\"name\":\"Telinha\",\"@id\":\"https:\/\/portaltela.pt\/#\/schema\/person\/c4278d4a6028830caff9ee44b42d32ed\"},\"headline\":\"Depress\u00e3o Kristin provoca danos em Leiria\",\"datePublished\":\"2026-01-31T08:03:15+00:00\",\"mainEntityOfPage\":{\"@id\":\"https:\/\/portaltela.pt\/noticias\/2026\/01\/31\/depressao-kristin-provoca-danos-em-leiria\/\"},\"wordCount\":249,\"image\":{\"@id\":\"https:\/\/portaltela.pt\/noticias\/2026\/01\/31\/depressao-kristin-provoca-danos-em-leiria\/#primaryimage\"},\"thumbnailUrl\":\"https:\/\/portaltela.pt\/s.01k8rhncp4jt1\/2026\/01\/img_1280x722uu2026-01-29-18-04-45-2263419.jpg\",\"keywords\":[\"alagamentos\",\"calamidade p\u00fablica\",\"Cartaxo\",\"inunda\u00e7\u00f5es\",\"Leiria\",\"Vila Nova de Gaia\"],\"articleSection\":[\"Not\u00edcias\"],\"inLanguage\":\"pt-PT\"},{\"@type\":\"WebPage\",\"@id\":\"https:\/\/portaltela.pt\/noticias\/2026\/01\/31\/depressao-kristin-provoca-danos-em-leiria\/\",\"url\":\"https:\/\/portaltela.pt\/noticias\/2026\/01\/31\/depressao-kristin-provoca-danos-em-leiria\/\",\"name\":\"Depress\u00e3o Kristin provoca danos em Leiria - Portal Tela Portugal\",\"isPartOf\":{\"@id\":\"https:\/\/portaltela.pt\/#website\"},\"primaryImageOfPage\":{\"@id\":\"https:\/\/portaltela.pt\/noticias\/2026\/01\/31\/depressao-kristin-provoca-danos-em-leiria\/#primaryimage\"},\"image\":{\"@id\":\"https:\/\/portaltela.pt\/noticias\/2026\/01\/31\/depressao-kristin-provoca-danos-em-leiria\/#primaryimage\"},\"thumbnailUrl\":\"https:\/\/portaltela.pt\/s.01k8rhncp4jt1\/2026\/01\/img_1280x722uu2026-01-29-18-04-45-2263419.jpg\",\"datePublished\":\"2026-01-31T08:03:15+00:00\",\"author\":{\"@id\":\"https:\/\/portaltela.pt\/#\/schema\/person\/c4278d4a6028830caff9ee44b42d32ed\"},\"breadcrumb\":{\"@id\":\"https:\/\/portaltela.pt\/noticias\/2026\/01\/31\/depressao-kristin-provoca-danos-em-leiria\/#breadcrumb\"},\"inLanguage\":\"pt-PT\",\"potentialAction\":[{\"@type\":\"ReadAction\",\"target\":[\"https:\/\/portaltela.pt\/noticias\/2026\/01\/31\/depressao-kristin-provoca-danos-em-leiria\/\"]}]},{\"@type\":\"ImageObject\",\"inLanguage\":\"pt-PT\",\"@id\":\"https:\/\/portaltela.pt\/noticias\/2026\/01\/31\/depressao-kristin-provoca-danos-em-leiria\/#primaryimage\",\"url\":\"https:\/\/portaltela.pt\/s.01k8rhncp4jt1\/2026\/01\/img_1280x722uu2026-01-29-18-04-45-2263419.jpg\",\"contentUrl\":\"https:\/\/portaltela.pt\/s.01k8rhncp4jt1\/2026\/01\/img_1280x722uu2026-01-29-18-04-45-2263419.jpg\",\"width\":796,\"height\":448,\"caption\":\"Depress\u00e3o Kristin deixa rasto de destrui\u00e7\u00e3o em Leiria\"},{\"@type\":\"BreadcrumbList\",\"@id\":\"https:\/\/portaltela.pt\/noticias\/2026\/01\/31\/depressao-kristin-provoca-danos-em-leiria\/#breadcrumb\",\"itemListElement\":[{\"@type\":\"ListItem\",\"position\":1,\"name\":\"In\u00edcio\",\"item\":\"https:\/\/portaltela.pt\/\"},{\"@type\":\"ListItem\",\"position\":2,\"name\":\"Depress\u00e3o Kristin provoca danos em Leiria\"}]},{\"@type\":\"WebSite\",\"@id\":\"https:\/\/portaltela.pt\/#website\",\"url\":\"https:\/\/portaltela.pt\/\",\"name\":\"Portal Tela Portugal\",\"description\":\"\",\"potentialAction\":[{\"@type\":\"SearchAction\",\"target\":{\"@type\":\"EntryPoint\",\"urlTemplate\":\"https:\/\/portaltela.pt\/?s={search_term_string}\"},\"query-input\":{\"@type\":\"PropertyValueSpecification\",\"valueRequired\":true,\"valueName\":\"search_term_string\"}}],\"inLanguage\":\"pt-PT\"},{\"@type\":\"Person\",\"@id\":\"https:\/\/portaltela.pt\/#\/schema\/person\/c4278d4a6028830caff9ee44b42d32ed\",\"name\":\"Telinha\",\"image\":{\"@type\":\"ImageObject\",\"inLanguage\":\"pt-PT\",\"@id\":\"https:\/\/portaltela.pt\/s.01k8rhncp4jt1\/2025\/11\/talking-bot-125x125.png\",\"url\":\"https:\/\/portaltela.pt\/s.01k8rhncp4jt1\/2025\/11\/talking-bot-125x125.png\",\"contentUrl\":\"https:\/\/portaltela.pt\/s.01k8rhncp4jt1\/2025\/11\/talking-bot-125x125.png\",\"caption\":\"Telinha\"},\"sameAs\":[\"https:\/\/portaltela.pt\/\"],\"url\":\"https:\/\/portaltela.pt\/por\/367410592786\/\"}]}<\/script>\n<!-- \/ Yoast SEO plugin. -->","yoast_head_json":{"title":"Depress\u00e3o Kristin provoca danos em Leiria - Portal Tela Portugal","robots":{"index":"index","follow":"follow","max-snippet":"max-snippet:-1","max-image-preview":"max-image-preview:large","max-video-preview":"max-video-preview:-1"},"og_locale":"pt_PT","og_type":"article","og_title":"Depress\u00e3o Kristin provoca danos em Leiria - Portal Tela Portugal","og_description":"A depress\u00e3o Kristin deixou Leiria como o concelho mais afetado do pa\u00eds, com milhares de pessoas sem eletricidade, \u00e1gua e comunica\u00e7\u00f5es. A tempestade chegou \u00e0 regi\u00e3o na noite de domingo, causando danos \u00e0 infraestrutura e estradas submersas pelo caudal do rio no Cartaxo; equipas de emerg\u00eancia trabalham no terreno. O munic\u00edpio de Leiria est\u00e1 a coordenar os esfor\u00e7os de resgate e recupera\u00e7\u00e3o, aconselhando a popula\u00e7\u00e3o a evitar desloca\u00e7\u00f5es desnecess\u00e1rias e a seguir as orienta\u00e7\u00f5es oficiais. Al\u00e9m disso, houve danos em v\u00e1rias estruturas, incluindo o revestimento de um pr\u00e9dio que caiu em Vila Nova de Gaia; a presen\u00e7a do presidente Marcelo Rebelo de Sousa tem sido acompanhada pelas autoridades. A situa\u00e7\u00e3o mostra \u00e1rvores derrubadas, ruas inundadas e molduras de edif\u00edcios afetadas; as autoridades mant\u00eam vigil\u00e2ncia e esperam melhoria das condi\u00e7\u00f5es nas pr\u00f3ximas horas.","og_url":"https:\/\/portaltela.pt\/noticias\/2026\/01\/31\/depressao-kristin-provoca-danos-em-leiria\/","og_site_name":"Portal Tela Portugal","article_published_time":"2026-01-31T08:03:15+00:00","author":"Telinha","twitter_card":"summary_large_image","twitter_misc":{"Escrito por":"Telinha","Tempo estimado de leitura":"1 minuto"},"schema":{"@context":"https:\/\/schema.org","@graph":[{"@type":"Article","@id":"https:\/\/portaltela.pt\/noticias\/2026\/01\/31\/depressao-kristin-provoca-danos-em-leiria\/#article","isPartOf":{"@id":"https:\/\/portaltela.pt\/noticias\/2026\/01\/31\/depressao-kristin-provoca-danos-em-leiria\/"},"author":{"name":"Telinha","@id":"https:\/\/portaltela.pt\/#\/schema\/person\/c4278d4a6028830caff9ee44b42d32ed"},"headline":"Depress\u00e3o Kristin provoca danos em Leiria","datePublished":"2026-01-31T08:03:15+00:00","mainEntityOfPage":{"@id":"https:\/\/portaltela.pt\/noticias\/2026\/01\/31\/depressao-kristin-provoca-danos-em-leiria\/"},"wordCount":249,"image":{"@id":"https:\/\/portaltela.pt\/noticias\/2026\/01\/31\/depressao-kristin-provoca-danos-em-leiria\/#primaryimage"},"thumbnailUrl":"https:\/\/portaltela.pt\/s.01k8rhncp4jt1\/2026\/01\/img_1280x722uu2026-01-29-18-04-45-2263419.jpg","keywords":["alagamentos","calamidade p\u00fablica","Cartaxo","inunda\u00e7\u00f5es","Leiria","Vila Nova de Gaia"],"articleSection":["Not\u00edcias"],"inLanguage":"pt-PT"},{"@type":"WebPage","@id":"https:\/\/portaltela.pt\/noticias\/2026\/01\/31\/depressao-kristin-provoca-danos-em-leiria\/","url":"https:\/\/portaltela.pt\/noticias\/2026\/01\/31\/depressao-kristin-provoca-danos-em-leiria\/","name":"Depress\u00e3o Kristin provoca danos em Leiria - Portal Tela Portugal","isPartOf":{"@id":"https:\/\/portaltela.pt\/#website"},"primaryImageOfPage":{"@id":"https:\/\/portaltela.pt\/noticias\/2026\/01\/31\/depressao-kristin-provoca-danos-em-leiria\/#primaryimage"},"image":{"@id":"https:\/\/portaltela.pt\/noticias\/2026\/01\/31\/depressao-kristin-provoca-danos-em-leiria\/#primaryimage"},"thumbnailUrl":"https:\/\/portaltela.pt\/s.01k8rhncp4jt1\/2026\/01\/img_1280x722uu2026-01-29-18-04-45-2263419.jpg","datePublished":"2026-01-31T08:03:15+00:00","author":{"@id":"https:\/\/portaltela.pt\/#\/schema\/person\/c4278d4a6028830caff9ee44b42d32ed"},"breadcrumb":{"@id":"https:\/\/portaltela.pt\/noticias\/2026\/01\/31\/depressao-kristin-provoca-danos-em-leiria\/#breadcrumb"},"inLanguage":"pt-PT","potentialAction":[{"@type":"ReadAction","target":["https:\/\/portaltela.pt\/noticias\/2026\/01\/31\/depressao-kristin-provoca-danos-em-leiria\/"]}]},{"@type":"ImageObject","inLanguage":"pt-PT","@id":"https:\/\/portaltela.pt\/noticias\/2026\/01\/31\/depressao-kristin-provoca-danos-em-leiria\/#primaryimage","url":"https:\/\/portaltela.pt\/s.01k8rhncp4jt1\/2026\/01\/img_1280x722uu2026-01-29-18-04-45-2263419.jpg","contentUrl":"https:\/\/portaltela.pt\/s.01k8rhncp4jt1\/2026\/01\/img_1280x722uu2026-01-29-18-04-45-2263419.jpg","width":796,"height":448,"caption":"Depress\u00e3o Kristin deixa rasto de destrui\u00e7\u00e3o em Leiria"},{"@type":"BreadcrumbList","@id":"https:\/\/portaltela.pt\/noticias\/2026\/01\/31\/depressao-kristin-provoca-danos-em-leiria\/#breadcrumb","itemListElement":[{"@type":"ListItem","position":1,"name":"In\u00edcio","item":"https:\/\/portaltela.pt\/"},{"@type":"ListItem","position":2,"name":"Depress\u00e3o Kristin provoca danos em Leiria"}]},{"@type":"WebSite","@id":"https:\/\/portaltela.pt\/#website","url":"https:\/\/portaltela.pt\/","name":"Portal Tela Portugal","description":"","potentialAction":[{"@type":"SearchAction","target":{"@type":"EntryPoint","urlTemplate":"https:\/\/portaltela.pt\/?s={search_term_string}"},"query-input":{"@type":"PropertyValueSpecification","valueRequired":true,"valueName":"search_term_string"}}],"inLanguage":"pt-PT"},{"@type":"Person","@id":"https:\/\/portaltela.pt\/#\/schema\/person\/c4278d4a6028830caff9ee44b42d32ed","name":"Telinha","image":{"@type":"ImageObject","inLanguage":"pt-PT","@id":"https:\/\/portaltela.pt\/s.01k8rhncp4jt1\/2025\/11\/talking-bot-125x125.png","url":"https:\/\/portaltela.pt\/s.01k8rhncp4jt1\/2025\/11\/talking-bot-125x125.png","contentUrl":"https:\/\/portaltela.pt\/s.01k8rhncp4jt1\/2025\/11\/talking-bot-125x125.png","caption":"Telinha"},"sameAs":["https:\/\/portaltela.pt\/"],"url":"https:\/\/portaltela.pt\/por\/367410592786\/"}]}},"_links":{"self":[{"href":"https:\/\/portaltela.pt\/api\/wp\/v2\/posts\/186096","targetHints":{"allow":["GET"]}}],"collection":[{"href":"https:\/\/portaltela.pt\/api\/wp\/v2\/posts"}],"about":[{"href":"https:\/\/portaltela.pt\/api\/wp\/v2\/types\/post"}],"author":[{"embeddable":true,"href":"https:\/\/portaltela.pt\/api\/wp\/v2\/users\/2"}],"replies":[{"embeddable":true,"href":"https:\/\/portaltela.pt\/api\/wp\/v2\/comments?post=186096"}],"version-history":[{"count":0,"href":"https:\/\/portaltela.pt\/api\/wp\/v2\/posts\/186096\/revisions"}],"wp:featuredmedia":[{"embeddable":true,"href":"https:\/\/portaltela.pt\/api\/wp\/v2\/media\/186102"}],"wp:attachment":[{"href":"https:\/\/portaltela.pt\/api\/wp\/v2\/media?parent=186096"}],"wp:term":[{"taxonomy":"category","embeddable":true,"href":"https:\/\/portaltela.pt\/api\/wp\/v2\/categories?post=186096"},{"taxonomy":"post_tag","embeddable":true,"href":"https:\/\/portaltela.pt\/api\/wp\/v2\/tags?post=186096"}],"curies":[{"name":"wp","href":"https:\/\/api.w.org\/{rel}","templated":true}]}}