{"id":186081,"date":"2026-01-31T04:42:00","date_gmt":"2026-01-31T07:42:00","guid":{"rendered":"https:\/\/portaltela.pt\/noticias\/2026\/01\/31\/confiamos-que-nao-precisavamos-das-vacinas-e-ficamos-longe-do-sarampo\/"},"modified":"2026-01-31T04:42:00","modified_gmt":"2026-01-31T07:42:00","slug":"confiamos-que-nao-precisavamos-das-vacinas-e-ficamos-longe-do-sarampo","status":"publish","type":"post","link":"https:\/\/portaltela.pt\/noticias\/2026\/01\/31\/confiamos-que-nao-precisavamos-das-vacinas-e-ficamos-longe-do-sarampo\/","title":{"rendered":"Confi\u00e1mos que n\u00e3o precis\u00e1vamos das vacinas e fic\u00e1mos longe do sarampo"},"content":{"rendered":"<p>A Organiza\u00e7\u00e3o Mundial de Sa\u00fade (OMS) anunciou, na segunda-feira, que seis pa\u00edses europeus perderam o estatuto de elimina\u00e7\u00e3o do sarampo. \u00c1ustria, Arm\u00e9nia, Azerbaij\u00e3o, Espanha, Reino Unido e Uzbequist\u00e3o veem retomada da transmiss\u00e3o interna ap\u00f3s 12 meses com aus\u00eancia de cadeias sustentadas.<\/p>\n<p>O reconhecimento de elimina\u00e7\u00e3o \u00e9 perdido quando h\u00e1 transmiss\u00e3o cont\u00ednua do v\u00edrus do sarampo dentro do pa\u00eds durante um ano. A OMS indica que estes epis\u00f3dios evidenciam que o sarampo continua presente nas comunidades locais.<\/p>\n<p>A not\u00edcia surge num contexto de surtos em pa\u00edses vizinhos, como a Espanha, onde campanhas de vacina\u00e7\u00e3o e vigil\u00e2ncia ganham nova import\u00e2ncia. A investigadora Mariana Perez Duque alerta para a necessidade de manter a vigil\u00e2ncia constante.<\/p>\n<p>Segundo especialistas, o aumento da circula\u00e7\u00e3o do v\u00edrus pode estar ligado a lacunas de imuniza\u00e7\u00e3o ou a fatores como mobilidade de popula\u00e7\u00f5es e varia\u00e7\u00f5es sazonais. A OMS refor\u00e7a a import\u00e2ncia de manter coberturas vacinais altas.<\/p>\n<p>A decis\u00e3o afeta a percep\u00e7\u00e3o de seguran\u00e7a sanit\u00e1ria na regi\u00e3o, aumentando a preocupa\u00e7\u00e3o com a reemerg\u00eancia de dados de transmiss\u00e3o. Autoridades de sa\u00fade dos pa\u00edses mencionados devem revisar estrat\u00e9gias de vacina\u00e7\u00e3o e monitoriza\u00e7\u00e3o.<\/p>\n<p>Apesar do recuo no status de elimina\u00e7\u00e3o, a OMS continua a promover a vacina\u00e7\u00e3o como a medida mais eficaz para reduzir surtos. A vigil\u00e2ncia epidemiol\u00f3gica permanece crucial para interromper cadeias de transmiss\u00e3o.<\/p>\n","protected":false},"excerpt":{"rendered":"<ul>\n<li>A Organiza\u00e7\u00e3o Mundial da Sa\u00fade anunciou que seis pa\u00edses da regi\u00e3o europeia perderam o estatuto de elimina\u00e7\u00e3o de sarampo: \u00c1ustria, Arm\u00e9nia, Azerbaij\u00e3o, Espanha, Reino Unido e Uzbequist\u00e3o.<\/li>\n<li>A perda do selo significa que a transmiss\u00e3o dentro do pa\u00eds foi retomada, com cadeias de transmiss\u00e3o do sarampo a manter-se durante 12 meses.<\/li>\n<li>O sarampo \u00e9 descrito pela investigadora Mariana Perez Duque, da Universidade de Cambridge, como o microorganismo mais contagioso que existe.<\/li>\n<li>A especialista alerta para a necessidade de manter a vigil\u00e2ncia, sobretudo face a surtos em pa\u00edses vizinhos, como a Espanha.<\/li>\n<\/ul>\n","protected":false},"author":2,"featured_media":186085,"comment_status":"closed","ping_status":"closed","sticky":false,"template":"","format":"standard","meta":{"footnotes":""},"categories":[1],"tags":[4684,2487,172,271,3949,374],"class_list":["post-186081","post","type-post","status-publish","format-standard","has-post-thumbnail","hentry","category-noticias","tag-epidemiologia","tag-europa","tag-saude","tag-saude-publica","tag-vacinacoes","tag-vigilancia-epidemiologica"],"yoast_head":"<!-- This site is optimized with the Yoast SEO plugin v27.2 - https:\/\/yoast.com\/product\/yoast-seo-wordpress\/ -->\n<title>Confi\u00e1mos que n\u00e3o precis\u00e1vamos das vacinas e fic\u00e1mos longe do sarampo - Portal Tela Portugal<\/title>\n<meta name=\"robots\" content=\"index, follow, max-snippet:-1, max-image-preview:large, max-video-preview:-1\" \/>\n<meta property=\"og:locale\" content=\"pt_PT\" \/>\n<meta property=\"og:type\" content=\"article\" \/>\n<meta property=\"og:title\" content=\"Confi\u00e1mos que n\u00e3o precis\u00e1vamos das vacinas e fic\u00e1mos longe do sarampo - Portal Tela Portugal\" \/>\n<meta property=\"og:description\" content=\"A Organiza\u00e7\u00e3o Mundial da Sa\u00fade anunciou que seis pa\u00edses da regi\u00e3o europeia perderam o estatuto de elimina\u00e7\u00e3o de sarampo: \u00c1ustria, Arm\u00e9nia, Azerbaij\u00e3o, Espanha, Reino Unido e Uzbequist\u00e3o. A perda do selo significa que a transmiss\u00e3o dentro do pa\u00eds foi retomada, com cadeias de transmiss\u00e3o do sarampo a manter-se durante 12 meses. O sarampo \u00e9 descrito pela investigadora Mariana Perez Duque, da Universidade de Cambridge, como o microorganismo mais contagioso que existe. A especialista alerta para a necessidade de manter a vigil\u00e2ncia, sobretudo face a surtos em pa\u00edses vizinhos, como a Espanha.\" \/>\n<meta property=\"og:url\" content=\"https:\/\/portaltela.pt\/noticias\/2026\/01\/31\/confiamos-que-nao-precisavamos-das-vacinas-e-ficamos-longe-do-sarampo\/\" \/>\n<meta property=\"og:site_name\" content=\"Portal Tela Portugal\" \/>\n<meta property=\"article:published_time\" content=\"2026-01-31T07:42:00+00:00\" \/>\n<meta name=\"author\" content=\"Telinha\" \/>\n<meta name=\"twitter:card\" content=\"summary_large_image\" \/>\n<meta name=\"twitter:label1\" content=\"Escrito por\" \/>\n\t<meta name=\"twitter:data1\" content=\"Telinha\" \/>\n\t<meta name=\"twitter:label2\" content=\"Tempo estimado de leitura\" \/>\n\t<meta name=\"twitter:data2\" content=\"1 minuto\" \/>\n<script type=\"application\/ld+json\" class=\"yoast-schema-graph\">{\"@context\":\"https:\/\/schema.org\",\"@graph\":[{\"@type\":\"Article\",\"@id\":\"https:\/\/portaltela.pt\/noticias\/2026\/01\/31\/confiamos-que-nao-precisavamos-das-vacinas-e-ficamos-longe-do-sarampo\/#article\",\"isPartOf\":{\"@id\":\"https:\/\/portaltela.pt\/noticias\/2026\/01\/31\/confiamos-que-nao-precisavamos-das-vacinas-e-ficamos-longe-do-sarampo\/\"},\"author\":{\"name\":\"Telinha\",\"@id\":\"https:\/\/portaltela.pt\/#\/schema\/person\/c4278d4a6028830caff9ee44b42d32ed\"},\"headline\":\"Confi\u00e1mos que n\u00e3o precis\u00e1vamos das vacinas e fic\u00e1mos longe do sarampo\",\"datePublished\":\"2026-01-31T07:42:00+00:00\",\"mainEntityOfPage\":{\"@id\":\"https:\/\/portaltela.pt\/noticias\/2026\/01\/31\/confiamos-que-nao-precisavamos-das-vacinas-e-ficamos-longe-do-sarampo\/\"},\"wordCount\":272,\"image\":{\"@id\":\"https:\/\/portaltela.pt\/noticias\/2026\/01\/31\/confiamos-que-nao-precisavamos-das-vacinas-e-ficamos-longe-do-sarampo\/#primaryimage\"},\"thumbnailUrl\":\"https:\/\/portaltela.pt\/s.01k8rhncp4jt1\/2026\/01\/2063003.jpg\",\"keywords\":[\"epidemiologia\",\"Europa\",\"sa\u00fade\",\"sa\u00fade p\u00fablica\",\"vacina\u00e7\u00f5es\",\"vigil\u00e2ncia epidemiol\u00f3gica\"],\"articleSection\":[\"Not\u00edcias\"],\"inLanguage\":\"pt-PT\"},{\"@type\":\"WebPage\",\"@id\":\"https:\/\/portaltela.pt\/noticias\/2026\/01\/31\/confiamos-que-nao-precisavamos-das-vacinas-e-ficamos-longe-do-sarampo\/\",\"url\":\"https:\/\/portaltela.pt\/noticias\/2026\/01\/31\/confiamos-que-nao-precisavamos-das-vacinas-e-ficamos-longe-do-sarampo\/\",\"name\":\"Confi\u00e1mos que n\u00e3o precis\u00e1vamos das vacinas e fic\u00e1mos longe do sarampo - Portal Tela Portugal\",\"isPartOf\":{\"@id\":\"https:\/\/portaltela.pt\/#website\"},\"primaryImageOfPage\":{\"@id\":\"https:\/\/portaltela.pt\/noticias\/2026\/01\/31\/confiamos-que-nao-precisavamos-das-vacinas-e-ficamos-longe-do-sarampo\/#primaryimage\"},\"image\":{\"@id\":\"https:\/\/portaltela.pt\/noticias\/2026\/01\/31\/confiamos-que-nao-precisavamos-das-vacinas-e-ficamos-longe-do-sarampo\/#primaryimage\"},\"thumbnailUrl\":\"https:\/\/portaltela.pt\/s.01k8rhncp4jt1\/2026\/01\/2063003.jpg\",\"datePublished\":\"2026-01-31T07:42:00+00:00\",\"author\":{\"@id\":\"https:\/\/portaltela.pt\/#\/schema\/person\/c4278d4a6028830caff9ee44b42d32ed\"},\"breadcrumb\":{\"@id\":\"https:\/\/portaltela.pt\/noticias\/2026\/01\/31\/confiamos-que-nao-precisavamos-das-vacinas-e-ficamos-longe-do-sarampo\/#breadcrumb\"},\"inLanguage\":\"pt-PT\",\"potentialAction\":[{\"@type\":\"ReadAction\",\"target\":[\"https:\/\/portaltela.pt\/noticias\/2026\/01\/31\/confiamos-que-nao-precisavamos-das-vacinas-e-ficamos-longe-do-sarampo\/\"]}]},{\"@type\":\"ImageObject\",\"inLanguage\":\"pt-PT\",\"@id\":\"https:\/\/portaltela.pt\/noticias\/2026\/01\/31\/confiamos-que-nao-precisavamos-das-vacinas-e-ficamos-longe-do-sarampo\/#primaryimage\",\"url\":\"https:\/\/portaltela.pt\/s.01k8rhncp4jt1\/2026\/01\/2063003.jpg\",\"contentUrl\":\"https:\/\/portaltela.pt\/s.01k8rhncp4jt1\/2026\/01\/2063003.jpg\",\"width\":796,\"height\":448,\"caption\":\"Mariana Perez Duque, especialista em doen\u00e7as infecciosas, alerta para a necessidade manter a vigil\u00e2ncia contra o sarampo, sobretudo com os surtos em pa\u00edses pr\u00f3ximos, como Espanha\"},{\"@type\":\"BreadcrumbList\",\"@id\":\"https:\/\/portaltela.pt\/noticias\/2026\/01\/31\/confiamos-que-nao-precisavamos-das-vacinas-e-ficamos-longe-do-sarampo\/#breadcrumb\",\"itemListElement\":[{\"@type\":\"ListItem\",\"position\":1,\"name\":\"In\u00edcio\",\"item\":\"https:\/\/portaltela.pt\/\"},{\"@type\":\"ListItem\",\"position\":2,\"name\":\"Confi\u00e1mos que n\u00e3o precis\u00e1vamos das vacinas e fic\u00e1mos longe do sarampo\"}]},{\"@type\":\"WebSite\",\"@id\":\"https:\/\/portaltela.pt\/#website\",\"url\":\"https:\/\/portaltela.pt\/\",\"name\":\"Portal Tela Portugal\",\"description\":\"\",\"potentialAction\":[{\"@type\":\"SearchAction\",\"target\":{\"@type\":\"EntryPoint\",\"urlTemplate\":\"https:\/\/portaltela.pt\/?s={search_term_string}\"},\"query-input\":{\"@type\":\"PropertyValueSpecification\",\"valueRequired\":true,\"valueName\":\"search_term_string\"}}],\"inLanguage\":\"pt-PT\"},{\"@type\":\"Person\",\"@id\":\"https:\/\/portaltela.pt\/#\/schema\/person\/c4278d4a6028830caff9ee44b42d32ed\",\"name\":\"Telinha\",\"image\":{\"@type\":\"ImageObject\",\"inLanguage\":\"pt-PT\",\"@id\":\"https:\/\/portaltela.pt\/s.01k8rhncp4jt1\/2025\/11\/talking-bot-125x125.png\",\"url\":\"https:\/\/portaltela.pt\/s.01k8rhncp4jt1\/2025\/11\/talking-bot-125x125.png\",\"contentUrl\":\"https:\/\/portaltela.pt\/s.01k8rhncp4jt1\/2025\/11\/talking-bot-125x125.png\",\"caption\":\"Telinha\"},\"sameAs\":[\"https:\/\/portaltela.pt\/\"],\"url\":\"https:\/\/portaltela.pt\/por\/367410592786\/\"}]}<\/script>\n<!-- \/ Yoast SEO plugin. -->","yoast_head_json":{"title":"Confi\u00e1mos que n\u00e3o precis\u00e1vamos das vacinas e fic\u00e1mos longe do sarampo - Portal Tela Portugal","robots":{"index":"index","follow":"follow","max-snippet":"max-snippet:-1","max-image-preview":"max-image-preview:large","max-video-preview":"max-video-preview:-1"},"og_locale":"pt_PT","og_type":"article","og_title":"Confi\u00e1mos que n\u00e3o precis\u00e1vamos das vacinas e fic\u00e1mos longe do sarampo - Portal Tela Portugal","og_description":"A Organiza\u00e7\u00e3o Mundial da Sa\u00fade anunciou que seis pa\u00edses da regi\u00e3o europeia perderam o estatuto de elimina\u00e7\u00e3o de sarampo: \u00c1ustria, Arm\u00e9nia, Azerbaij\u00e3o, Espanha, Reino Unido e Uzbequist\u00e3o. A perda do selo significa que a transmiss\u00e3o dentro do pa\u00eds foi retomada, com cadeias de transmiss\u00e3o do sarampo a manter-se durante 12 meses. O sarampo \u00e9 descrito pela investigadora Mariana Perez Duque, da Universidade de Cambridge, como o microorganismo mais contagioso que existe. A especialista alerta para a necessidade de manter a vigil\u00e2ncia, sobretudo face a surtos em pa\u00edses vizinhos, como a Espanha.","og_url":"https:\/\/portaltela.pt\/noticias\/2026\/01\/31\/confiamos-que-nao-precisavamos-das-vacinas-e-ficamos-longe-do-sarampo\/","og_site_name":"Portal Tela Portugal","article_published_time":"2026-01-31T07:42:00+00:00","author":"Telinha","twitter_card":"summary_large_image","twitter_misc":{"Escrito por":"Telinha","Tempo estimado de leitura":"1 minuto"},"schema":{"@context":"https:\/\/schema.org","@graph":[{"@type":"Article","@id":"https:\/\/portaltela.pt\/noticias\/2026\/01\/31\/confiamos-que-nao-precisavamos-das-vacinas-e-ficamos-longe-do-sarampo\/#article","isPartOf":{"@id":"https:\/\/portaltela.pt\/noticias\/2026\/01\/31\/confiamos-que-nao-precisavamos-das-vacinas-e-ficamos-longe-do-sarampo\/"},"author":{"name":"Telinha","@id":"https:\/\/portaltela.pt\/#\/schema\/person\/c4278d4a6028830caff9ee44b42d32ed"},"headline":"Confi\u00e1mos que n\u00e3o precis\u00e1vamos das vacinas e fic\u00e1mos longe do sarampo","datePublished":"2026-01-31T07:42:00+00:00","mainEntityOfPage":{"@id":"https:\/\/portaltela.pt\/noticias\/2026\/01\/31\/confiamos-que-nao-precisavamos-das-vacinas-e-ficamos-longe-do-sarampo\/"},"wordCount":272,"image":{"@id":"https:\/\/portaltela.pt\/noticias\/2026\/01\/31\/confiamos-que-nao-precisavamos-das-vacinas-e-ficamos-longe-do-sarampo\/#primaryimage"},"thumbnailUrl":"https:\/\/portaltela.pt\/s.01k8rhncp4jt1\/2026\/01\/2063003.jpg","keywords":["epidemiologia","Europa","sa\u00fade","sa\u00fade p\u00fablica","vacina\u00e7\u00f5es","vigil\u00e2ncia epidemiol\u00f3gica"],"articleSection":["Not\u00edcias"],"inLanguage":"pt-PT"},{"@type":"WebPage","@id":"https:\/\/portaltela.pt\/noticias\/2026\/01\/31\/confiamos-que-nao-precisavamos-das-vacinas-e-ficamos-longe-do-sarampo\/","url":"https:\/\/portaltela.pt\/noticias\/2026\/01\/31\/confiamos-que-nao-precisavamos-das-vacinas-e-ficamos-longe-do-sarampo\/","name":"Confi\u00e1mos que n\u00e3o precis\u00e1vamos das vacinas e fic\u00e1mos longe do sarampo - Portal Tela Portugal","isPartOf":{"@id":"https:\/\/portaltela.pt\/#website"},"primaryImageOfPage":{"@id":"https:\/\/portaltela.pt\/noticias\/2026\/01\/31\/confiamos-que-nao-precisavamos-das-vacinas-e-ficamos-longe-do-sarampo\/#primaryimage"},"image":{"@id":"https:\/\/portaltela.pt\/noticias\/2026\/01\/31\/confiamos-que-nao-precisavamos-das-vacinas-e-ficamos-longe-do-sarampo\/#primaryimage"},"thumbnailUrl":"https:\/\/portaltela.pt\/s.01k8rhncp4jt1\/2026\/01\/2063003.jpg","datePublished":"2026-01-31T07:42:00+00:00","author":{"@id":"https:\/\/portaltela.pt\/#\/schema\/person\/c4278d4a6028830caff9ee44b42d32ed"},"breadcrumb":{"@id":"https:\/\/portaltela.pt\/noticias\/2026\/01\/31\/confiamos-que-nao-precisavamos-das-vacinas-e-ficamos-longe-do-sarampo\/#breadcrumb"},"inLanguage":"pt-PT","potentialAction":[{"@type":"ReadAction","target":["https:\/\/portaltela.pt\/noticias\/2026\/01\/31\/confiamos-que-nao-precisavamos-das-vacinas-e-ficamos-longe-do-sarampo\/"]}]},{"@type":"ImageObject","inLanguage":"pt-PT","@id":"https:\/\/portaltela.pt\/noticias\/2026\/01\/31\/confiamos-que-nao-precisavamos-das-vacinas-e-ficamos-longe-do-sarampo\/#primaryimage","url":"https:\/\/portaltela.pt\/s.01k8rhncp4jt1\/2026\/01\/2063003.jpg","contentUrl":"https:\/\/portaltela.pt\/s.01k8rhncp4jt1\/2026\/01\/2063003.jpg","width":796,"height":448,"caption":"Mariana Perez Duque, especialista em doen\u00e7as infecciosas, alerta para a necessidade manter a vigil\u00e2ncia contra o sarampo, sobretudo com os surtos em pa\u00edses pr\u00f3ximos, como Espanha"},{"@type":"BreadcrumbList","@id":"https:\/\/portaltela.pt\/noticias\/2026\/01\/31\/confiamos-que-nao-precisavamos-das-vacinas-e-ficamos-longe-do-sarampo\/#breadcrumb","itemListElement":[{"@type":"ListItem","position":1,"name":"In\u00edcio","item":"https:\/\/portaltela.pt\/"},{"@type":"ListItem","position":2,"name":"Confi\u00e1mos que n\u00e3o precis\u00e1vamos das vacinas e fic\u00e1mos longe do sarampo"}]},{"@type":"WebSite","@id":"https:\/\/portaltela.pt\/#website","url":"https:\/\/portaltela.pt\/","name":"Portal Tela Portugal","description":"","potentialAction":[{"@type":"SearchAction","target":{"@type":"EntryPoint","urlTemplate":"https:\/\/portaltela.pt\/?s={search_term_string}"},"query-input":{"@type":"PropertyValueSpecification","valueRequired":true,"valueName":"search_term_string"}}],"inLanguage":"pt-PT"},{"@type":"Person","@id":"https:\/\/portaltela.pt\/#\/schema\/person\/c4278d4a6028830caff9ee44b42d32ed","name":"Telinha","image":{"@type":"ImageObject","inLanguage":"pt-PT","@id":"https:\/\/portaltela.pt\/s.01k8rhncp4jt1\/2025\/11\/talking-bot-125x125.png","url":"https:\/\/portaltela.pt\/s.01k8rhncp4jt1\/2025\/11\/talking-bot-125x125.png","contentUrl":"https:\/\/portaltela.pt\/s.01k8rhncp4jt1\/2025\/11\/talking-bot-125x125.png","caption":"Telinha"},"sameAs":["https:\/\/portaltela.pt\/"],"url":"https:\/\/portaltela.pt\/por\/367410592786\/"}]}},"_links":{"self":[{"href":"https:\/\/portaltela.pt\/api\/wp\/v2\/posts\/186081","targetHints":{"allow":["GET"]}}],"collection":[{"href":"https:\/\/portaltela.pt\/api\/wp\/v2\/posts"}],"about":[{"href":"https:\/\/portaltela.pt\/api\/wp\/v2\/types\/post"}],"author":[{"embeddable":true,"href":"https:\/\/portaltela.pt\/api\/wp\/v2\/users\/2"}],"replies":[{"embeddable":true,"href":"https:\/\/portaltela.pt\/api\/wp\/v2\/comments?post=186081"}],"version-history":[{"count":0,"href":"https:\/\/portaltela.pt\/api\/wp\/v2\/posts\/186081\/revisions"}],"wp:featuredmedia":[{"embeddable":true,"href":"https:\/\/portaltela.pt\/api\/wp\/v2\/media\/186085"}],"wp:attachment":[{"href":"https:\/\/portaltela.pt\/api\/wp\/v2\/media?parent=186081"}],"wp:term":[{"taxonomy":"category","embeddable":true,"href":"https:\/\/portaltela.pt\/api\/wp\/v2\/categories?post=186081"},{"taxonomy":"post_tag","embeddable":true,"href":"https:\/\/portaltela.pt\/api\/wp\/v2\/tags?post=186081"}],"curies":[{"name":"wp","href":"https:\/\/api.w.org\/{rel}","templated":true}]}}