{"id":185994,"date":"2026-01-31T02:00:00","date_gmt":"2026-01-31T05:00:00","guid":{"rendered":"https:\/\/portaltela.pt\/noticias\/2026\/01\/31\/vendas-de-veiculos-100-eletricos-sobem-30-na-europa\/"},"modified":"2026-01-31T02:00:00","modified_gmt":"2026-01-31T05:00:00","slug":"vendas-de-veiculos-100-eletricos-sobem-30-na-europa","status":"publish","type":"post","link":"https:\/\/portaltela.pt\/noticias\/economia\/2026\/01\/31\/vendas-de-veiculos-100-eletricos-sobem-30-na-europa\/","title":{"rendered":"Vendas de ve\u00edculos 100% el\u00e9tricos sobem 30% na Europa"},"content":{"rendered":"<p>Em 2025, a Uni\u00e3o Europeia matriculou cerca de 1,88 milh\u00f5es de ve\u00edculos 100% el\u00e9tricos, mais 29,7% face a 2024. Se somarmos o Reino Unido, Noruega, Su\u00ed\u00e7a e Isl\u00e2ndia, o total ultrapassou 2,58 milh\u00f5es, aponta a ACEA.<\/p>\n<p>O mercado autom\u00f3vel europeu registou, no conjunto, um crescimento de 1,8% para cerca de 10,8 milh\u00f5es de viaturas novas, ainda longe dos 15 milh\u00f5es registados antes da pandemia.<\/p>\n<p>O aumento dos el\u00e9tricos a bateria abrangeu os principais mercados, com varia\u00e7\u00f5es distintas. Espanha saltou 77%, seguida de Alemanha (+43,2%), Pa\u00edses Baixos (+18,1%), B\u00e9lgica (+12,6%) e Fran\u00e7a (+12,5%). Juntos, estes quatro pa\u00edses representaram cerca de 62% das matr\u00edculas de 100% el\u00e9tricos na UE.<\/p>\n<h3>Desempenho por construtor<\/h3>\n<p>Entre as marcas, o grupo Volkswagen manteve a lideran\u00e7a com crescimento de 5,5%, enquanto a Stellantis recuou 4,7%. Renault avan\u00e7ou 5,6%, impulsionado pelo Renault 5 el\u00e9trico. Entre fabricantes chineses, a SAIC (MG) subiu 34%, a BYD teve o volume de vendas triplicado e a Tesla registou uma queda de 38% nas matr\u00edculas na Europa.<\/p>\n<h3>Queda dos motores de combust\u00e3o<\/h3>\n<p>As viaturas a gasolina justificaram uma queda de 18,7%, com quota de 26,6%. O Diesel caiu 24,2%, ficando com 8,9% de quota. No total, os ve\u00edculos com motor t\u00e9rmico viram a quota cair de 45,2% para 35,5%.<\/p>\n<p>Ainda que os h\u00edbridos continuem a ser a tecnologia mais vendida na Europa, com 3,73 milh\u00f5es de unidades e 34,5% de quota, o ritmo de crescimento foi inferior ao dos el\u00e9tricos a bateria. Os h\u00edbridos plug-in cresceram 33%, para cerca de 1 milh\u00e3o de unidades e 9,4% de quota.<\/p>\n<h3>Quotas e perspetivas<\/h3>\n<p>A quota de 100% el\u00e9tricos na UE situou-se em 17,4% em 2025, face a 13,6% no ano anterior. Em Portugal, a quota chegou a 23,2% no mesmo per\u00edodo. A ACEA aponta que o ritmo atual n\u00e3o \u00e9 suficiente para alcan\u00e7ar as metas de CO2 da UE para 2030. A necessidade de quase triplicar a quota \u00e9 mencionada para cumprir os objetivos sem penaliza\u00e7\u00f5es.<\/p>\n<p>O mercado de 2025 revela uma transi\u00e7\u00e3o acelerada, com os ve\u00edculos el\u00e9tricos a ganhar protagonismo no crescimento do setor autom\u00f3vel europeu, em contexto de retra\u00e7\u00e3o das op\u00e7\u00f5es a combust\u00edveis f\u00f3sseis.<\/p>\n","protected":false},"excerpt":{"rendered":"<ul>\n<li>Em 2025, as matr\u00edculas de ve\u00edculos 100% el\u00e9tricos na Uni\u00e3o Europeia chegaram a 1,88 milh\u00f5es, mais 29,7% face a 2024; incluindo Reino Unido, Noruega, Su\u00ed\u00e7a e Isl\u00e2ndia, o volume total foi superior a 2,58 milh\u00f5es.<\/li>\n<li>O mercado autom\u00f3vel total avan\u00e7ou 1,8%, para cerca de 10,8 milh\u00f5es de ve\u00edculos novos, ainda distante dos cerca de 15 milh\u00f5es registados antes da pandemia.<\/li>\n<li>Espanha destacou-se com um aumento de 77% nos el\u00e9tricos a bateria, seguida de Alemanha (+43,2%), Pa\u00edses Baixos (+18,1%), B\u00e9lgica (+12,6%) e Fran\u00e7a (+12,5%); juntos representaram cerca de 62% das matr\u00edculas de 100% el\u00e9tricos na Uni\u00e3o Europeia.<\/li>\n<li>No lado dos construtores, Volkswagen manteve a lideran\u00e7a com +5,5% de crescimento, Stellantis recuou 4,7% e Renault avan\u00e7ou 5,6%; entre chineses, SAIC (MG) subiu 34%, BYD triplicou as vendas e Tesla caiu 38% na Europa.<\/li>\n<li>A quota de 100% el\u00e9tricos na Europa ficou em 17,4% em 2025 (13,6% em 2024); Portugal registou 23,2%; a ACEA alerta que a trajet\u00f3ria atual n\u00e3o basta para cumprir as metas de CO2 at\u00e9 2030, sendo necess\u00e1ria quase triplicar a quota de EVs.<\/li>\n<\/ul>\n","protected":false},"author":2,"featured_media":185996,"comment_status":"closed","ping_status":"closed","sticky":false,"template":"","format":"standard","meta":{"footnotes":""},"categories":[2,1],"tags":[1054,28,4405,45,3263,192],"class_list":["post-185994","post","type-post","status-publish","format-standard","has-post-thumbnail","hentry","category-economia","category-noticias","tag-descarbonizacao-territorial","tag-economia","tag-eletrico","tag-meio-ambiente","tag-mobilidade-urbana","tag-transporte"],"yoast_head":"<!-- This site is optimized with the Yoast SEO plugin v27.2 - https:\/\/yoast.com\/product\/yoast-seo-wordpress\/ -->\n<title>Vendas de ve\u00edculos 100% el\u00e9tricos sobem 30% na Europa - Portal Tela Portugal<\/title>\n<meta name=\"robots\" content=\"index, follow, max-snippet:-1, max-image-preview:large, max-video-preview:-1\" \/>\n<meta property=\"og:locale\" content=\"pt_PT\" \/>\n<meta property=\"og:type\" content=\"article\" \/>\n<meta property=\"og:title\" content=\"Vendas de ve\u00edculos 100% el\u00e9tricos sobem 30% na Europa - Portal Tela Portugal\" \/>\n<meta property=\"og:description\" content=\"Em 2025, as matr\u00edculas de ve\u00edculos 100% el\u00e9tricos na Uni\u00e3o Europeia chegaram a 1,88 milh\u00f5es, mais 29,7% face a 2024; incluindo Reino Unido, Noruega, Su\u00ed\u00e7a e Isl\u00e2ndia, o volume total foi superior a 2,58 milh\u00f5es. O mercado autom\u00f3vel total avan\u00e7ou 1,8%, para cerca de 10,8 milh\u00f5es de ve\u00edculos novos, ainda distante dos cerca de 15 milh\u00f5es registados antes da pandemia. Espanha destacou-se com um aumento de 77% nos el\u00e9tricos a bateria, seguida de Alemanha (+43,2%), Pa\u00edses Baixos (+18,1%), B\u00e9lgica (+12,6%) e Fran\u00e7a (+12,5%); juntos representaram cerca de 62% das matr\u00edculas de 100% el\u00e9tricos na Uni\u00e3o Europeia. No lado dos construtores, Volkswagen manteve a lideran\u00e7a com +5,5% de crescimento, Stellantis recuou 4,7% e Renault avan\u00e7ou 5,6%; entre chineses, SAIC (MG) subiu 34%, BYD triplicou as vendas e Tesla caiu 38% na Europa. A quota de 100% el\u00e9tricos na Europa ficou em 17,4% em 2025 (13,6% em 2024); Portugal registou 23,2%; a ACEA alerta que a trajet\u00f3ria atual n\u00e3o basta para cumprir as metas de CO2 at\u00e9 2030, sendo necess\u00e1ria quase triplicar a quota de EVs.\" \/>\n<meta property=\"og:url\" content=\"https:\/\/portaltela.pt\/noticias\/2026\/01\/31\/vendas-de-veiculos-100-eletricos-sobem-30-na-europa\/\" \/>\n<meta property=\"og:site_name\" content=\"Portal Tela Portugal\" \/>\n<meta property=\"article:published_time\" content=\"2026-01-31T05:00:00+00:00\" \/>\n<meta name=\"author\" content=\"Telinha\" \/>\n<meta name=\"twitter:card\" content=\"summary_large_image\" \/>\n<meta name=\"twitter:label1\" content=\"Escrito por\" \/>\n\t<meta name=\"twitter:data1\" content=\"Telinha\" \/>\n\t<meta name=\"twitter:label2\" content=\"Tempo estimado de leitura\" \/>\n\t<meta name=\"twitter:data2\" content=\"2 minutos\" \/>\n<script type=\"application\/ld+json\" class=\"yoast-schema-graph\">{\"@context\":\"https:\/\/schema.org\",\"@graph\":[{\"@type\":\"Article\",\"@id\":\"https:\/\/portaltela.pt\/noticias\/2026\/01\/31\/vendas-de-veiculos-100-eletricos-sobem-30-na-europa\/#article\",\"isPartOf\":{\"@id\":\"https:\/\/portaltela.pt\/noticias\/2026\/01\/31\/vendas-de-veiculos-100-eletricos-sobem-30-na-europa\/\"},\"author\":{\"name\":\"Telinha\",\"@id\":\"https:\/\/portaltela.pt\/#\/schema\/person\/c4278d4a6028830caff9ee44b42d32ed\"},\"headline\":\"Vendas de ve\u00edculos 100% el\u00e9tricos sobem 30% na Europa\",\"datePublished\":\"2026-01-31T05:00:00+00:00\",\"mainEntityOfPage\":{\"@id\":\"https:\/\/portaltela.pt\/noticias\/2026\/01\/31\/vendas-de-veiculos-100-eletricos-sobem-30-na-europa\/\"},\"wordCount\":361,\"image\":{\"@id\":\"https:\/\/portaltela.pt\/noticias\/2026\/01\/31\/vendas-de-veiculos-100-eletricos-sobem-30-na-europa\/#primaryimage\"},\"thumbnailUrl\":\"https:\/\/portaltela.pt\/s.01k8rhncp4jt1\/2026\/01\/unnamed-file-6246.jpg\",\"keywords\":[\"descarboniza\u00e7\u00e3o territorial\",\"economia\",\"El\u00e9trico\",\"meio-ambiente\",\"mobilidade urbana\",\"transporte\"],\"articleSection\":[\"Economia\",\"Not\u00edcias\"],\"inLanguage\":\"pt-PT\"},{\"@type\":\"WebPage\",\"@id\":\"https:\/\/portaltela.pt\/noticias\/2026\/01\/31\/vendas-de-veiculos-100-eletricos-sobem-30-na-europa\/\",\"url\":\"https:\/\/portaltela.pt\/noticias\/2026\/01\/31\/vendas-de-veiculos-100-eletricos-sobem-30-na-europa\/\",\"name\":\"Vendas de ve\u00edculos 100% el\u00e9tricos sobem 30% na Europa - Portal Tela Portugal\",\"isPartOf\":{\"@id\":\"https:\/\/portaltela.pt\/#website\"},\"primaryImageOfPage\":{\"@id\":\"https:\/\/portaltela.pt\/noticias\/2026\/01\/31\/vendas-de-veiculos-100-eletricos-sobem-30-na-europa\/#primaryimage\"},\"image\":{\"@id\":\"https:\/\/portaltela.pt\/noticias\/2026\/01\/31\/vendas-de-veiculos-100-eletricos-sobem-30-na-europa\/#primaryimage\"},\"thumbnailUrl\":\"https:\/\/portaltela.pt\/s.01k8rhncp4jt1\/2026\/01\/unnamed-file-6246.jpg\",\"datePublished\":\"2026-01-31T05:00:00+00:00\",\"author\":{\"@id\":\"https:\/\/portaltela.pt\/#\/schema\/person\/c4278d4a6028830caff9ee44b42d32ed\"},\"breadcrumb\":{\"@id\":\"https:\/\/portaltela.pt\/noticias\/2026\/01\/31\/vendas-de-veiculos-100-eletricos-sobem-30-na-europa\/#breadcrumb\"},\"inLanguage\":\"pt-PT\",\"potentialAction\":[{\"@type\":\"ReadAction\",\"target\":[\"https:\/\/portaltela.pt\/noticias\/2026\/01\/31\/vendas-de-veiculos-100-eletricos-sobem-30-na-europa\/\"]}]},{\"@type\":\"ImageObject\",\"inLanguage\":\"pt-PT\",\"@id\":\"https:\/\/portaltela.pt\/noticias\/2026\/01\/31\/vendas-de-veiculos-100-eletricos-sobem-30-na-europa\/#primaryimage\",\"url\":\"https:\/\/portaltela.pt\/s.01k8rhncp4jt1\/2026\/01\/unnamed-file-6246.jpg\",\"contentUrl\":\"https:\/\/portaltela.pt\/s.01k8rhncp4jt1\/2026\/01\/unnamed-file-6246.jpg\",\"width\":796,\"height\":448,\"caption\":\"Photo\"},{\"@type\":\"BreadcrumbList\",\"@id\":\"https:\/\/portaltela.pt\/noticias\/2026\/01\/31\/vendas-de-veiculos-100-eletricos-sobem-30-na-europa\/#breadcrumb\",\"itemListElement\":[{\"@type\":\"ListItem\",\"position\":1,\"name\":\"In\u00edcio\",\"item\":\"https:\/\/portaltela.pt\/\"},{\"@type\":\"ListItem\",\"position\":2,\"name\":\"Vendas de ve\u00edculos 100% el\u00e9tricos sobem 30% na Europa\"}]},{\"@type\":\"WebSite\",\"@id\":\"https:\/\/portaltela.pt\/#website\",\"url\":\"https:\/\/portaltela.pt\/\",\"name\":\"Portal Tela Portugal\",\"description\":\"\",\"potentialAction\":[{\"@type\":\"SearchAction\",\"target\":{\"@type\":\"EntryPoint\",\"urlTemplate\":\"https:\/\/portaltela.pt\/?s={search_term_string}\"},\"query-input\":{\"@type\":\"PropertyValueSpecification\",\"valueRequired\":true,\"valueName\":\"search_term_string\"}}],\"inLanguage\":\"pt-PT\"},{\"@type\":\"Person\",\"@id\":\"https:\/\/portaltela.pt\/#\/schema\/person\/c4278d4a6028830caff9ee44b42d32ed\",\"name\":\"Telinha\",\"image\":{\"@type\":\"ImageObject\",\"inLanguage\":\"pt-PT\",\"@id\":\"https:\/\/portaltela.pt\/s.01k8rhncp4jt1\/2025\/11\/talking-bot-125x125.png\",\"url\":\"https:\/\/portaltela.pt\/s.01k8rhncp4jt1\/2025\/11\/talking-bot-125x125.png\",\"contentUrl\":\"https:\/\/portaltela.pt\/s.01k8rhncp4jt1\/2025\/11\/talking-bot-125x125.png\",\"caption\":\"Telinha\"},\"sameAs\":[\"https:\/\/portaltela.pt\/\"],\"url\":\"https:\/\/portaltela.pt\/por\/367410592786\/\"}]}<\/script>\n<!-- \/ Yoast SEO plugin. -->","yoast_head_json":{"title":"Vendas de ve\u00edculos 100% el\u00e9tricos sobem 30% na Europa - Portal Tela Portugal","robots":{"index":"index","follow":"follow","max-snippet":"max-snippet:-1","max-image-preview":"max-image-preview:large","max-video-preview":"max-video-preview:-1"},"og_locale":"pt_PT","og_type":"article","og_title":"Vendas de ve\u00edculos 100% el\u00e9tricos sobem 30% na Europa - Portal Tela Portugal","og_description":"Em 2025, as matr\u00edculas de ve\u00edculos 100% el\u00e9tricos na Uni\u00e3o Europeia chegaram a 1,88 milh\u00f5es, mais 29,7% face a 2024; incluindo Reino Unido, Noruega, Su\u00ed\u00e7a e Isl\u00e2ndia, o volume total foi superior a 2,58 milh\u00f5es. O mercado autom\u00f3vel total avan\u00e7ou 1,8%, para cerca de 10,8 milh\u00f5es de ve\u00edculos novos, ainda distante dos cerca de 15 milh\u00f5es registados antes da pandemia. Espanha destacou-se com um aumento de 77% nos el\u00e9tricos a bateria, seguida de Alemanha (+43,2%), Pa\u00edses Baixos (+18,1%), B\u00e9lgica (+12,6%) e Fran\u00e7a (+12,5%); juntos representaram cerca de 62% das matr\u00edculas de 100% el\u00e9tricos na Uni\u00e3o Europeia. No lado dos construtores, Volkswagen manteve a lideran\u00e7a com +5,5% de crescimento, Stellantis recuou 4,7% e Renault avan\u00e7ou 5,6%; entre chineses, SAIC (MG) subiu 34%, BYD triplicou as vendas e Tesla caiu 38% na Europa. A quota de 100% el\u00e9tricos na Europa ficou em 17,4% em 2025 (13,6% em 2024); Portugal registou 23,2%; a ACEA alerta que a trajet\u00f3ria atual n\u00e3o basta para cumprir as metas de CO2 at\u00e9 2030, sendo necess\u00e1ria quase triplicar a quota de EVs.","og_url":"https:\/\/portaltela.pt\/noticias\/2026\/01\/31\/vendas-de-veiculos-100-eletricos-sobem-30-na-europa\/","og_site_name":"Portal Tela Portugal","article_published_time":"2026-01-31T05:00:00+00:00","author":"Telinha","twitter_card":"summary_large_image","twitter_misc":{"Escrito por":"Telinha","Tempo estimado de leitura":"2 minutos"},"schema":{"@context":"https:\/\/schema.org","@graph":[{"@type":"Article","@id":"https:\/\/portaltela.pt\/noticias\/2026\/01\/31\/vendas-de-veiculos-100-eletricos-sobem-30-na-europa\/#article","isPartOf":{"@id":"https:\/\/portaltela.pt\/noticias\/2026\/01\/31\/vendas-de-veiculos-100-eletricos-sobem-30-na-europa\/"},"author":{"name":"Telinha","@id":"https:\/\/portaltela.pt\/#\/schema\/person\/c4278d4a6028830caff9ee44b42d32ed"},"headline":"Vendas de ve\u00edculos 100% el\u00e9tricos sobem 30% na Europa","datePublished":"2026-01-31T05:00:00+00:00","mainEntityOfPage":{"@id":"https:\/\/portaltela.pt\/noticias\/2026\/01\/31\/vendas-de-veiculos-100-eletricos-sobem-30-na-europa\/"},"wordCount":361,"image":{"@id":"https:\/\/portaltela.pt\/noticias\/2026\/01\/31\/vendas-de-veiculos-100-eletricos-sobem-30-na-europa\/#primaryimage"},"thumbnailUrl":"https:\/\/portaltela.pt\/s.01k8rhncp4jt1\/2026\/01\/unnamed-file-6246.jpg","keywords":["descarboniza\u00e7\u00e3o territorial","economia","El\u00e9trico","meio-ambiente","mobilidade urbana","transporte"],"articleSection":["Economia","Not\u00edcias"],"inLanguage":"pt-PT"},{"@type":"WebPage","@id":"https:\/\/portaltela.pt\/noticias\/2026\/01\/31\/vendas-de-veiculos-100-eletricos-sobem-30-na-europa\/","url":"https:\/\/portaltela.pt\/noticias\/2026\/01\/31\/vendas-de-veiculos-100-eletricos-sobem-30-na-europa\/","name":"Vendas de ve\u00edculos 100% el\u00e9tricos sobem 30% na Europa - Portal Tela Portugal","isPartOf":{"@id":"https:\/\/portaltela.pt\/#website"},"primaryImageOfPage":{"@id":"https:\/\/portaltela.pt\/noticias\/2026\/01\/31\/vendas-de-veiculos-100-eletricos-sobem-30-na-europa\/#primaryimage"},"image":{"@id":"https:\/\/portaltela.pt\/noticias\/2026\/01\/31\/vendas-de-veiculos-100-eletricos-sobem-30-na-europa\/#primaryimage"},"thumbnailUrl":"https:\/\/portaltela.pt\/s.01k8rhncp4jt1\/2026\/01\/unnamed-file-6246.jpg","datePublished":"2026-01-31T05:00:00+00:00","author":{"@id":"https:\/\/portaltela.pt\/#\/schema\/person\/c4278d4a6028830caff9ee44b42d32ed"},"breadcrumb":{"@id":"https:\/\/portaltela.pt\/noticias\/2026\/01\/31\/vendas-de-veiculos-100-eletricos-sobem-30-na-europa\/#breadcrumb"},"inLanguage":"pt-PT","potentialAction":[{"@type":"ReadAction","target":["https:\/\/portaltela.pt\/noticias\/2026\/01\/31\/vendas-de-veiculos-100-eletricos-sobem-30-na-europa\/"]}]},{"@type":"ImageObject","inLanguage":"pt-PT","@id":"https:\/\/portaltela.pt\/noticias\/2026\/01\/31\/vendas-de-veiculos-100-eletricos-sobem-30-na-europa\/#primaryimage","url":"https:\/\/portaltela.pt\/s.01k8rhncp4jt1\/2026\/01\/unnamed-file-6246.jpg","contentUrl":"https:\/\/portaltela.pt\/s.01k8rhncp4jt1\/2026\/01\/unnamed-file-6246.jpg","width":796,"height":448,"caption":"Photo"},{"@type":"BreadcrumbList","@id":"https:\/\/portaltela.pt\/noticias\/2026\/01\/31\/vendas-de-veiculos-100-eletricos-sobem-30-na-europa\/#breadcrumb","itemListElement":[{"@type":"ListItem","position":1,"name":"In\u00edcio","item":"https:\/\/portaltela.pt\/"},{"@type":"ListItem","position":2,"name":"Vendas de ve\u00edculos 100% el\u00e9tricos sobem 30% na Europa"}]},{"@type":"WebSite","@id":"https:\/\/portaltela.pt\/#website","url":"https:\/\/portaltela.pt\/","name":"Portal Tela Portugal","description":"","potentialAction":[{"@type":"SearchAction","target":{"@type":"EntryPoint","urlTemplate":"https:\/\/portaltela.pt\/?s={search_term_string}"},"query-input":{"@type":"PropertyValueSpecification","valueRequired":true,"valueName":"search_term_string"}}],"inLanguage":"pt-PT"},{"@type":"Person","@id":"https:\/\/portaltela.pt\/#\/schema\/person\/c4278d4a6028830caff9ee44b42d32ed","name":"Telinha","image":{"@type":"ImageObject","inLanguage":"pt-PT","@id":"https:\/\/portaltela.pt\/s.01k8rhncp4jt1\/2025\/11\/talking-bot-125x125.png","url":"https:\/\/portaltela.pt\/s.01k8rhncp4jt1\/2025\/11\/talking-bot-125x125.png","contentUrl":"https:\/\/portaltela.pt\/s.01k8rhncp4jt1\/2025\/11\/talking-bot-125x125.png","caption":"Telinha"},"sameAs":["https:\/\/portaltela.pt\/"],"url":"https:\/\/portaltela.pt\/por\/367410592786\/"}]}},"_links":{"self":[{"href":"https:\/\/portaltela.pt\/api\/wp\/v2\/posts\/185994","targetHints":{"allow":["GET"]}}],"collection":[{"href":"https:\/\/portaltela.pt\/api\/wp\/v2\/posts"}],"about":[{"href":"https:\/\/portaltela.pt\/api\/wp\/v2\/types\/post"}],"author":[{"embeddable":true,"href":"https:\/\/portaltela.pt\/api\/wp\/v2\/users\/2"}],"replies":[{"embeddable":true,"href":"https:\/\/portaltela.pt\/api\/wp\/v2\/comments?post=185994"}],"version-history":[{"count":0,"href":"https:\/\/portaltela.pt\/api\/wp\/v2\/posts\/185994\/revisions"}],"wp:featuredmedia":[{"embeddable":true,"href":"https:\/\/portaltela.pt\/api\/wp\/v2\/media\/185996"}],"wp:attachment":[{"href":"https:\/\/portaltela.pt\/api\/wp\/v2\/media?parent=185994"}],"wp:term":[{"taxonomy":"category","embeddable":true,"href":"https:\/\/portaltela.pt\/api\/wp\/v2\/categories?post=185994"},{"taxonomy":"post_tag","embeddable":true,"href":"https:\/\/portaltela.pt\/api\/wp\/v2\/tags?post=185994"}],"curies":[{"name":"wp","href":"https:\/\/api.w.org\/{rel}","templated":true}]}}