{"id":185956,"date":"2026-01-30T21:37:50","date_gmt":"2026-01-31T00:37:50","guid":{"rendered":"https:\/\/portaltela.pt\/noticias\/2026\/01\/30\/tempestades-mais-frequentes-o-que-falta-para-estarmos-mais-preparados\/"},"modified":"2026-01-30T21:37:50","modified_gmt":"2026-01-31T00:37:50","slug":"tempestades-mais-frequentes-o-que-falta-para-estarmos-mais-preparados","status":"publish","type":"post","link":"https:\/\/portaltela.pt\/noticias\/2026\/01\/30\/tempestades-mais-frequentes-o-que-falta-para-estarmos-mais-preparados\/","title":{"rendered":"Tempestades mais frequentes: o que falta para estarmos mais preparados"},"content":{"rendered":"<p>Ant\u00f3nio Lopes, professor da Universidade de Lisboa, alertou que Portugal pode enfrentar cada vez mais tempestades semelhantes a Kristin. O acad\u00e9mico sublinhou a necessidade de prepara\u00e7\u00e3o atempada por parte da sociedade, munic\u00edpios e empresas que asseguram energia e comunica\u00e7\u00f5es.<\/p>\n<p>Em declara\u00e7\u00f5es \u00e0 Lusa, o investigador defendeu aumentos no n\u00famero de simulacros de fen\u00f3menos clim\u00e1ticos extremos e a implementa\u00e7\u00e3o de planos de emerg\u00eancia que identifiquem as pessoas mais vulner\u00e1veis para facilitar o socorro. Os modelos mostram aumento de frequ\u00eancia e intensidade de tempestades.<\/p>\n<p>O especialista recordou que muitas situa\u00e7\u00f5es ocorrem em zonas urbanas, com consequ\u00eancias diretas em vidas humanas. Segundo ele, os planos devem prever caminhos de acesso \u00e0s zonas afectadas, considerando dificuldades como obstru\u00e7\u00f5es rodovi\u00e1rias.<\/p>\n<p>Al\u00e9m disso, Lopes referiu a necessidade de identificar, de forma precisa, onde atuar primeiro para minimizar atrasos na resposta. O Censos pode fornecer base demogr\u00e1fica para suportar esse planeamento.<\/p>\n<p>O ge\u00f3grafo ressaltou que, apesar de existirem sistemas de alerta, ainda h\u00e1 espa\u00e7o para melhorias na comunica\u00e7\u00e3o com a popula\u00e7\u00e3o e na perce\u00e7\u00e3o de risco. Ele aponta uma tend\u00eancia de fen\u00f3menos clim\u00e1ticos extremos associados ao aquecimento dos oceanos.<\/p>\n<p>Por fim, o investigador refor\u00e7ou que as pr\u00f3ximas temporadas devem ser acompanhadas de campanhas de consciencializa\u00e7\u00e3o constantes. O objetivo \u00e9 que as pessoas saibam como reagir e onde procurar abrigo durante tempestades intensas.<\/p>\n","protected":false},"excerpt":{"rendered":"<ul>\n<li>O investigador Ant\u00f3nio Lopes, da Universidade de Lisboa, afirma que Portugal vai ter mais tempestades semelhantes \u00e0 Kristin e que a sociedade deve estar preparada, tal como munic\u00edpios e empresas de energia e comunica\u00e7\u00f5es.<\/li>\n<li>Defende-se a necessidade de mais simulacros para fen\u00f3menos clim\u00e1ticos extremos e de planos de emerg\u00eancia que identifiquem onde est\u00e3o as pessoas mais vulner\u00e1veis para um socorro atempado.<\/li>\n<li>Embora existam sistemas de alerta, estes devem ser melhorados e a comunica\u00e7\u00e3o \u00e0 popula\u00e7\u00e3o precisa de maior efic\u00e1cia para reduzir atrasos na resposta.<\/li>\n<li>Lopes alerta para uma realidade de risco permanente, com as tempestades a aumentar em frequ\u00eancia e intensidade, especialmente em zonas urbanas onde causam fatalities e cortes de energia.<\/li>\n<li>Refor\u00e7a a import\u00e2ncia de identificar, antes da ocorr\u00eancia, a localiza\u00e7\u00e3o de pessoas vulner\u00e1veis e os meios apropriados para chegar junto delas, levando em conta obstru\u00e7\u00f5es como estradas e caminhos.<\/li>\n<\/ul>\n","protected":false},"author":2,"featured_media":185959,"comment_status":"closed","ping_status":"closed","sticky":false,"template":"","format":"standard","meta":{"footnotes":""},"categories":[1],"tags":[2665,167,4911,174,2093,320],"class_list":["post-185956","post","type-post","status-publish","format-standard","has-post-thumbnail","hentry","category-noticias","tag-alteracoes-climaticas","tag-ambiente","tag-consciencializacao","tag-energia","tag-municipios","tag-protecao-civil"],"yoast_head":"<!-- This site is optimized with the Yoast SEO plugin v27.2 - https:\/\/yoast.com\/product\/yoast-seo-wordpress\/ -->\n<title>Tempestades mais frequentes: o que falta para estarmos mais preparados - Portal Tela Portugal<\/title>\n<meta name=\"robots\" content=\"index, follow, max-snippet:-1, max-image-preview:large, max-video-preview:-1\" \/>\n<meta property=\"og:locale\" content=\"pt_PT\" \/>\n<meta property=\"og:type\" content=\"article\" \/>\n<meta property=\"og:title\" content=\"Tempestades mais frequentes: o que falta para estarmos mais preparados - Portal Tela Portugal\" \/>\n<meta property=\"og:description\" content=\"O investigador Ant\u00f3nio Lopes, da Universidade de Lisboa, afirma que Portugal vai ter mais tempestades semelhantes \u00e0 Kristin e que a sociedade deve estar preparada, tal como munic\u00edpios e empresas de energia e comunica\u00e7\u00f5es. Defende-se a necessidade de mais simulacros para fen\u00f3menos clim\u00e1ticos extremos e de planos de emerg\u00eancia que identifiquem onde est\u00e3o as pessoas mais vulner\u00e1veis para um socorro atempado. Embora existam sistemas de alerta, estes devem ser melhorados e a comunica\u00e7\u00e3o \u00e0 popula\u00e7\u00e3o precisa de maior efic\u00e1cia para reduzir atrasos na resposta. Lopes alerta para uma realidade de risco permanente, com as tempestades a aumentar em frequ\u00eancia e intensidade, especialmente em zonas urbanas onde causam fatalities e cortes de energia. Refor\u00e7a a import\u00e2ncia de identificar, antes da ocorr\u00eancia, a localiza\u00e7\u00e3o de pessoas vulner\u00e1veis e os meios apropriados para chegar junto delas, levando em conta obstru\u00e7\u00f5es como estradas e caminhos.\" \/>\n<meta property=\"og:url\" content=\"https:\/\/portaltela.pt\/noticias\/2026\/01\/30\/tempestades-mais-frequentes-o-que-falta-para-estarmos-mais-preparados\/\" \/>\n<meta property=\"og:site_name\" content=\"Portal Tela Portugal\" \/>\n<meta property=\"article:published_time\" content=\"2026-01-31T00:37:50+00:00\" \/>\n<meta name=\"author\" content=\"Telinha\" \/>\n<meta name=\"twitter:card\" content=\"summary_large_image\" \/>\n<meta name=\"twitter:label1\" content=\"Escrito por\" \/>\n\t<meta name=\"twitter:data1\" content=\"Telinha\" \/>\n\t<meta name=\"twitter:label2\" content=\"Tempo estimado de leitura\" \/>\n\t<meta name=\"twitter:data2\" content=\"1 minuto\" \/>\n<script type=\"application\/ld+json\" class=\"yoast-schema-graph\">{\"@context\":\"https:\/\/schema.org\",\"@graph\":[{\"@type\":\"Article\",\"@id\":\"https:\/\/portaltela.pt\/noticias\/2026\/01\/30\/tempestades-mais-frequentes-o-que-falta-para-estarmos-mais-preparados\/#article\",\"isPartOf\":{\"@id\":\"https:\/\/portaltela.pt\/noticias\/2026\/01\/30\/tempestades-mais-frequentes-o-que-falta-para-estarmos-mais-preparados\/\"},\"author\":{\"name\":\"Telinha\",\"@id\":\"https:\/\/portaltela.pt\/#\/schema\/person\/c4278d4a6028830caff9ee44b42d32ed\"},\"headline\":\"Tempestades mais frequentes: o que falta para estarmos mais preparados\",\"datePublished\":\"2026-01-31T00:37:50+00:00\",\"mainEntityOfPage\":{\"@id\":\"https:\/\/portaltela.pt\/noticias\/2026\/01\/30\/tempestades-mais-frequentes-o-que-falta-para-estarmos-mais-preparados\/\"},\"wordCount\":253,\"image\":{\"@id\":\"https:\/\/portaltela.pt\/noticias\/2026\/01\/30\/tempestades-mais-frequentes-o-que-falta-para-estarmos-mais-preparados\/#primaryimage\"},\"thumbnailUrl\":\"https:\/\/portaltela.pt\/s.01k8rhncp4jt1\/2026\/01\/unnamed-file-6239.jpg\",\"keywords\":[\"Altera\u00e7\u00f5es Clim\u00e1ticas\",\"ambiente\",\"consciencializa\u00e7\u00e3o\",\"energia\",\"munic\u00edpios\",\"prote\u00e7\u00e3o civil\"],\"articleSection\":[\"Not\u00edcias\"],\"inLanguage\":\"pt-PT\"},{\"@type\":\"WebPage\",\"@id\":\"https:\/\/portaltela.pt\/noticias\/2026\/01\/30\/tempestades-mais-frequentes-o-que-falta-para-estarmos-mais-preparados\/\",\"url\":\"https:\/\/portaltela.pt\/noticias\/2026\/01\/30\/tempestades-mais-frequentes-o-que-falta-para-estarmos-mais-preparados\/\",\"name\":\"Tempestades mais frequentes: o que falta para estarmos mais preparados - Portal Tela Portugal\",\"isPartOf\":{\"@id\":\"https:\/\/portaltela.pt\/#website\"},\"primaryImageOfPage\":{\"@id\":\"https:\/\/portaltela.pt\/noticias\/2026\/01\/30\/tempestades-mais-frequentes-o-que-falta-para-estarmos-mais-preparados\/#primaryimage\"},\"image\":{\"@id\":\"https:\/\/portaltela.pt\/noticias\/2026\/01\/30\/tempestades-mais-frequentes-o-que-falta-para-estarmos-mais-preparados\/#primaryimage\"},\"thumbnailUrl\":\"https:\/\/portaltela.pt\/s.01k8rhncp4jt1\/2026\/01\/unnamed-file-6239.jpg\",\"datePublished\":\"2026-01-31T00:37:50+00:00\",\"author\":{\"@id\":\"https:\/\/portaltela.pt\/#\/schema\/person\/c4278d4a6028830caff9ee44b42d32ed\"},\"breadcrumb\":{\"@id\":\"https:\/\/portaltela.pt\/noticias\/2026\/01\/30\/tempestades-mais-frequentes-o-que-falta-para-estarmos-mais-preparados\/#breadcrumb\"},\"inLanguage\":\"pt-PT\",\"potentialAction\":[{\"@type\":\"ReadAction\",\"target\":[\"https:\/\/portaltela.pt\/noticias\/2026\/01\/30\/tempestades-mais-frequentes-o-que-falta-para-estarmos-mais-preparados\/\"]}]},{\"@type\":\"ImageObject\",\"inLanguage\":\"pt-PT\",\"@id\":\"https:\/\/portaltela.pt\/noticias\/2026\/01\/30\/tempestades-mais-frequentes-o-que-falta-para-estarmos-mais-preparados\/#primaryimage\",\"url\":\"https:\/\/portaltela.pt\/s.01k8rhncp4jt1\/2026\/01\/unnamed-file-6239.jpg\",\"contentUrl\":\"https:\/\/portaltela.pt\/s.01k8rhncp4jt1\/2026\/01\/unnamed-file-6239.jpg\",\"width\":796,\"height\":448,\"caption\":\"\\\"Vamos assistir cada vez mais a este tipo de tempestades\\\": o que falta para estarmos preparados?\"},{\"@type\":\"BreadcrumbList\",\"@id\":\"https:\/\/portaltela.pt\/noticias\/2026\/01\/30\/tempestades-mais-frequentes-o-que-falta-para-estarmos-mais-preparados\/#breadcrumb\",\"itemListElement\":[{\"@type\":\"ListItem\",\"position\":1,\"name\":\"In\u00edcio\",\"item\":\"https:\/\/portaltela.pt\/\"},{\"@type\":\"ListItem\",\"position\":2,\"name\":\"Tempestades mais frequentes: o que falta para estarmos mais preparados\"}]},{\"@type\":\"WebSite\",\"@id\":\"https:\/\/portaltela.pt\/#website\",\"url\":\"https:\/\/portaltela.pt\/\",\"name\":\"Portal Tela Portugal\",\"description\":\"\",\"potentialAction\":[{\"@type\":\"SearchAction\",\"target\":{\"@type\":\"EntryPoint\",\"urlTemplate\":\"https:\/\/portaltela.pt\/?s={search_term_string}\"},\"query-input\":{\"@type\":\"PropertyValueSpecification\",\"valueRequired\":true,\"valueName\":\"search_term_string\"}}],\"inLanguage\":\"pt-PT\"},{\"@type\":\"Person\",\"@id\":\"https:\/\/portaltela.pt\/#\/schema\/person\/c4278d4a6028830caff9ee44b42d32ed\",\"name\":\"Telinha\",\"image\":{\"@type\":\"ImageObject\",\"inLanguage\":\"pt-PT\",\"@id\":\"https:\/\/portaltela.pt\/s.01k8rhncp4jt1\/2025\/11\/talking-bot-125x125.png\",\"url\":\"https:\/\/portaltela.pt\/s.01k8rhncp4jt1\/2025\/11\/talking-bot-125x125.png\",\"contentUrl\":\"https:\/\/portaltela.pt\/s.01k8rhncp4jt1\/2025\/11\/talking-bot-125x125.png\",\"caption\":\"Telinha\"},\"sameAs\":[\"https:\/\/portaltela.pt\/\"],\"url\":\"https:\/\/portaltela.pt\/por\/367410592786\/\"}]}<\/script>\n<!-- \/ Yoast SEO plugin. -->","yoast_head_json":{"title":"Tempestades mais frequentes: o que falta para estarmos mais preparados - Portal Tela Portugal","robots":{"index":"index","follow":"follow","max-snippet":"max-snippet:-1","max-image-preview":"max-image-preview:large","max-video-preview":"max-video-preview:-1"},"og_locale":"pt_PT","og_type":"article","og_title":"Tempestades mais frequentes: o que falta para estarmos mais preparados - Portal Tela Portugal","og_description":"O investigador Ant\u00f3nio Lopes, da Universidade de Lisboa, afirma que Portugal vai ter mais tempestades semelhantes \u00e0 Kristin e que a sociedade deve estar preparada, tal como munic\u00edpios e empresas de energia e comunica\u00e7\u00f5es. Defende-se a necessidade de mais simulacros para fen\u00f3menos clim\u00e1ticos extremos e de planos de emerg\u00eancia que identifiquem onde est\u00e3o as pessoas mais vulner\u00e1veis para um socorro atempado. Embora existam sistemas de alerta, estes devem ser melhorados e a comunica\u00e7\u00e3o \u00e0 popula\u00e7\u00e3o precisa de maior efic\u00e1cia para reduzir atrasos na resposta. Lopes alerta para uma realidade de risco permanente, com as tempestades a aumentar em frequ\u00eancia e intensidade, especialmente em zonas urbanas onde causam fatalities e cortes de energia. Refor\u00e7a a import\u00e2ncia de identificar, antes da ocorr\u00eancia, a localiza\u00e7\u00e3o de pessoas vulner\u00e1veis e os meios apropriados para chegar junto delas, levando em conta obstru\u00e7\u00f5es como estradas e caminhos.","og_url":"https:\/\/portaltela.pt\/noticias\/2026\/01\/30\/tempestades-mais-frequentes-o-que-falta-para-estarmos-mais-preparados\/","og_site_name":"Portal Tela Portugal","article_published_time":"2026-01-31T00:37:50+00:00","author":"Telinha","twitter_card":"summary_large_image","twitter_misc":{"Escrito por":"Telinha","Tempo estimado de leitura":"1 minuto"},"schema":{"@context":"https:\/\/schema.org","@graph":[{"@type":"Article","@id":"https:\/\/portaltela.pt\/noticias\/2026\/01\/30\/tempestades-mais-frequentes-o-que-falta-para-estarmos-mais-preparados\/#article","isPartOf":{"@id":"https:\/\/portaltela.pt\/noticias\/2026\/01\/30\/tempestades-mais-frequentes-o-que-falta-para-estarmos-mais-preparados\/"},"author":{"name":"Telinha","@id":"https:\/\/portaltela.pt\/#\/schema\/person\/c4278d4a6028830caff9ee44b42d32ed"},"headline":"Tempestades mais frequentes: o que falta para estarmos mais preparados","datePublished":"2026-01-31T00:37:50+00:00","mainEntityOfPage":{"@id":"https:\/\/portaltela.pt\/noticias\/2026\/01\/30\/tempestades-mais-frequentes-o-que-falta-para-estarmos-mais-preparados\/"},"wordCount":253,"image":{"@id":"https:\/\/portaltela.pt\/noticias\/2026\/01\/30\/tempestades-mais-frequentes-o-que-falta-para-estarmos-mais-preparados\/#primaryimage"},"thumbnailUrl":"https:\/\/portaltela.pt\/s.01k8rhncp4jt1\/2026\/01\/unnamed-file-6239.jpg","keywords":["Altera\u00e7\u00f5es Clim\u00e1ticas","ambiente","consciencializa\u00e7\u00e3o","energia","munic\u00edpios","prote\u00e7\u00e3o civil"],"articleSection":["Not\u00edcias"],"inLanguage":"pt-PT"},{"@type":"WebPage","@id":"https:\/\/portaltela.pt\/noticias\/2026\/01\/30\/tempestades-mais-frequentes-o-que-falta-para-estarmos-mais-preparados\/","url":"https:\/\/portaltela.pt\/noticias\/2026\/01\/30\/tempestades-mais-frequentes-o-que-falta-para-estarmos-mais-preparados\/","name":"Tempestades mais frequentes: o que falta para estarmos mais preparados - Portal Tela Portugal","isPartOf":{"@id":"https:\/\/portaltela.pt\/#website"},"primaryImageOfPage":{"@id":"https:\/\/portaltela.pt\/noticias\/2026\/01\/30\/tempestades-mais-frequentes-o-que-falta-para-estarmos-mais-preparados\/#primaryimage"},"image":{"@id":"https:\/\/portaltela.pt\/noticias\/2026\/01\/30\/tempestades-mais-frequentes-o-que-falta-para-estarmos-mais-preparados\/#primaryimage"},"thumbnailUrl":"https:\/\/portaltela.pt\/s.01k8rhncp4jt1\/2026\/01\/unnamed-file-6239.jpg","datePublished":"2026-01-31T00:37:50+00:00","author":{"@id":"https:\/\/portaltela.pt\/#\/schema\/person\/c4278d4a6028830caff9ee44b42d32ed"},"breadcrumb":{"@id":"https:\/\/portaltela.pt\/noticias\/2026\/01\/30\/tempestades-mais-frequentes-o-que-falta-para-estarmos-mais-preparados\/#breadcrumb"},"inLanguage":"pt-PT","potentialAction":[{"@type":"ReadAction","target":["https:\/\/portaltela.pt\/noticias\/2026\/01\/30\/tempestades-mais-frequentes-o-que-falta-para-estarmos-mais-preparados\/"]}]},{"@type":"ImageObject","inLanguage":"pt-PT","@id":"https:\/\/portaltela.pt\/noticias\/2026\/01\/30\/tempestades-mais-frequentes-o-que-falta-para-estarmos-mais-preparados\/#primaryimage","url":"https:\/\/portaltela.pt\/s.01k8rhncp4jt1\/2026\/01\/unnamed-file-6239.jpg","contentUrl":"https:\/\/portaltela.pt\/s.01k8rhncp4jt1\/2026\/01\/unnamed-file-6239.jpg","width":796,"height":448,"caption":"\"Vamos assistir cada vez mais a este tipo de tempestades\": o que falta para estarmos preparados?"},{"@type":"BreadcrumbList","@id":"https:\/\/portaltela.pt\/noticias\/2026\/01\/30\/tempestades-mais-frequentes-o-que-falta-para-estarmos-mais-preparados\/#breadcrumb","itemListElement":[{"@type":"ListItem","position":1,"name":"In\u00edcio","item":"https:\/\/portaltela.pt\/"},{"@type":"ListItem","position":2,"name":"Tempestades mais frequentes: o que falta para estarmos mais preparados"}]},{"@type":"WebSite","@id":"https:\/\/portaltela.pt\/#website","url":"https:\/\/portaltela.pt\/","name":"Portal Tela Portugal","description":"","potentialAction":[{"@type":"SearchAction","target":{"@type":"EntryPoint","urlTemplate":"https:\/\/portaltela.pt\/?s={search_term_string}"},"query-input":{"@type":"PropertyValueSpecification","valueRequired":true,"valueName":"search_term_string"}}],"inLanguage":"pt-PT"},{"@type":"Person","@id":"https:\/\/portaltela.pt\/#\/schema\/person\/c4278d4a6028830caff9ee44b42d32ed","name":"Telinha","image":{"@type":"ImageObject","inLanguage":"pt-PT","@id":"https:\/\/portaltela.pt\/s.01k8rhncp4jt1\/2025\/11\/talking-bot-125x125.png","url":"https:\/\/portaltela.pt\/s.01k8rhncp4jt1\/2025\/11\/talking-bot-125x125.png","contentUrl":"https:\/\/portaltela.pt\/s.01k8rhncp4jt1\/2025\/11\/talking-bot-125x125.png","caption":"Telinha"},"sameAs":["https:\/\/portaltela.pt\/"],"url":"https:\/\/portaltela.pt\/por\/367410592786\/"}]}},"_links":{"self":[{"href":"https:\/\/portaltela.pt\/api\/wp\/v2\/posts\/185956","targetHints":{"allow":["GET"]}}],"collection":[{"href":"https:\/\/portaltela.pt\/api\/wp\/v2\/posts"}],"about":[{"href":"https:\/\/portaltela.pt\/api\/wp\/v2\/types\/post"}],"author":[{"embeddable":true,"href":"https:\/\/portaltela.pt\/api\/wp\/v2\/users\/2"}],"replies":[{"embeddable":true,"href":"https:\/\/portaltela.pt\/api\/wp\/v2\/comments?post=185956"}],"version-history":[{"count":0,"href":"https:\/\/portaltela.pt\/api\/wp\/v2\/posts\/185956\/revisions"}],"wp:featuredmedia":[{"embeddable":true,"href":"https:\/\/portaltela.pt\/api\/wp\/v2\/media\/185959"}],"wp:attachment":[{"href":"https:\/\/portaltela.pt\/api\/wp\/v2\/media?parent=185956"}],"wp:term":[{"taxonomy":"category","embeddable":true,"href":"https:\/\/portaltela.pt\/api\/wp\/v2\/categories?post=185956"},{"taxonomy":"post_tag","embeddable":true,"href":"https:\/\/portaltela.pt\/api\/wp\/v2\/tags?post=185956"}],"curies":[{"name":"wp","href":"https:\/\/api.w.org\/{rel}","templated":true}]}}