{"id":185932,"date":"2026-01-30T22:30:00","date_gmt":"2026-01-31T01:30:00","guid":{"rendered":"https:\/\/portaltela.pt\/noticias\/2026\/01\/30\/excedente-de-2025-supera-meta-do-governo\/"},"modified":"2026-01-30T22:30:00","modified_gmt":"2026-01-31T01:30:00","slug":"excedente-de-2025-supera-meta-do-governo","status":"publish","type":"post","link":"https:\/\/portaltela.pt\/noticias\/2026\/01\/30\/excedente-de-2025-supera-meta-do-governo\/","title":{"rendered":"Excedente de 2025 supera meta do Governo"},"content":{"rendered":"<p>O Estado fechou as contas de 2025 com um excedente de 1 297,7 milh\u00f5es de euros, uma melhoria de 885,5 milh\u00f5es em rela\u00e7\u00e3o ao ano anterior. O resultado ficou acima da estimativa do Governo, que apontava um d\u00e9fice, e acima da previs\u00e3o de outubro para o Or\u00e7amento de 2026.<\/p>\n<p>No conjunto de impostos, a receita consolidada atingiu 64 798,7 milh\u00f5es de euros, equivalentes a 177,5 milh\u00f5es por dia. Comparando com 2024, houve um aumento de 6,9% (4 169,3 milh\u00f5es).<\/p>\n<p><strong>Impostos diretos e indirectos<\/strong>: a receita l\u00edquida de IRS cresceu 9,2% (1 565,2 milh\u00f5es), influenciada pela redu\u00e7\u00e3o dos reembolsos num total de 801,8 milh\u00f5es (-23,2%). No IVA, a receita aumentou 2 486,5 milh\u00f5es (10,3%).<\/p>\n<p><strong>Contributos para a Seguran\u00e7a Social e Administra\u00e7\u00e3o Central<\/strong>: a Seguran\u00e7a Social contribuiu com um saldo positivo de 1 196 milh\u00f5es. A Administra\u00e7\u00e3o Central registou um saldo negativo de 647,6 milh\u00f5es.<\/p>\n<p><strong>Imposto sobre o Tabaco e IRC<\/strong>: o Imposto sobre o Tabaco subiu 139 milh\u00f5es de euros (9,1%). O IRC viu a receita l\u00edquida recuar 241,5 milh\u00f5es (-2,4%).<\/p>\n<p><strong>Saldo do SNS<\/strong>: o Servi\u00e7o Nacional de Sa\u00fade terminou o ano com saldo negativo de 1 035,1 milh\u00f5es, uma melhoria de 533,9 milh\u00f5es face a 2024.<\/p>\n","protected":false},"excerpt":{"rendered":"<ul>\n<li>O Governo encerrou 2025 com excedente or\u00e7amental de 1.297,7 milh\u00f5es de euros, melhoria de 885,5 milh\u00f5es face ao ano anterior.<\/li>\n<li>O resultado ficou acima da estimativa do Governo para 2026 em mais de dois mil milh\u00f5es de euros, com o Minist\u00e9rio das Finan\u00e7as a prever d\u00e9fice de 782 milh\u00f5es de euros.<\/li>\n<li>A receita fiscal totalizou quarenta e quatro mil e setecentos e noventa e oito milh\u00f5es de euros, com IRS e IVA a contribu\u00edrem de forma relevante.<\/li>\n<li>O IRS aumentou 1.565,2 milh\u00f5es de euros (+9,2%), e o IVA cresceu 2.486,5 milh\u00f5es de euros (+10,3%), enquanto o IRC caiu 241,5 milh\u00f5es (-2,4%).<\/li>\n<li>O SNS terminou o ano com saldo de -1.035,1 milh\u00f5es de euros (melhoria de 533,9 milh\u00f5es), sendo a Seguran\u00e7a Social o principal contribuidor para o excedente, e a Administra\u00e7\u00e3o Central registou -647,6 milh\u00f5es.<\/li>\n<\/ul>\n","protected":false},"author":2,"featured_media":185946,"comment_status":"closed","ping_status":"closed","sticky":false,"template":"","format":"standard","meta":{"footnotes":""},"categories":[1],"tags":[28,733,4910,3613,4485,1775],"class_list":["post-185932","post","type-post","status-publish","format-standard","has-post-thumbnail","hentry","category-noticias","tag-economia","tag-financas-publicas","tag-imposto-sobre-o-tabaco","tag-impostos","tag-irc","tag-sns"],"yoast_head":"<!-- This site is optimized with the Yoast SEO plugin v27.2 - https:\/\/yoast.com\/product\/yoast-seo-wordpress\/ -->\n<title>Excedente de 2025 supera meta do Governo - Portal Tela Portugal<\/title>\n<meta name=\"robots\" content=\"index, follow, max-snippet:-1, max-image-preview:large, max-video-preview:-1\" \/>\n<meta property=\"og:locale\" content=\"pt_PT\" \/>\n<meta property=\"og:type\" content=\"article\" \/>\n<meta property=\"og:title\" content=\"Excedente de 2025 supera meta do Governo - Portal Tela Portugal\" \/>\n<meta property=\"og:description\" content=\"O Governo encerrou 2025 com excedente or\u00e7amental de 1.297,7 milh\u00f5es de euros, melhoria de 885,5 milh\u00f5es face ao ano anterior. O resultado ficou acima da estimativa do Governo para 2026 em mais de dois mil milh\u00f5es de euros, com o Minist\u00e9rio das Finan\u00e7as a prever d\u00e9fice de 782 milh\u00f5es de euros. A receita fiscal totalizou quarenta e quatro mil e setecentos e noventa e oito milh\u00f5es de euros, com IRS e IVA a contribu\u00edrem de forma relevante. O IRS aumentou 1.565,2 milh\u00f5es de euros (+9,2%), e o IVA cresceu 2.486,5 milh\u00f5es de euros (+10,3%), enquanto o IRC caiu 241,5 milh\u00f5es (-2,4%). O SNS terminou o ano com saldo de -1.035,1 milh\u00f5es de euros (melhoria de 533,9 milh\u00f5es), sendo a Seguran\u00e7a Social o principal contribuidor para o excedente, e a Administra\u00e7\u00e3o Central registou -647,6 milh\u00f5es.\" \/>\n<meta property=\"og:url\" content=\"https:\/\/portaltela.pt\/noticias\/2026\/01\/30\/excedente-de-2025-supera-meta-do-governo\/\" \/>\n<meta property=\"og:site_name\" content=\"Portal Tela Portugal\" \/>\n<meta property=\"article:published_time\" content=\"2026-01-31T01:30:00+00:00\" \/>\n<meta name=\"author\" content=\"Telinha\" \/>\n<meta name=\"twitter:card\" content=\"summary_large_image\" \/>\n<meta name=\"twitter:label1\" content=\"Escrito por\" \/>\n\t<meta name=\"twitter:data1\" content=\"Telinha\" \/>\n\t<meta name=\"twitter:label2\" content=\"Tempo estimado de leitura\" \/>\n\t<meta name=\"twitter:data2\" content=\"1 minuto\" \/>\n<script type=\"application\/ld+json\" class=\"yoast-schema-graph\">{\"@context\":\"https:\/\/schema.org\",\"@graph\":[{\"@type\":\"Article\",\"@id\":\"https:\/\/portaltela.pt\/noticias\/2026\/01\/30\/excedente-de-2025-supera-meta-do-governo\/#article\",\"isPartOf\":{\"@id\":\"https:\/\/portaltela.pt\/noticias\/2026\/01\/30\/excedente-de-2025-supera-meta-do-governo\/\"},\"author\":{\"name\":\"Telinha\",\"@id\":\"https:\/\/portaltela.pt\/#\/schema\/person\/c4278d4a6028830caff9ee44b42d32ed\"},\"headline\":\"Excedente de 2025 supera meta do Governo\",\"datePublished\":\"2026-01-31T01:30:00+00:00\",\"mainEntityOfPage\":{\"@id\":\"https:\/\/portaltela.pt\/noticias\/2026\/01\/30\/excedente-de-2025-supera-meta-do-governo\/\"},\"wordCount\":200,\"image\":{\"@id\":\"https:\/\/portaltela.pt\/noticias\/2026\/01\/30\/excedente-de-2025-supera-meta-do-governo\/#primaryimage\"},\"thumbnailUrl\":\"https:\/\/portaltela.pt\/s.01k8rhncp4jt1\/2026\/01\/img_1500x1000uu2026-01-30-17-23-53-2263616.jpg\",\"keywords\":[\"economia\",\"finan\u00e7as p\u00fablicas\",\"Imposto sobre o Tabaco\",\"impostos\",\"IRC\",\"SNS\"],\"articleSection\":[\"Not\u00edcias\"],\"inLanguage\":\"pt-PT\"},{\"@type\":\"WebPage\",\"@id\":\"https:\/\/portaltela.pt\/noticias\/2026\/01\/30\/excedente-de-2025-supera-meta-do-governo\/\",\"url\":\"https:\/\/portaltela.pt\/noticias\/2026\/01\/30\/excedente-de-2025-supera-meta-do-governo\/\",\"name\":\"Excedente de 2025 supera meta do Governo - Portal Tela Portugal\",\"isPartOf\":{\"@id\":\"https:\/\/portaltela.pt\/#website\"},\"primaryImageOfPage\":{\"@id\":\"https:\/\/portaltela.pt\/noticias\/2026\/01\/30\/excedente-de-2025-supera-meta-do-governo\/#primaryimage\"},\"image\":{\"@id\":\"https:\/\/portaltela.pt\/noticias\/2026\/01\/30\/excedente-de-2025-supera-meta-do-governo\/#primaryimage\"},\"thumbnailUrl\":\"https:\/\/portaltela.pt\/s.01k8rhncp4jt1\/2026\/01\/img_1500x1000uu2026-01-30-17-23-53-2263616.jpg\",\"datePublished\":\"2026-01-31T01:30:00+00:00\",\"author\":{\"@id\":\"https:\/\/portaltela.pt\/#\/schema\/person\/c4278d4a6028830caff9ee44b42d32ed\"},\"breadcrumb\":{\"@id\":\"https:\/\/portaltela.pt\/noticias\/2026\/01\/30\/excedente-de-2025-supera-meta-do-governo\/#breadcrumb\"},\"inLanguage\":\"pt-PT\",\"potentialAction\":[{\"@type\":\"ReadAction\",\"target\":[\"https:\/\/portaltela.pt\/noticias\/2026\/01\/30\/excedente-de-2025-supera-meta-do-governo\/\"]}]},{\"@type\":\"ImageObject\",\"inLanguage\":\"pt-PT\",\"@id\":\"https:\/\/portaltela.pt\/noticias\/2026\/01\/30\/excedente-de-2025-supera-meta-do-governo\/#primaryimage\",\"url\":\"https:\/\/portaltela.pt\/s.01k8rhncp4jt1\/2026\/01\/img_1500x1000uu2026-01-30-17-23-53-2263616.jpg\",\"contentUrl\":\"https:\/\/portaltela.pt\/s.01k8rhncp4jt1\/2026\/01\/img_1500x1000uu2026-01-30-17-23-53-2263616.jpg\",\"width\":796,\"height\":448,\"caption\":\"Primeiro-ministro, Lu\u00eds Montengro e ministro das Finan\u00e7as, Joaquim Miranda Sarmento\"},{\"@type\":\"BreadcrumbList\",\"@id\":\"https:\/\/portaltela.pt\/noticias\/2026\/01\/30\/excedente-de-2025-supera-meta-do-governo\/#breadcrumb\",\"itemListElement\":[{\"@type\":\"ListItem\",\"position\":1,\"name\":\"In\u00edcio\",\"item\":\"https:\/\/portaltela.pt\/\"},{\"@type\":\"ListItem\",\"position\":2,\"name\":\"Excedente de 2025 supera meta do Governo\"}]},{\"@type\":\"WebSite\",\"@id\":\"https:\/\/portaltela.pt\/#website\",\"url\":\"https:\/\/portaltela.pt\/\",\"name\":\"Portal Tela Portugal\",\"description\":\"\",\"potentialAction\":[{\"@type\":\"SearchAction\",\"target\":{\"@type\":\"EntryPoint\",\"urlTemplate\":\"https:\/\/portaltela.pt\/?s={search_term_string}\"},\"query-input\":{\"@type\":\"PropertyValueSpecification\",\"valueRequired\":true,\"valueName\":\"search_term_string\"}}],\"inLanguage\":\"pt-PT\"},{\"@type\":\"Person\",\"@id\":\"https:\/\/portaltela.pt\/#\/schema\/person\/c4278d4a6028830caff9ee44b42d32ed\",\"name\":\"Telinha\",\"image\":{\"@type\":\"ImageObject\",\"inLanguage\":\"pt-PT\",\"@id\":\"https:\/\/portaltela.pt\/s.01k8rhncp4jt1\/2025\/11\/talking-bot-125x125.png\",\"url\":\"https:\/\/portaltela.pt\/s.01k8rhncp4jt1\/2025\/11\/talking-bot-125x125.png\",\"contentUrl\":\"https:\/\/portaltela.pt\/s.01k8rhncp4jt1\/2025\/11\/talking-bot-125x125.png\",\"caption\":\"Telinha\"},\"sameAs\":[\"https:\/\/portaltela.pt\/\"],\"url\":\"https:\/\/portaltela.pt\/por\/367410592786\/\"}]}<\/script>\n<!-- \/ Yoast SEO plugin. -->","yoast_head_json":{"title":"Excedente de 2025 supera meta do Governo - Portal Tela Portugal","robots":{"index":"index","follow":"follow","max-snippet":"max-snippet:-1","max-image-preview":"max-image-preview:large","max-video-preview":"max-video-preview:-1"},"og_locale":"pt_PT","og_type":"article","og_title":"Excedente de 2025 supera meta do Governo - Portal Tela Portugal","og_description":"O Governo encerrou 2025 com excedente or\u00e7amental de 1.297,7 milh\u00f5es de euros, melhoria de 885,5 milh\u00f5es face ao ano anterior. O resultado ficou acima da estimativa do Governo para 2026 em mais de dois mil milh\u00f5es de euros, com o Minist\u00e9rio das Finan\u00e7as a prever d\u00e9fice de 782 milh\u00f5es de euros. A receita fiscal totalizou quarenta e quatro mil e setecentos e noventa e oito milh\u00f5es de euros, com IRS e IVA a contribu\u00edrem de forma relevante. O IRS aumentou 1.565,2 milh\u00f5es de euros (+9,2%), e o IVA cresceu 2.486,5 milh\u00f5es de euros (+10,3%), enquanto o IRC caiu 241,5 milh\u00f5es (-2,4%). O SNS terminou o ano com saldo de -1.035,1 milh\u00f5es de euros (melhoria de 533,9 milh\u00f5es), sendo a Seguran\u00e7a Social o principal contribuidor para o excedente, e a Administra\u00e7\u00e3o Central registou -647,6 milh\u00f5es.","og_url":"https:\/\/portaltela.pt\/noticias\/2026\/01\/30\/excedente-de-2025-supera-meta-do-governo\/","og_site_name":"Portal Tela Portugal","article_published_time":"2026-01-31T01:30:00+00:00","author":"Telinha","twitter_card":"summary_large_image","twitter_misc":{"Escrito por":"Telinha","Tempo estimado de leitura":"1 minuto"},"schema":{"@context":"https:\/\/schema.org","@graph":[{"@type":"Article","@id":"https:\/\/portaltela.pt\/noticias\/2026\/01\/30\/excedente-de-2025-supera-meta-do-governo\/#article","isPartOf":{"@id":"https:\/\/portaltela.pt\/noticias\/2026\/01\/30\/excedente-de-2025-supera-meta-do-governo\/"},"author":{"name":"Telinha","@id":"https:\/\/portaltela.pt\/#\/schema\/person\/c4278d4a6028830caff9ee44b42d32ed"},"headline":"Excedente de 2025 supera meta do Governo","datePublished":"2026-01-31T01:30:00+00:00","mainEntityOfPage":{"@id":"https:\/\/portaltela.pt\/noticias\/2026\/01\/30\/excedente-de-2025-supera-meta-do-governo\/"},"wordCount":200,"image":{"@id":"https:\/\/portaltela.pt\/noticias\/2026\/01\/30\/excedente-de-2025-supera-meta-do-governo\/#primaryimage"},"thumbnailUrl":"https:\/\/portaltela.pt\/s.01k8rhncp4jt1\/2026\/01\/img_1500x1000uu2026-01-30-17-23-53-2263616.jpg","keywords":["economia","finan\u00e7as p\u00fablicas","Imposto sobre o Tabaco","impostos","IRC","SNS"],"articleSection":["Not\u00edcias"],"inLanguage":"pt-PT"},{"@type":"WebPage","@id":"https:\/\/portaltela.pt\/noticias\/2026\/01\/30\/excedente-de-2025-supera-meta-do-governo\/","url":"https:\/\/portaltela.pt\/noticias\/2026\/01\/30\/excedente-de-2025-supera-meta-do-governo\/","name":"Excedente de 2025 supera meta do Governo - Portal Tela Portugal","isPartOf":{"@id":"https:\/\/portaltela.pt\/#website"},"primaryImageOfPage":{"@id":"https:\/\/portaltela.pt\/noticias\/2026\/01\/30\/excedente-de-2025-supera-meta-do-governo\/#primaryimage"},"image":{"@id":"https:\/\/portaltela.pt\/noticias\/2026\/01\/30\/excedente-de-2025-supera-meta-do-governo\/#primaryimage"},"thumbnailUrl":"https:\/\/portaltela.pt\/s.01k8rhncp4jt1\/2026\/01\/img_1500x1000uu2026-01-30-17-23-53-2263616.jpg","datePublished":"2026-01-31T01:30:00+00:00","author":{"@id":"https:\/\/portaltela.pt\/#\/schema\/person\/c4278d4a6028830caff9ee44b42d32ed"},"breadcrumb":{"@id":"https:\/\/portaltela.pt\/noticias\/2026\/01\/30\/excedente-de-2025-supera-meta-do-governo\/#breadcrumb"},"inLanguage":"pt-PT","potentialAction":[{"@type":"ReadAction","target":["https:\/\/portaltela.pt\/noticias\/2026\/01\/30\/excedente-de-2025-supera-meta-do-governo\/"]}]},{"@type":"ImageObject","inLanguage":"pt-PT","@id":"https:\/\/portaltela.pt\/noticias\/2026\/01\/30\/excedente-de-2025-supera-meta-do-governo\/#primaryimage","url":"https:\/\/portaltela.pt\/s.01k8rhncp4jt1\/2026\/01\/img_1500x1000uu2026-01-30-17-23-53-2263616.jpg","contentUrl":"https:\/\/portaltela.pt\/s.01k8rhncp4jt1\/2026\/01\/img_1500x1000uu2026-01-30-17-23-53-2263616.jpg","width":796,"height":448,"caption":"Primeiro-ministro, Lu\u00eds Montengro e ministro das Finan\u00e7as, Joaquim Miranda Sarmento"},{"@type":"BreadcrumbList","@id":"https:\/\/portaltela.pt\/noticias\/2026\/01\/30\/excedente-de-2025-supera-meta-do-governo\/#breadcrumb","itemListElement":[{"@type":"ListItem","position":1,"name":"In\u00edcio","item":"https:\/\/portaltela.pt\/"},{"@type":"ListItem","position":2,"name":"Excedente de 2025 supera meta do Governo"}]},{"@type":"WebSite","@id":"https:\/\/portaltela.pt\/#website","url":"https:\/\/portaltela.pt\/","name":"Portal Tela Portugal","description":"","potentialAction":[{"@type":"SearchAction","target":{"@type":"EntryPoint","urlTemplate":"https:\/\/portaltela.pt\/?s={search_term_string}"},"query-input":{"@type":"PropertyValueSpecification","valueRequired":true,"valueName":"search_term_string"}}],"inLanguage":"pt-PT"},{"@type":"Person","@id":"https:\/\/portaltela.pt\/#\/schema\/person\/c4278d4a6028830caff9ee44b42d32ed","name":"Telinha","image":{"@type":"ImageObject","inLanguage":"pt-PT","@id":"https:\/\/portaltela.pt\/s.01k8rhncp4jt1\/2025\/11\/talking-bot-125x125.png","url":"https:\/\/portaltela.pt\/s.01k8rhncp4jt1\/2025\/11\/talking-bot-125x125.png","contentUrl":"https:\/\/portaltela.pt\/s.01k8rhncp4jt1\/2025\/11\/talking-bot-125x125.png","caption":"Telinha"},"sameAs":["https:\/\/portaltela.pt\/"],"url":"https:\/\/portaltela.pt\/por\/367410592786\/"}]}},"_links":{"self":[{"href":"https:\/\/portaltela.pt\/api\/wp\/v2\/posts\/185932","targetHints":{"allow":["GET"]}}],"collection":[{"href":"https:\/\/portaltela.pt\/api\/wp\/v2\/posts"}],"about":[{"href":"https:\/\/portaltela.pt\/api\/wp\/v2\/types\/post"}],"author":[{"embeddable":true,"href":"https:\/\/portaltela.pt\/api\/wp\/v2\/users\/2"}],"replies":[{"embeddable":true,"href":"https:\/\/portaltela.pt\/api\/wp\/v2\/comments?post=185932"}],"version-history":[{"count":0,"href":"https:\/\/portaltela.pt\/api\/wp\/v2\/posts\/185932\/revisions"}],"wp:featuredmedia":[{"embeddable":true,"href":"https:\/\/portaltela.pt\/api\/wp\/v2\/media\/185946"}],"wp:attachment":[{"href":"https:\/\/portaltela.pt\/api\/wp\/v2\/media?parent=185932"}],"wp:term":[{"taxonomy":"category","embeddable":true,"href":"https:\/\/portaltela.pt\/api\/wp\/v2\/categories?post=185932"},{"taxonomy":"post_tag","embeddable":true,"href":"https:\/\/portaltela.pt\/api\/wp\/v2\/tags?post=185932"}],"curies":[{"name":"wp","href":"https:\/\/api.w.org\/{rel}","templated":true}]}}