{"id":185923,"date":"2026-01-30T22:30:00","date_gmt":"2026-01-31T01:30:00","guid":{"rendered":"https:\/\/portaltela.pt\/noticias\/2026\/01\/30\/autopsia-de-maycon-douglas-afasta-hipotese-de-crime\/"},"modified":"2026-01-30T22:30:00","modified_gmt":"2026-01-31T01:30:00","slug":"autopsia-de-maycon-douglas-afasta-hipotese-de-crime","status":"publish","type":"post","link":"https:\/\/portaltela.pt\/noticias\/2026\/01\/30\/autopsia-de-maycon-douglas-afasta-hipotese-de-crime\/","title":{"rendered":"Aut\u00f3psia de Maycon Douglas afasta hip\u00f3tese de crime"},"content":{"rendered":"<p>Foram tornados os resultados da aut\u00f3psia de Maycon Douglas, o DJ brasileiro de 26 anos desaparecido na Nazar\u00e9 em 31 de dezembro. O exame m\u00e9dico-legal aponta como causa da morte uma asfixia mec\u00e2nica por submers\u00e3o, isto \u00e9, afogamento. N\u00e3o foram encontrados sinais de agress\u00e3o ou viol\u00eancia praticada por terceiros.<\/p>\n<p>Conforme os dados obtidos pelo CM, o exame tamb\u00e9m revelou a presen\u00e7a de \u00e1lcool no organismo de Maycon. O jovem ficou conhecido por ter participado na edi\u00e7\u00e3o da Casa dos Segredos da TVI.<\/p>\n<p>Destro\u00e7os do carro de Maycon Douglas foram encontrados no areal da Nazar\u00e9. A viatura foi identificada formalmente apenas na manh\u00e3 de ontem, atrav\u00e9s do n\u00famero de chassis. O ve\u00edculo tinha sido inicialmente localizado submerso, pouco depois do desaparecimento, a cerca de seis metros de profundidade junto ao Farol de S\u00e3o Miguel Arcanjo.<\/p>\n<p>A confirma\u00e7\u00e3o de que os destro\u00e7os pertencem ao carro de Maycon surgiu ap\u00f3s a verifica\u00e7\u00e3o da identifica\u00e7\u00e3o pela pol\u00edcia, conclu\u00edda com base no chassis. O corpo foi encontrado pela fam\u00edlia alguns dias ap\u00f3s o desaparecimento, gerando sinaliza\u00e7\u00e3o de que os acontecimentos n\u00e3o ter\u00e3o envolvimento de terceiros, pelo menos segundo o relat\u00f3rio m\u00e9dico-legal.<\/p>\n<p>Fontes oficiais n\u00e3o procergem informa\u00e7\u00f5es adicionais sobre outras linhas de investiga\u00e7\u00e3o, mantendo o foco na conclus\u00e3o da aut\u00f3psia e na identifica\u00e7\u00e3o do ve\u00edculo. O caso permanece sob investiga\u00e7\u00e3o, com o objetivo de esclarecer as circunst\u00e2ncias que levaram ao afogamento.<\/p>\n","protected":false},"excerpt":{"rendered":"<ul>\n<li>A aut\u00f3psia de Maycon Douglas confirmou que a morte resultou de asfixia mec\u00e2nica por submers\u00e3o, ou seja, afogamento.<\/li>\n<li>N\u00e3o foram identificados sinais cl\u00ednicos compat\u00edveis com agress\u00e3o, luta ou viol\u00eancia infligida por terceiros, afastando a hip\u00f3tese de crime.<\/li>\n<li>Foi detetada a presen\u00e7a de \u00e1lcool no organismo do ex-concorrente da Casa dos Segredos.<\/li>\n<li>Destro\u00e7os do carro de Maycon Douglas foram encontrados no areal da Nazar\u00e9; o ve\u00edculo foi identificado formalmente pela primeira vez a partir do n\u00famero de chassis.<\/li>\n<li>O carro tinha ficado submerso a cerca de seis metros de profundidade, junto ao Farol de S\u00e3o Miguel Arcanjo, na Nazar\u00e9, ap\u00f3s o seu desaparecimento em 31 de dezembro e aparecimento do corpo a 7 de janeiro.<\/li>\n<\/ul>\n","protected":false},"author":2,"featured_media":185933,"comment_status":"closed","ping_status":"closed","sticky":false,"template":"","format":"standard","meta":{"footnotes":""},"categories":[1],"tags":[3546,221,215,894],"class_list":["post-185923","post","type-post","status-publish","format-standard","has-post-thumbnail","hentry","category-noticias","tag-afogamento","tag-excesso-de-alcool","tag-investigacao","tag-nazare"],"yoast_head":"<!-- This site is optimized with the Yoast SEO plugin v27.2 - https:\/\/yoast.com\/product\/yoast-seo-wordpress\/ -->\n<title>Aut\u00f3psia de Maycon Douglas afasta hip\u00f3tese de crime - Portal Tela Portugal<\/title>\n<meta name=\"robots\" content=\"index, follow, max-snippet:-1, max-image-preview:large, max-video-preview:-1\" \/>\n<meta property=\"og:locale\" content=\"pt_PT\" \/>\n<meta property=\"og:type\" content=\"article\" \/>\n<meta property=\"og:title\" content=\"Aut\u00f3psia de Maycon Douglas afasta hip\u00f3tese de crime - Portal Tela Portugal\" \/>\n<meta property=\"og:description\" content=\"A aut\u00f3psia de Maycon Douglas confirmou que a morte resultou de asfixia mec\u00e2nica por submers\u00e3o, ou seja, afogamento. N\u00e3o foram identificados sinais cl\u00ednicos compat\u00edveis com agress\u00e3o, luta ou viol\u00eancia infligida por terceiros, afastando a hip\u00f3tese de crime. Foi detetada a presen\u00e7a de \u00e1lcool no organismo do ex-concorrente da Casa dos Segredos. Destro\u00e7os do carro de Maycon Douglas foram encontrados no areal da Nazar\u00e9; o ve\u00edculo foi identificado formalmente pela primeira vez a partir do n\u00famero de chassis. O carro tinha ficado submerso a cerca de seis metros de profundidade, junto ao Farol de S\u00e3o Miguel Arcanjo, na Nazar\u00e9, ap\u00f3s o seu desaparecimento em 31 de dezembro e aparecimento do corpo a 7 de janeiro.\" \/>\n<meta property=\"og:url\" content=\"https:\/\/portaltela.pt\/noticias\/2026\/01\/30\/autopsia-de-maycon-douglas-afasta-hipotese-de-crime\/\" \/>\n<meta property=\"og:site_name\" content=\"Portal Tela Portugal\" \/>\n<meta property=\"article:published_time\" content=\"2026-01-31T01:30:00+00:00\" \/>\n<meta name=\"author\" content=\"Telinha\" \/>\n<meta name=\"twitter:card\" content=\"summary_large_image\" \/>\n<meta name=\"twitter:label1\" content=\"Escrito por\" \/>\n\t<meta name=\"twitter:data1\" content=\"Telinha\" \/>\n\t<meta name=\"twitter:label2\" content=\"Tempo estimado de leitura\" \/>\n\t<meta name=\"twitter:data2\" content=\"1 minuto\" \/>\n<script type=\"application\/ld+json\" class=\"yoast-schema-graph\">{\"@context\":\"https:\/\/schema.org\",\"@graph\":[{\"@type\":\"Article\",\"@id\":\"https:\/\/portaltela.pt\/noticias\/2026\/01\/30\/autopsia-de-maycon-douglas-afasta-hipotese-de-crime\/#article\",\"isPartOf\":{\"@id\":\"https:\/\/portaltela.pt\/noticias\/2026\/01\/30\/autopsia-de-maycon-douglas-afasta-hipotese-de-crime\/\"},\"author\":{\"name\":\"Telinha\",\"@id\":\"https:\/\/portaltela.pt\/#\/schema\/person\/c4278d4a6028830caff9ee44b42d32ed\"},\"headline\":\"Aut\u00f3psia de Maycon Douglas afasta hip\u00f3tese de crime\",\"datePublished\":\"2026-01-31T01:30:00+00:00\",\"mainEntityOfPage\":{\"@id\":\"https:\/\/portaltela.pt\/noticias\/2026\/01\/30\/autopsia-de-maycon-douglas-afasta-hipotese-de-crime\/\"},\"wordCount\":270,\"image\":{\"@id\":\"https:\/\/portaltela.pt\/noticias\/2026\/01\/30\/autopsia-de-maycon-douglas-afasta-hipotese-de-crime\/#primaryimage\"},\"thumbnailUrl\":\"https:\/\/portaltela.pt\/s.01k8rhncp4jt1\/2026\/01\/img_1500x1000uu2026-01-31-01-32-20-2258603.jpg\",\"keywords\":[\"afogamento\",\"excesso de \u00e1lcool\",\"investiga\u00e7\u00e3o\",\"Nazar\u00e9\"],\"articleSection\":[\"Not\u00edcias\"],\"inLanguage\":\"pt-PT\"},{\"@type\":\"WebPage\",\"@id\":\"https:\/\/portaltela.pt\/noticias\/2026\/01\/30\/autopsia-de-maycon-douglas-afasta-hipotese-de-crime\/\",\"url\":\"https:\/\/portaltela.pt\/noticias\/2026\/01\/30\/autopsia-de-maycon-douglas-afasta-hipotese-de-crime\/\",\"name\":\"Aut\u00f3psia de Maycon Douglas afasta hip\u00f3tese de crime - Portal Tela Portugal\",\"isPartOf\":{\"@id\":\"https:\/\/portaltela.pt\/#website\"},\"primaryImageOfPage\":{\"@id\":\"https:\/\/portaltela.pt\/noticias\/2026\/01\/30\/autopsia-de-maycon-douglas-afasta-hipotese-de-crime\/#primaryimage\"},\"image\":{\"@id\":\"https:\/\/portaltela.pt\/noticias\/2026\/01\/30\/autopsia-de-maycon-douglas-afasta-hipotese-de-crime\/#primaryimage\"},\"thumbnailUrl\":\"https:\/\/portaltela.pt\/s.01k8rhncp4jt1\/2026\/01\/img_1500x1000uu2026-01-31-01-32-20-2258603.jpg\",\"datePublished\":\"2026-01-31T01:30:00+00:00\",\"author\":{\"@id\":\"https:\/\/portaltela.pt\/#\/schema\/person\/c4278d4a6028830caff9ee44b42d32ed\"},\"breadcrumb\":{\"@id\":\"https:\/\/portaltela.pt\/noticias\/2026\/01\/30\/autopsia-de-maycon-douglas-afasta-hipotese-de-crime\/#breadcrumb\"},\"inLanguage\":\"pt-PT\",\"potentialAction\":[{\"@type\":\"ReadAction\",\"target\":[\"https:\/\/portaltela.pt\/noticias\/2026\/01\/30\/autopsia-de-maycon-douglas-afasta-hipotese-de-crime\/\"]}]},{\"@type\":\"ImageObject\",\"inLanguage\":\"pt-PT\",\"@id\":\"https:\/\/portaltela.pt\/noticias\/2026\/01\/30\/autopsia-de-maycon-douglas-afasta-hipotese-de-crime\/#primaryimage\",\"url\":\"https:\/\/portaltela.pt\/s.01k8rhncp4jt1\/2026\/01\/img_1500x1000uu2026-01-31-01-32-20-2258603.jpg\",\"contentUrl\":\"https:\/\/portaltela.pt\/s.01k8rhncp4jt1\/2026\/01\/img_1500x1000uu2026-01-31-01-32-20-2258603.jpg\",\"width\":796,\"height\":448,\"caption\":\"Maycon Douglas\"},{\"@type\":\"BreadcrumbList\",\"@id\":\"https:\/\/portaltela.pt\/noticias\/2026\/01\/30\/autopsia-de-maycon-douglas-afasta-hipotese-de-crime\/#breadcrumb\",\"itemListElement\":[{\"@type\":\"ListItem\",\"position\":1,\"name\":\"In\u00edcio\",\"item\":\"https:\/\/portaltela.pt\/\"},{\"@type\":\"ListItem\",\"position\":2,\"name\":\"Aut\u00f3psia de Maycon Douglas afasta hip\u00f3tese de crime\"}]},{\"@type\":\"WebSite\",\"@id\":\"https:\/\/portaltela.pt\/#website\",\"url\":\"https:\/\/portaltela.pt\/\",\"name\":\"Portal Tela Portugal\",\"description\":\"\",\"potentialAction\":[{\"@type\":\"SearchAction\",\"target\":{\"@type\":\"EntryPoint\",\"urlTemplate\":\"https:\/\/portaltela.pt\/?s={search_term_string}\"},\"query-input\":{\"@type\":\"PropertyValueSpecification\",\"valueRequired\":true,\"valueName\":\"search_term_string\"}}],\"inLanguage\":\"pt-PT\"},{\"@type\":\"Person\",\"@id\":\"https:\/\/portaltela.pt\/#\/schema\/person\/c4278d4a6028830caff9ee44b42d32ed\",\"name\":\"Telinha\",\"image\":{\"@type\":\"ImageObject\",\"inLanguage\":\"pt-PT\",\"@id\":\"https:\/\/portaltela.pt\/s.01k8rhncp4jt1\/2025\/11\/talking-bot-125x125.png\",\"url\":\"https:\/\/portaltela.pt\/s.01k8rhncp4jt1\/2025\/11\/talking-bot-125x125.png\",\"contentUrl\":\"https:\/\/portaltela.pt\/s.01k8rhncp4jt1\/2025\/11\/talking-bot-125x125.png\",\"caption\":\"Telinha\"},\"sameAs\":[\"https:\/\/portaltela.pt\/\"],\"url\":\"https:\/\/portaltela.pt\/por\/367410592786\/\"}]}<\/script>\n<!-- \/ Yoast SEO plugin. -->","yoast_head_json":{"title":"Aut\u00f3psia de Maycon Douglas afasta hip\u00f3tese de crime - Portal Tela Portugal","robots":{"index":"index","follow":"follow","max-snippet":"max-snippet:-1","max-image-preview":"max-image-preview:large","max-video-preview":"max-video-preview:-1"},"og_locale":"pt_PT","og_type":"article","og_title":"Aut\u00f3psia de Maycon Douglas afasta hip\u00f3tese de crime - Portal Tela Portugal","og_description":"A aut\u00f3psia de Maycon Douglas confirmou que a morte resultou de asfixia mec\u00e2nica por submers\u00e3o, ou seja, afogamento. N\u00e3o foram identificados sinais cl\u00ednicos compat\u00edveis com agress\u00e3o, luta ou viol\u00eancia infligida por terceiros, afastando a hip\u00f3tese de crime. Foi detetada a presen\u00e7a de \u00e1lcool no organismo do ex-concorrente da Casa dos Segredos. Destro\u00e7os do carro de Maycon Douglas foram encontrados no areal da Nazar\u00e9; o ve\u00edculo foi identificado formalmente pela primeira vez a partir do n\u00famero de chassis. O carro tinha ficado submerso a cerca de seis metros de profundidade, junto ao Farol de S\u00e3o Miguel Arcanjo, na Nazar\u00e9, ap\u00f3s o seu desaparecimento em 31 de dezembro e aparecimento do corpo a 7 de janeiro.","og_url":"https:\/\/portaltela.pt\/noticias\/2026\/01\/30\/autopsia-de-maycon-douglas-afasta-hipotese-de-crime\/","og_site_name":"Portal Tela Portugal","article_published_time":"2026-01-31T01:30:00+00:00","author":"Telinha","twitter_card":"summary_large_image","twitter_misc":{"Escrito por":"Telinha","Tempo estimado de leitura":"1 minuto"},"schema":{"@context":"https:\/\/schema.org","@graph":[{"@type":"Article","@id":"https:\/\/portaltela.pt\/noticias\/2026\/01\/30\/autopsia-de-maycon-douglas-afasta-hipotese-de-crime\/#article","isPartOf":{"@id":"https:\/\/portaltela.pt\/noticias\/2026\/01\/30\/autopsia-de-maycon-douglas-afasta-hipotese-de-crime\/"},"author":{"name":"Telinha","@id":"https:\/\/portaltela.pt\/#\/schema\/person\/c4278d4a6028830caff9ee44b42d32ed"},"headline":"Aut\u00f3psia de Maycon Douglas afasta hip\u00f3tese de crime","datePublished":"2026-01-31T01:30:00+00:00","mainEntityOfPage":{"@id":"https:\/\/portaltela.pt\/noticias\/2026\/01\/30\/autopsia-de-maycon-douglas-afasta-hipotese-de-crime\/"},"wordCount":270,"image":{"@id":"https:\/\/portaltela.pt\/noticias\/2026\/01\/30\/autopsia-de-maycon-douglas-afasta-hipotese-de-crime\/#primaryimage"},"thumbnailUrl":"https:\/\/portaltela.pt\/s.01k8rhncp4jt1\/2026\/01\/img_1500x1000uu2026-01-31-01-32-20-2258603.jpg","keywords":["afogamento","excesso de \u00e1lcool","investiga\u00e7\u00e3o","Nazar\u00e9"],"articleSection":["Not\u00edcias"],"inLanguage":"pt-PT"},{"@type":"WebPage","@id":"https:\/\/portaltela.pt\/noticias\/2026\/01\/30\/autopsia-de-maycon-douglas-afasta-hipotese-de-crime\/","url":"https:\/\/portaltela.pt\/noticias\/2026\/01\/30\/autopsia-de-maycon-douglas-afasta-hipotese-de-crime\/","name":"Aut\u00f3psia de Maycon Douglas afasta hip\u00f3tese de crime - Portal Tela Portugal","isPartOf":{"@id":"https:\/\/portaltela.pt\/#website"},"primaryImageOfPage":{"@id":"https:\/\/portaltela.pt\/noticias\/2026\/01\/30\/autopsia-de-maycon-douglas-afasta-hipotese-de-crime\/#primaryimage"},"image":{"@id":"https:\/\/portaltela.pt\/noticias\/2026\/01\/30\/autopsia-de-maycon-douglas-afasta-hipotese-de-crime\/#primaryimage"},"thumbnailUrl":"https:\/\/portaltela.pt\/s.01k8rhncp4jt1\/2026\/01\/img_1500x1000uu2026-01-31-01-32-20-2258603.jpg","datePublished":"2026-01-31T01:30:00+00:00","author":{"@id":"https:\/\/portaltela.pt\/#\/schema\/person\/c4278d4a6028830caff9ee44b42d32ed"},"breadcrumb":{"@id":"https:\/\/portaltela.pt\/noticias\/2026\/01\/30\/autopsia-de-maycon-douglas-afasta-hipotese-de-crime\/#breadcrumb"},"inLanguage":"pt-PT","potentialAction":[{"@type":"ReadAction","target":["https:\/\/portaltela.pt\/noticias\/2026\/01\/30\/autopsia-de-maycon-douglas-afasta-hipotese-de-crime\/"]}]},{"@type":"ImageObject","inLanguage":"pt-PT","@id":"https:\/\/portaltela.pt\/noticias\/2026\/01\/30\/autopsia-de-maycon-douglas-afasta-hipotese-de-crime\/#primaryimage","url":"https:\/\/portaltela.pt\/s.01k8rhncp4jt1\/2026\/01\/img_1500x1000uu2026-01-31-01-32-20-2258603.jpg","contentUrl":"https:\/\/portaltela.pt\/s.01k8rhncp4jt1\/2026\/01\/img_1500x1000uu2026-01-31-01-32-20-2258603.jpg","width":796,"height":448,"caption":"Maycon Douglas"},{"@type":"BreadcrumbList","@id":"https:\/\/portaltela.pt\/noticias\/2026\/01\/30\/autopsia-de-maycon-douglas-afasta-hipotese-de-crime\/#breadcrumb","itemListElement":[{"@type":"ListItem","position":1,"name":"In\u00edcio","item":"https:\/\/portaltela.pt\/"},{"@type":"ListItem","position":2,"name":"Aut\u00f3psia de Maycon Douglas afasta hip\u00f3tese de crime"}]},{"@type":"WebSite","@id":"https:\/\/portaltela.pt\/#website","url":"https:\/\/portaltela.pt\/","name":"Portal Tela Portugal","description":"","potentialAction":[{"@type":"SearchAction","target":{"@type":"EntryPoint","urlTemplate":"https:\/\/portaltela.pt\/?s={search_term_string}"},"query-input":{"@type":"PropertyValueSpecification","valueRequired":true,"valueName":"search_term_string"}}],"inLanguage":"pt-PT"},{"@type":"Person","@id":"https:\/\/portaltela.pt\/#\/schema\/person\/c4278d4a6028830caff9ee44b42d32ed","name":"Telinha","image":{"@type":"ImageObject","inLanguage":"pt-PT","@id":"https:\/\/portaltela.pt\/s.01k8rhncp4jt1\/2025\/11\/talking-bot-125x125.png","url":"https:\/\/portaltela.pt\/s.01k8rhncp4jt1\/2025\/11\/talking-bot-125x125.png","contentUrl":"https:\/\/portaltela.pt\/s.01k8rhncp4jt1\/2025\/11\/talking-bot-125x125.png","caption":"Telinha"},"sameAs":["https:\/\/portaltela.pt\/"],"url":"https:\/\/portaltela.pt\/por\/367410592786\/"}]}},"_links":{"self":[{"href":"https:\/\/portaltela.pt\/api\/wp\/v2\/posts\/185923","targetHints":{"allow":["GET"]}}],"collection":[{"href":"https:\/\/portaltela.pt\/api\/wp\/v2\/posts"}],"about":[{"href":"https:\/\/portaltela.pt\/api\/wp\/v2\/types\/post"}],"author":[{"embeddable":true,"href":"https:\/\/portaltela.pt\/api\/wp\/v2\/users\/2"}],"replies":[{"embeddable":true,"href":"https:\/\/portaltela.pt\/api\/wp\/v2\/comments?post=185923"}],"version-history":[{"count":0,"href":"https:\/\/portaltela.pt\/api\/wp\/v2\/posts\/185923\/revisions"}],"wp:featuredmedia":[{"embeddable":true,"href":"https:\/\/portaltela.pt\/api\/wp\/v2\/media\/185933"}],"wp:attachment":[{"href":"https:\/\/portaltela.pt\/api\/wp\/v2\/media?parent=185923"}],"wp:term":[{"taxonomy":"category","embeddable":true,"href":"https:\/\/portaltela.pt\/api\/wp\/v2\/categories?post=185923"},{"taxonomy":"post_tag","embeddable":true,"href":"https:\/\/portaltela.pt\/api\/wp\/v2\/tags?post=185923"}],"curies":[{"name":"wp","href":"https:\/\/api.w.org\/{rel}","templated":true}]}}