{"id":185891,"date":"2026-01-30T22:30:00","date_gmt":"2026-01-31T01:30:00","guid":{"rendered":"https:\/\/portaltela.pt\/noticias\/2026\/01\/30\/goncalo-inacio-em-gestao-ate-ao-classico-do-dragao\/"},"modified":"2026-01-30T22:30:00","modified_gmt":"2026-01-31T01:30:00","slug":"goncalo-inacio-em-gestao-ate-ao-classico-do-dragao","status":"publish","type":"post","link":"https:\/\/portaltela.pt\/desporto\/futebol\/2026\/01\/30\/goncalo-inacio-em-gestao-ate-ao-classico-do-dragao\/","title":{"rendered":"Gon\u00e7alo In\u00e1cio em gest\u00e3o at\u00e9 ao cl\u00e1ssico do Drag\u00e3o"},"content":{"rendered":"<p>Gon\u00e7alo In\u00e1cio saiu lesionado no jogo frente ao Athletic Bilbao, aos 26 minutos, sendo substitu\u00eddo por Matheus Reis. Rui Borges pretende gerir a situa\u00e7\u00e3o at\u00e9 ao cl\u00e1ssico com o FC Porto, mantendo o foco na prepara\u00e7\u00e3o.<\/p>\n<p>Os exames n\u00e3o indicaram les\u00e3o muscular na coxa esquerda, mas o central poder\u00e1 ficar de fora do jogo de domingo frente ao Nacional. A gest\u00e3o do plantel visa manter In\u00e1cio dispon\u00edvel para o confronto com o Porto.<\/p>\n<p>Na Ta\u00e7a de Portugal, frente ao AVS, o defesa pode somar alguns minutos para chegar em boa forma ao cl\u00e1ssico. A ideia \u00e9 poupar o goleador Luis Su\u00e1rez para esse encontro decisivo.<\/p>\n<h3>Golos e estrat\u00e9gia no topo da tabela<\/h3>\n<p>Caso o Sporting ven\u00e7a, reduz a dist\u00e2ncia para quatro pontos para o l\u00edder FC Porto. Em caso de derrota, os drag\u00f5es ficam a 10 de vantagem, com o Benfica a manter-se na persegui\u00e7\u00e3o.<\/p>\n<h3>Refor\u00e7o de op\u00e7\u00f5es na frente<\/h3>\n<p>Ioannidis, avan\u00e7ado greg\u00eas, j\u00e1 est\u00e1 totalmente recuperado de les\u00e3o ligamentar. Pode jogar frente ao Nacional e, se entrar, poder\u00e1 ser titular no ataque contra o AVS para poupar Su\u00e1rez.<\/p>\n","protected":false},"excerpt":{"rendered":"<ul>\n<li>Gon\u00e7alo In\u00e1cio saiu lesionado do jogo frente ao Athletic Bilbao aos 26 minutos e foi substitu\u00eddo por Matheus Reis, mas n\u00e3o se confirmou les\u00e3o muscular na coxa esquerda.<\/li>\n<li>O treinador Rui Borges vai gerir a condi\u00e7\u00e3o do central at\u00e9 ao cl\u00e1ssico com o FC Porto, mantendo-o fora da partida de domingo frente ao Nacional.<\/li>\n<li>No entanto, pode somar alguns minutos diante do AVS para estar em boa forma para o confronto com os azuis e brancos na segunda-feira, caso seja necess\u00e1rio.<\/li>\n<li>O Sporting pode reduzir a dist\u00e2ncia para o l\u00edder FC Porto para quatro pontos com uma vit\u00f3ria, ou permitir aos drag\u00f5es ampliar para dez pontos em caso de derrota.<\/li>\n<li>Ioannidis, que j\u00e1 est\u00e1 recuperado de les\u00e3o no ligamento colateral interno do joelho direito, poder\u00e1 entrar no jogo frente ao Nacional ou frente ao AVS, dependendo da estrat\u00e9gia de gest\u00e3o do plantel.<\/li>\n<\/ul>\n","protected":false},"author":2,"featured_media":185904,"comment_status":"closed","ping_status":"closed","sticky":false,"template":"","format":"standard","meta":{"footnotes":""},"categories":[21,24],"tags":[555,2028,32,4159,1319,1652],"class_list":["post-185891","post","type-post","status-publish","format-standard","has-post-thumbnail","hentry","category-desporto","category-futebol","tag-assuntos-de-futebol","tag-fc-porto","tag-futebol","tag-jogo","tag-nacional","tag-sporting"],"yoast_head":"<!-- This site is optimized with the Yoast SEO plugin v27.2 - https:\/\/yoast.com\/product\/yoast-seo-wordpress\/ -->\n<title>Gon\u00e7alo In\u00e1cio em gest\u00e3o at\u00e9 ao cl\u00e1ssico do Drag\u00e3o - Portal Tela Portugal<\/title>\n<meta name=\"robots\" content=\"index, follow, max-snippet:-1, max-image-preview:large, max-video-preview:-1\" \/>\n<meta property=\"og:locale\" content=\"pt_PT\" \/>\n<meta property=\"og:type\" content=\"article\" \/>\n<meta property=\"og:title\" content=\"Gon\u00e7alo In\u00e1cio em gest\u00e3o at\u00e9 ao cl\u00e1ssico do Drag\u00e3o - Portal Tela Portugal\" \/>\n<meta property=\"og:description\" content=\"Gon\u00e7alo In\u00e1cio saiu lesionado do jogo frente ao Athletic Bilbao aos 26 minutos e foi substitu\u00eddo por Matheus Reis, mas n\u00e3o se confirmou les\u00e3o muscular na coxa esquerda. O treinador Rui Borges vai gerir a condi\u00e7\u00e3o do central at\u00e9 ao cl\u00e1ssico com o FC Porto, mantendo-o fora da partida de domingo frente ao Nacional. No entanto, pode somar alguns minutos diante do AVS para estar em boa forma para o confronto com os azuis e brancos na segunda-feira, caso seja necess\u00e1rio. O Sporting pode reduzir a dist\u00e2ncia para o l\u00edder FC Porto para quatro pontos com uma vit\u00f3ria, ou permitir aos drag\u00f5es ampliar para dez pontos em caso de derrota. Ioannidis, que j\u00e1 est\u00e1 recuperado de les\u00e3o no ligamento colateral interno do joelho direito, poder\u00e1 entrar no jogo frente ao Nacional ou frente ao AVS, dependendo da estrat\u00e9gia de gest\u00e3o do plantel.\" \/>\n<meta property=\"og:url\" content=\"https:\/\/portaltela.pt\/noticias\/2026\/01\/30\/goncalo-inacio-em-gestao-ate-ao-classico-do-dragao\/\" \/>\n<meta property=\"og:site_name\" content=\"Portal Tela Portugal\" \/>\n<meta property=\"article:published_time\" content=\"2026-01-31T01:30:00+00:00\" \/>\n<meta name=\"author\" content=\"Telinha\" \/>\n<meta name=\"twitter:card\" content=\"summary_large_image\" \/>\n<meta name=\"twitter:label1\" content=\"Escrito por\" \/>\n\t<meta name=\"twitter:data1\" content=\"Telinha\" \/>\n\t<meta name=\"twitter:label2\" content=\"Tempo estimado de leitura\" \/>\n\t<meta name=\"twitter:data2\" content=\"1 minuto\" \/>\n<script type=\"application\/ld+json\" class=\"yoast-schema-graph\">{\"@context\":\"https:\/\/schema.org\",\"@graph\":[{\"@type\":\"Article\",\"@id\":\"https:\/\/portaltela.pt\/noticias\/2026\/01\/30\/goncalo-inacio-em-gestao-ate-ao-classico-do-dragao\/#article\",\"isPartOf\":{\"@id\":\"https:\/\/portaltela.pt\/noticias\/2026\/01\/30\/goncalo-inacio-em-gestao-ate-ao-classico-do-dragao\/\"},\"author\":{\"name\":\"Telinha\",\"@id\":\"https:\/\/portaltela.pt\/#\/schema\/person\/c4278d4a6028830caff9ee44b42d32ed\"},\"headline\":\"Gon\u00e7alo In\u00e1cio em gest\u00e3o at\u00e9 ao cl\u00e1ssico do Drag\u00e3o\",\"datePublished\":\"2026-01-31T01:30:00+00:00\",\"mainEntityOfPage\":{\"@id\":\"https:\/\/portaltela.pt\/noticias\/2026\/01\/30\/goncalo-inacio-em-gestao-ate-ao-classico-do-dragao\/\"},\"wordCount\":216,\"image\":{\"@id\":\"https:\/\/portaltela.pt\/noticias\/2026\/01\/30\/goncalo-inacio-em-gestao-ate-ao-classico-do-dragao\/#primaryimage\"},\"thumbnailUrl\":\"https:\/\/portaltela.pt\/s.01k8rhncp4jt1\/2026\/01\/img_1500x1000uu2025-03-29-17-54-54-2200914.jpg\",\"keywords\":[\"assuntos de futebol\",\"FC Porto\",\"futebol\",\"jogo\",\"Nacional\",\"Sporting\"],\"articleSection\":[\"Desporto\",\"Futebol\"],\"inLanguage\":\"pt-PT\"},{\"@type\":\"WebPage\",\"@id\":\"https:\/\/portaltela.pt\/noticias\/2026\/01\/30\/goncalo-inacio-em-gestao-ate-ao-classico-do-dragao\/\",\"url\":\"https:\/\/portaltela.pt\/noticias\/2026\/01\/30\/goncalo-inacio-em-gestao-ate-ao-classico-do-dragao\/\",\"name\":\"Gon\u00e7alo In\u00e1cio em gest\u00e3o at\u00e9 ao cl\u00e1ssico do Drag\u00e3o - Portal Tela Portugal\",\"isPartOf\":{\"@id\":\"https:\/\/portaltela.pt\/#website\"},\"primaryImageOfPage\":{\"@id\":\"https:\/\/portaltela.pt\/noticias\/2026\/01\/30\/goncalo-inacio-em-gestao-ate-ao-classico-do-dragao\/#primaryimage\"},\"image\":{\"@id\":\"https:\/\/portaltela.pt\/noticias\/2026\/01\/30\/goncalo-inacio-em-gestao-ate-ao-classico-do-dragao\/#primaryimage\"},\"thumbnailUrl\":\"https:\/\/portaltela.pt\/s.01k8rhncp4jt1\/2026\/01\/img_1500x1000uu2025-03-29-17-54-54-2200914.jpg\",\"datePublished\":\"2026-01-31T01:30:00+00:00\",\"author\":{\"@id\":\"https:\/\/portaltela.pt\/#\/schema\/person\/c4278d4a6028830caff9ee44b42d32ed\"},\"breadcrumb\":{\"@id\":\"https:\/\/portaltela.pt\/noticias\/2026\/01\/30\/goncalo-inacio-em-gestao-ate-ao-classico-do-dragao\/#breadcrumb\"},\"inLanguage\":\"pt-PT\",\"potentialAction\":[{\"@type\":\"ReadAction\",\"target\":[\"https:\/\/portaltela.pt\/noticias\/2026\/01\/30\/goncalo-inacio-em-gestao-ate-ao-classico-do-dragao\/\"]}]},{\"@type\":\"ImageObject\",\"inLanguage\":\"pt-PT\",\"@id\":\"https:\/\/portaltela.pt\/noticias\/2026\/01\/30\/goncalo-inacio-em-gestao-ate-ao-classico-do-dragao\/#primaryimage\",\"url\":\"https:\/\/portaltela.pt\/s.01k8rhncp4jt1\/2026\/01\/img_1500x1000uu2025-03-29-17-54-54-2200914.jpg\",\"contentUrl\":\"https:\/\/portaltela.pt\/s.01k8rhncp4jt1\/2026\/01\/img_1500x1000uu2025-03-29-17-54-54-2200914.jpg\",\"width\":1500,\"height\":1000,\"caption\":\"Gon\u00e7alo In\u00e1cio\"},{\"@type\":\"BreadcrumbList\",\"@id\":\"https:\/\/portaltela.pt\/noticias\/2026\/01\/30\/goncalo-inacio-em-gestao-ate-ao-classico-do-dragao\/#breadcrumb\",\"itemListElement\":[{\"@type\":\"ListItem\",\"position\":1,\"name\":\"In\u00edcio\",\"item\":\"https:\/\/portaltela.pt\/\"},{\"@type\":\"ListItem\",\"position\":2,\"name\":\"Gon\u00e7alo In\u00e1cio em gest\u00e3o at\u00e9 ao cl\u00e1ssico do Drag\u00e3o\"}]},{\"@type\":\"WebSite\",\"@id\":\"https:\/\/portaltela.pt\/#website\",\"url\":\"https:\/\/portaltela.pt\/\",\"name\":\"Portal Tela Portugal\",\"description\":\"\",\"potentialAction\":[{\"@type\":\"SearchAction\",\"target\":{\"@type\":\"EntryPoint\",\"urlTemplate\":\"https:\/\/portaltela.pt\/?s={search_term_string}\"},\"query-input\":{\"@type\":\"PropertyValueSpecification\",\"valueRequired\":true,\"valueName\":\"search_term_string\"}}],\"inLanguage\":\"pt-PT\"},{\"@type\":\"Person\",\"@id\":\"https:\/\/portaltela.pt\/#\/schema\/person\/c4278d4a6028830caff9ee44b42d32ed\",\"name\":\"Telinha\",\"image\":{\"@type\":\"ImageObject\",\"inLanguage\":\"pt-PT\",\"@id\":\"https:\/\/portaltela.pt\/s.01k8rhncp4jt1\/2025\/11\/talking-bot-125x125.png\",\"url\":\"https:\/\/portaltela.pt\/s.01k8rhncp4jt1\/2025\/11\/talking-bot-125x125.png\",\"contentUrl\":\"https:\/\/portaltela.pt\/s.01k8rhncp4jt1\/2025\/11\/talking-bot-125x125.png\",\"caption\":\"Telinha\"},\"sameAs\":[\"https:\/\/portaltela.pt\/\"],\"url\":\"https:\/\/portaltela.pt\/por\/367410592786\/\"}]}<\/script>\n<!-- \/ Yoast SEO plugin. -->","yoast_head_json":{"title":"Gon\u00e7alo In\u00e1cio em gest\u00e3o at\u00e9 ao cl\u00e1ssico do Drag\u00e3o - Portal Tela Portugal","robots":{"index":"index","follow":"follow","max-snippet":"max-snippet:-1","max-image-preview":"max-image-preview:large","max-video-preview":"max-video-preview:-1"},"og_locale":"pt_PT","og_type":"article","og_title":"Gon\u00e7alo In\u00e1cio em gest\u00e3o at\u00e9 ao cl\u00e1ssico do Drag\u00e3o - Portal Tela Portugal","og_description":"Gon\u00e7alo In\u00e1cio saiu lesionado do jogo frente ao Athletic Bilbao aos 26 minutos e foi substitu\u00eddo por Matheus Reis, mas n\u00e3o se confirmou les\u00e3o muscular na coxa esquerda. O treinador Rui Borges vai gerir a condi\u00e7\u00e3o do central at\u00e9 ao cl\u00e1ssico com o FC Porto, mantendo-o fora da partida de domingo frente ao Nacional. No entanto, pode somar alguns minutos diante do AVS para estar em boa forma para o confronto com os azuis e brancos na segunda-feira, caso seja necess\u00e1rio. O Sporting pode reduzir a dist\u00e2ncia para o l\u00edder FC Porto para quatro pontos com uma vit\u00f3ria, ou permitir aos drag\u00f5es ampliar para dez pontos em caso de derrota. Ioannidis, que j\u00e1 est\u00e1 recuperado de les\u00e3o no ligamento colateral interno do joelho direito, poder\u00e1 entrar no jogo frente ao Nacional ou frente ao AVS, dependendo da estrat\u00e9gia de gest\u00e3o do plantel.","og_url":"https:\/\/portaltela.pt\/noticias\/2026\/01\/30\/goncalo-inacio-em-gestao-ate-ao-classico-do-dragao\/","og_site_name":"Portal Tela Portugal","article_published_time":"2026-01-31T01:30:00+00:00","author":"Telinha","twitter_card":"summary_large_image","twitter_misc":{"Escrito por":"Telinha","Tempo estimado de leitura":"1 minuto"},"schema":{"@context":"https:\/\/schema.org","@graph":[{"@type":"Article","@id":"https:\/\/portaltela.pt\/noticias\/2026\/01\/30\/goncalo-inacio-em-gestao-ate-ao-classico-do-dragao\/#article","isPartOf":{"@id":"https:\/\/portaltela.pt\/noticias\/2026\/01\/30\/goncalo-inacio-em-gestao-ate-ao-classico-do-dragao\/"},"author":{"name":"Telinha","@id":"https:\/\/portaltela.pt\/#\/schema\/person\/c4278d4a6028830caff9ee44b42d32ed"},"headline":"Gon\u00e7alo In\u00e1cio em gest\u00e3o at\u00e9 ao cl\u00e1ssico do Drag\u00e3o","datePublished":"2026-01-31T01:30:00+00:00","mainEntityOfPage":{"@id":"https:\/\/portaltela.pt\/noticias\/2026\/01\/30\/goncalo-inacio-em-gestao-ate-ao-classico-do-dragao\/"},"wordCount":216,"image":{"@id":"https:\/\/portaltela.pt\/noticias\/2026\/01\/30\/goncalo-inacio-em-gestao-ate-ao-classico-do-dragao\/#primaryimage"},"thumbnailUrl":"https:\/\/portaltela.pt\/s.01k8rhncp4jt1\/2026\/01\/img_1500x1000uu2025-03-29-17-54-54-2200914.jpg","keywords":["assuntos de futebol","FC Porto","futebol","jogo","Nacional","Sporting"],"articleSection":["Desporto","Futebol"],"inLanguage":"pt-PT"},{"@type":"WebPage","@id":"https:\/\/portaltela.pt\/noticias\/2026\/01\/30\/goncalo-inacio-em-gestao-ate-ao-classico-do-dragao\/","url":"https:\/\/portaltela.pt\/noticias\/2026\/01\/30\/goncalo-inacio-em-gestao-ate-ao-classico-do-dragao\/","name":"Gon\u00e7alo In\u00e1cio em gest\u00e3o at\u00e9 ao cl\u00e1ssico do Drag\u00e3o - Portal Tela Portugal","isPartOf":{"@id":"https:\/\/portaltela.pt\/#website"},"primaryImageOfPage":{"@id":"https:\/\/portaltela.pt\/noticias\/2026\/01\/30\/goncalo-inacio-em-gestao-ate-ao-classico-do-dragao\/#primaryimage"},"image":{"@id":"https:\/\/portaltela.pt\/noticias\/2026\/01\/30\/goncalo-inacio-em-gestao-ate-ao-classico-do-dragao\/#primaryimage"},"thumbnailUrl":"https:\/\/portaltela.pt\/s.01k8rhncp4jt1\/2026\/01\/img_1500x1000uu2025-03-29-17-54-54-2200914.jpg","datePublished":"2026-01-31T01:30:00+00:00","author":{"@id":"https:\/\/portaltela.pt\/#\/schema\/person\/c4278d4a6028830caff9ee44b42d32ed"},"breadcrumb":{"@id":"https:\/\/portaltela.pt\/noticias\/2026\/01\/30\/goncalo-inacio-em-gestao-ate-ao-classico-do-dragao\/#breadcrumb"},"inLanguage":"pt-PT","potentialAction":[{"@type":"ReadAction","target":["https:\/\/portaltela.pt\/noticias\/2026\/01\/30\/goncalo-inacio-em-gestao-ate-ao-classico-do-dragao\/"]}]},{"@type":"ImageObject","inLanguage":"pt-PT","@id":"https:\/\/portaltela.pt\/noticias\/2026\/01\/30\/goncalo-inacio-em-gestao-ate-ao-classico-do-dragao\/#primaryimage","url":"https:\/\/portaltela.pt\/s.01k8rhncp4jt1\/2026\/01\/img_1500x1000uu2025-03-29-17-54-54-2200914.jpg","contentUrl":"https:\/\/portaltela.pt\/s.01k8rhncp4jt1\/2026\/01\/img_1500x1000uu2025-03-29-17-54-54-2200914.jpg","width":1500,"height":1000,"caption":"Gon\u00e7alo In\u00e1cio"},{"@type":"BreadcrumbList","@id":"https:\/\/portaltela.pt\/noticias\/2026\/01\/30\/goncalo-inacio-em-gestao-ate-ao-classico-do-dragao\/#breadcrumb","itemListElement":[{"@type":"ListItem","position":1,"name":"In\u00edcio","item":"https:\/\/portaltela.pt\/"},{"@type":"ListItem","position":2,"name":"Gon\u00e7alo In\u00e1cio em gest\u00e3o at\u00e9 ao cl\u00e1ssico do Drag\u00e3o"}]},{"@type":"WebSite","@id":"https:\/\/portaltela.pt\/#website","url":"https:\/\/portaltela.pt\/","name":"Portal Tela Portugal","description":"","potentialAction":[{"@type":"SearchAction","target":{"@type":"EntryPoint","urlTemplate":"https:\/\/portaltela.pt\/?s={search_term_string}"},"query-input":{"@type":"PropertyValueSpecification","valueRequired":true,"valueName":"search_term_string"}}],"inLanguage":"pt-PT"},{"@type":"Person","@id":"https:\/\/portaltela.pt\/#\/schema\/person\/c4278d4a6028830caff9ee44b42d32ed","name":"Telinha","image":{"@type":"ImageObject","inLanguage":"pt-PT","@id":"https:\/\/portaltela.pt\/s.01k8rhncp4jt1\/2025\/11\/talking-bot-125x125.png","url":"https:\/\/portaltela.pt\/s.01k8rhncp4jt1\/2025\/11\/talking-bot-125x125.png","contentUrl":"https:\/\/portaltela.pt\/s.01k8rhncp4jt1\/2025\/11\/talking-bot-125x125.png","caption":"Telinha"},"sameAs":["https:\/\/portaltela.pt\/"],"url":"https:\/\/portaltela.pt\/por\/367410592786\/"}]}},"_links":{"self":[{"href":"https:\/\/portaltela.pt\/api\/wp\/v2\/posts\/185891","targetHints":{"allow":["GET"]}}],"collection":[{"href":"https:\/\/portaltela.pt\/api\/wp\/v2\/posts"}],"about":[{"href":"https:\/\/portaltela.pt\/api\/wp\/v2\/types\/post"}],"author":[{"embeddable":true,"href":"https:\/\/portaltela.pt\/api\/wp\/v2\/users\/2"}],"replies":[{"embeddable":true,"href":"https:\/\/portaltela.pt\/api\/wp\/v2\/comments?post=185891"}],"version-history":[{"count":0,"href":"https:\/\/portaltela.pt\/api\/wp\/v2\/posts\/185891\/revisions"}],"wp:featuredmedia":[{"embeddable":true,"href":"https:\/\/portaltela.pt\/api\/wp\/v2\/media\/185904"}],"wp:attachment":[{"href":"https:\/\/portaltela.pt\/api\/wp\/v2\/media?parent=185891"}],"wp:term":[{"taxonomy":"category","embeddable":true,"href":"https:\/\/portaltela.pt\/api\/wp\/v2\/categories?post=185891"},{"taxonomy":"post_tag","embeddable":true,"href":"https:\/\/portaltela.pt\/api\/wp\/v2\/tags?post=185891"}],"curies":[{"name":"wp","href":"https:\/\/api.w.org\/{rel}","templated":true}]}}