{"id":185887,"date":"2026-01-30T22:03:00","date_gmt":"2026-01-31T01:03:00","guid":{"rendered":"https:\/\/portaltela.pt\/noticias\/2026\/01\/30\/falta-de-docentes-nos-acores-preocupa-o-sindicato-dos-professores\/"},"modified":"2026-01-30T22:03:00","modified_gmt":"2026-01-31T01:03:00","slug":"falta-de-docentes-nos-acores-preocupa-o-sindicato-dos-professores","status":"publish","type":"post","link":"https:\/\/portaltela.pt\/noticias\/2026\/01\/30\/falta-de-docentes-nos-acores-preocupa-o-sindicato-dos-professores\/","title":{"rendered":"Falta de docentes nos A\u00e7ores preocupa o Sindicato dos Professores"},"content":{"rendered":"<p>O Sindicato dos Professores da Regi\u00e3o A\u00e7ores (SPRA) informou nesta sexta-feira sobre uma persistente falta de docentes na regi\u00e3o, constatando que a dificuldade em cobrir substitui\u00e7\u00f5es se tornou transversal a todas as ilhas do arquip\u00e9lago. A an\u00e1lise foi feita em confer\u00eancia de imprensa realizada em Ponta Delgada, ap\u00f3s uma reuni\u00e3o da dire\u00e7\u00e3o.<\/p>\n<p>Segundo o presidente do SPRA, Ant\u00f3nio Lucas, o problema come\u00e7ou nas ilhas mais pequenas e agora afeta o conjunto do arquip\u00e9lago. A falta de professores ocorre ao mesmo tempo que h\u00e1 dificuldades de distribui\u00e7\u00e3o entre ilhas, com docentes a preferirem manter-se nas ilhas onde trabalham atualmente.<\/p>\n<p>O dirigente sublinhou que a solu\u00e7\u00e3o passa por medidas transversais e nacionais, incluindo a valoriza\u00e7\u00e3o da profiss\u00e3o para atrair jovens. No entanto, destacou que, no imediato, \u00e9 necess\u00e1rio melhorar a distribui\u00e7\u00e3o de docentes entre as ilhas para mitigar a insuffici\u00eancia atual.<\/p>\n<h3>Distribui\u00e7\u00e3o de docentes e substitui\u00e7\u00f5es<\/h3>\n<p>Lucas explicou que a distribui\u00e7\u00e3o deficiente resulta em parte de docentes que residem em S\u00e3o Miguel ou na Terceira n\u00e3o aceitarem desloca\u00e7\u00f5es para outras ilhas, mantendo-se em situa\u00e7\u00f5es de substitui\u00e7\u00e3o local. A melhoria da mobilidade permitiria cobrir necessidades nas ilhas perif\u00e9ricas.<\/p>\n<p>O SPRA defende ainda condi\u00e7\u00f5es para facilitar a mobilidade, incluindo incentivos relacionados com habita\u00e7\u00e3o. O objetivo \u00e9 que professores possam vender a casa atual e adquirir habita\u00e7\u00e3o mais acess\u00edvel noutras ilhas como Graciosa ou Flores. A proposta inclui juros bonificados para aquisi\u00e7\u00e3o de casa.<\/p>\n<h3>Condi\u00e7\u00f5es de trabalho e quadro atual<\/h3>\n<p>O dirigente alertou para o envelhecimento do atual quadro regional, o que aumenta o n\u00famero de baixas por doen\u00e7a. Nestas situa\u00e7\u00f5es, escolas em S\u00e3o Miguel e na Terceira recorrem a profissionais sem habilita\u00e7\u00e3o adequada, o que compromete a qualidade de ensino. O SPRA considera este cen\u00e1rio insustent\u00e1vel.<\/p>\n<h3>Medidas e di\u00e1logo com o Governo<\/h3>\n<p>O SPRA anunciou a realiza\u00e7\u00e3o de plen\u00e1rios sindicais em todas as ilhas durante fevereiro para debater o diploma sobre concursos do pessoal docente, publicado no in\u00edcio do ano. O objetivo \u00e9 avaliar altera\u00e7\u00f5es que n\u00e3o tenham resolvido problemas estruturais do sistema educativo regional.<\/p>\n<p>Foi igualmente mencionada a discuss\u00e3o de propostas do Minist\u00e9rio da Educa\u00e7\u00e3o, Ci\u00eancia e Investiga\u00e7\u00e3o sobre o Estatuto da Carreira Docente e o processo negocial com as estruturas sindicais. O SPRA teme que altera\u00e7\u00f5es no estatuto possam desvalorizar a profiss\u00e3o.<\/p>\n<h3>A\u00e7\u00f5es a curto prazo e mobiliza\u00e7\u00e3o<\/h3>\n<p>O sindicato far\u00e1 parte da caravana nacional Somos Professores e Educadores, Damos Rosto ao Futuro, promovida pela Federa\u00e7\u00e3o Nacional de Professores (FENPROF). A iniciativa visa chamar a aten\u00e7\u00e3o para a valoriza\u00e7\u00e3o da profiss\u00e3o e a melhoria das condi\u00e7\u00f5es de trabalho.<\/p>\n","protected":false},"excerpt":{"rendered":"<ul>\n<li>O Sindicato dos Professores da Regi\u00e3o A\u00e7ores (SPRA) afirma falta de docentes na regi\u00e3o e diz que as dificuldades em substitui\u00e7\u00f5es est\u00e3o a tornar-se transversais a todas as ilhas.<\/li>\n<li>O problema inclui distribui\u00e7\u00e3o: professores em S\u00e3o Miguel e na Terceira preferem substitui\u00e7\u00f5es locais, o que dificulta levar professores para outras ilhas.<\/li>\n<li>O SPRA defende medidas transversais e nacionais, incluindo valoriza\u00e7\u00e3o da profiss\u00e3o para atrair jovens, e melhorias na distribui\u00e7\u00e3o como solu\u00e7\u00e3o imediata.<\/li>\n<li>Prop\u00f5e incentivos como juros bonificados na aquisi\u00e7\u00e3o de casa para professores, com aplica\u00e7\u00e3o por unidade org\u00e2nica ou por ilha, para facilitar mobilidade entre ilhas.<\/li>\n<li>O sindicato anunciou plen\u00e1rios sindicais em todas as ilhas em fevereiro e vai analisar altera\u00e7\u00f5es do diploma de concursos do corpo docente, bem como propostas de melhoria do Estatuto da Carreira Docente.<\/li>\n<\/ul>\n","protected":false},"author":2,"featured_media":185906,"comment_status":"closed","ping_status":"closed","sticky":false,"template":"","format":"standard","meta":{"footnotes":""},"categories":[1],"tags":[822,163,2443,4246,97,966],"class_list":["post-185887","post","type-post","status-publish","format-standard","has-post-thumbnail","hentry","category-noticias","tag-acores","tag-educacao","tag-educacao-publica","tag-mobilidade-escolar","tag-professores","tag-sindicatos"],"yoast_head":"<!-- This site is optimized with the Yoast SEO plugin v27.2 - https:\/\/yoast.com\/product\/yoast-seo-wordpress\/ -->\n<title>Falta de docentes nos A\u00e7ores preocupa o Sindicato dos Professores - Portal Tela Portugal<\/title>\n<meta name=\"robots\" content=\"index, follow, max-snippet:-1, max-image-preview:large, max-video-preview:-1\" \/>\n<meta property=\"og:locale\" content=\"pt_PT\" \/>\n<meta property=\"og:type\" content=\"article\" \/>\n<meta property=\"og:title\" content=\"Falta de docentes nos A\u00e7ores preocupa o Sindicato dos Professores - Portal Tela Portugal\" \/>\n<meta property=\"og:description\" content=\"O Sindicato dos Professores da Regi\u00e3o A\u00e7ores (SPRA) afirma falta de docentes na regi\u00e3o e diz que as dificuldades em substitui\u00e7\u00f5es est\u00e3o a tornar-se transversais a todas as ilhas. O problema inclui distribui\u00e7\u00e3o: professores em S\u00e3o Miguel e na Terceira preferem substitui\u00e7\u00f5es locais, o que dificulta levar professores para outras ilhas. O SPRA defende medidas transversais e nacionais, incluindo valoriza\u00e7\u00e3o da profiss\u00e3o para atrair jovens, e melhorias na distribui\u00e7\u00e3o como solu\u00e7\u00e3o imediata. Prop\u00f5e incentivos como juros bonificados na aquisi\u00e7\u00e3o de casa para professores, com aplica\u00e7\u00e3o por unidade org\u00e2nica ou por ilha, para facilitar mobilidade entre ilhas. O sindicato anunciou plen\u00e1rios sindicais em todas as ilhas em fevereiro e vai analisar altera\u00e7\u00f5es do diploma de concursos do corpo docente, bem como propostas de melhoria do Estatuto da Carreira Docente.\" \/>\n<meta property=\"og:url\" content=\"https:\/\/portaltela.pt\/noticias\/2026\/01\/30\/falta-de-docentes-nos-acores-preocupa-o-sindicato-dos-professores\/\" \/>\n<meta property=\"og:site_name\" content=\"Portal Tela Portugal\" \/>\n<meta property=\"article:published_time\" content=\"2026-01-31T01:03:00+00:00\" \/>\n<meta name=\"author\" content=\"Telinha\" \/>\n<meta name=\"twitter:card\" content=\"summary_large_image\" \/>\n<meta name=\"twitter:label1\" content=\"Escrito por\" \/>\n\t<meta name=\"twitter:data1\" content=\"Telinha\" \/>\n\t<meta name=\"twitter:label2\" content=\"Tempo estimado de leitura\" \/>\n\t<meta name=\"twitter:data2\" content=\"2 minutos\" \/>\n<script type=\"application\/ld+json\" class=\"yoast-schema-graph\">{\"@context\":\"https:\/\/schema.org\",\"@graph\":[{\"@type\":\"Article\",\"@id\":\"https:\/\/portaltela.pt\/noticias\/2026\/01\/30\/falta-de-docentes-nos-acores-preocupa-o-sindicato-dos-professores\/#article\",\"isPartOf\":{\"@id\":\"https:\/\/portaltela.pt\/noticias\/2026\/01\/30\/falta-de-docentes-nos-acores-preocupa-o-sindicato-dos-professores\/\"},\"author\":{\"name\":\"Telinha\",\"@id\":\"https:\/\/portaltela.pt\/#\/schema\/person\/c4278d4a6028830caff9ee44b42d32ed\"},\"headline\":\"Falta de docentes nos A\u00e7ores preocupa o Sindicato dos Professores\",\"datePublished\":\"2026-01-31T01:03:00+00:00\",\"mainEntityOfPage\":{\"@id\":\"https:\/\/portaltela.pt\/noticias\/2026\/01\/30\/falta-de-docentes-nos-acores-preocupa-o-sindicato-dos-professores\/\"},\"wordCount\":486,\"image\":{\"@id\":\"https:\/\/portaltela.pt\/noticias\/2026\/01\/30\/falta-de-docentes-nos-acores-preocupa-o-sindicato-dos-professores\/#primaryimage\"},\"thumbnailUrl\":\"https:\/\/portaltela.pt\/s.01k8rhncp4jt1\/2026\/01\/unnamed-file-6235.jpg\",\"keywords\":[\"A\u00e7ores\",\"educa\u00e7\u00e3o\",\"educa\u00e7\u00e3o p\u00fablica\",\"mobilidade escolar\",\"professores\",\"sindicatos\"],\"articleSection\":[\"Not\u00edcias\"],\"inLanguage\":\"pt-PT\"},{\"@type\":\"WebPage\",\"@id\":\"https:\/\/portaltela.pt\/noticias\/2026\/01\/30\/falta-de-docentes-nos-acores-preocupa-o-sindicato-dos-professores\/\",\"url\":\"https:\/\/portaltela.pt\/noticias\/2026\/01\/30\/falta-de-docentes-nos-acores-preocupa-o-sindicato-dos-professores\/\",\"name\":\"Falta de docentes nos A\u00e7ores preocupa o Sindicato dos Professores - Portal Tela Portugal\",\"isPartOf\":{\"@id\":\"https:\/\/portaltela.pt\/#website\"},\"primaryImageOfPage\":{\"@id\":\"https:\/\/portaltela.pt\/noticias\/2026\/01\/30\/falta-de-docentes-nos-acores-preocupa-o-sindicato-dos-professores\/#primaryimage\"},\"image\":{\"@id\":\"https:\/\/portaltela.pt\/noticias\/2026\/01\/30\/falta-de-docentes-nos-acores-preocupa-o-sindicato-dos-professores\/#primaryimage\"},\"thumbnailUrl\":\"https:\/\/portaltela.pt\/s.01k8rhncp4jt1\/2026\/01\/unnamed-file-6235.jpg\",\"datePublished\":\"2026-01-31T01:03:00+00:00\",\"author\":{\"@id\":\"https:\/\/portaltela.pt\/#\/schema\/person\/c4278d4a6028830caff9ee44b42d32ed\"},\"breadcrumb\":{\"@id\":\"https:\/\/portaltela.pt\/noticias\/2026\/01\/30\/falta-de-docentes-nos-acores-preocupa-o-sindicato-dos-professores\/#breadcrumb\"},\"inLanguage\":\"pt-PT\",\"potentialAction\":[{\"@type\":\"ReadAction\",\"target\":[\"https:\/\/portaltela.pt\/noticias\/2026\/01\/30\/falta-de-docentes-nos-acores-preocupa-o-sindicato-dos-professores\/\"]}]},{\"@type\":\"ImageObject\",\"inLanguage\":\"pt-PT\",\"@id\":\"https:\/\/portaltela.pt\/noticias\/2026\/01\/30\/falta-de-docentes-nos-acores-preocupa-o-sindicato-dos-professores\/#primaryimage\",\"url\":\"https:\/\/portaltela.pt\/s.01k8rhncp4jt1\/2026\/01\/unnamed-file-6235.jpg\",\"contentUrl\":\"https:\/\/portaltela.pt\/s.01k8rhncp4jt1\/2026\/01\/unnamed-file-6235.jpg\",\"width\":796,\"height\":448,\"caption\":\"Sindicato dos Professores nos A\u00e7ores: h\u00e1 falta de docentes\"},{\"@type\":\"BreadcrumbList\",\"@id\":\"https:\/\/portaltela.pt\/noticias\/2026\/01\/30\/falta-de-docentes-nos-acores-preocupa-o-sindicato-dos-professores\/#breadcrumb\",\"itemListElement\":[{\"@type\":\"ListItem\",\"position\":1,\"name\":\"In\u00edcio\",\"item\":\"https:\/\/portaltela.pt\/\"},{\"@type\":\"ListItem\",\"position\":2,\"name\":\"Falta de docentes nos A\u00e7ores preocupa o Sindicato dos Professores\"}]},{\"@type\":\"WebSite\",\"@id\":\"https:\/\/portaltela.pt\/#website\",\"url\":\"https:\/\/portaltela.pt\/\",\"name\":\"Portal Tela Portugal\",\"description\":\"\",\"potentialAction\":[{\"@type\":\"SearchAction\",\"target\":{\"@type\":\"EntryPoint\",\"urlTemplate\":\"https:\/\/portaltela.pt\/?s={search_term_string}\"},\"query-input\":{\"@type\":\"PropertyValueSpecification\",\"valueRequired\":true,\"valueName\":\"search_term_string\"}}],\"inLanguage\":\"pt-PT\"},{\"@type\":\"Person\",\"@id\":\"https:\/\/portaltela.pt\/#\/schema\/person\/c4278d4a6028830caff9ee44b42d32ed\",\"name\":\"Telinha\",\"image\":{\"@type\":\"ImageObject\",\"inLanguage\":\"pt-PT\",\"@id\":\"https:\/\/portaltela.pt\/s.01k8rhncp4jt1\/2025\/11\/talking-bot-125x125.png\",\"url\":\"https:\/\/portaltela.pt\/s.01k8rhncp4jt1\/2025\/11\/talking-bot-125x125.png\",\"contentUrl\":\"https:\/\/portaltela.pt\/s.01k8rhncp4jt1\/2025\/11\/talking-bot-125x125.png\",\"caption\":\"Telinha\"},\"sameAs\":[\"https:\/\/portaltela.pt\/\"],\"url\":\"https:\/\/portaltela.pt\/por\/367410592786\/\"}]}<\/script>\n<!-- \/ Yoast SEO plugin. -->","yoast_head_json":{"title":"Falta de docentes nos A\u00e7ores preocupa o Sindicato dos Professores - Portal Tela Portugal","robots":{"index":"index","follow":"follow","max-snippet":"max-snippet:-1","max-image-preview":"max-image-preview:large","max-video-preview":"max-video-preview:-1"},"og_locale":"pt_PT","og_type":"article","og_title":"Falta de docentes nos A\u00e7ores preocupa o Sindicato dos Professores - Portal Tela Portugal","og_description":"O Sindicato dos Professores da Regi\u00e3o A\u00e7ores (SPRA) afirma falta de docentes na regi\u00e3o e diz que as dificuldades em substitui\u00e7\u00f5es est\u00e3o a tornar-se transversais a todas as ilhas. O problema inclui distribui\u00e7\u00e3o: professores em S\u00e3o Miguel e na Terceira preferem substitui\u00e7\u00f5es locais, o que dificulta levar professores para outras ilhas. O SPRA defende medidas transversais e nacionais, incluindo valoriza\u00e7\u00e3o da profiss\u00e3o para atrair jovens, e melhorias na distribui\u00e7\u00e3o como solu\u00e7\u00e3o imediata. Prop\u00f5e incentivos como juros bonificados na aquisi\u00e7\u00e3o de casa para professores, com aplica\u00e7\u00e3o por unidade org\u00e2nica ou por ilha, para facilitar mobilidade entre ilhas. O sindicato anunciou plen\u00e1rios sindicais em todas as ilhas em fevereiro e vai analisar altera\u00e7\u00f5es do diploma de concursos do corpo docente, bem como propostas de melhoria do Estatuto da Carreira Docente.","og_url":"https:\/\/portaltela.pt\/noticias\/2026\/01\/30\/falta-de-docentes-nos-acores-preocupa-o-sindicato-dos-professores\/","og_site_name":"Portal Tela Portugal","article_published_time":"2026-01-31T01:03:00+00:00","author":"Telinha","twitter_card":"summary_large_image","twitter_misc":{"Escrito por":"Telinha","Tempo estimado de leitura":"2 minutos"},"schema":{"@context":"https:\/\/schema.org","@graph":[{"@type":"Article","@id":"https:\/\/portaltela.pt\/noticias\/2026\/01\/30\/falta-de-docentes-nos-acores-preocupa-o-sindicato-dos-professores\/#article","isPartOf":{"@id":"https:\/\/portaltela.pt\/noticias\/2026\/01\/30\/falta-de-docentes-nos-acores-preocupa-o-sindicato-dos-professores\/"},"author":{"name":"Telinha","@id":"https:\/\/portaltela.pt\/#\/schema\/person\/c4278d4a6028830caff9ee44b42d32ed"},"headline":"Falta de docentes nos A\u00e7ores preocupa o Sindicato dos Professores","datePublished":"2026-01-31T01:03:00+00:00","mainEntityOfPage":{"@id":"https:\/\/portaltela.pt\/noticias\/2026\/01\/30\/falta-de-docentes-nos-acores-preocupa-o-sindicato-dos-professores\/"},"wordCount":486,"image":{"@id":"https:\/\/portaltela.pt\/noticias\/2026\/01\/30\/falta-de-docentes-nos-acores-preocupa-o-sindicato-dos-professores\/#primaryimage"},"thumbnailUrl":"https:\/\/portaltela.pt\/s.01k8rhncp4jt1\/2026\/01\/unnamed-file-6235.jpg","keywords":["A\u00e7ores","educa\u00e7\u00e3o","educa\u00e7\u00e3o p\u00fablica","mobilidade escolar","professores","sindicatos"],"articleSection":["Not\u00edcias"],"inLanguage":"pt-PT"},{"@type":"WebPage","@id":"https:\/\/portaltela.pt\/noticias\/2026\/01\/30\/falta-de-docentes-nos-acores-preocupa-o-sindicato-dos-professores\/","url":"https:\/\/portaltela.pt\/noticias\/2026\/01\/30\/falta-de-docentes-nos-acores-preocupa-o-sindicato-dos-professores\/","name":"Falta de docentes nos A\u00e7ores preocupa o Sindicato dos Professores - Portal Tela Portugal","isPartOf":{"@id":"https:\/\/portaltela.pt\/#website"},"primaryImageOfPage":{"@id":"https:\/\/portaltela.pt\/noticias\/2026\/01\/30\/falta-de-docentes-nos-acores-preocupa-o-sindicato-dos-professores\/#primaryimage"},"image":{"@id":"https:\/\/portaltela.pt\/noticias\/2026\/01\/30\/falta-de-docentes-nos-acores-preocupa-o-sindicato-dos-professores\/#primaryimage"},"thumbnailUrl":"https:\/\/portaltela.pt\/s.01k8rhncp4jt1\/2026\/01\/unnamed-file-6235.jpg","datePublished":"2026-01-31T01:03:00+00:00","author":{"@id":"https:\/\/portaltela.pt\/#\/schema\/person\/c4278d4a6028830caff9ee44b42d32ed"},"breadcrumb":{"@id":"https:\/\/portaltela.pt\/noticias\/2026\/01\/30\/falta-de-docentes-nos-acores-preocupa-o-sindicato-dos-professores\/#breadcrumb"},"inLanguage":"pt-PT","potentialAction":[{"@type":"ReadAction","target":["https:\/\/portaltela.pt\/noticias\/2026\/01\/30\/falta-de-docentes-nos-acores-preocupa-o-sindicato-dos-professores\/"]}]},{"@type":"ImageObject","inLanguage":"pt-PT","@id":"https:\/\/portaltela.pt\/noticias\/2026\/01\/30\/falta-de-docentes-nos-acores-preocupa-o-sindicato-dos-professores\/#primaryimage","url":"https:\/\/portaltela.pt\/s.01k8rhncp4jt1\/2026\/01\/unnamed-file-6235.jpg","contentUrl":"https:\/\/portaltela.pt\/s.01k8rhncp4jt1\/2026\/01\/unnamed-file-6235.jpg","width":796,"height":448,"caption":"Sindicato dos Professores nos A\u00e7ores: h\u00e1 falta de docentes"},{"@type":"BreadcrumbList","@id":"https:\/\/portaltela.pt\/noticias\/2026\/01\/30\/falta-de-docentes-nos-acores-preocupa-o-sindicato-dos-professores\/#breadcrumb","itemListElement":[{"@type":"ListItem","position":1,"name":"In\u00edcio","item":"https:\/\/portaltela.pt\/"},{"@type":"ListItem","position":2,"name":"Falta de docentes nos A\u00e7ores preocupa o Sindicato dos Professores"}]},{"@type":"WebSite","@id":"https:\/\/portaltela.pt\/#website","url":"https:\/\/portaltela.pt\/","name":"Portal Tela Portugal","description":"","potentialAction":[{"@type":"SearchAction","target":{"@type":"EntryPoint","urlTemplate":"https:\/\/portaltela.pt\/?s={search_term_string}"},"query-input":{"@type":"PropertyValueSpecification","valueRequired":true,"valueName":"search_term_string"}}],"inLanguage":"pt-PT"},{"@type":"Person","@id":"https:\/\/portaltela.pt\/#\/schema\/person\/c4278d4a6028830caff9ee44b42d32ed","name":"Telinha","image":{"@type":"ImageObject","inLanguage":"pt-PT","@id":"https:\/\/portaltela.pt\/s.01k8rhncp4jt1\/2025\/11\/talking-bot-125x125.png","url":"https:\/\/portaltela.pt\/s.01k8rhncp4jt1\/2025\/11\/talking-bot-125x125.png","contentUrl":"https:\/\/portaltela.pt\/s.01k8rhncp4jt1\/2025\/11\/talking-bot-125x125.png","caption":"Telinha"},"sameAs":["https:\/\/portaltela.pt\/"],"url":"https:\/\/portaltela.pt\/por\/367410592786\/"}]}},"_links":{"self":[{"href":"https:\/\/portaltela.pt\/api\/wp\/v2\/posts\/185887","targetHints":{"allow":["GET"]}}],"collection":[{"href":"https:\/\/portaltela.pt\/api\/wp\/v2\/posts"}],"about":[{"href":"https:\/\/portaltela.pt\/api\/wp\/v2\/types\/post"}],"author":[{"embeddable":true,"href":"https:\/\/portaltela.pt\/api\/wp\/v2\/users\/2"}],"replies":[{"embeddable":true,"href":"https:\/\/portaltela.pt\/api\/wp\/v2\/comments?post=185887"}],"version-history":[{"count":0,"href":"https:\/\/portaltela.pt\/api\/wp\/v2\/posts\/185887\/revisions"}],"wp:featuredmedia":[{"embeddable":true,"href":"https:\/\/portaltela.pt\/api\/wp\/v2\/media\/185906"}],"wp:attachment":[{"href":"https:\/\/portaltela.pt\/api\/wp\/v2\/media?parent=185887"}],"wp:term":[{"taxonomy":"category","embeddable":true,"href":"https:\/\/portaltela.pt\/api\/wp\/v2\/categories?post=185887"},{"taxonomy":"post_tag","embeddable":true,"href":"https:\/\/portaltela.pt\/api\/wp\/v2\/tags?post=185887"}],"curies":[{"name":"wp","href":"https:\/\/api.w.org\/{rel}","templated":true}]}}