{"id":185884,"date":"2026-01-30T22:30:00","date_gmt":"2026-01-31T01:30:00","guid":{"rendered":"https:\/\/portaltela.pt\/noticias\/2026\/01\/30\/ue-quer-tecnologia-criada-na-europa\/"},"modified":"2026-01-30T22:30:00","modified_gmt":"2026-01-31T01:30:00","slug":"ue-quer-tecnologia-criada-na-europa","status":"publish","type":"post","link":"https:\/\/portaltela.pt\/noticias\/politica\/2026\/01\/30\/ue-quer-tecnologia-criada-na-europa\/","title":{"rendered":"UE quer tecnologia criada na Europa"},"content":{"rendered":"<p>A Comiss\u00e3o Europeia abriu o debate sobre medidas para reduzir a depend\u00eancia tecnol\u00f3gica de fora da UE, com foco na Europa criar e apoiar tecnologia pr\u00f3pria. O relat\u00f3rio em an\u00e1lise no Parlamento Europeu em Estrasburgo prop\u00f5e refor\u00e7ar a capacidade local e reduzir a influ\u00eancia de EUA, China e R\u00fassia.<\/p>\n<p>Entre as prioridades est\u00e3o o aumento do apoio financeiro a organiza\u00e7\u00f5es da sociedade civil, a luta contra a desinforma\u00e7\u00e3o e o est\u00edmulo a tecnologias desenvolvidas na Europa. A iniciativa prev\u00ea ainda a cria\u00e7\u00e3o de um Centro Europeu para a Resili\u00eancia Democr\u00e1tica, com governan\u00e7a transparente.<\/p>\n<p>O centro ter\u00e1 mandato claro para enfrentar manipula\u00e7\u00e3o de informa\u00e7\u00e3o estrangeira, campanhas coordenadas de desinforma\u00e7\u00e3o e ataques h\u00edbridos contra a democracia. A proposta visa, tamb\u00e9m, fortalecer a aplica\u00e7\u00e3o do Regulamento Digital da UE e preparar a Europa para cen\u00e1rios de crise digital.<\/p>\n<p>A vice-presidente executiva respons\u00e1vel pela soberania tecnol\u00f3gica da Comiss\u00e3o, Henna Virkkunen, alertou, num evento anterior, para o peso de grandes plataformas na storage e processamento de dados no continente. Ela aponta para um momento de independ\u00eancia tecnol\u00f3gica na UE.<\/p>\n<p>Em Fran\u00e7a, o Governo avan\u00e7ou com a proibi\u00e7\u00e3o de Google Meet, Microsoft Teams e Zoom entre funcion\u00e1rios p\u00fablicos. A decis\u00e3o acompanha o discurso oficial de reduzir a depend\u00eancia de plataformas estrangeiras e promover solu\u00e7\u00f5es europeias.<\/p>\n<p>Fran\u00e7a ir\u00e1 adotar o Visio, software desenvolvido com base na infraestrutura de Outscale, uma empresa francesa. A transi\u00e7\u00e3o, segundo o Governo, dever\u00e1 ficar conclu\u00edda at\u00e9 2027, alinhando-se aos objetivos de soberania tecnol\u00f3gica no pa\u00eds.<\/p>\n<p>No pacote regulat\u00f3rio da UE, o objetivo central \u00e9 refor\u00e7ar a lideran\u00e7a europeia em tecnologia, abarcando desde dados a capacidades de processamento. O conjunto de medidas dever\u00e1 ser apresentado na pr\u00f3xima primavera, segundo autoridades comunit\u00e1rias.<\/p>\n","protected":false},"excerpt":{"rendered":"<ul>\n<li>A Comiss\u00e3o Europeia pretende reduzir a depend\u00eancia de tecnologias da China, dos Estados Unidos e da R\u00fassia, promovendo o desenvolvimento de tecnologia criada na Europa.<\/li>\n<li>O Parlamento Europeu analisou um relat\u00f3rio sobre o Escudo Europeu da Democracia, defendendo maior apoio financeiro \u00e0 sociedade civil, combate \u00e0 desinforma\u00e7\u00e3o e refor\u00e7o da tecnologia europeia.<\/li>\n<li>Prop\u00f5e-se a cria\u00e7\u00e3o de um Centro Europeu para a Resili\u00eancia Democr\u00e1tica, com mandato claro e governan\u00e7a transparente, para enfrentar desinforma\u00e7\u00e3o e ataques h\u00edbridos.<\/li>\n<li>A vice-presidente executiva da Comiss\u00e3o respons\u00e1vel pela soberania tecnol\u00f3gica, Henna Virkkunen, alertou para o risco da depend\u00eancia de tecnologia estrangeira, apontando que cerca de 70 por cento da capacidade de armazenamento e processamento de dados na Europa est\u00e1 nas m\u00e3os de empresas norte-americanas; h\u00e1 um pacote legislativo sobre soberania tecnol\u00f3gica previsto para a primavera.<\/li>\n<li>A Fran\u00e7a prepara-se para proibir o uso de Google Meet, Microsoft Teams e Zoom entre funcion\u00e1rios p\u00fablicos, dando prefer\u00eancia a plataformas europeias como o Visio, criado pela Outscale, com transi\u00e7\u00e3o at\u00e9 2027.<\/li>\n<\/ul>\n","protected":false},"author":2,"featured_media":185912,"comment_status":"closed","ping_status":"closed","sticky":false,"template":"","format":"standard","meta":{"footnotes":""},"categories":[1,5],"tags":[33,51,3562,4516,153,2055],"class_list":["post-185884","post","type-post","status-publish","format-standard","has-post-thumbnail","hentry","category-noticias","category-politica","tag-inovacao","tag-inteligencia-artificial","tag-privacidade","tag-regulamento-dos-mercados-digitais","tag-tecnologia","tag-uniao-europeia"],"yoast_head":"<!-- This site is optimized with the Yoast SEO plugin v27.2 - https:\/\/yoast.com\/product\/yoast-seo-wordpress\/ -->\n<title>UE quer tecnologia criada na Europa - Portal Tela Portugal<\/title>\n<meta name=\"robots\" content=\"index, follow, max-snippet:-1, max-image-preview:large, max-video-preview:-1\" \/>\n<meta property=\"og:locale\" content=\"pt_PT\" \/>\n<meta property=\"og:type\" content=\"article\" \/>\n<meta property=\"og:title\" content=\"UE quer tecnologia criada na Europa - Portal Tela Portugal\" \/>\n<meta property=\"og:description\" content=\"A Comiss\u00e3o Europeia pretende reduzir a depend\u00eancia de tecnologias da China, dos Estados Unidos e da R\u00fassia, promovendo o desenvolvimento de tecnologia criada na Europa. O Parlamento Europeu analisou um relat\u00f3rio sobre o Escudo Europeu da Democracia, defendendo maior apoio financeiro \u00e0 sociedade civil, combate \u00e0 desinforma\u00e7\u00e3o e refor\u00e7o da tecnologia europeia. Prop\u00f5e-se a cria\u00e7\u00e3o de um Centro Europeu para a Resili\u00eancia Democr\u00e1tica, com mandato claro e governan\u00e7a transparente, para enfrentar desinforma\u00e7\u00e3o e ataques h\u00edbridos. A vice-presidente executiva da Comiss\u00e3o respons\u00e1vel pela soberania tecnol\u00f3gica, Henna Virkkunen, alertou para o risco da depend\u00eancia de tecnologia estrangeira, apontando que cerca de 70 por cento da capacidade de armazenamento e processamento de dados na Europa est\u00e1 nas m\u00e3os de empresas norte-americanas; h\u00e1 um pacote legislativo sobre soberania tecnol\u00f3gica previsto para a primavera. A Fran\u00e7a prepara-se para proibir o uso de Google Meet, Microsoft Teams e Zoom entre funcion\u00e1rios p\u00fablicos, dando prefer\u00eancia a plataformas europeias como o Visio, criado pela Outscale, com transi\u00e7\u00e3o at\u00e9 2027.\" \/>\n<meta property=\"og:url\" content=\"https:\/\/portaltela.pt\/noticias\/2026\/01\/30\/ue-quer-tecnologia-criada-na-europa\/\" \/>\n<meta property=\"og:site_name\" content=\"Portal Tela Portugal\" \/>\n<meta property=\"article:published_time\" content=\"2026-01-31T01:30:00+00:00\" \/>\n<meta name=\"author\" content=\"Telinha\" \/>\n<meta name=\"twitter:card\" content=\"summary_large_image\" \/>\n<meta name=\"twitter:label1\" content=\"Escrito por\" \/>\n\t<meta name=\"twitter:data1\" content=\"Telinha\" \/>\n\t<meta name=\"twitter:label2\" content=\"Tempo estimado de leitura\" \/>\n\t<meta name=\"twitter:data2\" content=\"2 minutos\" \/>\n<script type=\"application\/ld+json\" class=\"yoast-schema-graph\">{\"@context\":\"https:\/\/schema.org\",\"@graph\":[{\"@type\":\"Article\",\"@id\":\"https:\/\/portaltela.pt\/noticias\/2026\/01\/30\/ue-quer-tecnologia-criada-na-europa\/#article\",\"isPartOf\":{\"@id\":\"https:\/\/portaltela.pt\/noticias\/2026\/01\/30\/ue-quer-tecnologia-criada-na-europa\/\"},\"author\":{\"name\":\"Telinha\",\"@id\":\"https:\/\/portaltela.pt\/#\/schema\/person\/c4278d4a6028830caff9ee44b42d32ed\"},\"headline\":\"UE quer tecnologia criada na Europa\",\"datePublished\":\"2026-01-31T01:30:00+00:00\",\"mainEntityOfPage\":{\"@id\":\"https:\/\/portaltela.pt\/noticias\/2026\/01\/30\/ue-quer-tecnologia-criada-na-europa\/\"},\"wordCount\":330,\"image\":{\"@id\":\"https:\/\/portaltela.pt\/noticias\/2026\/01\/30\/ue-quer-tecnologia-criada-na-europa\/#primaryimage\"},\"thumbnailUrl\":\"https:\/\/portaltela.pt\/s.01k8rhncp4jt1\/2026\/01\/img_1500x1000uu2026-01-30-16-10-37-2263607-im-639053862985189040.jpg\",\"keywords\":[\"inova\u00e7\u00e3o\",\"intelig\u00eancia artificial\",\"privacidade\",\"Regulamento dos Mercados Digitais\",\"tecnologia\",\"Uni\u00e3o Europeia\"],\"articleSection\":[\"Not\u00edcias\",\"Pol\u00edtica\"],\"inLanguage\":\"pt-PT\"},{\"@type\":\"WebPage\",\"@id\":\"https:\/\/portaltela.pt\/noticias\/2026\/01\/30\/ue-quer-tecnologia-criada-na-europa\/\",\"url\":\"https:\/\/portaltela.pt\/noticias\/2026\/01\/30\/ue-quer-tecnologia-criada-na-europa\/\",\"name\":\"UE quer tecnologia criada na Europa - Portal Tela Portugal\",\"isPartOf\":{\"@id\":\"https:\/\/portaltela.pt\/#website\"},\"primaryImageOfPage\":{\"@id\":\"https:\/\/portaltela.pt\/noticias\/2026\/01\/30\/ue-quer-tecnologia-criada-na-europa\/#primaryimage\"},\"image\":{\"@id\":\"https:\/\/portaltela.pt\/noticias\/2026\/01\/30\/ue-quer-tecnologia-criada-na-europa\/#primaryimage\"},\"thumbnailUrl\":\"https:\/\/portaltela.pt\/s.01k8rhncp4jt1\/2026\/01\/img_1500x1000uu2026-01-30-16-10-37-2263607-im-639053862985189040.jpg\",\"datePublished\":\"2026-01-31T01:30:00+00:00\",\"author\":{\"@id\":\"https:\/\/portaltela.pt\/#\/schema\/person\/c4278d4a6028830caff9ee44b42d32ed\"},\"breadcrumb\":{\"@id\":\"https:\/\/portaltela.pt\/noticias\/2026\/01\/30\/ue-quer-tecnologia-criada-na-europa\/#breadcrumb\"},\"inLanguage\":\"pt-PT\",\"potentialAction\":[{\"@type\":\"ReadAction\",\"target\":[\"https:\/\/portaltela.pt\/noticias\/2026\/01\/30\/ue-quer-tecnologia-criada-na-europa\/\"]}]},{\"@type\":\"ImageObject\",\"inLanguage\":\"pt-PT\",\"@id\":\"https:\/\/portaltela.pt\/noticias\/2026\/01\/30\/ue-quer-tecnologia-criada-na-europa\/#primaryimage\",\"url\":\"https:\/\/portaltela.pt\/s.01k8rhncp4jt1\/2026\/01\/img_1500x1000uu2026-01-30-16-10-37-2263607-im-639053862985189040.jpg\",\"contentUrl\":\"https:\/\/portaltela.pt\/s.01k8rhncp4jt1\/2026\/01\/img_1500x1000uu2026-01-30-16-10-37-2263607-im-639053862985189040.jpg\",\"width\":796,\"height\":448,\"caption\":\"Parlamento Europeu em Estrasburgo\"},{\"@type\":\"BreadcrumbList\",\"@id\":\"https:\/\/portaltela.pt\/noticias\/2026\/01\/30\/ue-quer-tecnologia-criada-na-europa\/#breadcrumb\",\"itemListElement\":[{\"@type\":\"ListItem\",\"position\":1,\"name\":\"In\u00edcio\",\"item\":\"https:\/\/portaltela.pt\/\"},{\"@type\":\"ListItem\",\"position\":2,\"name\":\"UE quer tecnologia criada na Europa\"}]},{\"@type\":\"WebSite\",\"@id\":\"https:\/\/portaltela.pt\/#website\",\"url\":\"https:\/\/portaltela.pt\/\",\"name\":\"Portal Tela Portugal\",\"description\":\"\",\"potentialAction\":[{\"@type\":\"SearchAction\",\"target\":{\"@type\":\"EntryPoint\",\"urlTemplate\":\"https:\/\/portaltela.pt\/?s={search_term_string}\"},\"query-input\":{\"@type\":\"PropertyValueSpecification\",\"valueRequired\":true,\"valueName\":\"search_term_string\"}}],\"inLanguage\":\"pt-PT\"},{\"@type\":\"Person\",\"@id\":\"https:\/\/portaltela.pt\/#\/schema\/person\/c4278d4a6028830caff9ee44b42d32ed\",\"name\":\"Telinha\",\"image\":{\"@type\":\"ImageObject\",\"inLanguage\":\"pt-PT\",\"@id\":\"https:\/\/portaltela.pt\/s.01k8rhncp4jt1\/2025\/11\/talking-bot-125x125.png\",\"url\":\"https:\/\/portaltela.pt\/s.01k8rhncp4jt1\/2025\/11\/talking-bot-125x125.png\",\"contentUrl\":\"https:\/\/portaltela.pt\/s.01k8rhncp4jt1\/2025\/11\/talking-bot-125x125.png\",\"caption\":\"Telinha\"},\"sameAs\":[\"https:\/\/portaltela.pt\/\"],\"url\":\"https:\/\/portaltela.pt\/por\/367410592786\/\"}]}<\/script>\n<!-- \/ Yoast SEO plugin. -->","yoast_head_json":{"title":"UE quer tecnologia criada na Europa - Portal Tela Portugal","robots":{"index":"index","follow":"follow","max-snippet":"max-snippet:-1","max-image-preview":"max-image-preview:large","max-video-preview":"max-video-preview:-1"},"og_locale":"pt_PT","og_type":"article","og_title":"UE quer tecnologia criada na Europa - Portal Tela Portugal","og_description":"A Comiss\u00e3o Europeia pretende reduzir a depend\u00eancia de tecnologias da China, dos Estados Unidos e da R\u00fassia, promovendo o desenvolvimento de tecnologia criada na Europa. O Parlamento Europeu analisou um relat\u00f3rio sobre o Escudo Europeu da Democracia, defendendo maior apoio financeiro \u00e0 sociedade civil, combate \u00e0 desinforma\u00e7\u00e3o e refor\u00e7o da tecnologia europeia. Prop\u00f5e-se a cria\u00e7\u00e3o de um Centro Europeu para a Resili\u00eancia Democr\u00e1tica, com mandato claro e governan\u00e7a transparente, para enfrentar desinforma\u00e7\u00e3o e ataques h\u00edbridos. A vice-presidente executiva da Comiss\u00e3o respons\u00e1vel pela soberania tecnol\u00f3gica, Henna Virkkunen, alertou para o risco da depend\u00eancia de tecnologia estrangeira, apontando que cerca de 70 por cento da capacidade de armazenamento e processamento de dados na Europa est\u00e1 nas m\u00e3os de empresas norte-americanas; h\u00e1 um pacote legislativo sobre soberania tecnol\u00f3gica previsto para a primavera. A Fran\u00e7a prepara-se para proibir o uso de Google Meet, Microsoft Teams e Zoom entre funcion\u00e1rios p\u00fablicos, dando prefer\u00eancia a plataformas europeias como o Visio, criado pela Outscale, com transi\u00e7\u00e3o at\u00e9 2027.","og_url":"https:\/\/portaltela.pt\/noticias\/2026\/01\/30\/ue-quer-tecnologia-criada-na-europa\/","og_site_name":"Portal Tela Portugal","article_published_time":"2026-01-31T01:30:00+00:00","author":"Telinha","twitter_card":"summary_large_image","twitter_misc":{"Escrito por":"Telinha","Tempo estimado de leitura":"2 minutos"},"schema":{"@context":"https:\/\/schema.org","@graph":[{"@type":"Article","@id":"https:\/\/portaltela.pt\/noticias\/2026\/01\/30\/ue-quer-tecnologia-criada-na-europa\/#article","isPartOf":{"@id":"https:\/\/portaltela.pt\/noticias\/2026\/01\/30\/ue-quer-tecnologia-criada-na-europa\/"},"author":{"name":"Telinha","@id":"https:\/\/portaltela.pt\/#\/schema\/person\/c4278d4a6028830caff9ee44b42d32ed"},"headline":"UE quer tecnologia criada na Europa","datePublished":"2026-01-31T01:30:00+00:00","mainEntityOfPage":{"@id":"https:\/\/portaltela.pt\/noticias\/2026\/01\/30\/ue-quer-tecnologia-criada-na-europa\/"},"wordCount":330,"image":{"@id":"https:\/\/portaltela.pt\/noticias\/2026\/01\/30\/ue-quer-tecnologia-criada-na-europa\/#primaryimage"},"thumbnailUrl":"https:\/\/portaltela.pt\/s.01k8rhncp4jt1\/2026\/01\/img_1500x1000uu2026-01-30-16-10-37-2263607-im-639053862985189040.jpg","keywords":["inova\u00e7\u00e3o","intelig\u00eancia artificial","privacidade","Regulamento dos Mercados Digitais","tecnologia","Uni\u00e3o Europeia"],"articleSection":["Not\u00edcias","Pol\u00edtica"],"inLanguage":"pt-PT"},{"@type":"WebPage","@id":"https:\/\/portaltela.pt\/noticias\/2026\/01\/30\/ue-quer-tecnologia-criada-na-europa\/","url":"https:\/\/portaltela.pt\/noticias\/2026\/01\/30\/ue-quer-tecnologia-criada-na-europa\/","name":"UE quer tecnologia criada na Europa - Portal Tela Portugal","isPartOf":{"@id":"https:\/\/portaltela.pt\/#website"},"primaryImageOfPage":{"@id":"https:\/\/portaltela.pt\/noticias\/2026\/01\/30\/ue-quer-tecnologia-criada-na-europa\/#primaryimage"},"image":{"@id":"https:\/\/portaltela.pt\/noticias\/2026\/01\/30\/ue-quer-tecnologia-criada-na-europa\/#primaryimage"},"thumbnailUrl":"https:\/\/portaltela.pt\/s.01k8rhncp4jt1\/2026\/01\/img_1500x1000uu2026-01-30-16-10-37-2263607-im-639053862985189040.jpg","datePublished":"2026-01-31T01:30:00+00:00","author":{"@id":"https:\/\/portaltela.pt\/#\/schema\/person\/c4278d4a6028830caff9ee44b42d32ed"},"breadcrumb":{"@id":"https:\/\/portaltela.pt\/noticias\/2026\/01\/30\/ue-quer-tecnologia-criada-na-europa\/#breadcrumb"},"inLanguage":"pt-PT","potentialAction":[{"@type":"ReadAction","target":["https:\/\/portaltela.pt\/noticias\/2026\/01\/30\/ue-quer-tecnologia-criada-na-europa\/"]}]},{"@type":"ImageObject","inLanguage":"pt-PT","@id":"https:\/\/portaltela.pt\/noticias\/2026\/01\/30\/ue-quer-tecnologia-criada-na-europa\/#primaryimage","url":"https:\/\/portaltela.pt\/s.01k8rhncp4jt1\/2026\/01\/img_1500x1000uu2026-01-30-16-10-37-2263607-im-639053862985189040.jpg","contentUrl":"https:\/\/portaltela.pt\/s.01k8rhncp4jt1\/2026\/01\/img_1500x1000uu2026-01-30-16-10-37-2263607-im-639053862985189040.jpg","width":796,"height":448,"caption":"Parlamento Europeu em Estrasburgo"},{"@type":"BreadcrumbList","@id":"https:\/\/portaltela.pt\/noticias\/2026\/01\/30\/ue-quer-tecnologia-criada-na-europa\/#breadcrumb","itemListElement":[{"@type":"ListItem","position":1,"name":"In\u00edcio","item":"https:\/\/portaltela.pt\/"},{"@type":"ListItem","position":2,"name":"UE quer tecnologia criada na Europa"}]},{"@type":"WebSite","@id":"https:\/\/portaltela.pt\/#website","url":"https:\/\/portaltela.pt\/","name":"Portal Tela Portugal","description":"","potentialAction":[{"@type":"SearchAction","target":{"@type":"EntryPoint","urlTemplate":"https:\/\/portaltela.pt\/?s={search_term_string}"},"query-input":{"@type":"PropertyValueSpecification","valueRequired":true,"valueName":"search_term_string"}}],"inLanguage":"pt-PT"},{"@type":"Person","@id":"https:\/\/portaltela.pt\/#\/schema\/person\/c4278d4a6028830caff9ee44b42d32ed","name":"Telinha","image":{"@type":"ImageObject","inLanguage":"pt-PT","@id":"https:\/\/portaltela.pt\/s.01k8rhncp4jt1\/2025\/11\/talking-bot-125x125.png","url":"https:\/\/portaltela.pt\/s.01k8rhncp4jt1\/2025\/11\/talking-bot-125x125.png","contentUrl":"https:\/\/portaltela.pt\/s.01k8rhncp4jt1\/2025\/11\/talking-bot-125x125.png","caption":"Telinha"},"sameAs":["https:\/\/portaltela.pt\/"],"url":"https:\/\/portaltela.pt\/por\/367410592786\/"}]}},"_links":{"self":[{"href":"https:\/\/portaltela.pt\/api\/wp\/v2\/posts\/185884","targetHints":{"allow":["GET"]}}],"collection":[{"href":"https:\/\/portaltela.pt\/api\/wp\/v2\/posts"}],"about":[{"href":"https:\/\/portaltela.pt\/api\/wp\/v2\/types\/post"}],"author":[{"embeddable":true,"href":"https:\/\/portaltela.pt\/api\/wp\/v2\/users\/2"}],"replies":[{"embeddable":true,"href":"https:\/\/portaltela.pt\/api\/wp\/v2\/comments?post=185884"}],"version-history":[{"count":0,"href":"https:\/\/portaltela.pt\/api\/wp\/v2\/posts\/185884\/revisions"}],"wp:featuredmedia":[{"embeddable":true,"href":"https:\/\/portaltela.pt\/api\/wp\/v2\/media\/185912"}],"wp:attachment":[{"href":"https:\/\/portaltela.pt\/api\/wp\/v2\/media?parent=185884"}],"wp:term":[{"taxonomy":"category","embeddable":true,"href":"https:\/\/portaltela.pt\/api\/wp\/v2\/categories?post=185884"},{"taxonomy":"post_tag","embeddable":true,"href":"https:\/\/portaltela.pt\/api\/wp\/v2\/tags?post=185884"}],"curies":[{"name":"wp","href":"https:\/\/api.w.org\/{rel}","templated":true}]}}