{"id":185880,"date":"2026-01-30T21:53:00","date_gmt":"2026-01-31T00:53:00","guid":{"rendered":"https:\/\/portaltela.pt\/noticias\/2026\/01\/30\/seguranca-social-regista-excedente-de-6-7323-milhoes-em-2025\/"},"modified":"2026-01-30T21:53:00","modified_gmt":"2026-01-31T00:53:00","slug":"seguranca-social-regista-excedente-de-6-7323-milhoes-em-2025","status":"publish","type":"post","link":"https:\/\/portaltela.pt\/noticias\/economia\/2026\/01\/30\/seguranca-social-regista-excedente-de-6-7323-milhoes-em-2025\/","title":{"rendered":"Seguran\u00e7a Social regista excedente de 6.732,3 milh\u00f5es em 2025"},"content":{"rendered":"<p>A Seguran\u00e7a Social registou um excedente de 6.732,3 milh\u00f5es de euros em 2025, segundo a s\u00edntese de execu\u00e7\u00e3o or\u00e7amental divulgada pela Entidade Or\u00e7amental. O resultado \u00e9 superior ao excedente de 5.536,3 milh\u00f5es registado em 2024, refletindo maior receita face a despesa.<\/p>\n<p>A receita efetiva em 2025 situou-se em <strong>46.119,4 milh\u00f5es de euros<\/strong>, contra <strong>42.192,1 milh\u00f5es de euros<\/strong> em 2024. Este aumento de receita acompanha a evolu\u00e7\u00e3o da base contributiva e de outras entradas no sistema social.<\/p>\n<p>Por sua vez, a despesa efetiva totalizou <strong>39.387,1 milh\u00f5es de euros<\/strong> em 2025, acima dos <strong>36.655,8 milh\u00f5es de euros<\/strong> de 2024, indicando maior despesa associada a programas sociais e apoio.<\/p>\n<p>Entre as rubricas que mais se destacaram, destacam-se os subs\u00eddios correntes aos programas operacionais (88,9%), o subs\u00eddio de apoio ao cuidador informal (37,4%), o complemento solid\u00e1rio para idosos (34,3%) e a\u00e7\u00f5es de forma\u00e7\u00e3o profissional (34%).<\/p>\n<p>Em sentido oposto, regista-se uma redu\u00e7\u00e3o de algumas componentes: o complemento excecional de pens\u00e3o (-98,8%), o complemento ao apoio extraordin\u00e1rio para crian\u00e7as e jovens (-90,3%) e as medidas excecionais e tempor\u00e1rias ligadas \u00e0 Covid-19 (-55,9%).<\/p>\n","protected":false},"excerpt":{"rendered":"<ul>\n<li>O excedente da Seguran\u00e7a Social em 2025 foi de 6.732,3 milh\u00f5es de euros, acima dos 5.536,3 milh\u00f5es de 2024.<\/li>\n<li>A receita efetiva em 2025 alcan\u00e7ou 46.119,4 milh\u00f5es de euros, frente a 42.192,1 milh\u00f5es em 2024.<\/li>\n<li>A despesa efetiva totalizou 39.387,1 milh\u00f5es de euros em 2025, comparativamente a 36.655,8 milh\u00f5es em 2024.<\/li>\n<li>Entre as rubricas em destaque est\u00e3o subs\u00eddios correntes (88,9%), apoio ao cuidador informal (37,4%), complemento solid\u00e1rio para idosos (34,3%) e a\u00e7\u00f5es de forma\u00e7\u00e3o profissional (34%).<\/li>\n<li>Em sentido contr\u00e1rio, destacam-se o complemento excecional de pens\u00e3o (-98,8%), o complemento ao apoio extraordin\u00e1rio para crian\u00e7as e jovens (-90,3%) e as medidas excecionais e tempor\u00e1rias face \u00e0 Covid-19 (-55,9%).<\/li>\n<\/ul>\n","protected":false},"author":2,"featured_media":185903,"comment_status":"closed","ping_status":"closed","sticky":false,"template":"","format":"standard","meta":{"footnotes":""},"categories":[2,1],"tags":[1211,2169,28,1290,243,2575],"class_list":["post-185880","post","type-post","status-publish","format-standard","has-post-thumbnail","hentry","category-economia","category-noticias","tag-apoio-social","tag-complemento-solidario-para-idosos","tag-economia","tag-formacao","tag-seguranca-social","tag-subsidio-social"],"yoast_head":"<!-- This site is optimized with the Yoast SEO plugin v27.2 - https:\/\/yoast.com\/product\/yoast-seo-wordpress\/ -->\n<title>Seguran\u00e7a Social regista excedente de 6.732,3 milh\u00f5es em 2025 - Portal Tela Portugal<\/title>\n<meta name=\"robots\" content=\"index, follow, max-snippet:-1, max-image-preview:large, max-video-preview:-1\" \/>\n<meta property=\"og:locale\" content=\"pt_PT\" \/>\n<meta property=\"og:type\" content=\"article\" \/>\n<meta property=\"og:title\" content=\"Seguran\u00e7a Social regista excedente de 6.732,3 milh\u00f5es em 2025 - Portal Tela Portugal\" \/>\n<meta property=\"og:description\" content=\"O excedente da Seguran\u00e7a Social em 2025 foi de 6.732,3 milh\u00f5es de euros, acima dos 5.536,3 milh\u00f5es de 2024. A receita efetiva em 2025 alcan\u00e7ou 46.119,4 milh\u00f5es de euros, frente a 42.192,1 milh\u00f5es em 2024. A despesa efetiva totalizou 39.387,1 milh\u00f5es de euros em 2025, comparativamente a 36.655,8 milh\u00f5es em 2024. Entre as rubricas em destaque est\u00e3o subs\u00eddios correntes (88,9%), apoio ao cuidador informal (37,4%), complemento solid\u00e1rio para idosos (34,3%) e a\u00e7\u00f5es de forma\u00e7\u00e3o profissional (34%). Em sentido contr\u00e1rio, destacam-se o complemento excecional de pens\u00e3o (-98,8%), o complemento ao apoio extraordin\u00e1rio para crian\u00e7as e jovens (-90,3%) e as medidas excecionais e tempor\u00e1rias face \u00e0 Covid-19 (-55,9%).\" \/>\n<meta property=\"og:url\" content=\"https:\/\/portaltela.pt\/noticias\/2026\/01\/30\/seguranca-social-regista-excedente-de-6-7323-milhoes-em-2025\/\" \/>\n<meta property=\"og:site_name\" content=\"Portal Tela Portugal\" \/>\n<meta property=\"article:published_time\" content=\"2026-01-31T00:53:00+00:00\" \/>\n<meta name=\"author\" content=\"Telinha\" \/>\n<meta name=\"twitter:card\" content=\"summary_large_image\" \/>\n<meta name=\"twitter:label1\" content=\"Escrito por\" \/>\n\t<meta name=\"twitter:data1\" content=\"Telinha\" \/>\n\t<meta name=\"twitter:label2\" content=\"Tempo estimado de leitura\" \/>\n\t<meta name=\"twitter:data2\" content=\"1 minuto\" \/>\n<script type=\"application\/ld+json\" class=\"yoast-schema-graph\">{\"@context\":\"https:\/\/schema.org\",\"@graph\":[{\"@type\":\"Article\",\"@id\":\"https:\/\/portaltela.pt\/noticias\/2026\/01\/30\/seguranca-social-regista-excedente-de-6-7323-milhoes-em-2025\/#article\",\"isPartOf\":{\"@id\":\"https:\/\/portaltela.pt\/noticias\/2026\/01\/30\/seguranca-social-regista-excedente-de-6-7323-milhoes-em-2025\/\"},\"author\":{\"name\":\"Telinha\",\"@id\":\"https:\/\/portaltela.pt\/#\/schema\/person\/c4278d4a6028830caff9ee44b42d32ed\"},\"headline\":\"Seguran\u00e7a Social regista excedente de 6.732,3 milh\u00f5es em 2025\",\"datePublished\":\"2026-01-31T00:53:00+00:00\",\"mainEntityOfPage\":{\"@id\":\"https:\/\/portaltela.pt\/noticias\/2026\/01\/30\/seguranca-social-regista-excedente-de-6-7323-milhoes-em-2025\/\"},\"wordCount\":189,\"image\":{\"@id\":\"https:\/\/portaltela.pt\/noticias\/2026\/01\/30\/seguranca-social-regista-excedente-de-6-7323-milhoes-em-2025\/#primaryimage\"},\"thumbnailUrl\":\"https:\/\/portaltela.pt\/s.01k8rhncp4jt1\/2026\/01\/unnamed-file-6234.jpg\",\"keywords\":[\"Apoio Social\",\"Complemento Solid\u00e1rio para Idosos\",\"economia\",\"forma\u00e7\u00e3o\",\"seguran\u00e7a social\",\"Subs\u00eddio Social\"],\"articleSection\":[\"Economia\",\"Not\u00edcias\"],\"inLanguage\":\"pt-PT\"},{\"@type\":\"WebPage\",\"@id\":\"https:\/\/portaltela.pt\/noticias\/2026\/01\/30\/seguranca-social-regista-excedente-de-6-7323-milhoes-em-2025\/\",\"url\":\"https:\/\/portaltela.pt\/noticias\/2026\/01\/30\/seguranca-social-regista-excedente-de-6-7323-milhoes-em-2025\/\",\"name\":\"Seguran\u00e7a Social regista excedente de 6.732,3 milh\u00f5es em 2025 - Portal Tela Portugal\",\"isPartOf\":{\"@id\":\"https:\/\/portaltela.pt\/#website\"},\"primaryImageOfPage\":{\"@id\":\"https:\/\/portaltela.pt\/noticias\/2026\/01\/30\/seguranca-social-regista-excedente-de-6-7323-milhoes-em-2025\/#primaryimage\"},\"image\":{\"@id\":\"https:\/\/portaltela.pt\/noticias\/2026\/01\/30\/seguranca-social-regista-excedente-de-6-7323-milhoes-em-2025\/#primaryimage\"},\"thumbnailUrl\":\"https:\/\/portaltela.pt\/s.01k8rhncp4jt1\/2026\/01\/unnamed-file-6234.jpg\",\"datePublished\":\"2026-01-31T00:53:00+00:00\",\"author\":{\"@id\":\"https:\/\/portaltela.pt\/#\/schema\/person\/c4278d4a6028830caff9ee44b42d32ed\"},\"breadcrumb\":{\"@id\":\"https:\/\/portaltela.pt\/noticias\/2026\/01\/30\/seguranca-social-regista-excedente-de-6-7323-milhoes-em-2025\/#breadcrumb\"},\"inLanguage\":\"pt-PT\",\"potentialAction\":[{\"@type\":\"ReadAction\",\"target\":[\"https:\/\/portaltela.pt\/noticias\/2026\/01\/30\/seguranca-social-regista-excedente-de-6-7323-milhoes-em-2025\/\"]}]},{\"@type\":\"ImageObject\",\"inLanguage\":\"pt-PT\",\"@id\":\"https:\/\/portaltela.pt\/noticias\/2026\/01\/30\/seguranca-social-regista-excedente-de-6-7323-milhoes-em-2025\/#primaryimage\",\"url\":\"https:\/\/portaltela.pt\/s.01k8rhncp4jt1\/2026\/01\/unnamed-file-6234.jpg\",\"contentUrl\":\"https:\/\/portaltela.pt\/s.01k8rhncp4jt1\/2026\/01\/unnamed-file-6234.jpg\",\"width\":796,\"height\":448,\"caption\":\"Confirmada subida da idade de reforma e do sal\u00e1rio m\u00ednimo\"},{\"@type\":\"BreadcrumbList\",\"@id\":\"https:\/\/portaltela.pt\/noticias\/2026\/01\/30\/seguranca-social-regista-excedente-de-6-7323-milhoes-em-2025\/#breadcrumb\",\"itemListElement\":[{\"@type\":\"ListItem\",\"position\":1,\"name\":\"In\u00edcio\",\"item\":\"https:\/\/portaltela.pt\/\"},{\"@type\":\"ListItem\",\"position\":2,\"name\":\"Seguran\u00e7a Social regista excedente de 6.732,3 milh\u00f5es em 2025\"}]},{\"@type\":\"WebSite\",\"@id\":\"https:\/\/portaltela.pt\/#website\",\"url\":\"https:\/\/portaltela.pt\/\",\"name\":\"Portal Tela Portugal\",\"description\":\"\",\"potentialAction\":[{\"@type\":\"SearchAction\",\"target\":{\"@type\":\"EntryPoint\",\"urlTemplate\":\"https:\/\/portaltela.pt\/?s={search_term_string}\"},\"query-input\":{\"@type\":\"PropertyValueSpecification\",\"valueRequired\":true,\"valueName\":\"search_term_string\"}}],\"inLanguage\":\"pt-PT\"},{\"@type\":\"Person\",\"@id\":\"https:\/\/portaltela.pt\/#\/schema\/person\/c4278d4a6028830caff9ee44b42d32ed\",\"name\":\"Telinha\",\"image\":{\"@type\":\"ImageObject\",\"inLanguage\":\"pt-PT\",\"@id\":\"https:\/\/portaltela.pt\/s.01k8rhncp4jt1\/2025\/11\/talking-bot-125x125.png\",\"url\":\"https:\/\/portaltela.pt\/s.01k8rhncp4jt1\/2025\/11\/talking-bot-125x125.png\",\"contentUrl\":\"https:\/\/portaltela.pt\/s.01k8rhncp4jt1\/2025\/11\/talking-bot-125x125.png\",\"caption\":\"Telinha\"},\"sameAs\":[\"https:\/\/portaltela.pt\/\"],\"url\":\"https:\/\/portaltela.pt\/por\/367410592786\/\"}]}<\/script>\n<!-- \/ Yoast SEO plugin. -->","yoast_head_json":{"title":"Seguran\u00e7a Social regista excedente de 6.732,3 milh\u00f5es em 2025 - Portal Tela Portugal","robots":{"index":"index","follow":"follow","max-snippet":"max-snippet:-1","max-image-preview":"max-image-preview:large","max-video-preview":"max-video-preview:-1"},"og_locale":"pt_PT","og_type":"article","og_title":"Seguran\u00e7a Social regista excedente de 6.732,3 milh\u00f5es em 2025 - Portal Tela Portugal","og_description":"O excedente da Seguran\u00e7a Social em 2025 foi de 6.732,3 milh\u00f5es de euros, acima dos 5.536,3 milh\u00f5es de 2024. A receita efetiva em 2025 alcan\u00e7ou 46.119,4 milh\u00f5es de euros, frente a 42.192,1 milh\u00f5es em 2024. A despesa efetiva totalizou 39.387,1 milh\u00f5es de euros em 2025, comparativamente a 36.655,8 milh\u00f5es em 2024. Entre as rubricas em destaque est\u00e3o subs\u00eddios correntes (88,9%), apoio ao cuidador informal (37,4%), complemento solid\u00e1rio para idosos (34,3%) e a\u00e7\u00f5es de forma\u00e7\u00e3o profissional (34%). Em sentido contr\u00e1rio, destacam-se o complemento excecional de pens\u00e3o (-98,8%), o complemento ao apoio extraordin\u00e1rio para crian\u00e7as e jovens (-90,3%) e as medidas excecionais e tempor\u00e1rias face \u00e0 Covid-19 (-55,9%).","og_url":"https:\/\/portaltela.pt\/noticias\/2026\/01\/30\/seguranca-social-regista-excedente-de-6-7323-milhoes-em-2025\/","og_site_name":"Portal Tela Portugal","article_published_time":"2026-01-31T00:53:00+00:00","author":"Telinha","twitter_card":"summary_large_image","twitter_misc":{"Escrito por":"Telinha","Tempo estimado de leitura":"1 minuto"},"schema":{"@context":"https:\/\/schema.org","@graph":[{"@type":"Article","@id":"https:\/\/portaltela.pt\/noticias\/2026\/01\/30\/seguranca-social-regista-excedente-de-6-7323-milhoes-em-2025\/#article","isPartOf":{"@id":"https:\/\/portaltela.pt\/noticias\/2026\/01\/30\/seguranca-social-regista-excedente-de-6-7323-milhoes-em-2025\/"},"author":{"name":"Telinha","@id":"https:\/\/portaltela.pt\/#\/schema\/person\/c4278d4a6028830caff9ee44b42d32ed"},"headline":"Seguran\u00e7a Social regista excedente de 6.732,3 milh\u00f5es em 2025","datePublished":"2026-01-31T00:53:00+00:00","mainEntityOfPage":{"@id":"https:\/\/portaltela.pt\/noticias\/2026\/01\/30\/seguranca-social-regista-excedente-de-6-7323-milhoes-em-2025\/"},"wordCount":189,"image":{"@id":"https:\/\/portaltela.pt\/noticias\/2026\/01\/30\/seguranca-social-regista-excedente-de-6-7323-milhoes-em-2025\/#primaryimage"},"thumbnailUrl":"https:\/\/portaltela.pt\/s.01k8rhncp4jt1\/2026\/01\/unnamed-file-6234.jpg","keywords":["Apoio Social","Complemento Solid\u00e1rio para Idosos","economia","forma\u00e7\u00e3o","seguran\u00e7a social","Subs\u00eddio Social"],"articleSection":["Economia","Not\u00edcias"],"inLanguage":"pt-PT"},{"@type":"WebPage","@id":"https:\/\/portaltela.pt\/noticias\/2026\/01\/30\/seguranca-social-regista-excedente-de-6-7323-milhoes-em-2025\/","url":"https:\/\/portaltela.pt\/noticias\/2026\/01\/30\/seguranca-social-regista-excedente-de-6-7323-milhoes-em-2025\/","name":"Seguran\u00e7a Social regista excedente de 6.732,3 milh\u00f5es em 2025 - Portal Tela Portugal","isPartOf":{"@id":"https:\/\/portaltela.pt\/#website"},"primaryImageOfPage":{"@id":"https:\/\/portaltela.pt\/noticias\/2026\/01\/30\/seguranca-social-regista-excedente-de-6-7323-milhoes-em-2025\/#primaryimage"},"image":{"@id":"https:\/\/portaltela.pt\/noticias\/2026\/01\/30\/seguranca-social-regista-excedente-de-6-7323-milhoes-em-2025\/#primaryimage"},"thumbnailUrl":"https:\/\/portaltela.pt\/s.01k8rhncp4jt1\/2026\/01\/unnamed-file-6234.jpg","datePublished":"2026-01-31T00:53:00+00:00","author":{"@id":"https:\/\/portaltela.pt\/#\/schema\/person\/c4278d4a6028830caff9ee44b42d32ed"},"breadcrumb":{"@id":"https:\/\/portaltela.pt\/noticias\/2026\/01\/30\/seguranca-social-regista-excedente-de-6-7323-milhoes-em-2025\/#breadcrumb"},"inLanguage":"pt-PT","potentialAction":[{"@type":"ReadAction","target":["https:\/\/portaltela.pt\/noticias\/2026\/01\/30\/seguranca-social-regista-excedente-de-6-7323-milhoes-em-2025\/"]}]},{"@type":"ImageObject","inLanguage":"pt-PT","@id":"https:\/\/portaltela.pt\/noticias\/2026\/01\/30\/seguranca-social-regista-excedente-de-6-7323-milhoes-em-2025\/#primaryimage","url":"https:\/\/portaltela.pt\/s.01k8rhncp4jt1\/2026\/01\/unnamed-file-6234.jpg","contentUrl":"https:\/\/portaltela.pt\/s.01k8rhncp4jt1\/2026\/01\/unnamed-file-6234.jpg","width":796,"height":448,"caption":"Confirmada subida da idade de reforma e do sal\u00e1rio m\u00ednimo"},{"@type":"BreadcrumbList","@id":"https:\/\/portaltela.pt\/noticias\/2026\/01\/30\/seguranca-social-regista-excedente-de-6-7323-milhoes-em-2025\/#breadcrumb","itemListElement":[{"@type":"ListItem","position":1,"name":"In\u00edcio","item":"https:\/\/portaltela.pt\/"},{"@type":"ListItem","position":2,"name":"Seguran\u00e7a Social regista excedente de 6.732,3 milh\u00f5es em 2025"}]},{"@type":"WebSite","@id":"https:\/\/portaltela.pt\/#website","url":"https:\/\/portaltela.pt\/","name":"Portal Tela Portugal","description":"","potentialAction":[{"@type":"SearchAction","target":{"@type":"EntryPoint","urlTemplate":"https:\/\/portaltela.pt\/?s={search_term_string}"},"query-input":{"@type":"PropertyValueSpecification","valueRequired":true,"valueName":"search_term_string"}}],"inLanguage":"pt-PT"},{"@type":"Person","@id":"https:\/\/portaltela.pt\/#\/schema\/person\/c4278d4a6028830caff9ee44b42d32ed","name":"Telinha","image":{"@type":"ImageObject","inLanguage":"pt-PT","@id":"https:\/\/portaltela.pt\/s.01k8rhncp4jt1\/2025\/11\/talking-bot-125x125.png","url":"https:\/\/portaltela.pt\/s.01k8rhncp4jt1\/2025\/11\/talking-bot-125x125.png","contentUrl":"https:\/\/portaltela.pt\/s.01k8rhncp4jt1\/2025\/11\/talking-bot-125x125.png","caption":"Telinha"},"sameAs":["https:\/\/portaltela.pt\/"],"url":"https:\/\/portaltela.pt\/por\/367410592786\/"}]}},"_links":{"self":[{"href":"https:\/\/portaltela.pt\/api\/wp\/v2\/posts\/185880","targetHints":{"allow":["GET"]}}],"collection":[{"href":"https:\/\/portaltela.pt\/api\/wp\/v2\/posts"}],"about":[{"href":"https:\/\/portaltela.pt\/api\/wp\/v2\/types\/post"}],"author":[{"embeddable":true,"href":"https:\/\/portaltela.pt\/api\/wp\/v2\/users\/2"}],"replies":[{"embeddable":true,"href":"https:\/\/portaltela.pt\/api\/wp\/v2\/comments?post=185880"}],"version-history":[{"count":0,"href":"https:\/\/portaltela.pt\/api\/wp\/v2\/posts\/185880\/revisions"}],"wp:featuredmedia":[{"embeddable":true,"href":"https:\/\/portaltela.pt\/api\/wp\/v2\/media\/185903"}],"wp:attachment":[{"href":"https:\/\/portaltela.pt\/api\/wp\/v2\/media?parent=185880"}],"wp:term":[{"taxonomy":"category","embeddable":true,"href":"https:\/\/portaltela.pt\/api\/wp\/v2\/categories?post=185880"},{"taxonomy":"post_tag","embeddable":true,"href":"https:\/\/portaltela.pt\/api\/wp\/v2\/tags?post=185880"}],"curies":[{"name":"wp","href":"https:\/\/api.w.org\/{rel}","templated":true}]}}