{"id":185873,"date":"2026-01-30T21:51:59","date_gmt":"2026-01-31T00:51:59","guid":{"rendered":"https:\/\/portaltela.pt\/noticias\/2026\/01\/30\/estudantes-de-medicina-indicam-problemas-no-sns\/"},"modified":"2026-01-30T21:51:59","modified_gmt":"2026-01-31T00:51:59","slug":"estudantes-de-medicina-indicam-problemas-no-sns","status":"publish","type":"post","link":"https:\/\/portaltela.pt\/noticias\/2026\/01\/30\/estudantes-de-medicina-indicam-problemas-no-sns\/","title":{"rendered":"Estudantes de Medicina indicam problemas no SNS"},"content":{"rendered":"<p>Os estudantes de Medicina denunciam dificuldades estruturais no Servi\u00e7o Nacional de Sa\u00fade (SNS) que, segundo eles, derivam de pol\u00edticas de sa\u00fade que s\u00e3o sens\u00edveis \u00e0s legislaturas. A nova presidente da ANEM, Maria Font\u00e3o, diz que tem-se verificado uma invers\u00e3o no preenchimento das vagas do internato m\u00e9dico nos \u00faltimos anos, com consequ\u00eancias para o planeamento da forma\u00e7\u00e3o m\u00e9dica.<\/p>\n<p>De acordo com Font\u00e3o, as vagas que antes eram reduzidas face ao n\u00famero de m\u00e9dicos rec\u00e9m-formados passaram a sobrar, especialmente nas \u00e1reas de Medicina Geral e Familiar e de Medicina Interna. A dirigente descreve o problema como multifatorial, envolvendo forma\u00e7\u00e3o, planeamento de recursos humanos e atratividade da carreira.<\/p>\n<h3>Contexto e dados<\/h3>\n<p>A ANEM sublinha a falta de dados objetivos sobre o modo como os m\u00e9dicos exercem a profiss\u00e3o. Embora Portugal tenha mais m\u00e9dicos por mil habitantes do que a m\u00e9dia europeia, n\u00e3o h\u00e1 clareza sobre quantos est\u00e3o realmente em exerc\u00edcio nem onde trabalham, dificultando an\u00e1lises e solu\u00e7\u00f5es concretas.<\/p>\n<p>Font\u00e3o acrescenta que a coes\u00e3o territorial \u00e9 um fator estrutural relevante, influenciando a escolha de vagas no interior e em regi\u00f5es como Lisboa e Vale do Tejo, cada uma por raz\u00f5es distintas. Mesmo servi\u00e7os com preenchimento aceit\u00e1vel podem sofrer com a sobrecarga de trabalho, que pressiona a forma\u00e7\u00e3o de internos.<\/p>\n<h3>Desafios e impactos<\/h3>\n<p>A dirigente alerta que a sobrecarga de trabalho condiciona o tempo dedicado \u00e0 forma\u00e7\u00e3o, o que pode afetar a qualidade futura dos cuidados de sa\u00fade. Sem entender a distribui\u00e7\u00e3o dos m\u00e9dicos e os fluxos de imigra\u00e7\u00e3o, as pol\u00edticas de sa\u00fade ficam sem fundamenta\u00e7\u00e3o s\u00f3lida e acompanhamento adequado.<\/p>\n<p>Font\u00e3o afirma que estes s\u00e3o problemas profundos que persiste ao longo de v\u00e1rias legislaturas, tornando dif\u00edcil encontrar solu\u00e7\u00f5es r\u00e1pidas. O grupo defende pol\u00edticas de recursos humanos sustent\u00e1veis e um pacto de sa\u00fade para alinhavar objetivos de longo prazo entre Governo e partidos.<\/p>\n<h3>Propostas e pr\u00f3ximos passos<\/h3>\n<p>A ANEM prop\u00f5e estudar fatores que influenciam a escolha de especialidade, ao estilo do AIM Study do Reino Unido, para analisar perspetivas dos estudantes e cen\u00e1rios de carreira. O objetivo \u00e9 fundamentar o planeamento de recursos humanos e identificar pol\u00edticas eficazes de forma mais consistente.<\/p>\n","protected":false},"excerpt":{"rendered":"<ul>\n<li>Estudantes de Medicina dizem que pol\u00edticas de sa\u00fade de legislaturas diferentes dificultam resolver falhas estruturais do SNS, incluindo vagas por preencher no internato m\u00e9dico.<\/li>\n<li>A nova presidente da ANEM, Maria Font\u00e3o, afirma que h\u00e1 uma invers\u00e3o no preenchimento das vagas do internato, com maior ociosidade nas especialidades de Medicina Geral e Familiar e Medicina Interna.<\/li>\n<li>O problema \u00e9 multifatorial, envolvendo forma\u00e7\u00e3o, planeamento de recursos humanos e atratividade da carreira; h\u00e1 tamb\u00e9m falta de dados objetivos sobre como os m\u00e9dicos exercem a profiss\u00e3o.<\/li>\n<li>A coes\u00e3o territorial \u00e9 apontada como factor estrutural relevante, influenciando a escolha de vagas no interior e em regi\u00f5es como Lisboa e Vale do Tejo.<\/li>\n<li>A ANEM defende pol\u00edticas de recursos humanos sustent\u00e1veis e prop\u00f5e um estudo semelhante ao AIM Study do Reino Unido para perceber perspetivas dos estudantes e orientar o planeamento futuro.<\/li>\n<\/ul>\n","protected":false},"author":2,"featured_media":185916,"comment_status":"closed","ping_status":"closed","sticky":false,"template":"","format":"standard","meta":{"footnotes":""},"categories":[1],"tags":[2415,482,1401,1734,271,1775],"class_list":["post-185873","post","type-post","status-publish","format-standard","has-post-thumbnail","hentry","category-noticias","tag-gestao","tag-medicina-geral-e-familiar","tag-medicina-interna","tag-planeamento-estrategico","tag-saude-publica","tag-sns"],"yoast_head":"<!-- This site is optimized with the Yoast SEO plugin v27.2 - https:\/\/yoast.com\/product\/yoast-seo-wordpress\/ -->\n<title>Estudantes de Medicina indicam problemas no SNS - Portal Tela Portugal<\/title>\n<meta name=\"robots\" content=\"index, follow, max-snippet:-1, max-image-preview:large, max-video-preview:-1\" \/>\n<meta property=\"og:locale\" content=\"pt_PT\" \/>\n<meta property=\"og:type\" content=\"article\" \/>\n<meta property=\"og:title\" content=\"Estudantes de Medicina indicam problemas no SNS - Portal Tela Portugal\" \/>\n<meta property=\"og:description\" content=\"Estudantes de Medicina dizem que pol\u00edticas de sa\u00fade de legislaturas diferentes dificultam resolver falhas estruturais do SNS, incluindo vagas por preencher no internato m\u00e9dico. A nova presidente da ANEM, Maria Font\u00e3o, afirma que h\u00e1 uma invers\u00e3o no preenchimento das vagas do internato, com maior ociosidade nas especialidades de Medicina Geral e Familiar e Medicina Interna. O problema \u00e9 multifatorial, envolvendo forma\u00e7\u00e3o, planeamento de recursos humanos e atratividade da carreira; h\u00e1 tamb\u00e9m falta de dados objetivos sobre como os m\u00e9dicos exercem a profiss\u00e3o. A coes\u00e3o territorial \u00e9 apontada como factor estrutural relevante, influenciando a escolha de vagas no interior e em regi\u00f5es como Lisboa e Vale do Tejo. A ANEM defende pol\u00edticas de recursos humanos sustent\u00e1veis e prop\u00f5e um estudo semelhante ao AIM Study do Reino Unido para perceber perspetivas dos estudantes e orientar o planeamento futuro.\" \/>\n<meta property=\"og:url\" content=\"https:\/\/portaltela.pt\/noticias\/2026\/01\/30\/estudantes-de-medicina-indicam-problemas-no-sns\/\" \/>\n<meta property=\"og:site_name\" content=\"Portal Tela Portugal\" \/>\n<meta property=\"article:published_time\" content=\"2026-01-31T00:51:59+00:00\" \/>\n<meta name=\"author\" content=\"Telinha\" \/>\n<meta name=\"twitter:card\" content=\"summary_large_image\" \/>\n<meta name=\"twitter:label1\" content=\"Escrito por\" \/>\n\t<meta name=\"twitter:data1\" content=\"Telinha\" \/>\n\t<meta name=\"twitter:label2\" content=\"Tempo estimado de leitura\" \/>\n\t<meta name=\"twitter:data2\" content=\"2 minutos\" \/>\n<script type=\"application\/ld+json\" class=\"yoast-schema-graph\">{\"@context\":\"https:\/\/schema.org\",\"@graph\":[{\"@type\":\"Article\",\"@id\":\"https:\/\/portaltela.pt\/noticias\/2026\/01\/30\/estudantes-de-medicina-indicam-problemas-no-sns\/#article\",\"isPartOf\":{\"@id\":\"https:\/\/portaltela.pt\/noticias\/2026\/01\/30\/estudantes-de-medicina-indicam-problemas-no-sns\/\"},\"author\":{\"name\":\"Telinha\",\"@id\":\"https:\/\/portaltela.pt\/#\/schema\/person\/c4278d4a6028830caff9ee44b42d32ed\"},\"headline\":\"Estudantes de Medicina indicam problemas no SNS\",\"datePublished\":\"2026-01-31T00:51:59+00:00\",\"mainEntityOfPage\":{\"@id\":\"https:\/\/portaltela.pt\/noticias\/2026\/01\/30\/estudantes-de-medicina-indicam-problemas-no-sns\/\"},\"wordCount\":405,\"image\":{\"@id\":\"https:\/\/portaltela.pt\/noticias\/2026\/01\/30\/estudantes-de-medicina-indicam-problemas-no-sns\/#primaryimage\"},\"thumbnailUrl\":\"https:\/\/portaltela.pt\/s.01k8rhncp4jt1\/2026\/01\/unnamed-file-6237.jpg\",\"keywords\":[\"gest\u00e3o\",\"Medicina Geral e Familiar\",\"Medicina Interna\",\"Planeamento Estrat\u00e9gico\",\"sa\u00fade p\u00fablica\",\"SNS\"],\"articleSection\":[\"Not\u00edcias\"],\"inLanguage\":\"pt-PT\"},{\"@type\":\"WebPage\",\"@id\":\"https:\/\/portaltela.pt\/noticias\/2026\/01\/30\/estudantes-de-medicina-indicam-problemas-no-sns\/\",\"url\":\"https:\/\/portaltela.pt\/noticias\/2026\/01\/30\/estudantes-de-medicina-indicam-problemas-no-sns\/\",\"name\":\"Estudantes de Medicina indicam problemas no SNS - Portal Tela Portugal\",\"isPartOf\":{\"@id\":\"https:\/\/portaltela.pt\/#website\"},\"primaryImageOfPage\":{\"@id\":\"https:\/\/portaltela.pt\/noticias\/2026\/01\/30\/estudantes-de-medicina-indicam-problemas-no-sns\/#primaryimage\"},\"image\":{\"@id\":\"https:\/\/portaltela.pt\/noticias\/2026\/01\/30\/estudantes-de-medicina-indicam-problemas-no-sns\/#primaryimage\"},\"thumbnailUrl\":\"https:\/\/portaltela.pt\/s.01k8rhncp4jt1\/2026\/01\/unnamed-file-6237.jpg\",\"datePublished\":\"2026-01-31T00:51:59+00:00\",\"author\":{\"@id\":\"https:\/\/portaltela.pt\/#\/schema\/person\/c4278d4a6028830caff9ee44b42d32ed\"},\"breadcrumb\":{\"@id\":\"https:\/\/portaltela.pt\/noticias\/2026\/01\/30\/estudantes-de-medicina-indicam-problemas-no-sns\/#breadcrumb\"},\"inLanguage\":\"pt-PT\",\"potentialAction\":[{\"@type\":\"ReadAction\",\"target\":[\"https:\/\/portaltela.pt\/noticias\/2026\/01\/30\/estudantes-de-medicina-indicam-problemas-no-sns\/\"]}]},{\"@type\":\"ImageObject\",\"inLanguage\":\"pt-PT\",\"@id\":\"https:\/\/portaltela.pt\/noticias\/2026\/01\/30\/estudantes-de-medicina-indicam-problemas-no-sns\/#primaryimage\",\"url\":\"https:\/\/portaltela.pt\/s.01k8rhncp4jt1\/2026\/01\/unnamed-file-6237.jpg\",\"contentUrl\":\"https:\/\/portaltela.pt\/s.01k8rhncp4jt1\/2026\/01\/unnamed-file-6237.jpg\",\"width\":796,\"height\":448,\"caption\":\"Ordem acusa Minist\u00e9rio da Sa\u00fade de n\u00e3o resolver problemas do SNS\"},{\"@type\":\"BreadcrumbList\",\"@id\":\"https:\/\/portaltela.pt\/noticias\/2026\/01\/30\/estudantes-de-medicina-indicam-problemas-no-sns\/#breadcrumb\",\"itemListElement\":[{\"@type\":\"ListItem\",\"position\":1,\"name\":\"In\u00edcio\",\"item\":\"https:\/\/portaltela.pt\/\"},{\"@type\":\"ListItem\",\"position\":2,\"name\":\"Estudantes de Medicina indicam problemas no SNS\"}]},{\"@type\":\"WebSite\",\"@id\":\"https:\/\/portaltela.pt\/#website\",\"url\":\"https:\/\/portaltela.pt\/\",\"name\":\"Portal Tela Portugal\",\"description\":\"\",\"potentialAction\":[{\"@type\":\"SearchAction\",\"target\":{\"@type\":\"EntryPoint\",\"urlTemplate\":\"https:\/\/portaltela.pt\/?s={search_term_string}\"},\"query-input\":{\"@type\":\"PropertyValueSpecification\",\"valueRequired\":true,\"valueName\":\"search_term_string\"}}],\"inLanguage\":\"pt-PT\"},{\"@type\":\"Person\",\"@id\":\"https:\/\/portaltela.pt\/#\/schema\/person\/c4278d4a6028830caff9ee44b42d32ed\",\"name\":\"Telinha\",\"image\":{\"@type\":\"ImageObject\",\"inLanguage\":\"pt-PT\",\"@id\":\"https:\/\/portaltela.pt\/s.01k8rhncp4jt1\/2025\/11\/talking-bot-125x125.png\",\"url\":\"https:\/\/portaltela.pt\/s.01k8rhncp4jt1\/2025\/11\/talking-bot-125x125.png\",\"contentUrl\":\"https:\/\/portaltela.pt\/s.01k8rhncp4jt1\/2025\/11\/talking-bot-125x125.png\",\"caption\":\"Telinha\"},\"sameAs\":[\"https:\/\/portaltela.pt\/\"],\"url\":\"https:\/\/portaltela.pt\/por\/367410592786\/\"}]}<\/script>\n<!-- \/ Yoast SEO plugin. -->","yoast_head_json":{"title":"Estudantes de Medicina indicam problemas no SNS - Portal Tela Portugal","robots":{"index":"index","follow":"follow","max-snippet":"max-snippet:-1","max-image-preview":"max-image-preview:large","max-video-preview":"max-video-preview:-1"},"og_locale":"pt_PT","og_type":"article","og_title":"Estudantes de Medicina indicam problemas no SNS - Portal Tela Portugal","og_description":"Estudantes de Medicina dizem que pol\u00edticas de sa\u00fade de legislaturas diferentes dificultam resolver falhas estruturais do SNS, incluindo vagas por preencher no internato m\u00e9dico. A nova presidente da ANEM, Maria Font\u00e3o, afirma que h\u00e1 uma invers\u00e3o no preenchimento das vagas do internato, com maior ociosidade nas especialidades de Medicina Geral e Familiar e Medicina Interna. O problema \u00e9 multifatorial, envolvendo forma\u00e7\u00e3o, planeamento de recursos humanos e atratividade da carreira; h\u00e1 tamb\u00e9m falta de dados objetivos sobre como os m\u00e9dicos exercem a profiss\u00e3o. A coes\u00e3o territorial \u00e9 apontada como factor estrutural relevante, influenciando a escolha de vagas no interior e em regi\u00f5es como Lisboa e Vale do Tejo. A ANEM defende pol\u00edticas de recursos humanos sustent\u00e1veis e prop\u00f5e um estudo semelhante ao AIM Study do Reino Unido para perceber perspetivas dos estudantes e orientar o planeamento futuro.","og_url":"https:\/\/portaltela.pt\/noticias\/2026\/01\/30\/estudantes-de-medicina-indicam-problemas-no-sns\/","og_site_name":"Portal Tela Portugal","article_published_time":"2026-01-31T00:51:59+00:00","author":"Telinha","twitter_card":"summary_large_image","twitter_misc":{"Escrito por":"Telinha","Tempo estimado de leitura":"2 minutos"},"schema":{"@context":"https:\/\/schema.org","@graph":[{"@type":"Article","@id":"https:\/\/portaltela.pt\/noticias\/2026\/01\/30\/estudantes-de-medicina-indicam-problemas-no-sns\/#article","isPartOf":{"@id":"https:\/\/portaltela.pt\/noticias\/2026\/01\/30\/estudantes-de-medicina-indicam-problemas-no-sns\/"},"author":{"name":"Telinha","@id":"https:\/\/portaltela.pt\/#\/schema\/person\/c4278d4a6028830caff9ee44b42d32ed"},"headline":"Estudantes de Medicina indicam problemas no SNS","datePublished":"2026-01-31T00:51:59+00:00","mainEntityOfPage":{"@id":"https:\/\/portaltela.pt\/noticias\/2026\/01\/30\/estudantes-de-medicina-indicam-problemas-no-sns\/"},"wordCount":405,"image":{"@id":"https:\/\/portaltela.pt\/noticias\/2026\/01\/30\/estudantes-de-medicina-indicam-problemas-no-sns\/#primaryimage"},"thumbnailUrl":"https:\/\/portaltela.pt\/s.01k8rhncp4jt1\/2026\/01\/unnamed-file-6237.jpg","keywords":["gest\u00e3o","Medicina Geral e Familiar","Medicina Interna","Planeamento Estrat\u00e9gico","sa\u00fade p\u00fablica","SNS"],"articleSection":["Not\u00edcias"],"inLanguage":"pt-PT"},{"@type":"WebPage","@id":"https:\/\/portaltela.pt\/noticias\/2026\/01\/30\/estudantes-de-medicina-indicam-problemas-no-sns\/","url":"https:\/\/portaltela.pt\/noticias\/2026\/01\/30\/estudantes-de-medicina-indicam-problemas-no-sns\/","name":"Estudantes de Medicina indicam problemas no SNS - Portal Tela Portugal","isPartOf":{"@id":"https:\/\/portaltela.pt\/#website"},"primaryImageOfPage":{"@id":"https:\/\/portaltela.pt\/noticias\/2026\/01\/30\/estudantes-de-medicina-indicam-problemas-no-sns\/#primaryimage"},"image":{"@id":"https:\/\/portaltela.pt\/noticias\/2026\/01\/30\/estudantes-de-medicina-indicam-problemas-no-sns\/#primaryimage"},"thumbnailUrl":"https:\/\/portaltela.pt\/s.01k8rhncp4jt1\/2026\/01\/unnamed-file-6237.jpg","datePublished":"2026-01-31T00:51:59+00:00","author":{"@id":"https:\/\/portaltela.pt\/#\/schema\/person\/c4278d4a6028830caff9ee44b42d32ed"},"breadcrumb":{"@id":"https:\/\/portaltela.pt\/noticias\/2026\/01\/30\/estudantes-de-medicina-indicam-problemas-no-sns\/#breadcrumb"},"inLanguage":"pt-PT","potentialAction":[{"@type":"ReadAction","target":["https:\/\/portaltela.pt\/noticias\/2026\/01\/30\/estudantes-de-medicina-indicam-problemas-no-sns\/"]}]},{"@type":"ImageObject","inLanguage":"pt-PT","@id":"https:\/\/portaltela.pt\/noticias\/2026\/01\/30\/estudantes-de-medicina-indicam-problemas-no-sns\/#primaryimage","url":"https:\/\/portaltela.pt\/s.01k8rhncp4jt1\/2026\/01\/unnamed-file-6237.jpg","contentUrl":"https:\/\/portaltela.pt\/s.01k8rhncp4jt1\/2026\/01\/unnamed-file-6237.jpg","width":796,"height":448,"caption":"Ordem acusa Minist\u00e9rio da Sa\u00fade de n\u00e3o resolver problemas do SNS"},{"@type":"BreadcrumbList","@id":"https:\/\/portaltela.pt\/noticias\/2026\/01\/30\/estudantes-de-medicina-indicam-problemas-no-sns\/#breadcrumb","itemListElement":[{"@type":"ListItem","position":1,"name":"In\u00edcio","item":"https:\/\/portaltela.pt\/"},{"@type":"ListItem","position":2,"name":"Estudantes de Medicina indicam problemas no SNS"}]},{"@type":"WebSite","@id":"https:\/\/portaltela.pt\/#website","url":"https:\/\/portaltela.pt\/","name":"Portal Tela Portugal","description":"","potentialAction":[{"@type":"SearchAction","target":{"@type":"EntryPoint","urlTemplate":"https:\/\/portaltela.pt\/?s={search_term_string}"},"query-input":{"@type":"PropertyValueSpecification","valueRequired":true,"valueName":"search_term_string"}}],"inLanguage":"pt-PT"},{"@type":"Person","@id":"https:\/\/portaltela.pt\/#\/schema\/person\/c4278d4a6028830caff9ee44b42d32ed","name":"Telinha","image":{"@type":"ImageObject","inLanguage":"pt-PT","@id":"https:\/\/portaltela.pt\/s.01k8rhncp4jt1\/2025\/11\/talking-bot-125x125.png","url":"https:\/\/portaltela.pt\/s.01k8rhncp4jt1\/2025\/11\/talking-bot-125x125.png","contentUrl":"https:\/\/portaltela.pt\/s.01k8rhncp4jt1\/2025\/11\/talking-bot-125x125.png","caption":"Telinha"},"sameAs":["https:\/\/portaltela.pt\/"],"url":"https:\/\/portaltela.pt\/por\/367410592786\/"}]}},"_links":{"self":[{"href":"https:\/\/portaltela.pt\/api\/wp\/v2\/posts\/185873","targetHints":{"allow":["GET"]}}],"collection":[{"href":"https:\/\/portaltela.pt\/api\/wp\/v2\/posts"}],"about":[{"href":"https:\/\/portaltela.pt\/api\/wp\/v2\/types\/post"}],"author":[{"embeddable":true,"href":"https:\/\/portaltela.pt\/api\/wp\/v2\/users\/2"}],"replies":[{"embeddable":true,"href":"https:\/\/portaltela.pt\/api\/wp\/v2\/comments?post=185873"}],"version-history":[{"count":0,"href":"https:\/\/portaltela.pt\/api\/wp\/v2\/posts\/185873\/revisions"}],"wp:featuredmedia":[{"embeddable":true,"href":"https:\/\/portaltela.pt\/api\/wp\/v2\/media\/185916"}],"wp:attachment":[{"href":"https:\/\/portaltela.pt\/api\/wp\/v2\/media?parent=185873"}],"wp:term":[{"taxonomy":"category","embeddable":true,"href":"https:\/\/portaltela.pt\/api\/wp\/v2\/categories?post=185873"},{"taxonomy":"post_tag","embeddable":true,"href":"https:\/\/portaltela.pt\/api\/wp\/v2\/tags?post=185873"}],"curies":[{"name":"wp","href":"https:\/\/api.w.org\/{rel}","templated":true}]}}