{"id":185854,"date":"2026-01-30T22:03:00","date_gmt":"2026-01-31T01:03:00","guid":{"rendered":"https:\/\/portaltela.pt\/noticias\/2026\/01\/30\/economia-verde-ganha-escala-entre-pequenas-e-medias-empresas\/"},"modified":"2026-01-30T22:03:00","modified_gmt":"2026-01-31T01:03:00","slug":"economia-verde-ganha-escala-entre-pequenas-e-medias-empresas","status":"publish","type":"post","link":"https:\/\/portaltela.pt\/noticias\/economia\/2026\/01\/30\/economia-verde-ganha-escala-entre-pequenas-e-medias-empresas\/","title":{"rendered":"Economia verde ganha escala entre pequenas e m\u00e9dias empresas"},"content":{"rendered":"<p>A economia verde tornou-se um motor central do crescimento global, impulsionada por aumentos significativos de investimento p\u00fablico e privado ao longo da \u00faltima d\u00e9cada. No \u00edndice FTSE AllWorld, o setor verde posicionou-se como o segundo melhor desempenho no segmento Industry Classification Benchmark. Entre 2015 e 2025, a capitaliza\u00e7\u00e3o bolsista deste setor cresceu cerca de 15% ao ano, superando o desempenho do S&amp;P 500. A perspetiva aponta para uma valoriza\u00e7\u00e3o superior a seis bili\u00f5es de euros at\u00e9 2030, consolidando-o como um dos setores mais din\u00e2micos da economia global.<\/p>\n<p>No entanto, a transposi\u00e7\u00e3o deste dinamismo para Portugal enfrenta desafios estruturais. Mais de 99% do tecido empresarial n\u00e3o financeiro \u00e9 composto por micro, pequenas e m\u00e9dias empresas (PME), que enfrentam limita\u00e7\u00f5es de capital, acesso a financiamento e avers\u00e3o ao risco. A sustentabilidade continua, para muitos, associada a exig\u00eancias externas de clientes, condi\u00e7\u00f5es de cr\u00e9dito e entrada no mercado, em vez de ser uma oportunidade estrat\u00e9gica.<\/p>\n<p>A sustentabilidade requer planeamento, dados e investimento, recursos escassos nas PME. Hoje, tr\u00eas \u00e1reas concentram o maior potencial econ\u00f3mico e de descarboniza\u00e7\u00e3o, representando mais de 55% das emiss\u00f5es: energia renov\u00e1vel para autoconsumo, eletrifica\u00e7\u00e3o progressiva das frotas de passageiros e efici\u00eancia energ\u00e9tica com gest\u00e3o de recursos. Mesmo sem subs\u00eddios, muitas tecnologias j\u00e1 s\u00e3o economicamente vi\u00e1veis, com redu\u00e7\u00f5es de custos observadas na \u00faltima d\u00e9cada.<\/p>\n<h3>Oportunidades para as PME<\/h3>\n<p>Um caminho simples para entrar neste mercado envolve modelos de financiamento ajustados \u00e0 escala operacional das PME, apoiados por dados confi\u00e1veis para suportar decis\u00f5es. Estes elementos podem alinhar sustentabilidade e competitividade, alterando a perce\u00e7\u00e3o da transi\u00e7\u00e3o clim\u00e1tica de custo para estrat\u00e9gia de crescimento econ\u00f3mico sustent\u00e1vel.<\/p>\n<p>Al\u00e9m disso, \u00e9 essencial ampliar a democratiza\u00e7\u00e3o da economia verde, com instrumentos de apoio que acompanhem o ritmo de investimento das PME. A combina\u00e7\u00e3o de planeamento, financiamento adequado e uso de dados pode potenciar a descarboniza\u00e7\u00e3o sem comprometer a competitividade das empresas nacionais.<\/p>\n","protected":false},"excerpt":{"rendered":"<ul>\n<li>A economia verde tem sido um motor global de crescimento, com a capitaliza\u00e7\u00e3o bolsista da \u00e1rea a crescer cerca de 15% ao ano entre 2015 e 2025, superando o S&amp;P 500, e perspetivando mais de seis bili\u00f5es de euros at\u00e9 2030.<\/li>\n<li>Em Portugal, mais de 99% do tecido empresarial n\u00e3o financeiro \u00e9 composto por PME, enfrentando desafios para abra\u00e7ar a economia verde.<\/li>\n<li>A sustentabilidade \u00e9 vista, por muitas PME, como uma exig\u00eancia externa de clientes, cr\u00e9dito banc\u00e1rio e acesso ao mercado, associada a limita\u00e7\u00f5es de capital e avers\u00e3o ao risco.<\/li>\n<li>Tr\u00eas \u00e1reas concentram o maior potencial econ\u00f3mico e de descarboniza\u00e7\u00e3o, representando mais de 55% das emiss\u00f5es: autoconsumo de energia renov\u00e1vel, electrifica\u00e7\u00e3o das frotas de passageiros e melhoria da efici\u00eancia energ\u00e9tica e gest\u00e3o de recursos.<\/li>\n<li>\u00c9 necess\u00e1rio democratizar a economia verde com modelos de financiamento ajustados \u00e0 escala das PME e dados confi\u00e1veis para apoiar decis\u00f5es e tornar a transi\u00e7\u00e3o clim\u00e1tica numa verdadeira estrat\u00e9gia de crescimento.<\/li>\n<\/ul>\n","protected":false},"author":2,"featured_media":185856,"comment_status":"closed","ping_status":"closed","sticky":false,"template":"","format":"standard","meta":{"footnotes":""},"categories":[2,1],"tags":[1054,755,28,1022,2729,3603],"class_list":["post-185854","post","type-post","status-publish","format-standard","has-post-thumbnail","hentry","category-economia","category-noticias","tag-descarbonizacao-territorial","tag-desenvolvimento-sustentavel","tag-economia","tag-eficiencia-energetica","tag-energia-renovavel","tag-energias-renovaveis"],"yoast_head":"<!-- This site is optimized with the Yoast SEO plugin v27.2 - https:\/\/yoast.com\/product\/yoast-seo-wordpress\/ -->\n<title>Economia verde ganha escala entre pequenas e m\u00e9dias empresas - Portal Tela Portugal<\/title>\n<meta name=\"robots\" content=\"index, follow, max-snippet:-1, max-image-preview:large, max-video-preview:-1\" \/>\n<meta property=\"og:locale\" content=\"pt_PT\" \/>\n<meta property=\"og:type\" content=\"article\" \/>\n<meta property=\"og:title\" content=\"Economia verde ganha escala entre pequenas e m\u00e9dias empresas - Portal Tela Portugal\" \/>\n<meta property=\"og:description\" content=\"A economia verde tem sido um motor global de crescimento, com a capitaliza\u00e7\u00e3o bolsista da \u00e1rea a crescer cerca de 15% ao ano entre 2015 e 2025, superando o S&amp;P 500, e perspetivando mais de seis bili\u00f5es de euros at\u00e9 2030. Em Portugal, mais de 99% do tecido empresarial n\u00e3o financeiro \u00e9 composto por PME, enfrentando desafios para abra\u00e7ar a economia verde. A sustentabilidade \u00e9 vista, por muitas PME, como uma exig\u00eancia externa de clientes, cr\u00e9dito banc\u00e1rio e acesso ao mercado, associada a limita\u00e7\u00f5es de capital e avers\u00e3o ao risco. Tr\u00eas \u00e1reas concentram o maior potencial econ\u00f3mico e de descarboniza\u00e7\u00e3o, representando mais de 55% das emiss\u00f5es: autoconsumo de energia renov\u00e1vel, electrifica\u00e7\u00e3o das frotas de passageiros e melhoria da efici\u00eancia energ\u00e9tica e gest\u00e3o de recursos. \u00c9 necess\u00e1rio democratizar a economia verde com modelos de financiamento ajustados \u00e0 escala das PME e dados confi\u00e1veis para apoiar decis\u00f5es e tornar a transi\u00e7\u00e3o clim\u00e1tica numa verdadeira estrat\u00e9gia de crescimento.\" \/>\n<meta property=\"og:url\" content=\"https:\/\/portaltela.pt\/noticias\/2026\/01\/30\/economia-verde-ganha-escala-entre-pequenas-e-medias-empresas\/\" \/>\n<meta property=\"og:site_name\" content=\"Portal Tela Portugal\" \/>\n<meta property=\"article:published_time\" content=\"2026-01-31T01:03:00+00:00\" \/>\n<meta name=\"author\" content=\"Telinha\" \/>\n<meta name=\"twitter:card\" content=\"summary_large_image\" \/>\n<meta name=\"twitter:label1\" content=\"Escrito por\" \/>\n\t<meta name=\"twitter:data1\" content=\"Telinha\" \/>\n\t<meta name=\"twitter:label2\" content=\"Tempo estimado de leitura\" \/>\n\t<meta name=\"twitter:data2\" content=\"2 minutos\" \/>\n<script type=\"application\/ld+json\" class=\"yoast-schema-graph\">{\"@context\":\"https:\/\/schema.org\",\"@graph\":[{\"@type\":\"Article\",\"@id\":\"https:\/\/portaltela.pt\/noticias\/2026\/01\/30\/economia-verde-ganha-escala-entre-pequenas-e-medias-empresas\/#article\",\"isPartOf\":{\"@id\":\"https:\/\/portaltela.pt\/noticias\/2026\/01\/30\/economia-verde-ganha-escala-entre-pequenas-e-medias-empresas\/\"},\"author\":{\"name\":\"Telinha\",\"@id\":\"https:\/\/portaltela.pt\/#\/schema\/person\/c4278d4a6028830caff9ee44b42d32ed\"},\"headline\":\"Economia verde ganha escala entre pequenas e m\u00e9dias empresas\",\"datePublished\":\"2026-01-31T01:03:00+00:00\",\"mainEntityOfPage\":{\"@id\":\"https:\/\/portaltela.pt\/noticias\/2026\/01\/30\/economia-verde-ganha-escala-entre-pequenas-e-medias-empresas\/\"},\"wordCount\":349,\"image\":{\"@id\":\"https:\/\/portaltela.pt\/noticias\/2026\/01\/30\/economia-verde-ganha-escala-entre-pequenas-e-medias-empresas\/#primaryimage\"},\"thumbnailUrl\":\"https:\/\/portaltela.pt\/s.01k8rhncp4jt1\/2026\/01\/9a62a4f0-ed1b-4a50-8fe8-2858423eb48d_1200x675.jpg\",\"keywords\":[\"descarboniza\u00e7\u00e3o territorial\",\"desenvolvimento sustent\u00e1vel\",\"economia\",\"Efici\u00eancia Energ\u00e9tica\",\"energia renov\u00e1vel\",\"energias renov\u00e1veis\"],\"articleSection\":[\"Economia\",\"Not\u00edcias\"],\"inLanguage\":\"pt-PT\"},{\"@type\":\"WebPage\",\"@id\":\"https:\/\/portaltela.pt\/noticias\/2026\/01\/30\/economia-verde-ganha-escala-entre-pequenas-e-medias-empresas\/\",\"url\":\"https:\/\/portaltela.pt\/noticias\/2026\/01\/30\/economia-verde-ganha-escala-entre-pequenas-e-medias-empresas\/\",\"name\":\"Economia verde ganha escala entre pequenas e m\u00e9dias empresas - Portal Tela Portugal\",\"isPartOf\":{\"@id\":\"https:\/\/portaltela.pt\/#website\"},\"primaryImageOfPage\":{\"@id\":\"https:\/\/portaltela.pt\/noticias\/2026\/01\/30\/economia-verde-ganha-escala-entre-pequenas-e-medias-empresas\/#primaryimage\"},\"image\":{\"@id\":\"https:\/\/portaltela.pt\/noticias\/2026\/01\/30\/economia-verde-ganha-escala-entre-pequenas-e-medias-empresas\/#primaryimage\"},\"thumbnailUrl\":\"https:\/\/portaltela.pt\/s.01k8rhncp4jt1\/2026\/01\/9a62a4f0-ed1b-4a50-8fe8-2858423eb48d_1200x675.jpg\",\"datePublished\":\"2026-01-31T01:03:00+00:00\",\"author\":{\"@id\":\"https:\/\/portaltela.pt\/#\/schema\/person\/c4278d4a6028830caff9ee44b42d32ed\"},\"breadcrumb\":{\"@id\":\"https:\/\/portaltela.pt\/noticias\/2026\/01\/30\/economia-verde-ganha-escala-entre-pequenas-e-medias-empresas\/#breadcrumb\"},\"inLanguage\":\"pt-PT\",\"potentialAction\":[{\"@type\":\"ReadAction\",\"target\":[\"https:\/\/portaltela.pt\/noticias\/2026\/01\/30\/economia-verde-ganha-escala-entre-pequenas-e-medias-empresas\/\"]}]},{\"@type\":\"ImageObject\",\"inLanguage\":\"pt-PT\",\"@id\":\"https:\/\/portaltela.pt\/noticias\/2026\/01\/30\/economia-verde-ganha-escala-entre-pequenas-e-medias-empresas\/#primaryimage\",\"url\":\"https:\/\/portaltela.pt\/s.01k8rhncp4jt1\/2026\/01\/9a62a4f0-ed1b-4a50-8fe8-2858423eb48d_1200x675.jpg\",\"contentUrl\":\"https:\/\/portaltela.pt\/s.01k8rhncp4jt1\/2026\/01\/9a62a4f0-ed1b-4a50-8fe8-2858423eb48d_1200x675.jpg\",\"width\":796,\"height\":448,\"caption\":\"Photo\"},{\"@type\":\"BreadcrumbList\",\"@id\":\"https:\/\/portaltela.pt\/noticias\/2026\/01\/30\/economia-verde-ganha-escala-entre-pequenas-e-medias-empresas\/#breadcrumb\",\"itemListElement\":[{\"@type\":\"ListItem\",\"position\":1,\"name\":\"In\u00edcio\",\"item\":\"https:\/\/portaltela.pt\/\"},{\"@type\":\"ListItem\",\"position\":2,\"name\":\"Economia verde ganha escala entre pequenas e m\u00e9dias empresas\"}]},{\"@type\":\"WebSite\",\"@id\":\"https:\/\/portaltela.pt\/#website\",\"url\":\"https:\/\/portaltela.pt\/\",\"name\":\"Portal Tela Portugal\",\"description\":\"\",\"potentialAction\":[{\"@type\":\"SearchAction\",\"target\":{\"@type\":\"EntryPoint\",\"urlTemplate\":\"https:\/\/portaltela.pt\/?s={search_term_string}\"},\"query-input\":{\"@type\":\"PropertyValueSpecification\",\"valueRequired\":true,\"valueName\":\"search_term_string\"}}],\"inLanguage\":\"pt-PT\"},{\"@type\":\"Person\",\"@id\":\"https:\/\/portaltela.pt\/#\/schema\/person\/c4278d4a6028830caff9ee44b42d32ed\",\"name\":\"Telinha\",\"image\":{\"@type\":\"ImageObject\",\"inLanguage\":\"pt-PT\",\"@id\":\"https:\/\/portaltela.pt\/s.01k8rhncp4jt1\/2025\/11\/talking-bot-125x125.png\",\"url\":\"https:\/\/portaltela.pt\/s.01k8rhncp4jt1\/2025\/11\/talking-bot-125x125.png\",\"contentUrl\":\"https:\/\/portaltela.pt\/s.01k8rhncp4jt1\/2025\/11\/talking-bot-125x125.png\",\"caption\":\"Telinha\"},\"sameAs\":[\"https:\/\/portaltela.pt\/\"],\"url\":\"https:\/\/portaltela.pt\/por\/367410592786\/\"}]}<\/script>\n<!-- \/ Yoast SEO plugin. -->","yoast_head_json":{"title":"Economia verde ganha escala entre pequenas e m\u00e9dias empresas - Portal Tela Portugal","robots":{"index":"index","follow":"follow","max-snippet":"max-snippet:-1","max-image-preview":"max-image-preview:large","max-video-preview":"max-video-preview:-1"},"og_locale":"pt_PT","og_type":"article","og_title":"Economia verde ganha escala entre pequenas e m\u00e9dias empresas - Portal Tela Portugal","og_description":"A economia verde tem sido um motor global de crescimento, com a capitaliza\u00e7\u00e3o bolsista da \u00e1rea a crescer cerca de 15% ao ano entre 2015 e 2025, superando o S&amp;P 500, e perspetivando mais de seis bili\u00f5es de euros at\u00e9 2030. Em Portugal, mais de 99% do tecido empresarial n\u00e3o financeiro \u00e9 composto por PME, enfrentando desafios para abra\u00e7ar a economia verde. A sustentabilidade \u00e9 vista, por muitas PME, como uma exig\u00eancia externa de clientes, cr\u00e9dito banc\u00e1rio e acesso ao mercado, associada a limita\u00e7\u00f5es de capital e avers\u00e3o ao risco. Tr\u00eas \u00e1reas concentram o maior potencial econ\u00f3mico e de descarboniza\u00e7\u00e3o, representando mais de 55% das emiss\u00f5es: autoconsumo de energia renov\u00e1vel, electrifica\u00e7\u00e3o das frotas de passageiros e melhoria da efici\u00eancia energ\u00e9tica e gest\u00e3o de recursos. \u00c9 necess\u00e1rio democratizar a economia verde com modelos de financiamento ajustados \u00e0 escala das PME e dados confi\u00e1veis para apoiar decis\u00f5es e tornar a transi\u00e7\u00e3o clim\u00e1tica numa verdadeira estrat\u00e9gia de crescimento.","og_url":"https:\/\/portaltela.pt\/noticias\/2026\/01\/30\/economia-verde-ganha-escala-entre-pequenas-e-medias-empresas\/","og_site_name":"Portal Tela Portugal","article_published_time":"2026-01-31T01:03:00+00:00","author":"Telinha","twitter_card":"summary_large_image","twitter_misc":{"Escrito por":"Telinha","Tempo estimado de leitura":"2 minutos"},"schema":{"@context":"https:\/\/schema.org","@graph":[{"@type":"Article","@id":"https:\/\/portaltela.pt\/noticias\/2026\/01\/30\/economia-verde-ganha-escala-entre-pequenas-e-medias-empresas\/#article","isPartOf":{"@id":"https:\/\/portaltela.pt\/noticias\/2026\/01\/30\/economia-verde-ganha-escala-entre-pequenas-e-medias-empresas\/"},"author":{"name":"Telinha","@id":"https:\/\/portaltela.pt\/#\/schema\/person\/c4278d4a6028830caff9ee44b42d32ed"},"headline":"Economia verde ganha escala entre pequenas e m\u00e9dias empresas","datePublished":"2026-01-31T01:03:00+00:00","mainEntityOfPage":{"@id":"https:\/\/portaltela.pt\/noticias\/2026\/01\/30\/economia-verde-ganha-escala-entre-pequenas-e-medias-empresas\/"},"wordCount":349,"image":{"@id":"https:\/\/portaltela.pt\/noticias\/2026\/01\/30\/economia-verde-ganha-escala-entre-pequenas-e-medias-empresas\/#primaryimage"},"thumbnailUrl":"https:\/\/portaltela.pt\/s.01k8rhncp4jt1\/2026\/01\/9a62a4f0-ed1b-4a50-8fe8-2858423eb48d_1200x675.jpg","keywords":["descarboniza\u00e7\u00e3o territorial","desenvolvimento sustent\u00e1vel","economia","Efici\u00eancia Energ\u00e9tica","energia renov\u00e1vel","energias renov\u00e1veis"],"articleSection":["Economia","Not\u00edcias"],"inLanguage":"pt-PT"},{"@type":"WebPage","@id":"https:\/\/portaltela.pt\/noticias\/2026\/01\/30\/economia-verde-ganha-escala-entre-pequenas-e-medias-empresas\/","url":"https:\/\/portaltela.pt\/noticias\/2026\/01\/30\/economia-verde-ganha-escala-entre-pequenas-e-medias-empresas\/","name":"Economia verde ganha escala entre pequenas e m\u00e9dias empresas - Portal Tela Portugal","isPartOf":{"@id":"https:\/\/portaltela.pt\/#website"},"primaryImageOfPage":{"@id":"https:\/\/portaltela.pt\/noticias\/2026\/01\/30\/economia-verde-ganha-escala-entre-pequenas-e-medias-empresas\/#primaryimage"},"image":{"@id":"https:\/\/portaltela.pt\/noticias\/2026\/01\/30\/economia-verde-ganha-escala-entre-pequenas-e-medias-empresas\/#primaryimage"},"thumbnailUrl":"https:\/\/portaltela.pt\/s.01k8rhncp4jt1\/2026\/01\/9a62a4f0-ed1b-4a50-8fe8-2858423eb48d_1200x675.jpg","datePublished":"2026-01-31T01:03:00+00:00","author":{"@id":"https:\/\/portaltela.pt\/#\/schema\/person\/c4278d4a6028830caff9ee44b42d32ed"},"breadcrumb":{"@id":"https:\/\/portaltela.pt\/noticias\/2026\/01\/30\/economia-verde-ganha-escala-entre-pequenas-e-medias-empresas\/#breadcrumb"},"inLanguage":"pt-PT","potentialAction":[{"@type":"ReadAction","target":["https:\/\/portaltela.pt\/noticias\/2026\/01\/30\/economia-verde-ganha-escala-entre-pequenas-e-medias-empresas\/"]}]},{"@type":"ImageObject","inLanguage":"pt-PT","@id":"https:\/\/portaltela.pt\/noticias\/2026\/01\/30\/economia-verde-ganha-escala-entre-pequenas-e-medias-empresas\/#primaryimage","url":"https:\/\/portaltela.pt\/s.01k8rhncp4jt1\/2026\/01\/9a62a4f0-ed1b-4a50-8fe8-2858423eb48d_1200x675.jpg","contentUrl":"https:\/\/portaltela.pt\/s.01k8rhncp4jt1\/2026\/01\/9a62a4f0-ed1b-4a50-8fe8-2858423eb48d_1200x675.jpg","width":796,"height":448,"caption":"Photo"},{"@type":"BreadcrumbList","@id":"https:\/\/portaltela.pt\/noticias\/2026\/01\/30\/economia-verde-ganha-escala-entre-pequenas-e-medias-empresas\/#breadcrumb","itemListElement":[{"@type":"ListItem","position":1,"name":"In\u00edcio","item":"https:\/\/portaltela.pt\/"},{"@type":"ListItem","position":2,"name":"Economia verde ganha escala entre pequenas e m\u00e9dias empresas"}]},{"@type":"WebSite","@id":"https:\/\/portaltela.pt\/#website","url":"https:\/\/portaltela.pt\/","name":"Portal Tela Portugal","description":"","potentialAction":[{"@type":"SearchAction","target":{"@type":"EntryPoint","urlTemplate":"https:\/\/portaltela.pt\/?s={search_term_string}"},"query-input":{"@type":"PropertyValueSpecification","valueRequired":true,"valueName":"search_term_string"}}],"inLanguage":"pt-PT"},{"@type":"Person","@id":"https:\/\/portaltela.pt\/#\/schema\/person\/c4278d4a6028830caff9ee44b42d32ed","name":"Telinha","image":{"@type":"ImageObject","inLanguage":"pt-PT","@id":"https:\/\/portaltela.pt\/s.01k8rhncp4jt1\/2025\/11\/talking-bot-125x125.png","url":"https:\/\/portaltela.pt\/s.01k8rhncp4jt1\/2025\/11\/talking-bot-125x125.png","contentUrl":"https:\/\/portaltela.pt\/s.01k8rhncp4jt1\/2025\/11\/talking-bot-125x125.png","caption":"Telinha"},"sameAs":["https:\/\/portaltela.pt\/"],"url":"https:\/\/portaltela.pt\/por\/367410592786\/"}]}},"_links":{"self":[{"href":"https:\/\/portaltela.pt\/api\/wp\/v2\/posts\/185854","targetHints":{"allow":["GET"]}}],"collection":[{"href":"https:\/\/portaltela.pt\/api\/wp\/v2\/posts"}],"about":[{"href":"https:\/\/portaltela.pt\/api\/wp\/v2\/types\/post"}],"author":[{"embeddable":true,"href":"https:\/\/portaltela.pt\/api\/wp\/v2\/users\/2"}],"replies":[{"embeddable":true,"href":"https:\/\/portaltela.pt\/api\/wp\/v2\/comments?post=185854"}],"version-history":[{"count":0,"href":"https:\/\/portaltela.pt\/api\/wp\/v2\/posts\/185854\/revisions"}],"wp:featuredmedia":[{"embeddable":true,"href":"https:\/\/portaltela.pt\/api\/wp\/v2\/media\/185856"}],"wp:attachment":[{"href":"https:\/\/portaltela.pt\/api\/wp\/v2\/media?parent=185854"}],"wp:term":[{"taxonomy":"category","embeddable":true,"href":"https:\/\/portaltela.pt\/api\/wp\/v2\/categories?post=185854"},{"taxonomy":"post_tag","embeddable":true,"href":"https:\/\/portaltela.pt\/api\/wp\/v2\/tags?post=185854"}],"curies":[{"name":"wp","href":"https:\/\/api.w.org\/{rel}","templated":true}]}}