{"id":185818,"date":"2026-01-30T21:03:35","date_gmt":"2026-01-31T00:03:35","guid":{"rendered":"https:\/\/portaltela.pt\/noticias\/2026\/01\/30\/mais-de-200-pessoas-unem-se-em-vigilia-de-apoio-aos-bombeiros-de-sever-do-vouga\/"},"modified":"2026-01-30T21:03:35","modified_gmt":"2026-01-31T00:03:35","slug":"mais-de-200-pessoas-unem-se-em-vigilia-de-apoio-aos-bombeiros-de-sever-do-vouga","status":"publish","type":"post","link":"https:\/\/portaltela.pt\/noticias\/2026\/01\/30\/mais-de-200-pessoas-unem-se-em-vigilia-de-apoio-aos-bombeiros-de-sever-do-vouga\/","title":{"rendered":"Mais de 200 pessoas unem-se em vig\u00edlia de apoio aos Bombeiros de Sever do Vouga"},"content":{"rendered":"<p>Mais de 200 pessoas participaram numa vig\u00edlia silenciosa em frente ao quartel dos Bombeiros Volunt\u00e1rios de Sever do Vouga, na noite desta sexta-feira. O objetivo foi apoiar o corpo ativo e contestar a dire\u00e7\u00e3o da Associa\u00e7\u00e3o Humanit\u00e1ria.<\/p>\n<p>A concentra\u00e7\u00e3o reuniu popula\u00e7\u00e3o e cerca de 70 operacionais, que reclamaram de falhas de apoio \u00e0 corpora\u00e7\u00e3o e de m\u00e1s condi\u00e7\u00f5es para o desempenho da miss\u00e3o. O protesto foi declarado c\u00edvico e sem car\u00e1cter partid\u00e1rio.<\/p>\n<p>Questionada sobre o di\u00e1logo, a maioria dos presentes defendeu que a solu\u00e7\u00e3o passa pela mudan\u00e7a da dire\u00e7\u00e3o, acusada de falta de abertura para negocia\u00e7\u00f5es e de manter problemas como falta de assembleias e reuni\u00f5es regulares com os associados.<\/p>\n<h3>Contexto e reivindica\u00e7\u00f5es<\/h3>\n<p>Durante a vig\u00edlia, os participantes apelaram a melhorias na manuten\u00e7\u00e3o de viaturas, disponibilidade de equipamentos e condi\u00e7\u00f5es de trabalho. Tamb\u00e9m foi destacada a aus\u00eancia de envolvimento da autarquia no conflito.<\/p>\n<p>O evento decorreu de forma ordeira e pac\u00edfica, sem incidentes. A Dire\u00e7\u00e3o da Associa\u00e7\u00e3o Humanit\u00e1ria n\u00e3o esteve presente e n\u00e3o houve resposta oficial por parte da institui\u00e7\u00e3o, quando a imprensa tentou comentar o assunto.<\/p>\n","protected":false},"excerpt":{"rendered":"<ul>\n<li>Mais de 200 pessoas participaram numa vig\u00edlia silenciosa frente ao quartel dos Bombeiros Volunt\u00e1rios de Sever do Vouga, na sexta-feira.<\/li>\n<li>Cerca de 70 operacionais estiveram presentes; a principal reivindica\u00e7\u00e3o \u00e9 a demiss\u00e3o da atual Dire\u00e7\u00e3o da Associa\u00e7\u00e3o Humanit\u00e1ria.<\/li>\n<li>Os participantes disseram que o movimento \u00e9 c\u00edvico, n\u00e3o partid\u00e1rio, e justificaram a a\u00e7\u00e3o como apoio aos bombeiros que protegem o concelho.<\/li>\n<li>As cr\u00edticas incidem na falta de di\u00e1logo entre a Dire\u00e7\u00e3o e os bombeiros, m\u00e1s condi\u00e7\u00f5es de trabalho, manuten\u00e7\u00e3o de viaturas, car\u00eancia de equipamentos e aus\u00eancia de comunica\u00e7\u00e3o com os s\u00f3cios.<\/li>\n<li>A vig\u00edlia realizou-se de forma ordeira e pac\u00edfica; a Dire\u00e7\u00e3o n\u00e3o marcou presen\u00e7a e n\u00e3o houve resposta p\u00fablica da autarquia ou da comunica\u00e7\u00e3o social dispon\u00edvel.<\/li>\n<\/ul>\n","protected":false},"author":2,"featured_media":185834,"comment_status":"closed","ping_status":"closed","sticky":false,"template":"","format":"standard","meta":{"footnotes":""},"categories":[1],"tags":[679,971,4351,4179,1961,2857],"class_list":["post-185818","post","type-post","status-publish","format-standard","has-post-thumbnail","hentry","category-noticias","tag-associacoes","tag-bombeiros","tag-bombeiros-voluntarios","tag-movimento-associativo","tag-operacionais","tag-protestos"],"yoast_head":"<!-- This site is optimized with the Yoast SEO plugin v27.2 - https:\/\/yoast.com\/product\/yoast-seo-wordpress\/ -->\n<title>Mais de 200 pessoas unem-se em vig\u00edlia de apoio aos Bombeiros de Sever do Vouga - Portal Tela Portugal<\/title>\n<meta name=\"robots\" content=\"index, follow, max-snippet:-1, max-image-preview:large, max-video-preview:-1\" \/>\n<meta property=\"og:locale\" content=\"pt_PT\" \/>\n<meta property=\"og:type\" content=\"article\" \/>\n<meta property=\"og:title\" content=\"Mais de 200 pessoas unem-se em vig\u00edlia de apoio aos Bombeiros de Sever do Vouga - Portal Tela Portugal\" \/>\n<meta property=\"og:description\" content=\"Mais de 200 pessoas participaram numa vig\u00edlia silenciosa frente ao quartel dos Bombeiros Volunt\u00e1rios de Sever do Vouga, na sexta-feira. Cerca de 70 operacionais estiveram presentes; a principal reivindica\u00e7\u00e3o \u00e9 a demiss\u00e3o da atual Dire\u00e7\u00e3o da Associa\u00e7\u00e3o Humanit\u00e1ria. Os participantes disseram que o movimento \u00e9 c\u00edvico, n\u00e3o partid\u00e1rio, e justificaram a a\u00e7\u00e3o como apoio aos bombeiros que protegem o concelho. As cr\u00edticas incidem na falta de di\u00e1logo entre a Dire\u00e7\u00e3o e os bombeiros, m\u00e1s condi\u00e7\u00f5es de trabalho, manuten\u00e7\u00e3o de viaturas, car\u00eancia de equipamentos e aus\u00eancia de comunica\u00e7\u00e3o com os s\u00f3cios. A vig\u00edlia realizou-se de forma ordeira e pac\u00edfica; a Dire\u00e7\u00e3o n\u00e3o marcou presen\u00e7a e n\u00e3o houve resposta p\u00fablica da autarquia ou da comunica\u00e7\u00e3o social dispon\u00edvel.\" \/>\n<meta property=\"og:url\" content=\"https:\/\/portaltela.pt\/noticias\/2026\/01\/30\/mais-de-200-pessoas-unem-se-em-vigilia-de-apoio-aos-bombeiros-de-sever-do-vouga\/\" \/>\n<meta property=\"og:site_name\" content=\"Portal Tela Portugal\" \/>\n<meta property=\"article:published_time\" content=\"2026-01-31T00:03:35+00:00\" \/>\n<meta name=\"author\" content=\"Telinha\" \/>\n<meta name=\"twitter:card\" content=\"summary_large_image\" \/>\n<meta name=\"twitter:label1\" content=\"Escrito por\" \/>\n\t<meta name=\"twitter:data1\" content=\"Telinha\" \/>\n\t<meta name=\"twitter:label2\" content=\"Tempo estimado de leitura\" \/>\n\t<meta name=\"twitter:data2\" content=\"1 minuto\" \/>\n<script type=\"application\/ld+json\" class=\"yoast-schema-graph\">{\"@context\":\"https:\/\/schema.org\",\"@graph\":[{\"@type\":\"Article\",\"@id\":\"https:\/\/portaltela.pt\/noticias\/2026\/01\/30\/mais-de-200-pessoas-unem-se-em-vigilia-de-apoio-aos-bombeiros-de-sever-do-vouga\/#article\",\"isPartOf\":{\"@id\":\"https:\/\/portaltela.pt\/noticias\/2026\/01\/30\/mais-de-200-pessoas-unem-se-em-vigilia-de-apoio-aos-bombeiros-de-sever-do-vouga\/\"},\"author\":{\"name\":\"Telinha\",\"@id\":\"https:\/\/portaltela.pt\/#\/schema\/person\/c4278d4a6028830caff9ee44b42d32ed\"},\"headline\":\"Mais de 200 pessoas unem-se em vig\u00edlia de apoio aos Bombeiros de Sever do Vouga\",\"datePublished\":\"2026-01-31T00:03:35+00:00\",\"mainEntityOfPage\":{\"@id\":\"https:\/\/portaltela.pt\/noticias\/2026\/01\/30\/mais-de-200-pessoas-unem-se-em-vigilia-de-apoio-aos-bombeiros-de-sever-do-vouga\/\"},\"wordCount\":222,\"image\":{\"@id\":\"https:\/\/portaltela.pt\/noticias\/2026\/01\/30\/mais-de-200-pessoas-unem-se-em-vigilia-de-apoio-aos-bombeiros-de-sever-do-vouga\/#primaryimage\"},\"thumbnailUrl\":\"https:\/\/portaltela.pt\/s.01k8rhncp4jt1\/2026\/01\/Captura-de-ecra-2026-01-31-000222-1.jpg\",\"keywords\":[\"associa\u00e7\u00f5es\",\"bombeiros\",\"Bombeiros Volunt\u00e1rios\",\"movimento associativo\",\"operacionais\",\"protestos\"],\"articleSection\":[\"Not\u00edcias\"],\"inLanguage\":\"pt-PT\"},{\"@type\":\"WebPage\",\"@id\":\"https:\/\/portaltela.pt\/noticias\/2026\/01\/30\/mais-de-200-pessoas-unem-se-em-vigilia-de-apoio-aos-bombeiros-de-sever-do-vouga\/\",\"url\":\"https:\/\/portaltela.pt\/noticias\/2026\/01\/30\/mais-de-200-pessoas-unem-se-em-vigilia-de-apoio-aos-bombeiros-de-sever-do-vouga\/\",\"name\":\"Mais de 200 pessoas unem-se em vig\u00edlia de apoio aos Bombeiros de Sever do Vouga - Portal Tela Portugal\",\"isPartOf\":{\"@id\":\"https:\/\/portaltela.pt\/#website\"},\"primaryImageOfPage\":{\"@id\":\"https:\/\/portaltela.pt\/noticias\/2026\/01\/30\/mais-de-200-pessoas-unem-se-em-vigilia-de-apoio-aos-bombeiros-de-sever-do-vouga\/#primaryimage\"},\"image\":{\"@id\":\"https:\/\/portaltela.pt\/noticias\/2026\/01\/30\/mais-de-200-pessoas-unem-se-em-vigilia-de-apoio-aos-bombeiros-de-sever-do-vouga\/#primaryimage\"},\"thumbnailUrl\":\"https:\/\/portaltela.pt\/s.01k8rhncp4jt1\/2026\/01\/Captura-de-ecra-2026-01-31-000222-1.jpg\",\"datePublished\":\"2026-01-31T00:03:35+00:00\",\"author\":{\"@id\":\"https:\/\/portaltela.pt\/#\/schema\/person\/c4278d4a6028830caff9ee44b42d32ed\"},\"breadcrumb\":{\"@id\":\"https:\/\/portaltela.pt\/noticias\/2026\/01\/30\/mais-de-200-pessoas-unem-se-em-vigilia-de-apoio-aos-bombeiros-de-sever-do-vouga\/#breadcrumb\"},\"inLanguage\":\"pt-PT\",\"potentialAction\":[{\"@type\":\"ReadAction\",\"target\":[\"https:\/\/portaltela.pt\/noticias\/2026\/01\/30\/mais-de-200-pessoas-unem-se-em-vigilia-de-apoio-aos-bombeiros-de-sever-do-vouga\/\"]}]},{\"@type\":\"ImageObject\",\"inLanguage\":\"pt-PT\",\"@id\":\"https:\/\/portaltela.pt\/noticias\/2026\/01\/30\/mais-de-200-pessoas-unem-se-em-vigilia-de-apoio-aos-bombeiros-de-sever-do-vouga\/#primaryimage\",\"url\":\"https:\/\/portaltela.pt\/s.01k8rhncp4jt1\/2026\/01\/Captura-de-ecra-2026-01-31-000222-1.jpg\",\"contentUrl\":\"https:\/\/portaltela.pt\/s.01k8rhncp4jt1\/2026\/01\/Captura-de-ecra-2026-01-31-000222-1.jpg\",\"width\":796,\"height\":448,\"caption\":\"Mais de 200 pessoas participaram em vig\u00edlia silenciosa em apoio aos Bombeiros Volunt\u00e1rios de Sever do Vouga\"},{\"@type\":\"BreadcrumbList\",\"@id\":\"https:\/\/portaltela.pt\/noticias\/2026\/01\/30\/mais-de-200-pessoas-unem-se-em-vigilia-de-apoio-aos-bombeiros-de-sever-do-vouga\/#breadcrumb\",\"itemListElement\":[{\"@type\":\"ListItem\",\"position\":1,\"name\":\"In\u00edcio\",\"item\":\"https:\/\/portaltela.pt\/\"},{\"@type\":\"ListItem\",\"position\":2,\"name\":\"Mais de 200 pessoas unem-se em vig\u00edlia de apoio aos Bombeiros de Sever do Vouga\"}]},{\"@type\":\"WebSite\",\"@id\":\"https:\/\/portaltela.pt\/#website\",\"url\":\"https:\/\/portaltela.pt\/\",\"name\":\"Portal Tela Portugal\",\"description\":\"\",\"potentialAction\":[{\"@type\":\"SearchAction\",\"target\":{\"@type\":\"EntryPoint\",\"urlTemplate\":\"https:\/\/portaltela.pt\/?s={search_term_string}\"},\"query-input\":{\"@type\":\"PropertyValueSpecification\",\"valueRequired\":true,\"valueName\":\"search_term_string\"}}],\"inLanguage\":\"pt-PT\"},{\"@type\":\"Person\",\"@id\":\"https:\/\/portaltela.pt\/#\/schema\/person\/c4278d4a6028830caff9ee44b42d32ed\",\"name\":\"Telinha\",\"image\":{\"@type\":\"ImageObject\",\"inLanguage\":\"pt-PT\",\"@id\":\"https:\/\/portaltela.pt\/s.01k8rhncp4jt1\/2025\/11\/talking-bot-125x125.png\",\"url\":\"https:\/\/portaltela.pt\/s.01k8rhncp4jt1\/2025\/11\/talking-bot-125x125.png\",\"contentUrl\":\"https:\/\/portaltela.pt\/s.01k8rhncp4jt1\/2025\/11\/talking-bot-125x125.png\",\"caption\":\"Telinha\"},\"sameAs\":[\"https:\/\/portaltela.pt\/\"],\"url\":\"https:\/\/portaltela.pt\/por\/367410592786\/\"}]}<\/script>\n<!-- \/ Yoast SEO plugin. -->","yoast_head_json":{"title":"Mais de 200 pessoas unem-se em vig\u00edlia de apoio aos Bombeiros de Sever do Vouga - Portal Tela Portugal","robots":{"index":"index","follow":"follow","max-snippet":"max-snippet:-1","max-image-preview":"max-image-preview:large","max-video-preview":"max-video-preview:-1"},"og_locale":"pt_PT","og_type":"article","og_title":"Mais de 200 pessoas unem-se em vig\u00edlia de apoio aos Bombeiros de Sever do Vouga - Portal Tela Portugal","og_description":"Mais de 200 pessoas participaram numa vig\u00edlia silenciosa frente ao quartel dos Bombeiros Volunt\u00e1rios de Sever do Vouga, na sexta-feira. Cerca de 70 operacionais estiveram presentes; a principal reivindica\u00e7\u00e3o \u00e9 a demiss\u00e3o da atual Dire\u00e7\u00e3o da Associa\u00e7\u00e3o Humanit\u00e1ria. Os participantes disseram que o movimento \u00e9 c\u00edvico, n\u00e3o partid\u00e1rio, e justificaram a a\u00e7\u00e3o como apoio aos bombeiros que protegem o concelho. As cr\u00edticas incidem na falta de di\u00e1logo entre a Dire\u00e7\u00e3o e os bombeiros, m\u00e1s condi\u00e7\u00f5es de trabalho, manuten\u00e7\u00e3o de viaturas, car\u00eancia de equipamentos e aus\u00eancia de comunica\u00e7\u00e3o com os s\u00f3cios. A vig\u00edlia realizou-se de forma ordeira e pac\u00edfica; a Dire\u00e7\u00e3o n\u00e3o marcou presen\u00e7a e n\u00e3o houve resposta p\u00fablica da autarquia ou da comunica\u00e7\u00e3o social dispon\u00edvel.","og_url":"https:\/\/portaltela.pt\/noticias\/2026\/01\/30\/mais-de-200-pessoas-unem-se-em-vigilia-de-apoio-aos-bombeiros-de-sever-do-vouga\/","og_site_name":"Portal Tela Portugal","article_published_time":"2026-01-31T00:03:35+00:00","author":"Telinha","twitter_card":"summary_large_image","twitter_misc":{"Escrito por":"Telinha","Tempo estimado de leitura":"1 minuto"},"schema":{"@context":"https:\/\/schema.org","@graph":[{"@type":"Article","@id":"https:\/\/portaltela.pt\/noticias\/2026\/01\/30\/mais-de-200-pessoas-unem-se-em-vigilia-de-apoio-aos-bombeiros-de-sever-do-vouga\/#article","isPartOf":{"@id":"https:\/\/portaltela.pt\/noticias\/2026\/01\/30\/mais-de-200-pessoas-unem-se-em-vigilia-de-apoio-aos-bombeiros-de-sever-do-vouga\/"},"author":{"name":"Telinha","@id":"https:\/\/portaltela.pt\/#\/schema\/person\/c4278d4a6028830caff9ee44b42d32ed"},"headline":"Mais de 200 pessoas unem-se em vig\u00edlia de apoio aos Bombeiros de Sever do Vouga","datePublished":"2026-01-31T00:03:35+00:00","mainEntityOfPage":{"@id":"https:\/\/portaltela.pt\/noticias\/2026\/01\/30\/mais-de-200-pessoas-unem-se-em-vigilia-de-apoio-aos-bombeiros-de-sever-do-vouga\/"},"wordCount":222,"image":{"@id":"https:\/\/portaltela.pt\/noticias\/2026\/01\/30\/mais-de-200-pessoas-unem-se-em-vigilia-de-apoio-aos-bombeiros-de-sever-do-vouga\/#primaryimage"},"thumbnailUrl":"https:\/\/portaltela.pt\/s.01k8rhncp4jt1\/2026\/01\/Captura-de-ecra-2026-01-31-000222-1.jpg","keywords":["associa\u00e7\u00f5es","bombeiros","Bombeiros Volunt\u00e1rios","movimento associativo","operacionais","protestos"],"articleSection":["Not\u00edcias"],"inLanguage":"pt-PT"},{"@type":"WebPage","@id":"https:\/\/portaltela.pt\/noticias\/2026\/01\/30\/mais-de-200-pessoas-unem-se-em-vigilia-de-apoio-aos-bombeiros-de-sever-do-vouga\/","url":"https:\/\/portaltela.pt\/noticias\/2026\/01\/30\/mais-de-200-pessoas-unem-se-em-vigilia-de-apoio-aos-bombeiros-de-sever-do-vouga\/","name":"Mais de 200 pessoas unem-se em vig\u00edlia de apoio aos Bombeiros de Sever do Vouga - Portal Tela Portugal","isPartOf":{"@id":"https:\/\/portaltela.pt\/#website"},"primaryImageOfPage":{"@id":"https:\/\/portaltela.pt\/noticias\/2026\/01\/30\/mais-de-200-pessoas-unem-se-em-vigilia-de-apoio-aos-bombeiros-de-sever-do-vouga\/#primaryimage"},"image":{"@id":"https:\/\/portaltela.pt\/noticias\/2026\/01\/30\/mais-de-200-pessoas-unem-se-em-vigilia-de-apoio-aos-bombeiros-de-sever-do-vouga\/#primaryimage"},"thumbnailUrl":"https:\/\/portaltela.pt\/s.01k8rhncp4jt1\/2026\/01\/Captura-de-ecra-2026-01-31-000222-1.jpg","datePublished":"2026-01-31T00:03:35+00:00","author":{"@id":"https:\/\/portaltela.pt\/#\/schema\/person\/c4278d4a6028830caff9ee44b42d32ed"},"breadcrumb":{"@id":"https:\/\/portaltela.pt\/noticias\/2026\/01\/30\/mais-de-200-pessoas-unem-se-em-vigilia-de-apoio-aos-bombeiros-de-sever-do-vouga\/#breadcrumb"},"inLanguage":"pt-PT","potentialAction":[{"@type":"ReadAction","target":["https:\/\/portaltela.pt\/noticias\/2026\/01\/30\/mais-de-200-pessoas-unem-se-em-vigilia-de-apoio-aos-bombeiros-de-sever-do-vouga\/"]}]},{"@type":"ImageObject","inLanguage":"pt-PT","@id":"https:\/\/portaltela.pt\/noticias\/2026\/01\/30\/mais-de-200-pessoas-unem-se-em-vigilia-de-apoio-aos-bombeiros-de-sever-do-vouga\/#primaryimage","url":"https:\/\/portaltela.pt\/s.01k8rhncp4jt1\/2026\/01\/Captura-de-ecra-2026-01-31-000222-1.jpg","contentUrl":"https:\/\/portaltela.pt\/s.01k8rhncp4jt1\/2026\/01\/Captura-de-ecra-2026-01-31-000222-1.jpg","width":796,"height":448,"caption":"Mais de 200 pessoas participaram em vig\u00edlia silenciosa em apoio aos Bombeiros Volunt\u00e1rios de Sever do Vouga"},{"@type":"BreadcrumbList","@id":"https:\/\/portaltela.pt\/noticias\/2026\/01\/30\/mais-de-200-pessoas-unem-se-em-vigilia-de-apoio-aos-bombeiros-de-sever-do-vouga\/#breadcrumb","itemListElement":[{"@type":"ListItem","position":1,"name":"In\u00edcio","item":"https:\/\/portaltela.pt\/"},{"@type":"ListItem","position":2,"name":"Mais de 200 pessoas unem-se em vig\u00edlia de apoio aos Bombeiros de Sever do Vouga"}]},{"@type":"WebSite","@id":"https:\/\/portaltela.pt\/#website","url":"https:\/\/portaltela.pt\/","name":"Portal Tela Portugal","description":"","potentialAction":[{"@type":"SearchAction","target":{"@type":"EntryPoint","urlTemplate":"https:\/\/portaltela.pt\/?s={search_term_string}"},"query-input":{"@type":"PropertyValueSpecification","valueRequired":true,"valueName":"search_term_string"}}],"inLanguage":"pt-PT"},{"@type":"Person","@id":"https:\/\/portaltela.pt\/#\/schema\/person\/c4278d4a6028830caff9ee44b42d32ed","name":"Telinha","image":{"@type":"ImageObject","inLanguage":"pt-PT","@id":"https:\/\/portaltela.pt\/s.01k8rhncp4jt1\/2025\/11\/talking-bot-125x125.png","url":"https:\/\/portaltela.pt\/s.01k8rhncp4jt1\/2025\/11\/talking-bot-125x125.png","contentUrl":"https:\/\/portaltela.pt\/s.01k8rhncp4jt1\/2025\/11\/talking-bot-125x125.png","caption":"Telinha"},"sameAs":["https:\/\/portaltela.pt\/"],"url":"https:\/\/portaltela.pt\/por\/367410592786\/"}]}},"_links":{"self":[{"href":"https:\/\/portaltela.pt\/api\/wp\/v2\/posts\/185818","targetHints":{"allow":["GET"]}}],"collection":[{"href":"https:\/\/portaltela.pt\/api\/wp\/v2\/posts"}],"about":[{"href":"https:\/\/portaltela.pt\/api\/wp\/v2\/types\/post"}],"author":[{"embeddable":true,"href":"https:\/\/portaltela.pt\/api\/wp\/v2\/users\/2"}],"replies":[{"embeddable":true,"href":"https:\/\/portaltela.pt\/api\/wp\/v2\/comments?post=185818"}],"version-history":[{"count":0,"href":"https:\/\/portaltela.pt\/api\/wp\/v2\/posts\/185818\/revisions"}],"wp:featuredmedia":[{"embeddable":true,"href":"https:\/\/portaltela.pt\/api\/wp\/v2\/media\/185834"}],"wp:attachment":[{"href":"https:\/\/portaltela.pt\/api\/wp\/v2\/media?parent=185818"}],"wp:term":[{"taxonomy":"category","embeddable":true,"href":"https:\/\/portaltela.pt\/api\/wp\/v2\/categories?post=185818"},{"taxonomy":"post_tag","embeddable":true,"href":"https:\/\/portaltela.pt\/api\/wp\/v2\/tags?post=185818"}],"curies":[{"name":"wp","href":"https:\/\/api.w.org\/{rel}","templated":true}]}}