{"id":185815,"date":"2026-01-30T21:03:35","date_gmt":"2026-01-31T00:03:35","guid":{"rendered":"https:\/\/portaltela.pt\/noticias\/2026\/01\/30\/mais-de-200-participaram-numa-vigilia-de-apoio-aos-bombeiros-de-sever-do-vouga\/"},"modified":"2026-01-30T21:03:35","modified_gmt":"2026-01-31T00:03:35","slug":"mais-de-200-participaram-numa-vigilia-de-apoio-aos-bombeiros-de-sever-do-vouga","status":"publish","type":"post","link":"https:\/\/portaltela.pt\/noticias\/2026\/01\/30\/mais-de-200-participaram-numa-vigilia-de-apoio-aos-bombeiros-de-sever-do-vouga\/","title":{"rendered":"Mais de 200 participaram numa vig\u00edlia de apoio aos Bombeiros de Sever do Vouga"},"content":{"rendered":"<p>Mais de 200 pessoas participaram numa vig\u00edlia silenciosa diante do quartel dos Bombeiros Volunt\u00e1rios de Sever do Vouga. A a\u00e7\u00e3o visou apoiar o corpo ativo e contestar a atual Dire\u00e7\u00e3o da Associa\u00e7\u00e3o Humanit\u00e1ria.<\/p>\n<p>A concentra\u00e7\u00e3o juntou popula\u00e7\u00e3o e bombeiros, com a presen\u00e7a de cerca de 70 operacionais. A principal reivindica\u00e7\u00e3o \u00e9 a demiss\u00e3o da Dire\u00e7\u00e3o, acusada de falhas no apoio \u00e0 corpora\u00e7\u00e3o e \u00e0s condi\u00e7\u00f5es de exerc\u00edcio da sua miss\u00e3o.<\/p>\n<p>A organiza\u00e7\u00e3o foi descrita como c\u00edvica e sem cariz partid\u00e1rio, focada na prote\u00e7\u00e3o de pessoas e bens no concelho. Muitos participantes salientaram falta de di\u00e1logo, condi\u00e7\u00f5es de trabalho, manuten\u00e7\u00e3o de viaturas e falta de comunica\u00e7\u00e3o com os associados.<\/p>\n<h3>Demandas e cr\u00edticas principais<\/h3>\n<p>Entre as cr\u00edticas est\u00e3o a aus\u00eancia de reuni\u00f5es regulares com os associados e a alegada aus\u00eancia de resposta a problemas estruturais. A proximidade entre bombeiros e comunidade foi destacada pela representatividade presente.<\/p>\n<p>V\u00e1rios presentes consideraram que a dimens\u00e3o da participa\u00e7\u00e3o demonstra gravidade da situa\u00e7\u00e3o interna. Aposta na substitui\u00e7\u00e3o da dire\u00e7\u00e3o \u00e9 defendida por muitos como caminho para restabelecer a confian\u00e7a.<\/p>\n<p>Questionada sobre di\u00e1logo, a maioria dos manifestantes admitiu que deveria existir, mas responsabiliza a atual Dire\u00e7\u00e3o pela falta de abertura ao entendimento. A solu\u00e7\u00e3o apontada passa pela entrada de uma nova equipa dirigente.<\/p>\n<p>Alguns participantes lamentaram a aus\u00eancia de envolvimento da autarquia no conflito, defendendo maior aten\u00e7\u00e3o institucional \u00e0 situa\u00e7\u00e3o da corpora\u00e7\u00e3o, enquanto cidad\u00e3os do concelho.<\/p>\n<p>A vig\u00edlia decorreu de forma silenciosa e ordeira, terminando sem incidentes. A Dire\u00e7\u00e3o da Associa\u00e7\u00e3o n\u00e3o esteve presente, e a comunica\u00e7\u00e3o social n\u00e3o conseguiu obter uma rea\u00e7\u00e3o no local.<\/p>\n<p>Fotos: Miguel Figueiredo<\/p>\n","protected":false},"excerpt":{"rendered":"<ul>\n<li>Mais de duzentas pessoas participaram numa vig\u00edlia silenciosa diante do quartel dos Bombeiros Volunt\u00e1rios de Sever do Vouga, com cerca de setenta operacionais presentes, para apoiar o corpo ativo e contestar a dire\u00e7\u00e3o da Associa\u00e7\u00e3o Humanit\u00e1ria.<\/li>\n<li>A principal reivindica\u00e7\u00e3o foi a demiss\u00e3o da atual Dire\u00e7\u00e3o, acusada de falhas no apoio \u00e0 corpora\u00e7\u00e3o e nas condi\u00e7\u00f5es dadas aos bombeiros para cumprir a sua miss\u00e3o.<\/li>\n<li>Os participantes destacaram que o movimento n\u00e3o teve car\u00e1cter partid\u00e1rio, sendo um gesto c\u00edvico de solidariedade para com quem protege pessoas e bens no concelho.<\/li>\n<li>As cr\u00edticas centraram-se na falta de di\u00e1logo entre dire\u00e7\u00e3o e bombeiros, m\u00e1s condi\u00e7\u00f5es de trabalho, manuten\u00e7\u00e3o das viaturas, car\u00eancia de equipamentos e aus\u00eancia de comunica\u00e7\u00e3o com os s\u00f3cios.<\/li>\n<li>Muitos defendem que apenas uma nova equipa dirigente poder\u00e1 reconquistar a confian\u00e7a da popula\u00e7\u00e3o e dos bombeiros, e disseram que a autarquia ficou ausente no conflito; a vig\u00edlia terminou sem incidentes.<\/li>\n<\/ul>\n","protected":false},"author":2,"featured_media":185825,"comment_status":"closed","ping_status":"closed","sticky":false,"template":"","format":"standard","meta":{"footnotes":""},"categories":[1],"tags":[3273,4351,3035,2857,250],"class_list":["post-185815","post","type-post","status-publish","format-standard","has-post-thumbnail","hentry","category-noticias","tag-assuntos-sociais","tag-bombeiros-voluntarios","tag-comunidade","tag-protestos","tag-seguranca-publica"],"yoast_head":"<!-- This site is optimized with the Yoast SEO plugin v27.2 - https:\/\/yoast.com\/product\/yoast-seo-wordpress\/ -->\n<title>Mais de 200 participaram numa vig\u00edlia de apoio aos Bombeiros de Sever do Vouga - Portal Tela Portugal<\/title>\n<meta name=\"robots\" content=\"index, follow, max-snippet:-1, max-image-preview:large, max-video-preview:-1\" \/>\n<meta property=\"og:locale\" content=\"pt_PT\" \/>\n<meta property=\"og:type\" content=\"article\" \/>\n<meta property=\"og:title\" content=\"Mais de 200 participaram numa vig\u00edlia de apoio aos Bombeiros de Sever do Vouga - Portal Tela Portugal\" \/>\n<meta property=\"og:description\" content=\"Mais de duzentas pessoas participaram numa vig\u00edlia silenciosa diante do quartel dos Bombeiros Volunt\u00e1rios de Sever do Vouga, com cerca de setenta operacionais presentes, para apoiar o corpo ativo e contestar a dire\u00e7\u00e3o da Associa\u00e7\u00e3o Humanit\u00e1ria. A principal reivindica\u00e7\u00e3o foi a demiss\u00e3o da atual Dire\u00e7\u00e3o, acusada de falhas no apoio \u00e0 corpora\u00e7\u00e3o e nas condi\u00e7\u00f5es dadas aos bombeiros para cumprir a sua miss\u00e3o. Os participantes destacaram que o movimento n\u00e3o teve car\u00e1cter partid\u00e1rio, sendo um gesto c\u00edvico de solidariedade para com quem protege pessoas e bens no concelho. As cr\u00edticas centraram-se na falta de di\u00e1logo entre dire\u00e7\u00e3o e bombeiros, m\u00e1s condi\u00e7\u00f5es de trabalho, manuten\u00e7\u00e3o das viaturas, car\u00eancia de equipamentos e aus\u00eancia de comunica\u00e7\u00e3o com os s\u00f3cios. Muitos defendem que apenas uma nova equipa dirigente poder\u00e1 reconquistar a confian\u00e7a da popula\u00e7\u00e3o e dos bombeiros, e disseram que a autarquia ficou ausente no conflito; a vig\u00edlia terminou sem incidentes.\" \/>\n<meta property=\"og:url\" content=\"https:\/\/portaltela.pt\/noticias\/2026\/01\/30\/mais-de-200-participaram-numa-vigilia-de-apoio-aos-bombeiros-de-sever-do-vouga\/\" \/>\n<meta property=\"og:site_name\" content=\"Portal Tela Portugal\" \/>\n<meta property=\"article:published_time\" content=\"2026-01-31T00:03:35+00:00\" \/>\n<meta name=\"author\" content=\"Telinha\" \/>\n<meta name=\"twitter:card\" content=\"summary_large_image\" \/>\n<meta name=\"twitter:label1\" content=\"Escrito por\" \/>\n\t<meta name=\"twitter:data1\" content=\"Telinha\" \/>\n\t<meta name=\"twitter:label2\" content=\"Tempo estimado de leitura\" \/>\n\t<meta name=\"twitter:data2\" content=\"2 minutos\" \/>\n<script type=\"application\/ld+json\" class=\"yoast-schema-graph\">{\"@context\":\"https:\/\/schema.org\",\"@graph\":[{\"@type\":\"Article\",\"@id\":\"https:\/\/portaltela.pt\/noticias\/2026\/01\/30\/mais-de-200-participaram-numa-vigilia-de-apoio-aos-bombeiros-de-sever-do-vouga\/#article\",\"isPartOf\":{\"@id\":\"https:\/\/portaltela.pt\/noticias\/2026\/01\/30\/mais-de-200-participaram-numa-vigilia-de-apoio-aos-bombeiros-de-sever-do-vouga\/\"},\"author\":{\"name\":\"Telinha\",\"@id\":\"https:\/\/portaltela.pt\/#\/schema\/person\/c4278d4a6028830caff9ee44b42d32ed\"},\"headline\":\"Mais de 200 participaram numa vig\u00edlia de apoio aos Bombeiros de Sever do Vouga\",\"datePublished\":\"2026-01-31T00:03:35+00:00\",\"mainEntityOfPage\":{\"@id\":\"https:\/\/portaltela.pt\/noticias\/2026\/01\/30\/mais-de-200-participaram-numa-vigilia-de-apoio-aos-bombeiros-de-sever-do-vouga\/\"},\"wordCount\":320,\"image\":{\"@id\":\"https:\/\/portaltela.pt\/noticias\/2026\/01\/30\/mais-de-200-participaram-numa-vigilia-de-apoio-aos-bombeiros-de-sever-do-vouga\/#primaryimage\"},\"thumbnailUrl\":\"https:\/\/portaltela.pt\/s.01k8rhncp4jt1\/2026\/01\/unnamed-file-6228.jpg\",\"keywords\":[\"Assuntos Sociais\",\"Bombeiros Volunt\u00e1rios\",\"comunidade\",\"protestos\",\"seguran\u00e7a p\u00fablica\"],\"articleSection\":[\"Not\u00edcias\"],\"inLanguage\":\"pt-PT\"},{\"@type\":\"WebPage\",\"@id\":\"https:\/\/portaltela.pt\/noticias\/2026\/01\/30\/mais-de-200-participaram-numa-vigilia-de-apoio-aos-bombeiros-de-sever-do-vouga\/\",\"url\":\"https:\/\/portaltela.pt\/noticias\/2026\/01\/30\/mais-de-200-participaram-numa-vigilia-de-apoio-aos-bombeiros-de-sever-do-vouga\/\",\"name\":\"Mais de 200 participaram numa vig\u00edlia de apoio aos Bombeiros de Sever do Vouga - Portal Tela Portugal\",\"isPartOf\":{\"@id\":\"https:\/\/portaltela.pt\/#website\"},\"primaryImageOfPage\":{\"@id\":\"https:\/\/portaltela.pt\/noticias\/2026\/01\/30\/mais-de-200-participaram-numa-vigilia-de-apoio-aos-bombeiros-de-sever-do-vouga\/#primaryimage\"},\"image\":{\"@id\":\"https:\/\/portaltela.pt\/noticias\/2026\/01\/30\/mais-de-200-participaram-numa-vigilia-de-apoio-aos-bombeiros-de-sever-do-vouga\/#primaryimage\"},\"thumbnailUrl\":\"https:\/\/portaltela.pt\/s.01k8rhncp4jt1\/2026\/01\/unnamed-file-6228.jpg\",\"datePublished\":\"2026-01-31T00:03:35+00:00\",\"author\":{\"@id\":\"https:\/\/portaltela.pt\/#\/schema\/person\/c4278d4a6028830caff9ee44b42d32ed\"},\"breadcrumb\":{\"@id\":\"https:\/\/portaltela.pt\/noticias\/2026\/01\/30\/mais-de-200-participaram-numa-vigilia-de-apoio-aos-bombeiros-de-sever-do-vouga\/#breadcrumb\"},\"inLanguage\":\"pt-PT\",\"potentialAction\":[{\"@type\":\"ReadAction\",\"target\":[\"https:\/\/portaltela.pt\/noticias\/2026\/01\/30\/mais-de-200-participaram-numa-vigilia-de-apoio-aos-bombeiros-de-sever-do-vouga\/\"]}]},{\"@type\":\"ImageObject\",\"inLanguage\":\"pt-PT\",\"@id\":\"https:\/\/portaltela.pt\/noticias\/2026\/01\/30\/mais-de-200-participaram-numa-vigilia-de-apoio-aos-bombeiros-de-sever-do-vouga\/#primaryimage\",\"url\":\"https:\/\/portaltela.pt\/s.01k8rhncp4jt1\/2026\/01\/unnamed-file-6228.jpg\",\"contentUrl\":\"https:\/\/portaltela.pt\/s.01k8rhncp4jt1\/2026\/01\/unnamed-file-6228.jpg\",\"width\":796,\"height\":448,\"caption\":\"Mais de 200 pessoas participaram em vig\u00edlia silenciosa em apoio aos Bombeiros Volunt\u00e1rios de Sever do Vouga\"},{\"@type\":\"BreadcrumbList\",\"@id\":\"https:\/\/portaltela.pt\/noticias\/2026\/01\/30\/mais-de-200-participaram-numa-vigilia-de-apoio-aos-bombeiros-de-sever-do-vouga\/#breadcrumb\",\"itemListElement\":[{\"@type\":\"ListItem\",\"position\":1,\"name\":\"In\u00edcio\",\"item\":\"https:\/\/portaltela.pt\/\"},{\"@type\":\"ListItem\",\"position\":2,\"name\":\"Mais de 200 participaram numa vig\u00edlia de apoio aos Bombeiros de Sever do Vouga\"}]},{\"@type\":\"WebSite\",\"@id\":\"https:\/\/portaltela.pt\/#website\",\"url\":\"https:\/\/portaltela.pt\/\",\"name\":\"Portal Tela Portugal\",\"description\":\"\",\"potentialAction\":[{\"@type\":\"SearchAction\",\"target\":{\"@type\":\"EntryPoint\",\"urlTemplate\":\"https:\/\/portaltela.pt\/?s={search_term_string}\"},\"query-input\":{\"@type\":\"PropertyValueSpecification\",\"valueRequired\":true,\"valueName\":\"search_term_string\"}}],\"inLanguage\":\"pt-PT\"},{\"@type\":\"Person\",\"@id\":\"https:\/\/portaltela.pt\/#\/schema\/person\/c4278d4a6028830caff9ee44b42d32ed\",\"name\":\"Telinha\",\"image\":{\"@type\":\"ImageObject\",\"inLanguage\":\"pt-PT\",\"@id\":\"https:\/\/portaltela.pt\/s.01k8rhncp4jt1\/2025\/11\/talking-bot-125x125.png\",\"url\":\"https:\/\/portaltela.pt\/s.01k8rhncp4jt1\/2025\/11\/talking-bot-125x125.png\",\"contentUrl\":\"https:\/\/portaltela.pt\/s.01k8rhncp4jt1\/2025\/11\/talking-bot-125x125.png\",\"caption\":\"Telinha\"},\"sameAs\":[\"https:\/\/portaltela.pt\/\"],\"url\":\"https:\/\/portaltela.pt\/por\/367410592786\/\"}]}<\/script>\n<!-- \/ Yoast SEO plugin. -->","yoast_head_json":{"title":"Mais de 200 participaram numa vig\u00edlia de apoio aos Bombeiros de Sever do Vouga - Portal Tela Portugal","robots":{"index":"index","follow":"follow","max-snippet":"max-snippet:-1","max-image-preview":"max-image-preview:large","max-video-preview":"max-video-preview:-1"},"og_locale":"pt_PT","og_type":"article","og_title":"Mais de 200 participaram numa vig\u00edlia de apoio aos Bombeiros de Sever do Vouga - Portal Tela Portugal","og_description":"Mais de duzentas pessoas participaram numa vig\u00edlia silenciosa diante do quartel dos Bombeiros Volunt\u00e1rios de Sever do Vouga, com cerca de setenta operacionais presentes, para apoiar o corpo ativo e contestar a dire\u00e7\u00e3o da Associa\u00e7\u00e3o Humanit\u00e1ria. A principal reivindica\u00e7\u00e3o foi a demiss\u00e3o da atual Dire\u00e7\u00e3o, acusada de falhas no apoio \u00e0 corpora\u00e7\u00e3o e nas condi\u00e7\u00f5es dadas aos bombeiros para cumprir a sua miss\u00e3o. Os participantes destacaram que o movimento n\u00e3o teve car\u00e1cter partid\u00e1rio, sendo um gesto c\u00edvico de solidariedade para com quem protege pessoas e bens no concelho. As cr\u00edticas centraram-se na falta de di\u00e1logo entre dire\u00e7\u00e3o e bombeiros, m\u00e1s condi\u00e7\u00f5es de trabalho, manuten\u00e7\u00e3o das viaturas, car\u00eancia de equipamentos e aus\u00eancia de comunica\u00e7\u00e3o com os s\u00f3cios. Muitos defendem que apenas uma nova equipa dirigente poder\u00e1 reconquistar a confian\u00e7a da popula\u00e7\u00e3o e dos bombeiros, e disseram que a autarquia ficou ausente no conflito; a vig\u00edlia terminou sem incidentes.","og_url":"https:\/\/portaltela.pt\/noticias\/2026\/01\/30\/mais-de-200-participaram-numa-vigilia-de-apoio-aos-bombeiros-de-sever-do-vouga\/","og_site_name":"Portal Tela Portugal","article_published_time":"2026-01-31T00:03:35+00:00","author":"Telinha","twitter_card":"summary_large_image","twitter_misc":{"Escrito por":"Telinha","Tempo estimado de leitura":"2 minutos"},"schema":{"@context":"https:\/\/schema.org","@graph":[{"@type":"Article","@id":"https:\/\/portaltela.pt\/noticias\/2026\/01\/30\/mais-de-200-participaram-numa-vigilia-de-apoio-aos-bombeiros-de-sever-do-vouga\/#article","isPartOf":{"@id":"https:\/\/portaltela.pt\/noticias\/2026\/01\/30\/mais-de-200-participaram-numa-vigilia-de-apoio-aos-bombeiros-de-sever-do-vouga\/"},"author":{"name":"Telinha","@id":"https:\/\/portaltela.pt\/#\/schema\/person\/c4278d4a6028830caff9ee44b42d32ed"},"headline":"Mais de 200 participaram numa vig\u00edlia de apoio aos Bombeiros de Sever do Vouga","datePublished":"2026-01-31T00:03:35+00:00","mainEntityOfPage":{"@id":"https:\/\/portaltela.pt\/noticias\/2026\/01\/30\/mais-de-200-participaram-numa-vigilia-de-apoio-aos-bombeiros-de-sever-do-vouga\/"},"wordCount":320,"image":{"@id":"https:\/\/portaltela.pt\/noticias\/2026\/01\/30\/mais-de-200-participaram-numa-vigilia-de-apoio-aos-bombeiros-de-sever-do-vouga\/#primaryimage"},"thumbnailUrl":"https:\/\/portaltela.pt\/s.01k8rhncp4jt1\/2026\/01\/unnamed-file-6228.jpg","keywords":["Assuntos Sociais","Bombeiros Volunt\u00e1rios","comunidade","protestos","seguran\u00e7a p\u00fablica"],"articleSection":["Not\u00edcias"],"inLanguage":"pt-PT"},{"@type":"WebPage","@id":"https:\/\/portaltela.pt\/noticias\/2026\/01\/30\/mais-de-200-participaram-numa-vigilia-de-apoio-aos-bombeiros-de-sever-do-vouga\/","url":"https:\/\/portaltela.pt\/noticias\/2026\/01\/30\/mais-de-200-participaram-numa-vigilia-de-apoio-aos-bombeiros-de-sever-do-vouga\/","name":"Mais de 200 participaram numa vig\u00edlia de apoio aos Bombeiros de Sever do Vouga - Portal Tela Portugal","isPartOf":{"@id":"https:\/\/portaltela.pt\/#website"},"primaryImageOfPage":{"@id":"https:\/\/portaltela.pt\/noticias\/2026\/01\/30\/mais-de-200-participaram-numa-vigilia-de-apoio-aos-bombeiros-de-sever-do-vouga\/#primaryimage"},"image":{"@id":"https:\/\/portaltela.pt\/noticias\/2026\/01\/30\/mais-de-200-participaram-numa-vigilia-de-apoio-aos-bombeiros-de-sever-do-vouga\/#primaryimage"},"thumbnailUrl":"https:\/\/portaltela.pt\/s.01k8rhncp4jt1\/2026\/01\/unnamed-file-6228.jpg","datePublished":"2026-01-31T00:03:35+00:00","author":{"@id":"https:\/\/portaltela.pt\/#\/schema\/person\/c4278d4a6028830caff9ee44b42d32ed"},"breadcrumb":{"@id":"https:\/\/portaltela.pt\/noticias\/2026\/01\/30\/mais-de-200-participaram-numa-vigilia-de-apoio-aos-bombeiros-de-sever-do-vouga\/#breadcrumb"},"inLanguage":"pt-PT","potentialAction":[{"@type":"ReadAction","target":["https:\/\/portaltela.pt\/noticias\/2026\/01\/30\/mais-de-200-participaram-numa-vigilia-de-apoio-aos-bombeiros-de-sever-do-vouga\/"]}]},{"@type":"ImageObject","inLanguage":"pt-PT","@id":"https:\/\/portaltela.pt\/noticias\/2026\/01\/30\/mais-de-200-participaram-numa-vigilia-de-apoio-aos-bombeiros-de-sever-do-vouga\/#primaryimage","url":"https:\/\/portaltela.pt\/s.01k8rhncp4jt1\/2026\/01\/unnamed-file-6228.jpg","contentUrl":"https:\/\/portaltela.pt\/s.01k8rhncp4jt1\/2026\/01\/unnamed-file-6228.jpg","width":796,"height":448,"caption":"Mais de 200 pessoas participaram em vig\u00edlia silenciosa em apoio aos Bombeiros Volunt\u00e1rios de Sever do Vouga"},{"@type":"BreadcrumbList","@id":"https:\/\/portaltela.pt\/noticias\/2026\/01\/30\/mais-de-200-participaram-numa-vigilia-de-apoio-aos-bombeiros-de-sever-do-vouga\/#breadcrumb","itemListElement":[{"@type":"ListItem","position":1,"name":"In\u00edcio","item":"https:\/\/portaltela.pt\/"},{"@type":"ListItem","position":2,"name":"Mais de 200 participaram numa vig\u00edlia de apoio aos Bombeiros de Sever do Vouga"}]},{"@type":"WebSite","@id":"https:\/\/portaltela.pt\/#website","url":"https:\/\/portaltela.pt\/","name":"Portal Tela Portugal","description":"","potentialAction":[{"@type":"SearchAction","target":{"@type":"EntryPoint","urlTemplate":"https:\/\/portaltela.pt\/?s={search_term_string}"},"query-input":{"@type":"PropertyValueSpecification","valueRequired":true,"valueName":"search_term_string"}}],"inLanguage":"pt-PT"},{"@type":"Person","@id":"https:\/\/portaltela.pt\/#\/schema\/person\/c4278d4a6028830caff9ee44b42d32ed","name":"Telinha","image":{"@type":"ImageObject","inLanguage":"pt-PT","@id":"https:\/\/portaltela.pt\/s.01k8rhncp4jt1\/2025\/11\/talking-bot-125x125.png","url":"https:\/\/portaltela.pt\/s.01k8rhncp4jt1\/2025\/11\/talking-bot-125x125.png","contentUrl":"https:\/\/portaltela.pt\/s.01k8rhncp4jt1\/2025\/11\/talking-bot-125x125.png","caption":"Telinha"},"sameAs":["https:\/\/portaltela.pt\/"],"url":"https:\/\/portaltela.pt\/por\/367410592786\/"}]}},"_links":{"self":[{"href":"https:\/\/portaltela.pt\/api\/wp\/v2\/posts\/185815","targetHints":{"allow":["GET"]}}],"collection":[{"href":"https:\/\/portaltela.pt\/api\/wp\/v2\/posts"}],"about":[{"href":"https:\/\/portaltela.pt\/api\/wp\/v2\/types\/post"}],"author":[{"embeddable":true,"href":"https:\/\/portaltela.pt\/api\/wp\/v2\/users\/2"}],"replies":[{"embeddable":true,"href":"https:\/\/portaltela.pt\/api\/wp\/v2\/comments?post=185815"}],"version-history":[{"count":0,"href":"https:\/\/portaltela.pt\/api\/wp\/v2\/posts\/185815\/revisions"}],"wp:featuredmedia":[{"embeddable":true,"href":"https:\/\/portaltela.pt\/api\/wp\/v2\/media\/185825"}],"wp:attachment":[{"href":"https:\/\/portaltela.pt\/api\/wp\/v2\/media?parent=185815"}],"wp:term":[{"taxonomy":"category","embeddable":true,"href":"https:\/\/portaltela.pt\/api\/wp\/v2\/categories?post=185815"},{"taxonomy":"post_tag","embeddable":true,"href":"https:\/\/portaltela.pt\/api\/wp\/v2\/tags?post=185815"}],"curies":[{"name":"wp","href":"https:\/\/api.w.org\/{rel}","templated":true}]}}