{"id":185734,"date":"2026-01-30T20:13:18","date_gmt":"2026-01-30T23:13:18","guid":{"rendered":"https:\/\/portaltela.pt\/noticias\/2026\/01\/30\/guimaraes-celebra-dia-mundial-do-lupus-com-conferencia-e-exposicoes\/"},"modified":"2026-01-30T20:13:18","modified_gmt":"2026-01-30T23:13:18","slug":"guimaraes-celebra-dia-mundial-do-lupus-com-conferencia-e-exposicoes","status":"publish","type":"post","link":"https:\/\/portaltela.pt\/noticias\/2026\/01\/30\/guimaraes-celebra-dia-mundial-do-lupus-com-conferencia-e-exposicoes\/","title":{"rendered":"Guimar\u00e3es celebra Dia Mundial do L\u00fapus com confer\u00eancia e exposi\u00e7\u00f5es"},"content":{"rendered":"<p>Guimar\u00e3es celebra o Dia Mundial do L\u00fapus com uma confer\u00eancia e uma exposi\u00e7\u00e3o. A iniciativa envolve a psic\u00f3loga Sofia Silva Ribeiro, a C\u00e2mara Municipal de Guimar\u00e3es e a Associa\u00e7\u00e3o de Doentes com L\u00fapus. O objetivo \u00e9 sensibilizar a comunidade para a doen\u00e7a e a vida com L\u00fapus.<\/p>\n<p>A exposi\u00e7\u00e3o (Re)Tratar o L\u00fapus inaugura a 10 de maio nos Claustros do Edif\u00edcio sede da C\u00e2mara Municipal de Guimar\u00e3es e fica patente at\u00e9 10 de junho. Inclui obras da pintora Helena Lobato, da cole\u00e7\u00e3o Imperfei\u00e7\u00f5es, e apresenta os trabalhos vencedores do concurso associado.<\/p>\n<p>A confer\u00eancia Encontro L\u00fapus acontecer\u00e1 a 13 de maio, na Biblioteca Municipal Raul Brand\u00e3o. Profissionais de sa\u00fade v\u00e3o falar sobre temas que melhoram a qualidade de vida dos doentes. A participa\u00e7\u00e3o \u00e9 gratuita, com inscri\u00e7\u00e3o obrigat\u00f3ria.<\/p>\n<h3>Detalhes da exposi\u00e7\u00e3o<\/h3>\n<p>As obras de Helena Lobato destacam a experi\u00eancia de viver com L\u00fapus, com foco na sensibiliza\u00e7\u00e3o da comunidade. A mostra re\u00fane tamb\u00e9m trabalhos premiados do concurso, envolvendo artistas e pessoas com L\u00fapus.<\/p>\n<h3>Detalhes da confer\u00eancia<\/h3>\n<p>O encontro re\u00fane especialistas para debater cuidados de sa\u00fade, terapias e estrat\u00e9gias de apoio. O evento \u00e9 aberto a familiares e amigos, al\u00e9m dos pr\u00f3prios doentes, que poder\u00e3o esclarecer d\u00favidas e receber informa\u00e7\u00f5es pr\u00e1ticas.<\/p>\n<p>O L\u00fapus \u00e9 uma doen\u00e7a cr\u00f3nica autoimune que provoca crises e pode afetar pele, articula\u00e7\u00f5es e \u00f3rg\u00e3os. Atinge principalmente mulheres jovens e estima-se que atinja entre 7 a 10 mil pessoas em Portugal.<\/p>\n<p>Para inscri\u00e7\u00f5es e mais informa\u00e7\u00f5es, \u00e9 poss\u00edvel consultar o site indicado pela organiza\u00e7\u00e3o. A not\u00edcia n\u00e3o reproduz links, mantendo-se apenas a indica\u00e7\u00e3o de onde se pode obter a informa\u00e7\u00e3o.<\/p>\n","protected":false},"excerpt":{"rendered":"<p>\u2022<\/p>\n<p>Para celebrar o Dia Mundial do L\u00fapus, em Guimar\u00e3es, a psic\u00f3loga Sofia Silva Ribeiro, em parceria com a C\u00e2mara Municipal de Guimar\u00e3es e a Associa\u00e7\u00e3o de Doentes com L\u00fapus, organiza uma confer\u00eancia e uma exposi\u00e7\u00e3o de pinturas.<\/p>\n<p>\u2022<\/p>\n<p>A exposi\u00e7\u00e3o &#8220;(Re)Tratar o L\u00fapus&#8221; inaugura a  dez de maio nos Claustros do Edif\u00edcio-sede da C\u00e2mara Municipal de Guimar\u00e3es e fica patente at\u00e9  dez de junho, com obras da pintora Helena Lobato, da cole\u00e7\u00e3o Imperfei\u00e7\u00f5es.<\/p>\n<p>\u2022<\/p>\n<p>Na exposi\u00e7\u00e3o tamb\u00e9m estar\u00e3o as obras vencedoras do concurso &#8220;(Re)Tratar o L\u00fapus&#8221;, com participa\u00e7\u00e3o de artistas e de pessoas com l\u00fapus.<\/p>\n<p>\u2022<\/p>\n<p>A confer\u00eancia &#8220;Encontro L\u00fapus&#8221; \u00e9 gratuita, mas requer inscri\u00e7\u00e3o obrigat\u00f3ria, e realiza-se no s\u00e1bado,  treze de maio, na Biblioteca Municipal Raul Brand\u00e3o, aberta a familiares e amigos.<\/p>\n<p>\u2022<\/p>\n<p>O l\u00fapus \u00e9 uma doen\u00e7a cr\u00f3nica inflamat\u00f3ria autoimune que pode afetar pele, tend\u00f5es, articula\u00e7\u00f5es e outros \u00f3rg\u00e3os, com maior incid\u00eancia em mulheres jovens; estima-se que afete entre sete e dez mil pessoas em Portugal.<\/p>\n","protected":false},"author":2,"featured_media":185744,"comment_status":"closed","ping_status":"closed","sticky":false,"template":"","format":"standard","meta":{"footnotes":""},"categories":[1],"tags":[679,1650,3639,1397,1014,172],"class_list":["post-185734","post","type-post","status-publish","format-standard","has-post-thumbnail","hentry","category-noticias","tag-associacoes","tag-conferencia","tag-doentes-cronicos","tag-exposicoes","tag-portugal","tag-saude"],"yoast_head":"<!-- This site is optimized with the Yoast SEO plugin v27.2 - https:\/\/yoast.com\/product\/yoast-seo-wordpress\/ -->\n<title>Guimar\u00e3es celebra Dia Mundial do L\u00fapus com confer\u00eancia e exposi\u00e7\u00f5es - Portal Tela Portugal<\/title>\n<meta name=\"robots\" content=\"index, follow, max-snippet:-1, max-image-preview:large, max-video-preview:-1\" \/>\n<meta property=\"og:locale\" content=\"pt_PT\" \/>\n<meta property=\"og:type\" content=\"article\" \/>\n<meta property=\"og:title\" content=\"Guimar\u00e3es celebra Dia Mundial do L\u00fapus com confer\u00eancia e exposi\u00e7\u00f5es - Portal Tela Portugal\" \/>\n<meta property=\"og:description\" content=\"\u2022 Para celebrar o Dia Mundial do L\u00fapus, em Guimar\u00e3es, a psic\u00f3loga Sofia Silva Ribeiro, em parceria com a C\u00e2mara Municipal de Guimar\u00e3es e a Associa\u00e7\u00e3o de Doentes com L\u00fapus, organiza uma confer\u00eancia e uma exposi\u00e7\u00e3o de pinturas. \u2022 A exposi\u00e7\u00e3o &quot;(Re)Tratar o L\u00fapus&quot; inaugura a dez de maio nos Claustros do Edif\u00edcio-sede da C\u00e2mara Municipal de Guimar\u00e3es e fica patente at\u00e9 dez de junho, com obras da pintora Helena Lobato, da cole\u00e7\u00e3o Imperfei\u00e7\u00f5es. \u2022 Na exposi\u00e7\u00e3o tamb\u00e9m estar\u00e3o as obras vencedoras do concurso &quot;(Re)Tratar o L\u00fapus&quot;, com participa\u00e7\u00e3o de artistas e de pessoas com l\u00fapus. \u2022 A confer\u00eancia &quot;Encontro L\u00fapus&quot; \u00e9 gratuita, mas requer inscri\u00e7\u00e3o obrigat\u00f3ria, e realiza-se no s\u00e1bado, treze de maio, na Biblioteca Municipal Raul Brand\u00e3o, aberta a familiares e amigos. \u2022 O l\u00fapus \u00e9 uma doen\u00e7a cr\u00f3nica inflamat\u00f3ria autoimune que pode afetar pele, tend\u00f5es, articula\u00e7\u00f5es e outros \u00f3rg\u00e3os, com maior incid\u00eancia em mulheres jovens; estima-se que afete entre sete e dez mil pessoas em Portugal.\" \/>\n<meta property=\"og:url\" content=\"https:\/\/portaltela.pt\/noticias\/2026\/01\/30\/guimaraes-celebra-dia-mundial-do-lupus-com-conferencia-e-exposicoes\/\" \/>\n<meta property=\"og:site_name\" content=\"Portal Tela Portugal\" \/>\n<meta property=\"article:published_time\" content=\"2026-01-30T23:13:18+00:00\" \/>\n<meta name=\"author\" content=\"Telinha\" \/>\n<meta name=\"twitter:card\" content=\"summary_large_image\" \/>\n<meta name=\"twitter:label1\" content=\"Escrito por\" \/>\n\t<meta name=\"twitter:data1\" content=\"Telinha\" \/>\n\t<meta name=\"twitter:label2\" content=\"Tempo estimado de leitura\" \/>\n\t<meta name=\"twitter:data2\" content=\"2 minutos\" \/>\n<script type=\"application\/ld+json\" class=\"yoast-schema-graph\">{\"@context\":\"https:\/\/schema.org\",\"@graph\":[{\"@type\":\"Article\",\"@id\":\"https:\/\/portaltela.pt\/noticias\/2026\/01\/30\/guimaraes-celebra-dia-mundial-do-lupus-com-conferencia-e-exposicoes\/#article\",\"isPartOf\":{\"@id\":\"https:\/\/portaltela.pt\/noticias\/2026\/01\/30\/guimaraes-celebra-dia-mundial-do-lupus-com-conferencia-e-exposicoes\/\"},\"author\":{\"name\":\"Telinha\",\"@id\":\"https:\/\/portaltela.pt\/#\/schema\/person\/c4278d4a6028830caff9ee44b42d32ed\"},\"headline\":\"Guimar\u00e3es celebra Dia Mundial do L\u00fapus com confer\u00eancia e exposi\u00e7\u00f5es\",\"datePublished\":\"2026-01-30T23:13:18+00:00\",\"mainEntityOfPage\":{\"@id\":\"https:\/\/portaltela.pt\/noticias\/2026\/01\/30\/guimaraes-celebra-dia-mundial-do-lupus-com-conferencia-e-exposicoes\/\"},\"wordCount\":322,\"image\":{\"@id\":\"https:\/\/portaltela.pt\/noticias\/2026\/01\/30\/guimaraes-celebra-dia-mundial-do-lupus-com-conferencia-e-exposicoes\/#primaryimage\"},\"thumbnailUrl\":\"https:\/\/portaltela.pt\/s.01k8rhncp4jt1\/2026\/01\/unnamed-file-6219.jpg\",\"keywords\":[\"associa\u00e7\u00f5es\",\"confer\u00eancia\",\"doentes cr\u00f3nicos\",\"exposi\u00e7\u00f5es\",\"Portugal\",\"sa\u00fade\"],\"articleSection\":[\"Not\u00edcias\"],\"inLanguage\":\"pt-PT\"},{\"@type\":\"WebPage\",\"@id\":\"https:\/\/portaltela.pt\/noticias\/2026\/01\/30\/guimaraes-celebra-dia-mundial-do-lupus-com-conferencia-e-exposicoes\/\",\"url\":\"https:\/\/portaltela.pt\/noticias\/2026\/01\/30\/guimaraes-celebra-dia-mundial-do-lupus-com-conferencia-e-exposicoes\/\",\"name\":\"Guimar\u00e3es celebra Dia Mundial do L\u00fapus com confer\u00eancia e exposi\u00e7\u00f5es - Portal Tela Portugal\",\"isPartOf\":{\"@id\":\"https:\/\/portaltela.pt\/#website\"},\"primaryImageOfPage\":{\"@id\":\"https:\/\/portaltela.pt\/noticias\/2026\/01\/30\/guimaraes-celebra-dia-mundial-do-lupus-com-conferencia-e-exposicoes\/#primaryimage\"},\"image\":{\"@id\":\"https:\/\/portaltela.pt\/noticias\/2026\/01\/30\/guimaraes-celebra-dia-mundial-do-lupus-com-conferencia-e-exposicoes\/#primaryimage\"},\"thumbnailUrl\":\"https:\/\/portaltela.pt\/s.01k8rhncp4jt1\/2026\/01\/unnamed-file-6219.jpg\",\"datePublished\":\"2026-01-30T23:13:18+00:00\",\"author\":{\"@id\":\"https:\/\/portaltela.pt\/#\/schema\/person\/c4278d4a6028830caff9ee44b42d32ed\"},\"breadcrumb\":{\"@id\":\"https:\/\/portaltela.pt\/noticias\/2026\/01\/30\/guimaraes-celebra-dia-mundial-do-lupus-com-conferencia-e-exposicoes\/#breadcrumb\"},\"inLanguage\":\"pt-PT\",\"potentialAction\":[{\"@type\":\"ReadAction\",\"target\":[\"https:\/\/portaltela.pt\/noticias\/2026\/01\/30\/guimaraes-celebra-dia-mundial-do-lupus-com-conferencia-e-exposicoes\/\"]}]},{\"@type\":\"ImageObject\",\"inLanguage\":\"pt-PT\",\"@id\":\"https:\/\/portaltela.pt\/noticias\/2026\/01\/30\/guimaraes-celebra-dia-mundial-do-lupus-com-conferencia-e-exposicoes\/#primaryimage\",\"url\":\"https:\/\/portaltela.pt\/s.01k8rhncp4jt1\/2026\/01\/unnamed-file-6219.jpg\",\"contentUrl\":\"https:\/\/portaltela.pt\/s.01k8rhncp4jt1\/2026\/01\/unnamed-file-6219.jpg\",\"width\":796,\"height\":448,\"caption\":\"Guimar\u00e3es celebra Dia Mundial do L\u00fapus com confer\u00eancia e exposi\u00e7\u00f5es\"},{\"@type\":\"BreadcrumbList\",\"@id\":\"https:\/\/portaltela.pt\/noticias\/2026\/01\/30\/guimaraes-celebra-dia-mundial-do-lupus-com-conferencia-e-exposicoes\/#breadcrumb\",\"itemListElement\":[{\"@type\":\"ListItem\",\"position\":1,\"name\":\"In\u00edcio\",\"item\":\"https:\/\/portaltela.pt\/\"},{\"@type\":\"ListItem\",\"position\":2,\"name\":\"Guimar\u00e3es celebra Dia Mundial do L\u00fapus com confer\u00eancia e exposi\u00e7\u00f5es\"}]},{\"@type\":\"WebSite\",\"@id\":\"https:\/\/portaltela.pt\/#website\",\"url\":\"https:\/\/portaltela.pt\/\",\"name\":\"Portal Tela Portugal\",\"description\":\"\",\"potentialAction\":[{\"@type\":\"SearchAction\",\"target\":{\"@type\":\"EntryPoint\",\"urlTemplate\":\"https:\/\/portaltela.pt\/?s={search_term_string}\"},\"query-input\":{\"@type\":\"PropertyValueSpecification\",\"valueRequired\":true,\"valueName\":\"search_term_string\"}}],\"inLanguage\":\"pt-PT\"},{\"@type\":\"Person\",\"@id\":\"https:\/\/portaltela.pt\/#\/schema\/person\/c4278d4a6028830caff9ee44b42d32ed\",\"name\":\"Telinha\",\"image\":{\"@type\":\"ImageObject\",\"inLanguage\":\"pt-PT\",\"@id\":\"https:\/\/portaltela.pt\/s.01k8rhncp4jt1\/2025\/11\/talking-bot-125x125.png\",\"url\":\"https:\/\/portaltela.pt\/s.01k8rhncp4jt1\/2025\/11\/talking-bot-125x125.png\",\"contentUrl\":\"https:\/\/portaltela.pt\/s.01k8rhncp4jt1\/2025\/11\/talking-bot-125x125.png\",\"caption\":\"Telinha\"},\"sameAs\":[\"https:\/\/portaltela.pt\/\"],\"url\":\"https:\/\/portaltela.pt\/por\/367410592786\/\"}]}<\/script>\n<!-- \/ Yoast SEO plugin. -->","yoast_head_json":{"title":"Guimar\u00e3es celebra Dia Mundial do L\u00fapus com confer\u00eancia e exposi\u00e7\u00f5es - Portal Tela Portugal","robots":{"index":"index","follow":"follow","max-snippet":"max-snippet:-1","max-image-preview":"max-image-preview:large","max-video-preview":"max-video-preview:-1"},"og_locale":"pt_PT","og_type":"article","og_title":"Guimar\u00e3es celebra Dia Mundial do L\u00fapus com confer\u00eancia e exposi\u00e7\u00f5es - Portal Tela Portugal","og_description":"\u2022 Para celebrar o Dia Mundial do L\u00fapus, em Guimar\u00e3es, a psic\u00f3loga Sofia Silva Ribeiro, em parceria com a C\u00e2mara Municipal de Guimar\u00e3es e a Associa\u00e7\u00e3o de Doentes com L\u00fapus, organiza uma confer\u00eancia e uma exposi\u00e7\u00e3o de pinturas. \u2022 A exposi\u00e7\u00e3o \"(Re)Tratar o L\u00fapus\" inaugura a dez de maio nos Claustros do Edif\u00edcio-sede da C\u00e2mara Municipal de Guimar\u00e3es e fica patente at\u00e9 dez de junho, com obras da pintora Helena Lobato, da cole\u00e7\u00e3o Imperfei\u00e7\u00f5es. \u2022 Na exposi\u00e7\u00e3o tamb\u00e9m estar\u00e3o as obras vencedoras do concurso \"(Re)Tratar o L\u00fapus\", com participa\u00e7\u00e3o de artistas e de pessoas com l\u00fapus. \u2022 A confer\u00eancia \"Encontro L\u00fapus\" \u00e9 gratuita, mas requer inscri\u00e7\u00e3o obrigat\u00f3ria, e realiza-se no s\u00e1bado, treze de maio, na Biblioteca Municipal Raul Brand\u00e3o, aberta a familiares e amigos. \u2022 O l\u00fapus \u00e9 uma doen\u00e7a cr\u00f3nica inflamat\u00f3ria autoimune que pode afetar pele, tend\u00f5es, articula\u00e7\u00f5es e outros \u00f3rg\u00e3os, com maior incid\u00eancia em mulheres jovens; estima-se que afete entre sete e dez mil pessoas em Portugal.","og_url":"https:\/\/portaltela.pt\/noticias\/2026\/01\/30\/guimaraes-celebra-dia-mundial-do-lupus-com-conferencia-e-exposicoes\/","og_site_name":"Portal Tela Portugal","article_published_time":"2026-01-30T23:13:18+00:00","author":"Telinha","twitter_card":"summary_large_image","twitter_misc":{"Escrito por":"Telinha","Tempo estimado de leitura":"2 minutos"},"schema":{"@context":"https:\/\/schema.org","@graph":[{"@type":"Article","@id":"https:\/\/portaltela.pt\/noticias\/2026\/01\/30\/guimaraes-celebra-dia-mundial-do-lupus-com-conferencia-e-exposicoes\/#article","isPartOf":{"@id":"https:\/\/portaltela.pt\/noticias\/2026\/01\/30\/guimaraes-celebra-dia-mundial-do-lupus-com-conferencia-e-exposicoes\/"},"author":{"name":"Telinha","@id":"https:\/\/portaltela.pt\/#\/schema\/person\/c4278d4a6028830caff9ee44b42d32ed"},"headline":"Guimar\u00e3es celebra Dia Mundial do L\u00fapus com confer\u00eancia e exposi\u00e7\u00f5es","datePublished":"2026-01-30T23:13:18+00:00","mainEntityOfPage":{"@id":"https:\/\/portaltela.pt\/noticias\/2026\/01\/30\/guimaraes-celebra-dia-mundial-do-lupus-com-conferencia-e-exposicoes\/"},"wordCount":322,"image":{"@id":"https:\/\/portaltela.pt\/noticias\/2026\/01\/30\/guimaraes-celebra-dia-mundial-do-lupus-com-conferencia-e-exposicoes\/#primaryimage"},"thumbnailUrl":"https:\/\/portaltela.pt\/s.01k8rhncp4jt1\/2026\/01\/unnamed-file-6219.jpg","keywords":["associa\u00e7\u00f5es","confer\u00eancia","doentes cr\u00f3nicos","exposi\u00e7\u00f5es","Portugal","sa\u00fade"],"articleSection":["Not\u00edcias"],"inLanguage":"pt-PT"},{"@type":"WebPage","@id":"https:\/\/portaltela.pt\/noticias\/2026\/01\/30\/guimaraes-celebra-dia-mundial-do-lupus-com-conferencia-e-exposicoes\/","url":"https:\/\/portaltela.pt\/noticias\/2026\/01\/30\/guimaraes-celebra-dia-mundial-do-lupus-com-conferencia-e-exposicoes\/","name":"Guimar\u00e3es celebra Dia Mundial do L\u00fapus com confer\u00eancia e exposi\u00e7\u00f5es - Portal Tela Portugal","isPartOf":{"@id":"https:\/\/portaltela.pt\/#website"},"primaryImageOfPage":{"@id":"https:\/\/portaltela.pt\/noticias\/2026\/01\/30\/guimaraes-celebra-dia-mundial-do-lupus-com-conferencia-e-exposicoes\/#primaryimage"},"image":{"@id":"https:\/\/portaltela.pt\/noticias\/2026\/01\/30\/guimaraes-celebra-dia-mundial-do-lupus-com-conferencia-e-exposicoes\/#primaryimage"},"thumbnailUrl":"https:\/\/portaltela.pt\/s.01k8rhncp4jt1\/2026\/01\/unnamed-file-6219.jpg","datePublished":"2026-01-30T23:13:18+00:00","author":{"@id":"https:\/\/portaltela.pt\/#\/schema\/person\/c4278d4a6028830caff9ee44b42d32ed"},"breadcrumb":{"@id":"https:\/\/portaltela.pt\/noticias\/2026\/01\/30\/guimaraes-celebra-dia-mundial-do-lupus-com-conferencia-e-exposicoes\/#breadcrumb"},"inLanguage":"pt-PT","potentialAction":[{"@type":"ReadAction","target":["https:\/\/portaltela.pt\/noticias\/2026\/01\/30\/guimaraes-celebra-dia-mundial-do-lupus-com-conferencia-e-exposicoes\/"]}]},{"@type":"ImageObject","inLanguage":"pt-PT","@id":"https:\/\/portaltela.pt\/noticias\/2026\/01\/30\/guimaraes-celebra-dia-mundial-do-lupus-com-conferencia-e-exposicoes\/#primaryimage","url":"https:\/\/portaltela.pt\/s.01k8rhncp4jt1\/2026\/01\/unnamed-file-6219.jpg","contentUrl":"https:\/\/portaltela.pt\/s.01k8rhncp4jt1\/2026\/01\/unnamed-file-6219.jpg","width":796,"height":448,"caption":"Guimar\u00e3es celebra Dia Mundial do L\u00fapus com confer\u00eancia e exposi\u00e7\u00f5es"},{"@type":"BreadcrumbList","@id":"https:\/\/portaltela.pt\/noticias\/2026\/01\/30\/guimaraes-celebra-dia-mundial-do-lupus-com-conferencia-e-exposicoes\/#breadcrumb","itemListElement":[{"@type":"ListItem","position":1,"name":"In\u00edcio","item":"https:\/\/portaltela.pt\/"},{"@type":"ListItem","position":2,"name":"Guimar\u00e3es celebra Dia Mundial do L\u00fapus com confer\u00eancia e exposi\u00e7\u00f5es"}]},{"@type":"WebSite","@id":"https:\/\/portaltela.pt\/#website","url":"https:\/\/portaltela.pt\/","name":"Portal Tela Portugal","description":"","potentialAction":[{"@type":"SearchAction","target":{"@type":"EntryPoint","urlTemplate":"https:\/\/portaltela.pt\/?s={search_term_string}"},"query-input":{"@type":"PropertyValueSpecification","valueRequired":true,"valueName":"search_term_string"}}],"inLanguage":"pt-PT"},{"@type":"Person","@id":"https:\/\/portaltela.pt\/#\/schema\/person\/c4278d4a6028830caff9ee44b42d32ed","name":"Telinha","image":{"@type":"ImageObject","inLanguage":"pt-PT","@id":"https:\/\/portaltela.pt\/s.01k8rhncp4jt1\/2025\/11\/talking-bot-125x125.png","url":"https:\/\/portaltela.pt\/s.01k8rhncp4jt1\/2025\/11\/talking-bot-125x125.png","contentUrl":"https:\/\/portaltela.pt\/s.01k8rhncp4jt1\/2025\/11\/talking-bot-125x125.png","caption":"Telinha"},"sameAs":["https:\/\/portaltela.pt\/"],"url":"https:\/\/portaltela.pt\/por\/367410592786\/"}]}},"_links":{"self":[{"href":"https:\/\/portaltela.pt\/api\/wp\/v2\/posts\/185734","targetHints":{"allow":["GET"]}}],"collection":[{"href":"https:\/\/portaltela.pt\/api\/wp\/v2\/posts"}],"about":[{"href":"https:\/\/portaltela.pt\/api\/wp\/v2\/types\/post"}],"author":[{"embeddable":true,"href":"https:\/\/portaltela.pt\/api\/wp\/v2\/users\/2"}],"replies":[{"embeddable":true,"href":"https:\/\/portaltela.pt\/api\/wp\/v2\/comments?post=185734"}],"version-history":[{"count":0,"href":"https:\/\/portaltela.pt\/api\/wp\/v2\/posts\/185734\/revisions"}],"wp:featuredmedia":[{"embeddable":true,"href":"https:\/\/portaltela.pt\/api\/wp\/v2\/media\/185744"}],"wp:attachment":[{"href":"https:\/\/portaltela.pt\/api\/wp\/v2\/media?parent=185734"}],"wp:term":[{"taxonomy":"category","embeddable":true,"href":"https:\/\/portaltela.pt\/api\/wp\/v2\/categories?post=185734"},{"taxonomy":"post_tag","embeddable":true,"href":"https:\/\/portaltela.pt\/api\/wp\/v2\/tags?post=185734"}],"curies":[{"name":"wp","href":"https:\/\/api.w.org\/{rel}","templated":true}]}}