{"id":185641,"date":"2026-01-30T19:17:00","date_gmt":"2026-01-30T22:17:00","guid":{"rendered":"https:\/\/portaltela.pt\/noticias\/2026\/01\/30\/cinema-de-joao-canijo-e-retratado-como-espelho-brutal-da-dor\/"},"modified":"2026-01-30T19:17:00","modified_gmt":"2026-01-30T22:17:00","slug":"cinema-de-joao-canijo-e-retratado-como-espelho-brutal-da-dor","status":"publish","type":"post","link":"https:\/\/portaltela.pt\/noticias\/2026\/01\/30\/cinema-de-joao-canijo-e-retratado-como-espelho-brutal-da-dor\/","title":{"rendered":"Cinema de Jo\u00e3o Canijo \u00e9 retratado como espelho brutal da dor"},"content":{"rendered":"<p>Jo\u00e3o Canijo, cineasta de uma carreira marcada pela imposi\u00e7\u00e3o de uma verdade inc\u00f4moda, foi encontrado morto na tarde de 29 de janeiro de 2026, na sua casa em Vila Vi\u00e7osa. Tinha 68 anos e houve um ataque card\u00edaco s\u00fabito, segundo informa\u00e7\u00e3o j\u00e1 confirmada pela fam\u00edlia.<\/p>\n<p>O cinema de Canijo \u00e9 descrito como uma cl\u00ednica do desespero, onde a sala de rodagem funciona como um espa\u00e7o de confronto com a realidade. Entre as obras marcantes, destacam-se Sangue do meu sangue (2011) e o d\u00edptico Mal viver\/Viver mal (2023), premiado em Berlim com o Urso de Prata.<\/p>\n<h3>O legado e os trabalhos finais<\/h3>\n<p>De acordo com relatos da equipa, Canijo mantinha um m\u00e9todo de imers\u00e3o: longos per\u00edodos de conviv\u00eancia com atores, di\u00e1logo improvisado e uma edi\u00e7\u00e3o que extrai a ess\u00eancia das emo\u00e7\u00f5es mais cruas. O objetivo era mostrar a fragilidade humana sem filtros, numa leitura est\u00e9tica que mistura drama, document\u00e1rio e teatro.<\/p>\n<p>Dois filmes j\u00e1 est\u00e3o conclu\u00eddos e em p\u00f3s-produ\u00e7\u00e3o, refletindo o seu modo de trabalho. Encena\u00e7\u00e3o, rodado em Lisboa no ver\u00e3o de 2025, tem Miguel Guilherme como protagonista. As Ucranianas agrega material de Encena\u00e7\u00e3o e dever\u00e1 estrear em festivais internacionais ainda este ano ou em 2027.<\/p>\n<h3>Rea\u00e7\u00e3o p\u00fablica e contexto<\/h3>\n<p>A not\u00edcia da morte suscitou pesar p\u00fablico, com o Presidente da Rep\u00fablica a sublinhar a perda de uma voz singular na cultura portuguesa. Em termos de legado, o cinema de Canijo \u00e9 frequentemente citado como um retrato intenso de temas como mis\u00e9ria, emigra\u00e7\u00e3o e viol\u00eancia, sempre em registo que oscila entre melodrama, documental e teatral.<\/p>\n<p>Canijo deixa uma mem\u00f3ria de que a arte pode exigir sacr\u00edficio pessoal para revelar a verdade das pessoas, com uma linha est\u00e9tica que privilegia a proximidade f\u00edsica como meio de explorar a dist\u00e2ncia emocional.<\/p>\n","protected":false},"excerpt":{"rendered":"<ul>\n<li>O cineasta Jo\u00e3o Canijo, 68 anos, foi encontrado morto a 29 de janeiro de 2026 na sua casa em Vila Vi\u00e7osa, v\u00edtima de um ataque card\u00edaco s\u00fabito.<\/li>\n<li>O seu cinema \u00e9 descrito como um confronto f\u00edsico com a verdade, uma \u201ccl\u00ednica do desespero\u201d que exp\u00f5e as rela\u00e7\u00f5es humanas sem privilegiar o entretenimento.<\/li>\n<li>O ep\u00edlogo desse registro est\u00e1 em \u201cMal viver\/Viver mal\u201d (2023), premiado com o Urso de Prata em Berlim, onde a dor \u00e9 explorada a partir de dualidades entre intimidade e claustrofobia.<\/li>\n<li>Dois filmes j\u00e1 rodados est\u00e3o em p\u00f3s-produ\u00e7\u00e3o: \u201cEncena\u00e7\u00e3o\u201d, rodado em Lisboa em 2025, com Miguel Guilherme; e \u201cAs Ucranianas\u201d, derivado do espet\u00e1culo de teatro filmado dentro de Encena\u00e7\u00e3o.<\/li>\n<li>A rea\u00e7\u00e3o do p\u00fablico incluiu o reconhecimento do Presidente da Rep\u00fablica, Marcelo Rebelo de Sousa, que destacou Canijo como uma voz singular que filmava a mis\u00e9ria, a emigra\u00e7\u00e3o e a viol\u00eancia de Portugal.<\/li>\n<\/ul>\n","protected":false},"author":2,"featured_media":185654,"comment_status":"closed","ping_status":"closed","sticky":false,"template":"","format":"standard","meta":{"footnotes":""},"categories":[1],"tags":[112,145,196,902,4775,939],"class_list":["post-185641","post","type-post","status-publish","format-standard","has-post-thumbnail","hentry","category-noticias","tag-cinema","tag-cultura","tag-documentarios","tag-emigracao","tag-encenacao","tag-violencia"],"yoast_head":"<!-- This site is optimized with the Yoast SEO plugin v27.2 - https:\/\/yoast.com\/product\/yoast-seo-wordpress\/ -->\n<title>Cinema de Jo\u00e3o Canijo \u00e9 retratado como espelho brutal da dor - Portal Tela Portugal<\/title>\n<meta name=\"robots\" content=\"index, follow, max-snippet:-1, max-image-preview:large, max-video-preview:-1\" \/>\n<meta property=\"og:locale\" content=\"pt_PT\" \/>\n<meta property=\"og:type\" content=\"article\" \/>\n<meta property=\"og:title\" content=\"Cinema de Jo\u00e3o Canijo \u00e9 retratado como espelho brutal da dor - Portal Tela Portugal\" \/>\n<meta property=\"og:description\" content=\"O cineasta Jo\u00e3o Canijo, 68 anos, foi encontrado morto a 29 de janeiro de 2026 na sua casa em Vila Vi\u00e7osa, v\u00edtima de um ataque card\u00edaco s\u00fabito. O seu cinema \u00e9 descrito como um confronto f\u00edsico com a verdade, uma \u201ccl\u00ednica do desespero\u201d que exp\u00f5e as rela\u00e7\u00f5es humanas sem privilegiar o entretenimento. O ep\u00edlogo desse registro est\u00e1 em \u201cMal viver\/Viver mal\u201d (2023), premiado com o Urso de Prata em Berlim, onde a dor \u00e9 explorada a partir de dualidades entre intimidade e claustrofobia. Dois filmes j\u00e1 rodados est\u00e3o em p\u00f3s-produ\u00e7\u00e3o: \u201cEncena\u00e7\u00e3o\u201d, rodado em Lisboa em 2025, com Miguel Guilherme; e \u201cAs Ucranianas\u201d, derivado do espet\u00e1culo de teatro filmado dentro de Encena\u00e7\u00e3o. A rea\u00e7\u00e3o do p\u00fablico incluiu o reconhecimento do Presidente da Rep\u00fablica, Marcelo Rebelo de Sousa, que destacou Canijo como uma voz singular que filmava a mis\u00e9ria, a emigra\u00e7\u00e3o e a viol\u00eancia de Portugal.\" \/>\n<meta property=\"og:url\" content=\"https:\/\/portaltela.pt\/noticias\/2026\/01\/30\/cinema-de-joao-canijo-e-retratado-como-espelho-brutal-da-dor\/\" \/>\n<meta property=\"og:site_name\" content=\"Portal Tela Portugal\" \/>\n<meta property=\"article:published_time\" content=\"2026-01-30T22:17:00+00:00\" \/>\n<meta name=\"author\" content=\"Telinha\" \/>\n<meta name=\"twitter:card\" content=\"summary_large_image\" \/>\n<meta name=\"twitter:label1\" content=\"Escrito por\" \/>\n\t<meta name=\"twitter:data1\" content=\"Telinha\" \/>\n\t<meta name=\"twitter:label2\" content=\"Tempo estimado de leitura\" \/>\n\t<meta name=\"twitter:data2\" content=\"2 minutos\" \/>\n<script type=\"application\/ld+json\" class=\"yoast-schema-graph\">{\"@context\":\"https:\/\/schema.org\",\"@graph\":[{\"@type\":\"Article\",\"@id\":\"https:\/\/portaltela.pt\/noticias\/2026\/01\/30\/cinema-de-joao-canijo-e-retratado-como-espelho-brutal-da-dor\/#article\",\"isPartOf\":{\"@id\":\"https:\/\/portaltela.pt\/noticias\/2026\/01\/30\/cinema-de-joao-canijo-e-retratado-como-espelho-brutal-da-dor\/\"},\"author\":{\"name\":\"Telinha\",\"@id\":\"https:\/\/portaltela.pt\/#\/schema\/person\/c4278d4a6028830caff9ee44b42d32ed\"},\"headline\":\"Cinema de Jo\u00e3o Canijo \u00e9 retratado como espelho brutal da dor\",\"datePublished\":\"2026-01-30T22:17:00+00:00\",\"mainEntityOfPage\":{\"@id\":\"https:\/\/portaltela.pt\/noticias\/2026\/01\/30\/cinema-de-joao-canijo-e-retratado-como-espelho-brutal-da-dor\/\"},\"wordCount\":332,\"image\":{\"@id\":\"https:\/\/portaltela.pt\/noticias\/2026\/01\/30\/cinema-de-joao-canijo-e-retratado-como-espelho-brutal-da-dor\/#primaryimage\"},\"thumbnailUrl\":\"https:\/\/portaltela.pt\/s.01k8rhncp4jt1\/2026\/01\/9ca0b2e8-02d0-4805-8ba1-6c0af7f4ebaa_1200x675.jpg\",\"keywords\":[\"cinema\",\"cultura\",\"document\u00e1rios\",\"emigra\u00e7\u00e3o\",\"Encena\u00e7\u00e3o\",\"viol\u00eancia\"],\"articleSection\":[\"Not\u00edcias\"],\"inLanguage\":\"pt-PT\"},{\"@type\":\"WebPage\",\"@id\":\"https:\/\/portaltela.pt\/noticias\/2026\/01\/30\/cinema-de-joao-canijo-e-retratado-como-espelho-brutal-da-dor\/\",\"url\":\"https:\/\/portaltela.pt\/noticias\/2026\/01\/30\/cinema-de-joao-canijo-e-retratado-como-espelho-brutal-da-dor\/\",\"name\":\"Cinema de Jo\u00e3o Canijo \u00e9 retratado como espelho brutal da dor - Portal Tela Portugal\",\"isPartOf\":{\"@id\":\"https:\/\/portaltela.pt\/#website\"},\"primaryImageOfPage\":{\"@id\":\"https:\/\/portaltela.pt\/noticias\/2026\/01\/30\/cinema-de-joao-canijo-e-retratado-como-espelho-brutal-da-dor\/#primaryimage\"},\"image\":{\"@id\":\"https:\/\/portaltela.pt\/noticias\/2026\/01\/30\/cinema-de-joao-canijo-e-retratado-como-espelho-brutal-da-dor\/#primaryimage\"},\"thumbnailUrl\":\"https:\/\/portaltela.pt\/s.01k8rhncp4jt1\/2026\/01\/9ca0b2e8-02d0-4805-8ba1-6c0af7f4ebaa_1200x675.jpg\",\"datePublished\":\"2026-01-30T22:17:00+00:00\",\"author\":{\"@id\":\"https:\/\/portaltela.pt\/#\/schema\/person\/c4278d4a6028830caff9ee44b42d32ed\"},\"breadcrumb\":{\"@id\":\"https:\/\/portaltela.pt\/noticias\/2026\/01\/30\/cinema-de-joao-canijo-e-retratado-como-espelho-brutal-da-dor\/#breadcrumb\"},\"inLanguage\":\"pt-PT\",\"potentialAction\":[{\"@type\":\"ReadAction\",\"target\":[\"https:\/\/portaltela.pt\/noticias\/2026\/01\/30\/cinema-de-joao-canijo-e-retratado-como-espelho-brutal-da-dor\/\"]}]},{\"@type\":\"ImageObject\",\"inLanguage\":\"pt-PT\",\"@id\":\"https:\/\/portaltela.pt\/noticias\/2026\/01\/30\/cinema-de-joao-canijo-e-retratado-como-espelho-brutal-da-dor\/#primaryimage\",\"url\":\"https:\/\/portaltela.pt\/s.01k8rhncp4jt1\/2026\/01\/9ca0b2e8-02d0-4805-8ba1-6c0af7f4ebaa_1200x675.jpg\",\"contentUrl\":\"https:\/\/portaltela.pt\/s.01k8rhncp4jt1\/2026\/01\/9ca0b2e8-02d0-4805-8ba1-6c0af7f4ebaa_1200x675.jpg\",\"width\":796,\"height\":448,\"caption\":\"Na rodagem de \\\"Encena\u00e7\u00e3o\\\", o filme que ainda vai estrear: Miguel Guilherme, Anabela Moreira, Beatriz Batarda, Rita Blanco - todos olham por Jo\u00e3o Canijo.\"},{\"@type\":\"BreadcrumbList\",\"@id\":\"https:\/\/portaltela.pt\/noticias\/2026\/01\/30\/cinema-de-joao-canijo-e-retratado-como-espelho-brutal-da-dor\/#breadcrumb\",\"itemListElement\":[{\"@type\":\"ListItem\",\"position\":1,\"name\":\"In\u00edcio\",\"item\":\"https:\/\/portaltela.pt\/\"},{\"@type\":\"ListItem\",\"position\":2,\"name\":\"Cinema de Jo\u00e3o Canijo \u00e9 retratado como espelho brutal da dor\"}]},{\"@type\":\"WebSite\",\"@id\":\"https:\/\/portaltela.pt\/#website\",\"url\":\"https:\/\/portaltela.pt\/\",\"name\":\"Portal Tela Portugal\",\"description\":\"\",\"potentialAction\":[{\"@type\":\"SearchAction\",\"target\":{\"@type\":\"EntryPoint\",\"urlTemplate\":\"https:\/\/portaltela.pt\/?s={search_term_string}\"},\"query-input\":{\"@type\":\"PropertyValueSpecification\",\"valueRequired\":true,\"valueName\":\"search_term_string\"}}],\"inLanguage\":\"pt-PT\"},{\"@type\":\"Person\",\"@id\":\"https:\/\/portaltela.pt\/#\/schema\/person\/c4278d4a6028830caff9ee44b42d32ed\",\"name\":\"Telinha\",\"image\":{\"@type\":\"ImageObject\",\"inLanguage\":\"pt-PT\",\"@id\":\"https:\/\/portaltela.pt\/s.01k8rhncp4jt1\/2025\/11\/talking-bot-125x125.png\",\"url\":\"https:\/\/portaltela.pt\/s.01k8rhncp4jt1\/2025\/11\/talking-bot-125x125.png\",\"contentUrl\":\"https:\/\/portaltela.pt\/s.01k8rhncp4jt1\/2025\/11\/talking-bot-125x125.png\",\"caption\":\"Telinha\"},\"sameAs\":[\"https:\/\/portaltela.pt\/\"],\"url\":\"https:\/\/portaltela.pt\/por\/367410592786\/\"}]}<\/script>\n<!-- \/ Yoast SEO plugin. -->","yoast_head_json":{"title":"Cinema de Jo\u00e3o Canijo \u00e9 retratado como espelho brutal da dor - Portal Tela Portugal","robots":{"index":"index","follow":"follow","max-snippet":"max-snippet:-1","max-image-preview":"max-image-preview:large","max-video-preview":"max-video-preview:-1"},"og_locale":"pt_PT","og_type":"article","og_title":"Cinema de Jo\u00e3o Canijo \u00e9 retratado como espelho brutal da dor - Portal Tela Portugal","og_description":"O cineasta Jo\u00e3o Canijo, 68 anos, foi encontrado morto a 29 de janeiro de 2026 na sua casa em Vila Vi\u00e7osa, v\u00edtima de um ataque card\u00edaco s\u00fabito. O seu cinema \u00e9 descrito como um confronto f\u00edsico com a verdade, uma \u201ccl\u00ednica do desespero\u201d que exp\u00f5e as rela\u00e7\u00f5es humanas sem privilegiar o entretenimento. O ep\u00edlogo desse registro est\u00e1 em \u201cMal viver\/Viver mal\u201d (2023), premiado com o Urso de Prata em Berlim, onde a dor \u00e9 explorada a partir de dualidades entre intimidade e claustrofobia. Dois filmes j\u00e1 rodados est\u00e3o em p\u00f3s-produ\u00e7\u00e3o: \u201cEncena\u00e7\u00e3o\u201d, rodado em Lisboa em 2025, com Miguel Guilherme; e \u201cAs Ucranianas\u201d, derivado do espet\u00e1culo de teatro filmado dentro de Encena\u00e7\u00e3o. A rea\u00e7\u00e3o do p\u00fablico incluiu o reconhecimento do Presidente da Rep\u00fablica, Marcelo Rebelo de Sousa, que destacou Canijo como uma voz singular que filmava a mis\u00e9ria, a emigra\u00e7\u00e3o e a viol\u00eancia de Portugal.","og_url":"https:\/\/portaltela.pt\/noticias\/2026\/01\/30\/cinema-de-joao-canijo-e-retratado-como-espelho-brutal-da-dor\/","og_site_name":"Portal Tela Portugal","article_published_time":"2026-01-30T22:17:00+00:00","author":"Telinha","twitter_card":"summary_large_image","twitter_misc":{"Escrito por":"Telinha","Tempo estimado de leitura":"2 minutos"},"schema":{"@context":"https:\/\/schema.org","@graph":[{"@type":"Article","@id":"https:\/\/portaltela.pt\/noticias\/2026\/01\/30\/cinema-de-joao-canijo-e-retratado-como-espelho-brutal-da-dor\/#article","isPartOf":{"@id":"https:\/\/portaltela.pt\/noticias\/2026\/01\/30\/cinema-de-joao-canijo-e-retratado-como-espelho-brutal-da-dor\/"},"author":{"name":"Telinha","@id":"https:\/\/portaltela.pt\/#\/schema\/person\/c4278d4a6028830caff9ee44b42d32ed"},"headline":"Cinema de Jo\u00e3o Canijo \u00e9 retratado como espelho brutal da dor","datePublished":"2026-01-30T22:17:00+00:00","mainEntityOfPage":{"@id":"https:\/\/portaltela.pt\/noticias\/2026\/01\/30\/cinema-de-joao-canijo-e-retratado-como-espelho-brutal-da-dor\/"},"wordCount":332,"image":{"@id":"https:\/\/portaltela.pt\/noticias\/2026\/01\/30\/cinema-de-joao-canijo-e-retratado-como-espelho-brutal-da-dor\/#primaryimage"},"thumbnailUrl":"https:\/\/portaltela.pt\/s.01k8rhncp4jt1\/2026\/01\/9ca0b2e8-02d0-4805-8ba1-6c0af7f4ebaa_1200x675.jpg","keywords":["cinema","cultura","document\u00e1rios","emigra\u00e7\u00e3o","Encena\u00e7\u00e3o","viol\u00eancia"],"articleSection":["Not\u00edcias"],"inLanguage":"pt-PT"},{"@type":"WebPage","@id":"https:\/\/portaltela.pt\/noticias\/2026\/01\/30\/cinema-de-joao-canijo-e-retratado-como-espelho-brutal-da-dor\/","url":"https:\/\/portaltela.pt\/noticias\/2026\/01\/30\/cinema-de-joao-canijo-e-retratado-como-espelho-brutal-da-dor\/","name":"Cinema de Jo\u00e3o Canijo \u00e9 retratado como espelho brutal da dor - Portal Tela Portugal","isPartOf":{"@id":"https:\/\/portaltela.pt\/#website"},"primaryImageOfPage":{"@id":"https:\/\/portaltela.pt\/noticias\/2026\/01\/30\/cinema-de-joao-canijo-e-retratado-como-espelho-brutal-da-dor\/#primaryimage"},"image":{"@id":"https:\/\/portaltela.pt\/noticias\/2026\/01\/30\/cinema-de-joao-canijo-e-retratado-como-espelho-brutal-da-dor\/#primaryimage"},"thumbnailUrl":"https:\/\/portaltela.pt\/s.01k8rhncp4jt1\/2026\/01\/9ca0b2e8-02d0-4805-8ba1-6c0af7f4ebaa_1200x675.jpg","datePublished":"2026-01-30T22:17:00+00:00","author":{"@id":"https:\/\/portaltela.pt\/#\/schema\/person\/c4278d4a6028830caff9ee44b42d32ed"},"breadcrumb":{"@id":"https:\/\/portaltela.pt\/noticias\/2026\/01\/30\/cinema-de-joao-canijo-e-retratado-como-espelho-brutal-da-dor\/#breadcrumb"},"inLanguage":"pt-PT","potentialAction":[{"@type":"ReadAction","target":["https:\/\/portaltela.pt\/noticias\/2026\/01\/30\/cinema-de-joao-canijo-e-retratado-como-espelho-brutal-da-dor\/"]}]},{"@type":"ImageObject","inLanguage":"pt-PT","@id":"https:\/\/portaltela.pt\/noticias\/2026\/01\/30\/cinema-de-joao-canijo-e-retratado-como-espelho-brutal-da-dor\/#primaryimage","url":"https:\/\/portaltela.pt\/s.01k8rhncp4jt1\/2026\/01\/9ca0b2e8-02d0-4805-8ba1-6c0af7f4ebaa_1200x675.jpg","contentUrl":"https:\/\/portaltela.pt\/s.01k8rhncp4jt1\/2026\/01\/9ca0b2e8-02d0-4805-8ba1-6c0af7f4ebaa_1200x675.jpg","width":796,"height":448,"caption":"Na rodagem de \"Encena\u00e7\u00e3o\", o filme que ainda vai estrear: Miguel Guilherme, Anabela Moreira, Beatriz Batarda, Rita Blanco - todos olham por Jo\u00e3o Canijo."},{"@type":"BreadcrumbList","@id":"https:\/\/portaltela.pt\/noticias\/2026\/01\/30\/cinema-de-joao-canijo-e-retratado-como-espelho-brutal-da-dor\/#breadcrumb","itemListElement":[{"@type":"ListItem","position":1,"name":"In\u00edcio","item":"https:\/\/portaltela.pt\/"},{"@type":"ListItem","position":2,"name":"Cinema de Jo\u00e3o Canijo \u00e9 retratado como espelho brutal da dor"}]},{"@type":"WebSite","@id":"https:\/\/portaltela.pt\/#website","url":"https:\/\/portaltela.pt\/","name":"Portal Tela Portugal","description":"","potentialAction":[{"@type":"SearchAction","target":{"@type":"EntryPoint","urlTemplate":"https:\/\/portaltela.pt\/?s={search_term_string}"},"query-input":{"@type":"PropertyValueSpecification","valueRequired":true,"valueName":"search_term_string"}}],"inLanguage":"pt-PT"},{"@type":"Person","@id":"https:\/\/portaltela.pt\/#\/schema\/person\/c4278d4a6028830caff9ee44b42d32ed","name":"Telinha","image":{"@type":"ImageObject","inLanguage":"pt-PT","@id":"https:\/\/portaltela.pt\/s.01k8rhncp4jt1\/2025\/11\/talking-bot-125x125.png","url":"https:\/\/portaltela.pt\/s.01k8rhncp4jt1\/2025\/11\/talking-bot-125x125.png","contentUrl":"https:\/\/portaltela.pt\/s.01k8rhncp4jt1\/2025\/11\/talking-bot-125x125.png","caption":"Telinha"},"sameAs":["https:\/\/portaltela.pt\/"],"url":"https:\/\/portaltela.pt\/por\/367410592786\/"}]}},"_links":{"self":[{"href":"https:\/\/portaltela.pt\/api\/wp\/v2\/posts\/185641","targetHints":{"allow":["GET"]}}],"collection":[{"href":"https:\/\/portaltela.pt\/api\/wp\/v2\/posts"}],"about":[{"href":"https:\/\/portaltela.pt\/api\/wp\/v2\/types\/post"}],"author":[{"embeddable":true,"href":"https:\/\/portaltela.pt\/api\/wp\/v2\/users\/2"}],"replies":[{"embeddable":true,"href":"https:\/\/portaltela.pt\/api\/wp\/v2\/comments?post=185641"}],"version-history":[{"count":0,"href":"https:\/\/portaltela.pt\/api\/wp\/v2\/posts\/185641\/revisions"}],"wp:featuredmedia":[{"embeddable":true,"href":"https:\/\/portaltela.pt\/api\/wp\/v2\/media\/185654"}],"wp:attachment":[{"href":"https:\/\/portaltela.pt\/api\/wp\/v2\/media?parent=185641"}],"wp:term":[{"taxonomy":"category","embeddable":true,"href":"https:\/\/portaltela.pt\/api\/wp\/v2\/categories?post=185641"},{"taxonomy":"post_tag","embeddable":true,"href":"https:\/\/portaltela.pt\/api\/wp\/v2\/tags?post=185641"}],"curies":[{"name":"wp","href":"https:\/\/api.w.org\/{rel}","templated":true}]}}