{"id":185615,"date":"2026-01-30T19:10:02","date_gmt":"2026-01-30T22:10:02","guid":{"rendered":"https:\/\/portaltela.pt\/noticias\/2026\/01\/30\/aguas-da-serra-da-estrela-mantem-abastecimento-estavel-e-alteracoes-na-qualidade\/"},"modified":"2026-01-30T19:10:02","modified_gmt":"2026-01-30T22:10:02","slug":"aguas-da-serra-da-estrela-mantem-abastecimento-estavel-e-alteracoes-na-qualidade","status":"publish","type":"post","link":"https:\/\/portaltela.pt\/noticias\/2026\/01\/30\/aguas-da-serra-da-estrela-mantem-abastecimento-estavel-e-alteracoes-na-qualidade\/","title":{"rendered":"\u00c1guas da Serra da Estrela mant\u00e9m abastecimento est\u00e1vel e altera\u00e7\u00f5es na qualidade"},"content":{"rendered":"<p>A \u00c1guas P\u00fablicas da Serra da Estrela (APdSE) assegura que n\u00e3o h\u00e1 locais sem abastecimento de \u00e1gua para consumo humano na sua \u00e1rea de interven\u00e7\u00e3o e que os par\u00e2metros de qualidade se mant\u00eam dentro dos n\u00edveis regulamentares. Em comunicado, a empresa afirmou que, at\u00e9 \u00e0 data, n\u00e3o foram registados locais sem fornecimento e que a \u00e1gua distribu\u00edda tem qualidade satisfat\u00f3ria, sem impactos permanentes da tempestade Kristin.<\/p>\n<p>A APdSE, que funciona como empresa intermunicipal de \u00e1gua e saneamento para Gouveia, Seia e Oliveira do Hospital, refor\u00e7ou a confian\u00e7a da popula\u00e7\u00e3o no consumo da \u00e1gua da rede p\u00fablica. A nota frisa ainda o compromisso com a monitoriza\u00e7\u00e3o cont\u00ednua e com a mitiga\u00e7\u00e3o de eventuais danos associados a fen\u00f3menos de acumula\u00e7\u00e3o de lamas e detritos.<\/p>\n<h3>Impacto da depress\u00e3o Kristin e estado do abastecimento<\/h3>\n<p>Segundo a APdSE, Oliveira do Hospital foi o concelho mais atingido pela passagem da depress\u00e3o Kristin por Portugal Continental, na quarta-feira. Registaram-se ainda ocorr\u00eancias nos concelhos de Gouveia e Seia, que j\u00e1 est\u00e3o a ser avaliadas pelas equipas t\u00e9cnicas.<\/p>\n<p>As equipas da APdSE est\u00e3o no terreno desde o in\u00edcio, a avaliar danos em infraestruturas e a atuar na mitiga\u00e7\u00e3o de impactos. As principais ocorr\u00eancias estiveram relacionadas com a acumula\u00e7\u00e3o de detritos arrastados pelas inunda\u00e7\u00f5es, e com danos em infraestruturas locais.<\/p>\n<h3>Situa\u00e7\u00e3o em capta\u00e7\u00f5es espec\u00edficas e monitoriza\u00e7\u00e3o<\/h3>\n<p>Nas localidades de Av\u00f4 e Alvoco as capta\u00e7\u00f5es situadas nos rios Alva e Alvoco registaram altera\u00e7\u00f5es tempor\u00e1rias na colora\u00e7\u00e3o da \u00e1gua, consequ\u00eancia das cheias, mas esses epis\u00f3dios j\u00e1 foram ultrapassados. A empresa continua a acompanhar o sistema de abastecimento para manter a qualidade e a seguran\u00e7a da \u00e1gua fornecida.<\/p>\n<p>A APdSE solicita aos clientes que estejam atentos a altera\u00e7\u00f5es vis\u00edveis na \u00e1gua, como cor, odor ou turbidez, e que recorram aos canais oficiais da entidade para comunicar qualquer anomalia.<\/p>\n","protected":false},"excerpt":{"rendered":"<ul>\n<li>A \u00c1guas P\u00fablicas da Serra da Estrela afirma que n\u00e3o existem locais sem abastecimento de \u00e1gua para consumo humano na sua \u00e1rea de interven\u00e7\u00e3o e que os par\u00e2metros de qualidade est\u00e3o dentro dos n\u00edveis regulamentares.<\/li>\n<li>A queda de precipita\u00e7\u00e3o causada pela depress\u00e3o Kristin n\u00e3o provocou impactos permanentes na qualidade da \u00e1gua distribu\u00edda.<\/li>\n<li>Oliveira do Hospital foi o concelho mais afetado; tamb\u00e9m houve ocorr\u00eancias nos concelhos de Gouveia e Seia.<\/li>\n<li>Equipa t\u00e9cnicas da APdSE est\u00e3o no terreno desde o in\u00edcio a avaliar danos em infraestruturas e a mitigar impactos, nomeadamente ligados a lamas e detritos arrastados pela \u00e1gua.<\/li>\n<li>Em Av\u00f4 e Alvoco as capta\u00e7\u00f5es sofreram altera\u00e7\u00f5es tempor\u00e1rias na colora\u00e7\u00e3o da \u00e1gua, mas j\u00e1 est\u00e3o ultrapassadas; a APdSE solicita que clientes reparem em eventuais altera\u00e7\u00f5es vis\u00edveis e contactem os canais oficiais em caso de anomalias.<\/li>\n<\/ul>\n","protected":false},"author":2,"featured_media":185619,"comment_status":"closed","ping_status":"closed","sticky":false,"template":"","format":"standard","meta":{"footnotes":""},"categories":[1],"tags":[1503,2421,1090,2076,2293,3954],"class_list":["post-185615","post","type-post","status-publish","format-standard","has-post-thumbnail","hentry","category-noticias","tag-abastecimento-de-agua","tag-abastecimentos","tag-agua","tag-gouveia","tag-inundacoes","tag-seia"],"yoast_head":"<!-- This site is optimized with the Yoast SEO plugin v27.2 - https:\/\/yoast.com\/product\/yoast-seo-wordpress\/ -->\n<title>\u00c1guas da Serra da Estrela mant\u00e9m abastecimento est\u00e1vel e altera\u00e7\u00f5es na qualidade - Portal Tela Portugal<\/title>\n<meta name=\"robots\" content=\"index, follow, max-snippet:-1, max-image-preview:large, max-video-preview:-1\" \/>\n<meta property=\"og:locale\" content=\"pt_PT\" \/>\n<meta property=\"og:type\" content=\"article\" \/>\n<meta property=\"og:title\" content=\"\u00c1guas da Serra da Estrela mant\u00e9m abastecimento est\u00e1vel e altera\u00e7\u00f5es na qualidade - Portal Tela Portugal\" \/>\n<meta property=\"og:description\" content=\"A \u00c1guas P\u00fablicas da Serra da Estrela afirma que n\u00e3o existem locais sem abastecimento de \u00e1gua para consumo humano na sua \u00e1rea de interven\u00e7\u00e3o e que os par\u00e2metros de qualidade est\u00e3o dentro dos n\u00edveis regulamentares. A queda de precipita\u00e7\u00e3o causada pela depress\u00e3o Kristin n\u00e3o provocou impactos permanentes na qualidade da \u00e1gua distribu\u00edda. Oliveira do Hospital foi o concelho mais afetado; tamb\u00e9m houve ocorr\u00eancias nos concelhos de Gouveia e Seia. Equipa t\u00e9cnicas da APdSE est\u00e3o no terreno desde o in\u00edcio a avaliar danos em infraestruturas e a mitigar impactos, nomeadamente ligados a lamas e detritos arrastados pela \u00e1gua. Em Av\u00f4 e Alvoco as capta\u00e7\u00f5es sofreram altera\u00e7\u00f5es tempor\u00e1rias na colora\u00e7\u00e3o da \u00e1gua, mas j\u00e1 est\u00e3o ultrapassadas; a APdSE solicita que clientes reparem em eventuais altera\u00e7\u00f5es vis\u00edveis e contactem os canais oficiais em caso de anomalias.\" \/>\n<meta property=\"og:url\" content=\"https:\/\/portaltela.pt\/noticias\/2026\/01\/30\/aguas-da-serra-da-estrela-mantem-abastecimento-estavel-e-alteracoes-na-qualidade\/\" \/>\n<meta property=\"og:site_name\" content=\"Portal Tela Portugal\" \/>\n<meta property=\"article:published_time\" content=\"2026-01-30T22:10:02+00:00\" \/>\n<meta name=\"author\" content=\"Telinha\" \/>\n<meta name=\"twitter:card\" content=\"summary_large_image\" \/>\n<meta name=\"twitter:label1\" content=\"Escrito por\" \/>\n\t<meta name=\"twitter:data1\" content=\"Telinha\" \/>\n\t<meta name=\"twitter:label2\" content=\"Tempo estimado de leitura\" \/>\n\t<meta name=\"twitter:data2\" content=\"2 minutos\" \/>\n<script type=\"application\/ld+json\" class=\"yoast-schema-graph\">{\"@context\":\"https:\/\/schema.org\",\"@graph\":[{\"@type\":\"Article\",\"@id\":\"https:\/\/portaltela.pt\/noticias\/2026\/01\/30\/aguas-da-serra-da-estrela-mantem-abastecimento-estavel-e-alteracoes-na-qualidade\/#article\",\"isPartOf\":{\"@id\":\"https:\/\/portaltela.pt\/noticias\/2026\/01\/30\/aguas-da-serra-da-estrela-mantem-abastecimento-estavel-e-alteracoes-na-qualidade\/\"},\"author\":{\"name\":\"Telinha\",\"@id\":\"https:\/\/portaltela.pt\/#\/schema\/person\/c4278d4a6028830caff9ee44b42d32ed\"},\"headline\":\"\u00c1guas da Serra da Estrela mant\u00e9m abastecimento est\u00e1vel e altera\u00e7\u00f5es na qualidade\",\"datePublished\":\"2026-01-30T22:10:02+00:00\",\"mainEntityOfPage\":{\"@id\":\"https:\/\/portaltela.pt\/noticias\/2026\/01\/30\/aguas-da-serra-da-estrela-mantem-abastecimento-estavel-e-alteracoes-na-qualidade\/\"},\"wordCount\":351,\"image\":{\"@id\":\"https:\/\/portaltela.pt\/noticias\/2026\/01\/30\/aguas-da-serra-da-estrela-mantem-abastecimento-estavel-e-alteracoes-na-qualidade\/#primaryimage\"},\"thumbnailUrl\":\"https:\/\/portaltela.pt\/s.01k8rhncp4jt1\/2026\/01\/img_1500x1000uu2024-12-15-22-34-16-2182819.jpg\",\"keywords\":[\"abastecimento de \u00e1gua\",\"abastecimentos\",\"\u00e1gua\",\"Gouveia\",\"inunda\u00e7\u00f5es\",\"Seia\"],\"articleSection\":[\"Not\u00edcias\"],\"inLanguage\":\"pt-PT\"},{\"@type\":\"WebPage\",\"@id\":\"https:\/\/portaltela.pt\/noticias\/2026\/01\/30\/aguas-da-serra-da-estrela-mantem-abastecimento-estavel-e-alteracoes-na-qualidade\/\",\"url\":\"https:\/\/portaltela.pt\/noticias\/2026\/01\/30\/aguas-da-serra-da-estrela-mantem-abastecimento-estavel-e-alteracoes-na-qualidade\/\",\"name\":\"\u00c1guas da Serra da Estrela mant\u00e9m abastecimento est\u00e1vel e altera\u00e7\u00f5es na qualidade - Portal Tela Portugal\",\"isPartOf\":{\"@id\":\"https:\/\/portaltela.pt\/#website\"},\"primaryImageOfPage\":{\"@id\":\"https:\/\/portaltela.pt\/noticias\/2026\/01\/30\/aguas-da-serra-da-estrela-mantem-abastecimento-estavel-e-alteracoes-na-qualidade\/#primaryimage\"},\"image\":{\"@id\":\"https:\/\/portaltela.pt\/noticias\/2026\/01\/30\/aguas-da-serra-da-estrela-mantem-abastecimento-estavel-e-alteracoes-na-qualidade\/#primaryimage\"},\"thumbnailUrl\":\"https:\/\/portaltela.pt\/s.01k8rhncp4jt1\/2026\/01\/img_1500x1000uu2024-12-15-22-34-16-2182819.jpg\",\"datePublished\":\"2026-01-30T22:10:02+00:00\",\"author\":{\"@id\":\"https:\/\/portaltela.pt\/#\/schema\/person\/c4278d4a6028830caff9ee44b42d32ed\"},\"breadcrumb\":{\"@id\":\"https:\/\/portaltela.pt\/noticias\/2026\/01\/30\/aguas-da-serra-da-estrela-mantem-abastecimento-estavel-e-alteracoes-na-qualidade\/#breadcrumb\"},\"inLanguage\":\"pt-PT\",\"potentialAction\":[{\"@type\":\"ReadAction\",\"target\":[\"https:\/\/portaltela.pt\/noticias\/2026\/01\/30\/aguas-da-serra-da-estrela-mantem-abastecimento-estavel-e-alteracoes-na-qualidade\/\"]}]},{\"@type\":\"ImageObject\",\"inLanguage\":\"pt-PT\",\"@id\":\"https:\/\/portaltela.pt\/noticias\/2026\/01\/30\/aguas-da-serra-da-estrela-mantem-abastecimento-estavel-e-alteracoes-na-qualidade\/#primaryimage\",\"url\":\"https:\/\/portaltela.pt\/s.01k8rhncp4jt1\/2026\/01\/img_1500x1000uu2024-12-15-22-34-16-2182819.jpg\",\"contentUrl\":\"https:\/\/portaltela.pt\/s.01k8rhncp4jt1\/2026\/01\/img_1500x1000uu2024-12-15-22-34-16-2182819.jpg\",\"width\":796,\"height\":448,\"caption\":\"Serra da estrela\"},{\"@type\":\"BreadcrumbList\",\"@id\":\"https:\/\/portaltela.pt\/noticias\/2026\/01\/30\/aguas-da-serra-da-estrela-mantem-abastecimento-estavel-e-alteracoes-na-qualidade\/#breadcrumb\",\"itemListElement\":[{\"@type\":\"ListItem\",\"position\":1,\"name\":\"In\u00edcio\",\"item\":\"https:\/\/portaltela.pt\/\"},{\"@type\":\"ListItem\",\"position\":2,\"name\":\"\u00c1guas da Serra da Estrela mant\u00e9m abastecimento est\u00e1vel e altera\u00e7\u00f5es na qualidade\"}]},{\"@type\":\"WebSite\",\"@id\":\"https:\/\/portaltela.pt\/#website\",\"url\":\"https:\/\/portaltela.pt\/\",\"name\":\"Portal Tela Portugal\",\"description\":\"\",\"potentialAction\":[{\"@type\":\"SearchAction\",\"target\":{\"@type\":\"EntryPoint\",\"urlTemplate\":\"https:\/\/portaltela.pt\/?s={search_term_string}\"},\"query-input\":{\"@type\":\"PropertyValueSpecification\",\"valueRequired\":true,\"valueName\":\"search_term_string\"}}],\"inLanguage\":\"pt-PT\"},{\"@type\":\"Person\",\"@id\":\"https:\/\/portaltela.pt\/#\/schema\/person\/c4278d4a6028830caff9ee44b42d32ed\",\"name\":\"Telinha\",\"image\":{\"@type\":\"ImageObject\",\"inLanguage\":\"pt-PT\",\"@id\":\"https:\/\/portaltela.pt\/s.01k8rhncp4jt1\/2025\/11\/talking-bot-125x125.png\",\"url\":\"https:\/\/portaltela.pt\/s.01k8rhncp4jt1\/2025\/11\/talking-bot-125x125.png\",\"contentUrl\":\"https:\/\/portaltela.pt\/s.01k8rhncp4jt1\/2025\/11\/talking-bot-125x125.png\",\"caption\":\"Telinha\"},\"sameAs\":[\"https:\/\/portaltela.pt\/\"],\"url\":\"https:\/\/portaltela.pt\/por\/367410592786\/\"}]}<\/script>\n<!-- \/ Yoast SEO plugin. -->","yoast_head_json":{"title":"\u00c1guas da Serra da Estrela mant\u00e9m abastecimento est\u00e1vel e altera\u00e7\u00f5es na qualidade - Portal Tela Portugal","robots":{"index":"index","follow":"follow","max-snippet":"max-snippet:-1","max-image-preview":"max-image-preview:large","max-video-preview":"max-video-preview:-1"},"og_locale":"pt_PT","og_type":"article","og_title":"\u00c1guas da Serra da Estrela mant\u00e9m abastecimento est\u00e1vel e altera\u00e7\u00f5es na qualidade - Portal Tela Portugal","og_description":"A \u00c1guas P\u00fablicas da Serra da Estrela afirma que n\u00e3o existem locais sem abastecimento de \u00e1gua para consumo humano na sua \u00e1rea de interven\u00e7\u00e3o e que os par\u00e2metros de qualidade est\u00e3o dentro dos n\u00edveis regulamentares. A queda de precipita\u00e7\u00e3o causada pela depress\u00e3o Kristin n\u00e3o provocou impactos permanentes na qualidade da \u00e1gua distribu\u00edda. Oliveira do Hospital foi o concelho mais afetado; tamb\u00e9m houve ocorr\u00eancias nos concelhos de Gouveia e Seia. Equipa t\u00e9cnicas da APdSE est\u00e3o no terreno desde o in\u00edcio a avaliar danos em infraestruturas e a mitigar impactos, nomeadamente ligados a lamas e detritos arrastados pela \u00e1gua. Em Av\u00f4 e Alvoco as capta\u00e7\u00f5es sofreram altera\u00e7\u00f5es tempor\u00e1rias na colora\u00e7\u00e3o da \u00e1gua, mas j\u00e1 est\u00e3o ultrapassadas; a APdSE solicita que clientes reparem em eventuais altera\u00e7\u00f5es vis\u00edveis e contactem os canais oficiais em caso de anomalias.","og_url":"https:\/\/portaltela.pt\/noticias\/2026\/01\/30\/aguas-da-serra-da-estrela-mantem-abastecimento-estavel-e-alteracoes-na-qualidade\/","og_site_name":"Portal Tela Portugal","article_published_time":"2026-01-30T22:10:02+00:00","author":"Telinha","twitter_card":"summary_large_image","twitter_misc":{"Escrito por":"Telinha","Tempo estimado de leitura":"2 minutos"},"schema":{"@context":"https:\/\/schema.org","@graph":[{"@type":"Article","@id":"https:\/\/portaltela.pt\/noticias\/2026\/01\/30\/aguas-da-serra-da-estrela-mantem-abastecimento-estavel-e-alteracoes-na-qualidade\/#article","isPartOf":{"@id":"https:\/\/portaltela.pt\/noticias\/2026\/01\/30\/aguas-da-serra-da-estrela-mantem-abastecimento-estavel-e-alteracoes-na-qualidade\/"},"author":{"name":"Telinha","@id":"https:\/\/portaltela.pt\/#\/schema\/person\/c4278d4a6028830caff9ee44b42d32ed"},"headline":"\u00c1guas da Serra da Estrela mant\u00e9m abastecimento est\u00e1vel e altera\u00e7\u00f5es na qualidade","datePublished":"2026-01-30T22:10:02+00:00","mainEntityOfPage":{"@id":"https:\/\/portaltela.pt\/noticias\/2026\/01\/30\/aguas-da-serra-da-estrela-mantem-abastecimento-estavel-e-alteracoes-na-qualidade\/"},"wordCount":351,"image":{"@id":"https:\/\/portaltela.pt\/noticias\/2026\/01\/30\/aguas-da-serra-da-estrela-mantem-abastecimento-estavel-e-alteracoes-na-qualidade\/#primaryimage"},"thumbnailUrl":"https:\/\/portaltela.pt\/s.01k8rhncp4jt1\/2026\/01\/img_1500x1000uu2024-12-15-22-34-16-2182819.jpg","keywords":["abastecimento de \u00e1gua","abastecimentos","\u00e1gua","Gouveia","inunda\u00e7\u00f5es","Seia"],"articleSection":["Not\u00edcias"],"inLanguage":"pt-PT"},{"@type":"WebPage","@id":"https:\/\/portaltela.pt\/noticias\/2026\/01\/30\/aguas-da-serra-da-estrela-mantem-abastecimento-estavel-e-alteracoes-na-qualidade\/","url":"https:\/\/portaltela.pt\/noticias\/2026\/01\/30\/aguas-da-serra-da-estrela-mantem-abastecimento-estavel-e-alteracoes-na-qualidade\/","name":"\u00c1guas da Serra da Estrela mant\u00e9m abastecimento est\u00e1vel e altera\u00e7\u00f5es na qualidade - Portal Tela Portugal","isPartOf":{"@id":"https:\/\/portaltela.pt\/#website"},"primaryImageOfPage":{"@id":"https:\/\/portaltela.pt\/noticias\/2026\/01\/30\/aguas-da-serra-da-estrela-mantem-abastecimento-estavel-e-alteracoes-na-qualidade\/#primaryimage"},"image":{"@id":"https:\/\/portaltela.pt\/noticias\/2026\/01\/30\/aguas-da-serra-da-estrela-mantem-abastecimento-estavel-e-alteracoes-na-qualidade\/#primaryimage"},"thumbnailUrl":"https:\/\/portaltela.pt\/s.01k8rhncp4jt1\/2026\/01\/img_1500x1000uu2024-12-15-22-34-16-2182819.jpg","datePublished":"2026-01-30T22:10:02+00:00","author":{"@id":"https:\/\/portaltela.pt\/#\/schema\/person\/c4278d4a6028830caff9ee44b42d32ed"},"breadcrumb":{"@id":"https:\/\/portaltela.pt\/noticias\/2026\/01\/30\/aguas-da-serra-da-estrela-mantem-abastecimento-estavel-e-alteracoes-na-qualidade\/#breadcrumb"},"inLanguage":"pt-PT","potentialAction":[{"@type":"ReadAction","target":["https:\/\/portaltela.pt\/noticias\/2026\/01\/30\/aguas-da-serra-da-estrela-mantem-abastecimento-estavel-e-alteracoes-na-qualidade\/"]}]},{"@type":"ImageObject","inLanguage":"pt-PT","@id":"https:\/\/portaltela.pt\/noticias\/2026\/01\/30\/aguas-da-serra-da-estrela-mantem-abastecimento-estavel-e-alteracoes-na-qualidade\/#primaryimage","url":"https:\/\/portaltela.pt\/s.01k8rhncp4jt1\/2026\/01\/img_1500x1000uu2024-12-15-22-34-16-2182819.jpg","contentUrl":"https:\/\/portaltela.pt\/s.01k8rhncp4jt1\/2026\/01\/img_1500x1000uu2024-12-15-22-34-16-2182819.jpg","width":796,"height":448,"caption":"Serra da estrela"},{"@type":"BreadcrumbList","@id":"https:\/\/portaltela.pt\/noticias\/2026\/01\/30\/aguas-da-serra-da-estrela-mantem-abastecimento-estavel-e-alteracoes-na-qualidade\/#breadcrumb","itemListElement":[{"@type":"ListItem","position":1,"name":"In\u00edcio","item":"https:\/\/portaltela.pt\/"},{"@type":"ListItem","position":2,"name":"\u00c1guas da Serra da Estrela mant\u00e9m abastecimento est\u00e1vel e altera\u00e7\u00f5es na qualidade"}]},{"@type":"WebSite","@id":"https:\/\/portaltela.pt\/#website","url":"https:\/\/portaltela.pt\/","name":"Portal Tela Portugal","description":"","potentialAction":[{"@type":"SearchAction","target":{"@type":"EntryPoint","urlTemplate":"https:\/\/portaltela.pt\/?s={search_term_string}"},"query-input":{"@type":"PropertyValueSpecification","valueRequired":true,"valueName":"search_term_string"}}],"inLanguage":"pt-PT"},{"@type":"Person","@id":"https:\/\/portaltela.pt\/#\/schema\/person\/c4278d4a6028830caff9ee44b42d32ed","name":"Telinha","image":{"@type":"ImageObject","inLanguage":"pt-PT","@id":"https:\/\/portaltela.pt\/s.01k8rhncp4jt1\/2025\/11\/talking-bot-125x125.png","url":"https:\/\/portaltela.pt\/s.01k8rhncp4jt1\/2025\/11\/talking-bot-125x125.png","contentUrl":"https:\/\/portaltela.pt\/s.01k8rhncp4jt1\/2025\/11\/talking-bot-125x125.png","caption":"Telinha"},"sameAs":["https:\/\/portaltela.pt\/"],"url":"https:\/\/portaltela.pt\/por\/367410592786\/"}]}},"_links":{"self":[{"href":"https:\/\/portaltela.pt\/api\/wp\/v2\/posts\/185615","targetHints":{"allow":["GET"]}}],"collection":[{"href":"https:\/\/portaltela.pt\/api\/wp\/v2\/posts"}],"about":[{"href":"https:\/\/portaltela.pt\/api\/wp\/v2\/types\/post"}],"author":[{"embeddable":true,"href":"https:\/\/portaltela.pt\/api\/wp\/v2\/users\/2"}],"replies":[{"embeddable":true,"href":"https:\/\/portaltela.pt\/api\/wp\/v2\/comments?post=185615"}],"version-history":[{"count":0,"href":"https:\/\/portaltela.pt\/api\/wp\/v2\/posts\/185615\/revisions"}],"wp:featuredmedia":[{"embeddable":true,"href":"https:\/\/portaltela.pt\/api\/wp\/v2\/media\/185619"}],"wp:attachment":[{"href":"https:\/\/portaltela.pt\/api\/wp\/v2\/media?parent=185615"}],"wp:term":[{"taxonomy":"category","embeddable":true,"href":"https:\/\/portaltela.pt\/api\/wp\/v2\/categories?post=185615"},{"taxonomy":"post_tag","embeddable":true,"href":"https:\/\/portaltela.pt\/api\/wp\/v2\/tags?post=185615"}],"curies":[{"name":"wp","href":"https:\/\/api.w.org\/{rel}","templated":true}]}}