{"id":185520,"date":"2026-01-30T18:09:23","date_gmt":"2026-01-30T21:09:23","guid":{"rendered":"https:\/\/portaltela.pt\/noticias\/2026\/01\/30\/custodio-castelo-pinto-basto-e-landeiro-animam-feira-do-fumeiro-de-trancoso\/"},"modified":"2026-01-30T18:09:23","modified_gmt":"2026-01-30T21:09:23","slug":"custodio-castelo-pinto-basto-e-landeiro-animam-feira-do-fumeiro-de-trancoso","status":"publish","type":"post","link":"https:\/\/portaltela.pt\/noticias\/2026\/01\/30\/custodio-castelo-pinto-basto-e-landeiro-animam-feira-do-fumeiro-de-trancoso\/","title":{"rendered":"Cust\u00f3dio Castelo, Pinto Basto e Landeiro animam Feira do Fumeiro de Trancoso"},"content":{"rendered":"<p>A 22.\u00aa edi\u00e7\u00e3o da Feira do Fumeiro dos Sabores e Artesanato do Nordeste da Beira regressa a Trancoso, prometendo manter-se como um dos maiores eventos gastron\u00f3micos e culturais da regi\u00e3o. O certame decorrer\u00e1 no Pavilh\u00e3o Multiusos da cidade em dois fins de semana: 27 e 28 de fevereiro e 1, 7 e 8 de mar\u00e7o, reunindo produtores, artes\u00e3os e visitantes de v\u00e1rias regi\u00f5es do pa\u00eds.<\/p>\n<p>Organizada pelo Munic\u00edpio de Trancoso, em parceria com a AENEBEIRA \u2013 Associa\u00e7\u00e3o Empresarial do Nordeste da Beira, a feira celebra os sabores tradicionais, o saber-fazer local e as respectivas tradi\u00e7\u00f5es culturais. Durante os dias do evento, os visitantes poder\u00e3o degustar enchidos, queijos, vinhos e do\u00e7aria tradicional, bem como contactar com o melhor do artesanato da regi\u00e3o.<\/p>\n<h3>Programa art\u00edstico<\/h3>\n<p>Entre as atra\u00e7\u00f5es musicais est\u00e3o Cust\u00f3dio Castelo no dia 27 de fevereiro, Ant\u00f3nio Pinto Basto no dia 28 de fevereiro e Teresinha Landeiro no dia 7 de mar\u00e7o, todos nomes reconhecidos da m\u00fasica portuguesa. Os espet\u00e1culos ao vivo prometem animar o p\u00fablico, em conjunto com outras atividades do programa.<\/p>\n<h3>Organiza\u00e7\u00e3o e desdobramentos<\/h3>\n<p>Para al\u00e9m da componente musical, o certame inclui anima\u00e7\u00e3o, exposi\u00e7\u00f5es, confer\u00eancias tem\u00e1ticas e iniciativas de car\u00e1ter solid\u00e1rio, refor\u00e7ando a vertente cultural e social do evento. A feira continua a afirmar-se como refer\u00eancia no calend\u00e1rio regional, dinamizando a economia local e promovendo o patrim\u00f3nio do Nordeste da Beira.<\/p>\n","protected":false},"excerpt":{"rendered":"<ul>\n<li>A 22.\u00aa edi\u00e7\u00e3o da Feira do Fumeiro dos Sabores e Artesanato do Nordeste da Beira regressa a Trancoso, no Pavilh\u00e3o Multiusos, nos fins de semana de 27 e 28 de fevereiro e 1, 7 e 8 de mar\u00e7o.<\/li>\n<li>Organizada pelo Munic\u00edpio de Trancoso em parceria com a AENEBEIRA, a feira celebra sabores tradicionais, saber\u2011fazer local e tradi\u00e7\u00f5es culturais da regi\u00e3o.<\/li>\n<li>O certame re\u00fane produtores, artes\u00e3os e visitantes de todo o pa\u00eds, com degusta\u00e7\u00e3o de enchidos, queijos, vinhos e do\u00e7aria tradicional.<\/li>\n<li>O programa inclui anima\u00e7\u00e3o musical, exposi\u00e7\u00f5es, confer\u00eancias tem\u00e1ticas e iniciativas de car\u00e1ter solid\u00e1rio.<\/li>\n<li>Destaques musicais: Cust\u00f3dio Castelo (27 de fevereiro), Ant\u00f3nio Pinto Basto (28 de fevereiro) e Teresinha Landeiro (7 de mar\u00e7o).<\/li>\n<\/ul>\n","protected":false},"author":2,"featured_media":185540,"comment_status":"closed","ping_status":"closed","sticky":false,"template":"","format":"standard","meta":{"footnotes":""},"categories":[1],"tags":[222,145,28,219,122,2236],"class_list":["post-185520","post","type-post","status-publish","format-standard","has-post-thumbnail","hentry","category-noticias","tag-artesanato","tag-cultura","tag-economia","tag-gastronomia","tag-musica","tag-trancoso"],"yoast_head":"<!-- This site is optimized with the Yoast SEO plugin v27.2 - https:\/\/yoast.com\/product\/yoast-seo-wordpress\/ -->\n<title>Cust\u00f3dio Castelo, Pinto Basto e Landeiro animam Feira do Fumeiro de Trancoso - Portal Tela Portugal<\/title>\n<meta name=\"robots\" content=\"index, follow, max-snippet:-1, max-image-preview:large, max-video-preview:-1\" \/>\n<meta property=\"og:locale\" content=\"pt_PT\" \/>\n<meta property=\"og:type\" content=\"article\" \/>\n<meta property=\"og:title\" content=\"Cust\u00f3dio Castelo, Pinto Basto e Landeiro animam Feira do Fumeiro de Trancoso - Portal Tela Portugal\" \/>\n<meta property=\"og:description\" content=\"A 22.\u00aa edi\u00e7\u00e3o da Feira do Fumeiro dos Sabores e Artesanato do Nordeste da Beira regressa a Trancoso, no Pavilh\u00e3o Multiusos, nos fins de semana de 27 e 28 de fevereiro e 1, 7 e 8 de mar\u00e7o. Organizada pelo Munic\u00edpio de Trancoso em parceria com a AENEBEIRA, a feira celebra sabores tradicionais, saber\u2011fazer local e tradi\u00e7\u00f5es culturais da regi\u00e3o. O certame re\u00fane produtores, artes\u00e3os e visitantes de todo o pa\u00eds, com degusta\u00e7\u00e3o de enchidos, queijos, vinhos e do\u00e7aria tradicional. O programa inclui anima\u00e7\u00e3o musical, exposi\u00e7\u00f5es, confer\u00eancias tem\u00e1ticas e iniciativas de car\u00e1ter solid\u00e1rio. Destaques musicais: Cust\u00f3dio Castelo (27 de fevereiro), Ant\u00f3nio Pinto Basto (28 de fevereiro) e Teresinha Landeiro (7 de mar\u00e7o).\" \/>\n<meta property=\"og:url\" content=\"https:\/\/portaltela.pt\/noticias\/2026\/01\/30\/custodio-castelo-pinto-basto-e-landeiro-animam-feira-do-fumeiro-de-trancoso\/\" \/>\n<meta property=\"og:site_name\" content=\"Portal Tela Portugal\" \/>\n<meta property=\"article:published_time\" content=\"2026-01-30T21:09:23+00:00\" \/>\n<meta name=\"author\" content=\"Telinha\" \/>\n<meta name=\"twitter:card\" content=\"summary_large_image\" \/>\n<meta name=\"twitter:label1\" content=\"Escrito por\" \/>\n\t<meta name=\"twitter:data1\" content=\"Telinha\" \/>\n\t<meta name=\"twitter:label2\" content=\"Tempo estimado de leitura\" \/>\n\t<meta name=\"twitter:data2\" content=\"1 minuto\" \/>\n<script type=\"application\/ld+json\" class=\"yoast-schema-graph\">{\"@context\":\"https:\/\/schema.org\",\"@graph\":[{\"@type\":\"Article\",\"@id\":\"https:\/\/portaltela.pt\/noticias\/2026\/01\/30\/custodio-castelo-pinto-basto-e-landeiro-animam-feira-do-fumeiro-de-trancoso\/#article\",\"isPartOf\":{\"@id\":\"https:\/\/portaltela.pt\/noticias\/2026\/01\/30\/custodio-castelo-pinto-basto-e-landeiro-animam-feira-do-fumeiro-de-trancoso\/\"},\"author\":{\"name\":\"Telinha\",\"@id\":\"https:\/\/portaltela.pt\/#\/schema\/person\/c4278d4a6028830caff9ee44b42d32ed\"},\"headline\":\"Cust\u00f3dio Castelo, Pinto Basto e Landeiro animam Feira do Fumeiro de Trancoso\",\"datePublished\":\"2026-01-30T21:09:23+00:00\",\"mainEntityOfPage\":{\"@id\":\"https:\/\/portaltela.pt\/noticias\/2026\/01\/30\/custodio-castelo-pinto-basto-e-landeiro-animam-feira-do-fumeiro-de-trancoso\/\"},\"wordCount\":261,\"image\":{\"@id\":\"https:\/\/portaltela.pt\/noticias\/2026\/01\/30\/custodio-castelo-pinto-basto-e-landeiro-animam-feira-do-fumeiro-de-trancoso\/#primaryimage\"},\"thumbnailUrl\":\"https:\/\/portaltela.pt\/s.01k8rhncp4jt1\/2026\/01\/unnamed-file-6201.jpg\",\"keywords\":[\"artesanato\",\"cultura\",\"economia\",\"gastronomia\",\"m\u00fasica\",\"Trancoso\"],\"articleSection\":[\"Not\u00edcias\"],\"inLanguage\":\"pt-PT\"},{\"@type\":\"WebPage\",\"@id\":\"https:\/\/portaltela.pt\/noticias\/2026\/01\/30\/custodio-castelo-pinto-basto-e-landeiro-animam-feira-do-fumeiro-de-trancoso\/\",\"url\":\"https:\/\/portaltela.pt\/noticias\/2026\/01\/30\/custodio-castelo-pinto-basto-e-landeiro-animam-feira-do-fumeiro-de-trancoso\/\",\"name\":\"Cust\u00f3dio Castelo, Pinto Basto e Landeiro animam Feira do Fumeiro de Trancoso - Portal Tela Portugal\",\"isPartOf\":{\"@id\":\"https:\/\/portaltela.pt\/#website\"},\"primaryImageOfPage\":{\"@id\":\"https:\/\/portaltela.pt\/noticias\/2026\/01\/30\/custodio-castelo-pinto-basto-e-landeiro-animam-feira-do-fumeiro-de-trancoso\/#primaryimage\"},\"image\":{\"@id\":\"https:\/\/portaltela.pt\/noticias\/2026\/01\/30\/custodio-castelo-pinto-basto-e-landeiro-animam-feira-do-fumeiro-de-trancoso\/#primaryimage\"},\"thumbnailUrl\":\"https:\/\/portaltela.pt\/s.01k8rhncp4jt1\/2026\/01\/unnamed-file-6201.jpg\",\"datePublished\":\"2026-01-30T21:09:23+00:00\",\"author\":{\"@id\":\"https:\/\/portaltela.pt\/#\/schema\/person\/c4278d4a6028830caff9ee44b42d32ed\"},\"breadcrumb\":{\"@id\":\"https:\/\/portaltela.pt\/noticias\/2026\/01\/30\/custodio-castelo-pinto-basto-e-landeiro-animam-feira-do-fumeiro-de-trancoso\/#breadcrumb\"},\"inLanguage\":\"pt-PT\",\"potentialAction\":[{\"@type\":\"ReadAction\",\"target\":[\"https:\/\/portaltela.pt\/noticias\/2026\/01\/30\/custodio-castelo-pinto-basto-e-landeiro-animam-feira-do-fumeiro-de-trancoso\/\"]}]},{\"@type\":\"ImageObject\",\"inLanguage\":\"pt-PT\",\"@id\":\"https:\/\/portaltela.pt\/noticias\/2026\/01\/30\/custodio-castelo-pinto-basto-e-landeiro-animam-feira-do-fumeiro-de-trancoso\/#primaryimage\",\"url\":\"https:\/\/portaltela.pt\/s.01k8rhncp4jt1\/2026\/01\/unnamed-file-6201.jpg\",\"contentUrl\":\"https:\/\/portaltela.pt\/s.01k8rhncp4jt1\/2026\/01\/unnamed-file-6201.jpg\",\"width\":796,\"height\":448,\"caption\":\"Feira do Fumeiro de Trancoso continua neste s\u00e1bado e domingo\"},{\"@type\":\"BreadcrumbList\",\"@id\":\"https:\/\/portaltela.pt\/noticias\/2026\/01\/30\/custodio-castelo-pinto-basto-e-landeiro-animam-feira-do-fumeiro-de-trancoso\/#breadcrumb\",\"itemListElement\":[{\"@type\":\"ListItem\",\"position\":1,\"name\":\"In\u00edcio\",\"item\":\"https:\/\/portaltela.pt\/\"},{\"@type\":\"ListItem\",\"position\":2,\"name\":\"Cust\u00f3dio Castelo, Pinto Basto e Landeiro animam Feira do Fumeiro de Trancoso\"}]},{\"@type\":\"WebSite\",\"@id\":\"https:\/\/portaltela.pt\/#website\",\"url\":\"https:\/\/portaltela.pt\/\",\"name\":\"Portal Tela Portugal\",\"description\":\"\",\"potentialAction\":[{\"@type\":\"SearchAction\",\"target\":{\"@type\":\"EntryPoint\",\"urlTemplate\":\"https:\/\/portaltela.pt\/?s={search_term_string}\"},\"query-input\":{\"@type\":\"PropertyValueSpecification\",\"valueRequired\":true,\"valueName\":\"search_term_string\"}}],\"inLanguage\":\"pt-PT\"},{\"@type\":\"Person\",\"@id\":\"https:\/\/portaltela.pt\/#\/schema\/person\/c4278d4a6028830caff9ee44b42d32ed\",\"name\":\"Telinha\",\"image\":{\"@type\":\"ImageObject\",\"inLanguage\":\"pt-PT\",\"@id\":\"https:\/\/portaltela.pt\/s.01k8rhncp4jt1\/2025\/11\/talking-bot-125x125.png\",\"url\":\"https:\/\/portaltela.pt\/s.01k8rhncp4jt1\/2025\/11\/talking-bot-125x125.png\",\"contentUrl\":\"https:\/\/portaltela.pt\/s.01k8rhncp4jt1\/2025\/11\/talking-bot-125x125.png\",\"caption\":\"Telinha\"},\"sameAs\":[\"https:\/\/portaltela.pt\/\"],\"url\":\"https:\/\/portaltela.pt\/por\/367410592786\/\"}]}<\/script>\n<!-- \/ Yoast SEO plugin. -->","yoast_head_json":{"title":"Cust\u00f3dio Castelo, Pinto Basto e Landeiro animam Feira do Fumeiro de Trancoso - Portal Tela Portugal","robots":{"index":"index","follow":"follow","max-snippet":"max-snippet:-1","max-image-preview":"max-image-preview:large","max-video-preview":"max-video-preview:-1"},"og_locale":"pt_PT","og_type":"article","og_title":"Cust\u00f3dio Castelo, Pinto Basto e Landeiro animam Feira do Fumeiro de Trancoso - Portal Tela Portugal","og_description":"A 22.\u00aa edi\u00e7\u00e3o da Feira do Fumeiro dos Sabores e Artesanato do Nordeste da Beira regressa a Trancoso, no Pavilh\u00e3o Multiusos, nos fins de semana de 27 e 28 de fevereiro e 1, 7 e 8 de mar\u00e7o. Organizada pelo Munic\u00edpio de Trancoso em parceria com a AENEBEIRA, a feira celebra sabores tradicionais, saber\u2011fazer local e tradi\u00e7\u00f5es culturais da regi\u00e3o. O certame re\u00fane produtores, artes\u00e3os e visitantes de todo o pa\u00eds, com degusta\u00e7\u00e3o de enchidos, queijos, vinhos e do\u00e7aria tradicional. O programa inclui anima\u00e7\u00e3o musical, exposi\u00e7\u00f5es, confer\u00eancias tem\u00e1ticas e iniciativas de car\u00e1ter solid\u00e1rio. Destaques musicais: Cust\u00f3dio Castelo (27 de fevereiro), Ant\u00f3nio Pinto Basto (28 de fevereiro) e Teresinha Landeiro (7 de mar\u00e7o).","og_url":"https:\/\/portaltela.pt\/noticias\/2026\/01\/30\/custodio-castelo-pinto-basto-e-landeiro-animam-feira-do-fumeiro-de-trancoso\/","og_site_name":"Portal Tela Portugal","article_published_time":"2026-01-30T21:09:23+00:00","author":"Telinha","twitter_card":"summary_large_image","twitter_misc":{"Escrito por":"Telinha","Tempo estimado de leitura":"1 minuto"},"schema":{"@context":"https:\/\/schema.org","@graph":[{"@type":"Article","@id":"https:\/\/portaltela.pt\/noticias\/2026\/01\/30\/custodio-castelo-pinto-basto-e-landeiro-animam-feira-do-fumeiro-de-trancoso\/#article","isPartOf":{"@id":"https:\/\/portaltela.pt\/noticias\/2026\/01\/30\/custodio-castelo-pinto-basto-e-landeiro-animam-feira-do-fumeiro-de-trancoso\/"},"author":{"name":"Telinha","@id":"https:\/\/portaltela.pt\/#\/schema\/person\/c4278d4a6028830caff9ee44b42d32ed"},"headline":"Cust\u00f3dio Castelo, Pinto Basto e Landeiro animam Feira do Fumeiro de Trancoso","datePublished":"2026-01-30T21:09:23+00:00","mainEntityOfPage":{"@id":"https:\/\/portaltela.pt\/noticias\/2026\/01\/30\/custodio-castelo-pinto-basto-e-landeiro-animam-feira-do-fumeiro-de-trancoso\/"},"wordCount":261,"image":{"@id":"https:\/\/portaltela.pt\/noticias\/2026\/01\/30\/custodio-castelo-pinto-basto-e-landeiro-animam-feira-do-fumeiro-de-trancoso\/#primaryimage"},"thumbnailUrl":"https:\/\/portaltela.pt\/s.01k8rhncp4jt1\/2026\/01\/unnamed-file-6201.jpg","keywords":["artesanato","cultura","economia","gastronomia","m\u00fasica","Trancoso"],"articleSection":["Not\u00edcias"],"inLanguage":"pt-PT"},{"@type":"WebPage","@id":"https:\/\/portaltela.pt\/noticias\/2026\/01\/30\/custodio-castelo-pinto-basto-e-landeiro-animam-feira-do-fumeiro-de-trancoso\/","url":"https:\/\/portaltela.pt\/noticias\/2026\/01\/30\/custodio-castelo-pinto-basto-e-landeiro-animam-feira-do-fumeiro-de-trancoso\/","name":"Cust\u00f3dio Castelo, Pinto Basto e Landeiro animam Feira do Fumeiro de Trancoso - Portal Tela Portugal","isPartOf":{"@id":"https:\/\/portaltela.pt\/#website"},"primaryImageOfPage":{"@id":"https:\/\/portaltela.pt\/noticias\/2026\/01\/30\/custodio-castelo-pinto-basto-e-landeiro-animam-feira-do-fumeiro-de-trancoso\/#primaryimage"},"image":{"@id":"https:\/\/portaltela.pt\/noticias\/2026\/01\/30\/custodio-castelo-pinto-basto-e-landeiro-animam-feira-do-fumeiro-de-trancoso\/#primaryimage"},"thumbnailUrl":"https:\/\/portaltela.pt\/s.01k8rhncp4jt1\/2026\/01\/unnamed-file-6201.jpg","datePublished":"2026-01-30T21:09:23+00:00","author":{"@id":"https:\/\/portaltela.pt\/#\/schema\/person\/c4278d4a6028830caff9ee44b42d32ed"},"breadcrumb":{"@id":"https:\/\/portaltela.pt\/noticias\/2026\/01\/30\/custodio-castelo-pinto-basto-e-landeiro-animam-feira-do-fumeiro-de-trancoso\/#breadcrumb"},"inLanguage":"pt-PT","potentialAction":[{"@type":"ReadAction","target":["https:\/\/portaltela.pt\/noticias\/2026\/01\/30\/custodio-castelo-pinto-basto-e-landeiro-animam-feira-do-fumeiro-de-trancoso\/"]}]},{"@type":"ImageObject","inLanguage":"pt-PT","@id":"https:\/\/portaltela.pt\/noticias\/2026\/01\/30\/custodio-castelo-pinto-basto-e-landeiro-animam-feira-do-fumeiro-de-trancoso\/#primaryimage","url":"https:\/\/portaltela.pt\/s.01k8rhncp4jt1\/2026\/01\/unnamed-file-6201.jpg","contentUrl":"https:\/\/portaltela.pt\/s.01k8rhncp4jt1\/2026\/01\/unnamed-file-6201.jpg","width":796,"height":448,"caption":"Feira do Fumeiro de Trancoso continua neste s\u00e1bado e domingo"},{"@type":"BreadcrumbList","@id":"https:\/\/portaltela.pt\/noticias\/2026\/01\/30\/custodio-castelo-pinto-basto-e-landeiro-animam-feira-do-fumeiro-de-trancoso\/#breadcrumb","itemListElement":[{"@type":"ListItem","position":1,"name":"In\u00edcio","item":"https:\/\/portaltela.pt\/"},{"@type":"ListItem","position":2,"name":"Cust\u00f3dio Castelo, Pinto Basto e Landeiro animam Feira do Fumeiro de Trancoso"}]},{"@type":"WebSite","@id":"https:\/\/portaltela.pt\/#website","url":"https:\/\/portaltela.pt\/","name":"Portal Tela Portugal","description":"","potentialAction":[{"@type":"SearchAction","target":{"@type":"EntryPoint","urlTemplate":"https:\/\/portaltela.pt\/?s={search_term_string}"},"query-input":{"@type":"PropertyValueSpecification","valueRequired":true,"valueName":"search_term_string"}}],"inLanguage":"pt-PT"},{"@type":"Person","@id":"https:\/\/portaltela.pt\/#\/schema\/person\/c4278d4a6028830caff9ee44b42d32ed","name":"Telinha","image":{"@type":"ImageObject","inLanguage":"pt-PT","@id":"https:\/\/portaltela.pt\/s.01k8rhncp4jt1\/2025\/11\/talking-bot-125x125.png","url":"https:\/\/portaltela.pt\/s.01k8rhncp4jt1\/2025\/11\/talking-bot-125x125.png","contentUrl":"https:\/\/portaltela.pt\/s.01k8rhncp4jt1\/2025\/11\/talking-bot-125x125.png","caption":"Telinha"},"sameAs":["https:\/\/portaltela.pt\/"],"url":"https:\/\/portaltela.pt\/por\/367410592786\/"}]}},"_links":{"self":[{"href":"https:\/\/portaltela.pt\/api\/wp\/v2\/posts\/185520","targetHints":{"allow":["GET"]}}],"collection":[{"href":"https:\/\/portaltela.pt\/api\/wp\/v2\/posts"}],"about":[{"href":"https:\/\/portaltela.pt\/api\/wp\/v2\/types\/post"}],"author":[{"embeddable":true,"href":"https:\/\/portaltela.pt\/api\/wp\/v2\/users\/2"}],"replies":[{"embeddable":true,"href":"https:\/\/portaltela.pt\/api\/wp\/v2\/comments?post=185520"}],"version-history":[{"count":0,"href":"https:\/\/portaltela.pt\/api\/wp\/v2\/posts\/185520\/revisions"}],"wp:featuredmedia":[{"embeddable":true,"href":"https:\/\/portaltela.pt\/api\/wp\/v2\/media\/185540"}],"wp:attachment":[{"href":"https:\/\/portaltela.pt\/api\/wp\/v2\/media?parent=185520"}],"wp:term":[{"taxonomy":"category","embeddable":true,"href":"https:\/\/portaltela.pt\/api\/wp\/v2\/categories?post=185520"},{"taxonomy":"post_tag","embeddable":true,"href":"https:\/\/portaltela.pt\/api\/wp\/v2\/tags?post=185520"}],"curies":[{"name":"wp","href":"https:\/\/api.w.org\/{rel}","templated":true}]}}