{"id":185497,"date":"2026-01-30T17:38:00","date_gmt":"2026-01-30T20:38:00","guid":{"rendered":"https:\/\/portaltela.pt\/noticias\/2026\/01\/30\/venezuela-apoia-cuba-e-rejeita-medidas-punitivas-dos-eua\/"},"modified":"2026-01-30T17:38:00","modified_gmt":"2026-01-30T20:38:00","slug":"venezuela-apoia-cuba-e-rejeita-medidas-punitivas-dos-eua","status":"publish","type":"post","link":"https:\/\/portaltela.pt\/noticias\/politica\/2026\/01\/30\/venezuela-apoia-cuba-e-rejeita-medidas-punitivas-dos-eua\/","title":{"rendered":"Venezuela apoia Cuba e rejeita medidas punitivas dos EUA"},"content":{"rendered":"<p>A Venezuela expressou hoje solidariedade a Cuba e rejeitou o decreto dos EUA que permite aplicar direitos aduaneiros a pa\u00edses que vendem petr\u00f3leo a Havana. A posi\u00e7\u00e3o foi anunciada pelo Minist\u00e9rio dos Neg\u00f3cios Estrangeiros de Caracas, em comunicado oficial. A declara\u00e7\u00e3o sucede \u00e0 assinatura do decreto pelo presidente norte-americano.<\/p>\n<p>O diploma concedido por Washington autoriza, de forma n\u00e3o especificada, a imposi\u00e7\u00e3o de tarifas a pa\u00edses que mantenham rela\u00e7\u00f5es comerciais com Cuba. A medida surge no contexto de tens\u00f5es entre os dois pa\u00edses e de pol\u00edticas de hostilidade ao regime cubano.<\/p>\n<p>O presidente cubano, Miguel D\u00edaz-Canel, denunciou a iniciativa como uma agress\u00e3o de car\u00e1ter fascista e genocida, segundo a ag\u00eancia AFP, destacando que o regime tem sido alvo de um embargo econ\u00f3mico prolongado desde 1962. Cr\u00edticas tamb\u00e9m chegaram de Havana \u00e0 a\u00e7\u00e3o americana.<\/p>\n<p>No passado m\u00eas, ap\u00f3s o que foi reportado como captura do ex-presidente Nicol\u00e1s Maduro em Caracas, Donald Trump teria amea\u00e7ado Cuba sem detalhar um poss\u00edvel acordo. A Turbul\u00eancia pol\u00edtica gerou novo foco de aten\u00e7\u00e3o sobre as rela\u00e7\u00f5es entre EUA, Venezuela e Cuba.<\/p>\n<p>Historicamente, ap\u00f3s esse per\u00edodo, Washington passou a controlar parte do setor petrol\u00edfero venezuelano, que tem sido fornecedor-chave de petr\u00f3leo a Cuba, aliado pr\u00f3ximo de Caracas. Cuba enfrenta car\u00eancias de combust\u00edvel que afetam, entre outros setores, a produ\u00e7\u00e3o de eletricidade.<\/p>\n<p>O embargo norte-americano persiste h\u00e1 d\u00e9cadas e, segundo informa\u00e7\u00f5es oficiais cubanas, tem contribu\u00eddo para situa\u00e7\u00f5es de abastecimento dif\u00edceis. A Venezuela reiterou apoio ao povo cubano e \u00e0 manuten\u00e7\u00e3o de rela\u00e7\u00f5es comerciais com Cuba.<\/p>\n","protected":false},"excerpt":{"rendered":"<ul>\n<li>A Venezuela expressou solidariedade a Cuba e rejeitou o decreto dos EUA que permite aplicar direitos aduaneiros a pa\u00edses que vendam petr\u00f3leo a Havana.<\/li>\n<li>O governo venezuelano afirmou rejeitar o decreto presidencial dos Estados Unidos, que visa impor medidas punitivas a quem manter rela\u00e7\u00f5es comerciais com Cuba.<\/li>\n<li>O chefe de Estado cubano, Miguel D\u00edaz-Canel, qualificou a medida como conspira\u00e7\u00e3o fascista, criminosa e genocida, classificada por Washington como uma amea\u00e7a \u00e0 seguran\u00e7a e \u00e0 pol\u00edtica externa dos EUA.<\/li>\n<li>Havana classificou o decreto como um ato brutal de agress\u00e3o, denunciando o bloqueio econ\u00f3mico norte-americano que j\u00e1 dura h\u00e1 mais de 65 anos.<\/li>\n<li>No in\u00edcio do m\u00eas, ap\u00f3s a captura de Nicol\u00e1s Maduro em Caracas, Trump colocou sob controlo norte-americano o setor petrol\u00edfero da Venezuela, principal fornecedora de petr\u00f3leo a Cuba, que enfrenta h\u00e1 anos car\u00eancias de combust\u00edvel.<\/li>\n<\/ul>\n","protected":false},"author":2,"featured_media":185506,"comment_status":"closed","ping_status":"closed","sticky":false,"template":"","format":"standard","meta":{"footnotes":""},"categories":[1,5],"tags":[3368,4894,4893,2832,27,2758],"class_list":["post-185497","post","type-post","status-publish","format-standard","has-post-thumbnail","hentry","category-noticias","category-politica","tag-comercio-internacional","tag-embargo-economico","tag-embargos","tag-politica","tag-relacoes-internacionais","tag-venezuela"],"yoast_head":"<!-- This site is optimized with the Yoast SEO plugin v27.2 - https:\/\/yoast.com\/product\/yoast-seo-wordpress\/ -->\n<title>Venezuela apoia Cuba e rejeita medidas punitivas dos EUA - Portal Tela Portugal<\/title>\n<meta name=\"robots\" content=\"index, follow, max-snippet:-1, max-image-preview:large, max-video-preview:-1\" \/>\n<meta property=\"og:locale\" content=\"pt_PT\" \/>\n<meta property=\"og:type\" content=\"article\" \/>\n<meta property=\"og:title\" content=\"Venezuela apoia Cuba e rejeita medidas punitivas dos EUA - Portal Tela Portugal\" \/>\n<meta property=\"og:description\" content=\"A Venezuela expressou solidariedade a Cuba e rejeitou o decreto dos EUA que permite aplicar direitos aduaneiros a pa\u00edses que vendam petr\u00f3leo a Havana. O governo venezuelano afirmou rejeitar o decreto presidencial dos Estados Unidos, que visa impor medidas punitivas a quem manter rela\u00e7\u00f5es comerciais com Cuba. O chefe de Estado cubano, Miguel D\u00edaz-Canel, qualificou a medida como conspira\u00e7\u00e3o fascista, criminosa e genocida, classificada por Washington como uma amea\u00e7a \u00e0 seguran\u00e7a e \u00e0 pol\u00edtica externa dos EUA. Havana classificou o decreto como um ato brutal de agress\u00e3o, denunciando o bloqueio econ\u00f3mico norte-americano que j\u00e1 dura h\u00e1 mais de 65 anos. No in\u00edcio do m\u00eas, ap\u00f3s a captura de Nicol\u00e1s Maduro em Caracas, Trump colocou sob controlo norte-americano o setor petrol\u00edfero da Venezuela, principal fornecedora de petr\u00f3leo a Cuba, que enfrenta h\u00e1 anos car\u00eancias de combust\u00edvel.\" \/>\n<meta property=\"og:url\" content=\"https:\/\/portaltela.pt\/noticias\/2026\/01\/30\/venezuela-apoia-cuba-e-rejeita-medidas-punitivas-dos-eua\/\" \/>\n<meta property=\"og:site_name\" content=\"Portal Tela Portugal\" \/>\n<meta property=\"article:published_time\" content=\"2026-01-30T20:38:00+00:00\" \/>\n<meta name=\"author\" content=\"Telinha\" \/>\n<meta name=\"twitter:card\" content=\"summary_large_image\" \/>\n<meta name=\"twitter:label1\" content=\"Escrito por\" \/>\n\t<meta name=\"twitter:data1\" content=\"Telinha\" \/>\n\t<meta name=\"twitter:label2\" content=\"Tempo estimado de leitura\" \/>\n\t<meta name=\"twitter:data2\" content=\"1 minuto\" \/>\n<script type=\"application\/ld+json\" class=\"yoast-schema-graph\">{\"@context\":\"https:\/\/schema.org\",\"@graph\":[{\"@type\":\"Article\",\"@id\":\"https:\/\/portaltela.pt\/noticias\/2026\/01\/30\/venezuela-apoia-cuba-e-rejeita-medidas-punitivas-dos-eua\/#article\",\"isPartOf\":{\"@id\":\"https:\/\/portaltela.pt\/noticias\/2026\/01\/30\/venezuela-apoia-cuba-e-rejeita-medidas-punitivas-dos-eua\/\"},\"author\":{\"name\":\"Telinha\",\"@id\":\"https:\/\/portaltela.pt\/#\/schema\/person\/c4278d4a6028830caff9ee44b42d32ed\"},\"headline\":\"Venezuela apoia Cuba e rejeita medidas punitivas dos EUA\",\"datePublished\":\"2026-01-30T20:38:00+00:00\",\"mainEntityOfPage\":{\"@id\":\"https:\/\/portaltela.pt\/noticias\/2026\/01\/30\/venezuela-apoia-cuba-e-rejeita-medidas-punitivas-dos-eua\/\"},\"wordCount\":296,\"image\":{\"@id\":\"https:\/\/portaltela.pt\/noticias\/2026\/01\/30\/venezuela-apoia-cuba-e-rejeita-medidas-punitivas-dos-eua\/#primaryimage\"},\"thumbnailUrl\":\"https:\/\/portaltela.pt\/s.01k8rhncp4jt1\/2026\/01\/naom_68a55c0219668.jpg\",\"keywords\":[\"com\u00e9rcio internacional\",\"embargo econ\u00f4mico\",\"embargos\",\"pol\u00edtica\",\"rela\u00e7\u00f5es internacionais\",\"Venezuela\"],\"articleSection\":[\"Not\u00edcias\",\"Pol\u00edtica\"],\"inLanguage\":\"pt-PT\"},{\"@type\":\"WebPage\",\"@id\":\"https:\/\/portaltela.pt\/noticias\/2026\/01\/30\/venezuela-apoia-cuba-e-rejeita-medidas-punitivas-dos-eua\/\",\"url\":\"https:\/\/portaltela.pt\/noticias\/2026\/01\/30\/venezuela-apoia-cuba-e-rejeita-medidas-punitivas-dos-eua\/\",\"name\":\"Venezuela apoia Cuba e rejeita medidas punitivas dos EUA - Portal Tela Portugal\",\"isPartOf\":{\"@id\":\"https:\/\/portaltela.pt\/#website\"},\"primaryImageOfPage\":{\"@id\":\"https:\/\/portaltela.pt\/noticias\/2026\/01\/30\/venezuela-apoia-cuba-e-rejeita-medidas-punitivas-dos-eua\/#primaryimage\"},\"image\":{\"@id\":\"https:\/\/portaltela.pt\/noticias\/2026\/01\/30\/venezuela-apoia-cuba-e-rejeita-medidas-punitivas-dos-eua\/#primaryimage\"},\"thumbnailUrl\":\"https:\/\/portaltela.pt\/s.01k8rhncp4jt1\/2026\/01\/naom_68a55c0219668.jpg\",\"datePublished\":\"2026-01-30T20:38:00+00:00\",\"author\":{\"@id\":\"https:\/\/portaltela.pt\/#\/schema\/person\/c4278d4a6028830caff9ee44b42d32ed\"},\"breadcrumb\":{\"@id\":\"https:\/\/portaltela.pt\/noticias\/2026\/01\/30\/venezuela-apoia-cuba-e-rejeita-medidas-punitivas-dos-eua\/#breadcrumb\"},\"inLanguage\":\"pt-PT\",\"potentialAction\":[{\"@type\":\"ReadAction\",\"target\":[\"https:\/\/portaltela.pt\/noticias\/2026\/01\/30\/venezuela-apoia-cuba-e-rejeita-medidas-punitivas-dos-eua\/\"]}]},{\"@type\":\"ImageObject\",\"inLanguage\":\"pt-PT\",\"@id\":\"https:\/\/portaltela.pt\/noticias\/2026\/01\/30\/venezuela-apoia-cuba-e-rejeita-medidas-punitivas-dos-eua\/#primaryimage\",\"url\":\"https:\/\/portaltela.pt\/s.01k8rhncp4jt1\/2026\/01\/naom_68a55c0219668.jpg\",\"contentUrl\":\"https:\/\/portaltela.pt\/s.01k8rhncp4jt1\/2026\/01\/naom_68a55c0219668.jpg\",\"width\":796,\"height\":448,\"caption\":\"Venezuela solid\u00e1ria com Cuba e rejeita \\\"medidas punitivas\\\" dos EUA\"},{\"@type\":\"BreadcrumbList\",\"@id\":\"https:\/\/portaltela.pt\/noticias\/2026\/01\/30\/venezuela-apoia-cuba-e-rejeita-medidas-punitivas-dos-eua\/#breadcrumb\",\"itemListElement\":[{\"@type\":\"ListItem\",\"position\":1,\"name\":\"In\u00edcio\",\"item\":\"https:\/\/portaltela.pt\/\"},{\"@type\":\"ListItem\",\"position\":2,\"name\":\"Venezuela apoia Cuba e rejeita medidas punitivas dos EUA\"}]},{\"@type\":\"WebSite\",\"@id\":\"https:\/\/portaltela.pt\/#website\",\"url\":\"https:\/\/portaltela.pt\/\",\"name\":\"Portal Tela Portugal\",\"description\":\"\",\"potentialAction\":[{\"@type\":\"SearchAction\",\"target\":{\"@type\":\"EntryPoint\",\"urlTemplate\":\"https:\/\/portaltela.pt\/?s={search_term_string}\"},\"query-input\":{\"@type\":\"PropertyValueSpecification\",\"valueRequired\":true,\"valueName\":\"search_term_string\"}}],\"inLanguage\":\"pt-PT\"},{\"@type\":\"Person\",\"@id\":\"https:\/\/portaltela.pt\/#\/schema\/person\/c4278d4a6028830caff9ee44b42d32ed\",\"name\":\"Telinha\",\"image\":{\"@type\":\"ImageObject\",\"inLanguage\":\"pt-PT\",\"@id\":\"https:\/\/portaltela.pt\/s.01k8rhncp4jt1\/2025\/11\/talking-bot-125x125.png\",\"url\":\"https:\/\/portaltela.pt\/s.01k8rhncp4jt1\/2025\/11\/talking-bot-125x125.png\",\"contentUrl\":\"https:\/\/portaltela.pt\/s.01k8rhncp4jt1\/2025\/11\/talking-bot-125x125.png\",\"caption\":\"Telinha\"},\"sameAs\":[\"https:\/\/portaltela.pt\/\"],\"url\":\"https:\/\/portaltela.pt\/por\/367410592786\/\"}]}<\/script>\n<!-- \/ Yoast SEO plugin. -->","yoast_head_json":{"title":"Venezuela apoia Cuba e rejeita medidas punitivas dos EUA - Portal Tela Portugal","robots":{"index":"index","follow":"follow","max-snippet":"max-snippet:-1","max-image-preview":"max-image-preview:large","max-video-preview":"max-video-preview:-1"},"og_locale":"pt_PT","og_type":"article","og_title":"Venezuela apoia Cuba e rejeita medidas punitivas dos EUA - Portal Tela Portugal","og_description":"A Venezuela expressou solidariedade a Cuba e rejeitou o decreto dos EUA que permite aplicar direitos aduaneiros a pa\u00edses que vendam petr\u00f3leo a Havana. O governo venezuelano afirmou rejeitar o decreto presidencial dos Estados Unidos, que visa impor medidas punitivas a quem manter rela\u00e7\u00f5es comerciais com Cuba. O chefe de Estado cubano, Miguel D\u00edaz-Canel, qualificou a medida como conspira\u00e7\u00e3o fascista, criminosa e genocida, classificada por Washington como uma amea\u00e7a \u00e0 seguran\u00e7a e \u00e0 pol\u00edtica externa dos EUA. Havana classificou o decreto como um ato brutal de agress\u00e3o, denunciando o bloqueio econ\u00f3mico norte-americano que j\u00e1 dura h\u00e1 mais de 65 anos. No in\u00edcio do m\u00eas, ap\u00f3s a captura de Nicol\u00e1s Maduro em Caracas, Trump colocou sob controlo norte-americano o setor petrol\u00edfero da Venezuela, principal fornecedora de petr\u00f3leo a Cuba, que enfrenta h\u00e1 anos car\u00eancias de combust\u00edvel.","og_url":"https:\/\/portaltela.pt\/noticias\/2026\/01\/30\/venezuela-apoia-cuba-e-rejeita-medidas-punitivas-dos-eua\/","og_site_name":"Portal Tela Portugal","article_published_time":"2026-01-30T20:38:00+00:00","author":"Telinha","twitter_card":"summary_large_image","twitter_misc":{"Escrito por":"Telinha","Tempo estimado de leitura":"1 minuto"},"schema":{"@context":"https:\/\/schema.org","@graph":[{"@type":"Article","@id":"https:\/\/portaltela.pt\/noticias\/2026\/01\/30\/venezuela-apoia-cuba-e-rejeita-medidas-punitivas-dos-eua\/#article","isPartOf":{"@id":"https:\/\/portaltela.pt\/noticias\/2026\/01\/30\/venezuela-apoia-cuba-e-rejeita-medidas-punitivas-dos-eua\/"},"author":{"name":"Telinha","@id":"https:\/\/portaltela.pt\/#\/schema\/person\/c4278d4a6028830caff9ee44b42d32ed"},"headline":"Venezuela apoia Cuba e rejeita medidas punitivas dos EUA","datePublished":"2026-01-30T20:38:00+00:00","mainEntityOfPage":{"@id":"https:\/\/portaltela.pt\/noticias\/2026\/01\/30\/venezuela-apoia-cuba-e-rejeita-medidas-punitivas-dos-eua\/"},"wordCount":296,"image":{"@id":"https:\/\/portaltela.pt\/noticias\/2026\/01\/30\/venezuela-apoia-cuba-e-rejeita-medidas-punitivas-dos-eua\/#primaryimage"},"thumbnailUrl":"https:\/\/portaltela.pt\/s.01k8rhncp4jt1\/2026\/01\/naom_68a55c0219668.jpg","keywords":["com\u00e9rcio internacional","embargo econ\u00f4mico","embargos","pol\u00edtica","rela\u00e7\u00f5es internacionais","Venezuela"],"articleSection":["Not\u00edcias","Pol\u00edtica"],"inLanguage":"pt-PT"},{"@type":"WebPage","@id":"https:\/\/portaltela.pt\/noticias\/2026\/01\/30\/venezuela-apoia-cuba-e-rejeita-medidas-punitivas-dos-eua\/","url":"https:\/\/portaltela.pt\/noticias\/2026\/01\/30\/venezuela-apoia-cuba-e-rejeita-medidas-punitivas-dos-eua\/","name":"Venezuela apoia Cuba e rejeita medidas punitivas dos EUA - Portal Tela Portugal","isPartOf":{"@id":"https:\/\/portaltela.pt\/#website"},"primaryImageOfPage":{"@id":"https:\/\/portaltela.pt\/noticias\/2026\/01\/30\/venezuela-apoia-cuba-e-rejeita-medidas-punitivas-dos-eua\/#primaryimage"},"image":{"@id":"https:\/\/portaltela.pt\/noticias\/2026\/01\/30\/venezuela-apoia-cuba-e-rejeita-medidas-punitivas-dos-eua\/#primaryimage"},"thumbnailUrl":"https:\/\/portaltela.pt\/s.01k8rhncp4jt1\/2026\/01\/naom_68a55c0219668.jpg","datePublished":"2026-01-30T20:38:00+00:00","author":{"@id":"https:\/\/portaltela.pt\/#\/schema\/person\/c4278d4a6028830caff9ee44b42d32ed"},"breadcrumb":{"@id":"https:\/\/portaltela.pt\/noticias\/2026\/01\/30\/venezuela-apoia-cuba-e-rejeita-medidas-punitivas-dos-eua\/#breadcrumb"},"inLanguage":"pt-PT","potentialAction":[{"@type":"ReadAction","target":["https:\/\/portaltela.pt\/noticias\/2026\/01\/30\/venezuela-apoia-cuba-e-rejeita-medidas-punitivas-dos-eua\/"]}]},{"@type":"ImageObject","inLanguage":"pt-PT","@id":"https:\/\/portaltela.pt\/noticias\/2026\/01\/30\/venezuela-apoia-cuba-e-rejeita-medidas-punitivas-dos-eua\/#primaryimage","url":"https:\/\/portaltela.pt\/s.01k8rhncp4jt1\/2026\/01\/naom_68a55c0219668.jpg","contentUrl":"https:\/\/portaltela.pt\/s.01k8rhncp4jt1\/2026\/01\/naom_68a55c0219668.jpg","width":796,"height":448,"caption":"Venezuela solid\u00e1ria com Cuba e rejeita \"medidas punitivas\" dos EUA"},{"@type":"BreadcrumbList","@id":"https:\/\/portaltela.pt\/noticias\/2026\/01\/30\/venezuela-apoia-cuba-e-rejeita-medidas-punitivas-dos-eua\/#breadcrumb","itemListElement":[{"@type":"ListItem","position":1,"name":"In\u00edcio","item":"https:\/\/portaltela.pt\/"},{"@type":"ListItem","position":2,"name":"Venezuela apoia Cuba e rejeita medidas punitivas dos EUA"}]},{"@type":"WebSite","@id":"https:\/\/portaltela.pt\/#website","url":"https:\/\/portaltela.pt\/","name":"Portal Tela Portugal","description":"","potentialAction":[{"@type":"SearchAction","target":{"@type":"EntryPoint","urlTemplate":"https:\/\/portaltela.pt\/?s={search_term_string}"},"query-input":{"@type":"PropertyValueSpecification","valueRequired":true,"valueName":"search_term_string"}}],"inLanguage":"pt-PT"},{"@type":"Person","@id":"https:\/\/portaltela.pt\/#\/schema\/person\/c4278d4a6028830caff9ee44b42d32ed","name":"Telinha","image":{"@type":"ImageObject","inLanguage":"pt-PT","@id":"https:\/\/portaltela.pt\/s.01k8rhncp4jt1\/2025\/11\/talking-bot-125x125.png","url":"https:\/\/portaltela.pt\/s.01k8rhncp4jt1\/2025\/11\/talking-bot-125x125.png","contentUrl":"https:\/\/portaltela.pt\/s.01k8rhncp4jt1\/2025\/11\/talking-bot-125x125.png","caption":"Telinha"},"sameAs":["https:\/\/portaltela.pt\/"],"url":"https:\/\/portaltela.pt\/por\/367410592786\/"}]}},"_links":{"self":[{"href":"https:\/\/portaltela.pt\/api\/wp\/v2\/posts\/185497","targetHints":{"allow":["GET"]}}],"collection":[{"href":"https:\/\/portaltela.pt\/api\/wp\/v2\/posts"}],"about":[{"href":"https:\/\/portaltela.pt\/api\/wp\/v2\/types\/post"}],"author":[{"embeddable":true,"href":"https:\/\/portaltela.pt\/api\/wp\/v2\/users\/2"}],"replies":[{"embeddable":true,"href":"https:\/\/portaltela.pt\/api\/wp\/v2\/comments?post=185497"}],"version-history":[{"count":0,"href":"https:\/\/portaltela.pt\/api\/wp\/v2\/posts\/185497\/revisions"}],"wp:featuredmedia":[{"embeddable":true,"href":"https:\/\/portaltela.pt\/api\/wp\/v2\/media\/185506"}],"wp:attachment":[{"href":"https:\/\/portaltela.pt\/api\/wp\/v2\/media?parent=185497"}],"wp:term":[{"taxonomy":"category","embeddable":true,"href":"https:\/\/portaltela.pt\/api\/wp\/v2\/categories?post=185497"},{"taxonomy":"post_tag","embeddable":true,"href":"https:\/\/portaltela.pt\/api\/wp\/v2\/tags?post=185497"}],"curies":[{"name":"wp","href":"https:\/\/api.w.org\/{rel}","templated":true}]}}