{"id":185488,"date":"2026-01-30T17:29:00","date_gmt":"2026-01-30T20:29:00","guid":{"rendered":"https:\/\/portaltela.pt\/noticias\/2026\/01\/30\/morte-de-mulher-eleva-para-46-vitimas-do-desastre-ferroviario-de-adamuz\/"},"modified":"2026-01-30T17:29:00","modified_gmt":"2026-01-30T20:29:00","slug":"morte-de-mulher-eleva-para-46-vitimas-do-desastre-ferroviario-de-adamuz","status":"publish","type":"post","link":"https:\/\/portaltela.pt\/noticias\/2026\/01\/30\/morte-de-mulher-eleva-para-46-vitimas-do-desastre-ferroviario-de-adamuz\/","title":{"rendered":"Morte de mulher eleva para 46 v\u00edtimas do desastre ferrovi\u00e1rio de Adamuz"},"content":{"rendered":"<p>A trag\u00e9dia ferrovi\u00e1ria de Adamuz, no sul de Espanha, j\u00e1 fez 46 mortos. O acidente ocorreu a 18 de janeiro, envolvendo um comboio de alta velocidade Iryo que descarrilou, seguido de um segundo comboio que embateu nas carruagens. A fratura do carril \u00e9 apontada como causa preliminar.<\/p>\n<p>Inicialmente, 126 pessoas foram assistidas. Entre os feridos, 16 permanecem hospitalizados, com dois em unidades de cuidados intensivos, em C\u00f3rdoba.<\/p>\n<p>Dois jovens seguros no momento do incidente estavam entre os internados nos cuidados intensivos. Um encontra-se no Hospital Reina Sof\u00eda, o outro no Hospital San Juan de Dios, ambos em C\u00f3rdoba.<\/p>\n<p>No total, 14 pacientes constam em enfermarias de v\u00e1rias unidades hospitalares: Reina Sof\u00eda, Juan Ram\u00f3n Jim\u00e9nez, Infanta Elena, Virgen del Roc\u00edo e Vithas. Entre os pacientes h\u00e1 menos de idade, segundo o SAS.<\/p>\n<h3>Investiga\u00e7\u00e3o e primeiras leituras t\u00e9cnicas<\/h3>\n<p>Um relat\u00f3rio preliminar aponta para uma fratura no carril como causa do descarrilamento. O estudo analisa as circunst\u00e2ncias da passagem das composi\u00e7\u00f5es na sequ\u00eancia do acidente.<\/p>\n<h3>Rea\u00e7\u00e3o oficial<\/h3>\n<p>O ministro dos Transportes, \u00d3scar Puente, afirmou que as inspe\u00e7\u00f5es da linha tinham sido cumpridas. Referiu ainda que fissuras nos carris s\u00e3o habituais, por\u00e9m houve muita m\u00e1 sorte no caso de Adamuz.<\/p>\n","protected":false},"excerpt":{"rendered":"<ul>\n<li>Morte de uma mulher eleva para 46 o n\u00famero de v\u00edtimas mortais do desastre ferrovi\u00e1rio de Adamuz, ocorrido a 18 de janeiro no sul de Espanha.<\/li>\n<li>A mulher estava internada na Unidade de Cuidados Intensivos do Hospital Reina Sof\u00eda, em C\u00f3rdoba, e tornou-se a primeira a morrer num hospital desde o acidente.<\/li>\n<li>O n\u00famero de feridos ainda hospitalizados diminuiu para 16, entre os quais dois em cuidados intensivos; no total foram atendidas 126 pessoas.<\/li>\n<li>Nas enfermarias est\u00e3o 14 pacientes internados em v\u00e1rios hospitais da Andaluzia, incluindo uma crian\u00e7a; dois permanecem em cuidados intensivos, um no Reina Sof\u00eda e outro no San Juan de Dios.<\/li>\n<li>O acidente foi provocado por uma fratura do carril; o ministro dos Transportes afirmou que as inspe\u00e7\u00f5es tinham sido cumpridas, atribuindo a falha a muita m\u00e1 sorte.<\/li>\n<\/ul>\n","protected":false},"author":2,"featured_media":185491,"comment_status":"closed","ping_status":"closed","sticky":false,"template":"","format":"standard","meta":{"footnotes":""},"categories":[1],"tags":[3447,3465,3448,3449,3764,215],"class_list":["post-185488","post","type-post","status-publish","format-standard","has-post-thumbnail","hentry","category-noticias","tag-acidente-ferroviario","tag-adamuz","tag-descarrilamento","tag-feridos","tag-feridos-graves","tag-investigacao"],"yoast_head":"<!-- This site is optimized with the Yoast SEO plugin v27.2 - https:\/\/yoast.com\/product\/yoast-seo-wordpress\/ -->\n<title>Morte de mulher eleva para 46 v\u00edtimas do desastre ferrovi\u00e1rio de Adamuz - Portal Tela Portugal<\/title>\n<meta name=\"robots\" content=\"index, follow, max-snippet:-1, max-image-preview:large, max-video-preview:-1\" \/>\n<meta property=\"og:locale\" content=\"pt_PT\" \/>\n<meta property=\"og:type\" content=\"article\" \/>\n<meta property=\"og:title\" content=\"Morte de mulher eleva para 46 v\u00edtimas do desastre ferrovi\u00e1rio de Adamuz - Portal Tela Portugal\" \/>\n<meta property=\"og:description\" content=\"Morte de uma mulher eleva para 46 o n\u00famero de v\u00edtimas mortais do desastre ferrovi\u00e1rio de Adamuz, ocorrido a 18 de janeiro no sul de Espanha. A mulher estava internada na Unidade de Cuidados Intensivos do Hospital Reina Sof\u00eda, em C\u00f3rdoba, e tornou-se a primeira a morrer num hospital desde o acidente. O n\u00famero de feridos ainda hospitalizados diminuiu para 16, entre os quais dois em cuidados intensivos; no total foram atendidas 126 pessoas. Nas enfermarias est\u00e3o 14 pacientes internados em v\u00e1rios hospitais da Andaluzia, incluindo uma crian\u00e7a; dois permanecem em cuidados intensivos, um no Reina Sof\u00eda e outro no San Juan de Dios. O acidente foi provocado por uma fratura do carril; o ministro dos Transportes afirmou que as inspe\u00e7\u00f5es tinham sido cumpridas, atribuindo a falha a muita m\u00e1 sorte.\" \/>\n<meta property=\"og:url\" content=\"https:\/\/portaltela.pt\/noticias\/2026\/01\/30\/morte-de-mulher-eleva-para-46-vitimas-do-desastre-ferroviario-de-adamuz\/\" \/>\n<meta property=\"og:site_name\" content=\"Portal Tela Portugal\" \/>\n<meta property=\"article:published_time\" content=\"2026-01-30T20:29:00+00:00\" \/>\n<meta name=\"author\" content=\"Telinha\" \/>\n<meta name=\"twitter:card\" content=\"summary_large_image\" \/>\n<meta name=\"twitter:label1\" content=\"Escrito por\" \/>\n\t<meta name=\"twitter:data1\" content=\"Telinha\" \/>\n\t<meta name=\"twitter:label2\" content=\"Tempo estimado de leitura\" \/>\n\t<meta name=\"twitter:data2\" content=\"1 minuto\" \/>\n<script type=\"application\/ld+json\" class=\"yoast-schema-graph\">{\"@context\":\"https:\/\/schema.org\",\"@graph\":[{\"@type\":\"Article\",\"@id\":\"https:\/\/portaltela.pt\/noticias\/2026\/01\/30\/morte-de-mulher-eleva-para-46-vitimas-do-desastre-ferroviario-de-adamuz\/#article\",\"isPartOf\":{\"@id\":\"https:\/\/portaltela.pt\/noticias\/2026\/01\/30\/morte-de-mulher-eleva-para-46-vitimas-do-desastre-ferroviario-de-adamuz\/\"},\"author\":{\"name\":\"Telinha\",\"@id\":\"https:\/\/portaltela.pt\/#\/schema\/person\/c4278d4a6028830caff9ee44b42d32ed\"},\"headline\":\"Morte de mulher eleva para 46 v\u00edtimas do desastre ferrovi\u00e1rio de Adamuz\",\"datePublished\":\"2026-01-30T20:29:00+00:00\",\"mainEntityOfPage\":{\"@id\":\"https:\/\/portaltela.pt\/noticias\/2026\/01\/30\/morte-de-mulher-eleva-para-46-vitimas-do-desastre-ferroviario-de-adamuz\/\"},\"wordCount\":223,\"image\":{\"@id\":\"https:\/\/portaltela.pt\/noticias\/2026\/01\/30\/morte-de-mulher-eleva-para-46-vitimas-do-desastre-ferroviario-de-adamuz\/#primaryimage\"},\"thumbnailUrl\":\"https:\/\/portaltela.pt\/s.01k8rhncp4jt1\/2026\/01\/a6f0be88-3ea9-4dfe-af49-3970e6e6e0da_1200x675-1.jpg\",\"keywords\":[\"acidente ferrovi\u00e1rio\",\"Adamuz\",\"descarrilamento\",\"feridos\",\"feridos graves\",\"investiga\u00e7\u00e3o\"],\"articleSection\":[\"Not\u00edcias\"],\"inLanguage\":\"pt-PT\"},{\"@type\":\"WebPage\",\"@id\":\"https:\/\/portaltela.pt\/noticias\/2026\/01\/30\/morte-de-mulher-eleva-para-46-vitimas-do-desastre-ferroviario-de-adamuz\/\",\"url\":\"https:\/\/portaltela.pt\/noticias\/2026\/01\/30\/morte-de-mulher-eleva-para-46-vitimas-do-desastre-ferroviario-de-adamuz\/\",\"name\":\"Morte de mulher eleva para 46 v\u00edtimas do desastre ferrovi\u00e1rio de Adamuz - Portal Tela Portugal\",\"isPartOf\":{\"@id\":\"https:\/\/portaltela.pt\/#website\"},\"primaryImageOfPage\":{\"@id\":\"https:\/\/portaltela.pt\/noticias\/2026\/01\/30\/morte-de-mulher-eleva-para-46-vitimas-do-desastre-ferroviario-de-adamuz\/#primaryimage\"},\"image\":{\"@id\":\"https:\/\/portaltela.pt\/noticias\/2026\/01\/30\/morte-de-mulher-eleva-para-46-vitimas-do-desastre-ferroviario-de-adamuz\/#primaryimage\"},\"thumbnailUrl\":\"https:\/\/portaltela.pt\/s.01k8rhncp4jt1\/2026\/01\/a6f0be88-3ea9-4dfe-af49-3970e6e6e0da_1200x675-1.jpg\",\"datePublished\":\"2026-01-30T20:29:00+00:00\",\"author\":{\"@id\":\"https:\/\/portaltela.pt\/#\/schema\/person\/c4278d4a6028830caff9ee44b42d32ed\"},\"breadcrumb\":{\"@id\":\"https:\/\/portaltela.pt\/noticias\/2026\/01\/30\/morte-de-mulher-eleva-para-46-vitimas-do-desastre-ferroviario-de-adamuz\/#breadcrumb\"},\"inLanguage\":\"pt-PT\",\"potentialAction\":[{\"@type\":\"ReadAction\",\"target\":[\"https:\/\/portaltela.pt\/noticias\/2026\/01\/30\/morte-de-mulher-eleva-para-46-vitimas-do-desastre-ferroviario-de-adamuz\/\"]}]},{\"@type\":\"ImageObject\",\"inLanguage\":\"pt-PT\",\"@id\":\"https:\/\/portaltela.pt\/noticias\/2026\/01\/30\/morte-de-mulher-eleva-para-46-vitimas-do-desastre-ferroviario-de-adamuz\/#primaryimage\",\"url\":\"https:\/\/portaltela.pt\/s.01k8rhncp4jt1\/2026\/01\/a6f0be88-3ea9-4dfe-af49-3970e6e6e0da_1200x675-1.jpg\",\"contentUrl\":\"https:\/\/portaltela.pt\/s.01k8rhncp4jt1\/2026\/01\/a6f0be88-3ea9-4dfe-af49-3970e6e6e0da_1200x675-1.jpg\",\"width\":796,\"height\":448,\"caption\":\"Acidente provocou tamb\u00e9m mais de 150 feridos\"},{\"@type\":\"BreadcrumbList\",\"@id\":\"https:\/\/portaltela.pt\/noticias\/2026\/01\/30\/morte-de-mulher-eleva-para-46-vitimas-do-desastre-ferroviario-de-adamuz\/#breadcrumb\",\"itemListElement\":[{\"@type\":\"ListItem\",\"position\":1,\"name\":\"In\u00edcio\",\"item\":\"https:\/\/portaltela.pt\/\"},{\"@type\":\"ListItem\",\"position\":2,\"name\":\"Morte de mulher eleva para 46 v\u00edtimas do desastre ferrovi\u00e1rio de Adamuz\"}]},{\"@type\":\"WebSite\",\"@id\":\"https:\/\/portaltela.pt\/#website\",\"url\":\"https:\/\/portaltela.pt\/\",\"name\":\"Portal Tela Portugal\",\"description\":\"\",\"potentialAction\":[{\"@type\":\"SearchAction\",\"target\":{\"@type\":\"EntryPoint\",\"urlTemplate\":\"https:\/\/portaltela.pt\/?s={search_term_string}\"},\"query-input\":{\"@type\":\"PropertyValueSpecification\",\"valueRequired\":true,\"valueName\":\"search_term_string\"}}],\"inLanguage\":\"pt-PT\"},{\"@type\":\"Person\",\"@id\":\"https:\/\/portaltela.pt\/#\/schema\/person\/c4278d4a6028830caff9ee44b42d32ed\",\"name\":\"Telinha\",\"image\":{\"@type\":\"ImageObject\",\"inLanguage\":\"pt-PT\",\"@id\":\"https:\/\/portaltela.pt\/s.01k8rhncp4jt1\/2025\/11\/talking-bot-125x125.png\",\"url\":\"https:\/\/portaltela.pt\/s.01k8rhncp4jt1\/2025\/11\/talking-bot-125x125.png\",\"contentUrl\":\"https:\/\/portaltela.pt\/s.01k8rhncp4jt1\/2025\/11\/talking-bot-125x125.png\",\"caption\":\"Telinha\"},\"sameAs\":[\"https:\/\/portaltela.pt\/\"],\"url\":\"https:\/\/portaltela.pt\/por\/367410592786\/\"}]}<\/script>\n<!-- \/ Yoast SEO plugin. -->","yoast_head_json":{"title":"Morte de mulher eleva para 46 v\u00edtimas do desastre ferrovi\u00e1rio de Adamuz - Portal Tela Portugal","robots":{"index":"index","follow":"follow","max-snippet":"max-snippet:-1","max-image-preview":"max-image-preview:large","max-video-preview":"max-video-preview:-1"},"og_locale":"pt_PT","og_type":"article","og_title":"Morte de mulher eleva para 46 v\u00edtimas do desastre ferrovi\u00e1rio de Adamuz - Portal Tela Portugal","og_description":"Morte de uma mulher eleva para 46 o n\u00famero de v\u00edtimas mortais do desastre ferrovi\u00e1rio de Adamuz, ocorrido a 18 de janeiro no sul de Espanha. A mulher estava internada na Unidade de Cuidados Intensivos do Hospital Reina Sof\u00eda, em C\u00f3rdoba, e tornou-se a primeira a morrer num hospital desde o acidente. O n\u00famero de feridos ainda hospitalizados diminuiu para 16, entre os quais dois em cuidados intensivos; no total foram atendidas 126 pessoas. Nas enfermarias est\u00e3o 14 pacientes internados em v\u00e1rios hospitais da Andaluzia, incluindo uma crian\u00e7a; dois permanecem em cuidados intensivos, um no Reina Sof\u00eda e outro no San Juan de Dios. O acidente foi provocado por uma fratura do carril; o ministro dos Transportes afirmou que as inspe\u00e7\u00f5es tinham sido cumpridas, atribuindo a falha a muita m\u00e1 sorte.","og_url":"https:\/\/portaltela.pt\/noticias\/2026\/01\/30\/morte-de-mulher-eleva-para-46-vitimas-do-desastre-ferroviario-de-adamuz\/","og_site_name":"Portal Tela Portugal","article_published_time":"2026-01-30T20:29:00+00:00","author":"Telinha","twitter_card":"summary_large_image","twitter_misc":{"Escrito por":"Telinha","Tempo estimado de leitura":"1 minuto"},"schema":{"@context":"https:\/\/schema.org","@graph":[{"@type":"Article","@id":"https:\/\/portaltela.pt\/noticias\/2026\/01\/30\/morte-de-mulher-eleva-para-46-vitimas-do-desastre-ferroviario-de-adamuz\/#article","isPartOf":{"@id":"https:\/\/portaltela.pt\/noticias\/2026\/01\/30\/morte-de-mulher-eleva-para-46-vitimas-do-desastre-ferroviario-de-adamuz\/"},"author":{"name":"Telinha","@id":"https:\/\/portaltela.pt\/#\/schema\/person\/c4278d4a6028830caff9ee44b42d32ed"},"headline":"Morte de mulher eleva para 46 v\u00edtimas do desastre ferrovi\u00e1rio de Adamuz","datePublished":"2026-01-30T20:29:00+00:00","mainEntityOfPage":{"@id":"https:\/\/portaltela.pt\/noticias\/2026\/01\/30\/morte-de-mulher-eleva-para-46-vitimas-do-desastre-ferroviario-de-adamuz\/"},"wordCount":223,"image":{"@id":"https:\/\/portaltela.pt\/noticias\/2026\/01\/30\/morte-de-mulher-eleva-para-46-vitimas-do-desastre-ferroviario-de-adamuz\/#primaryimage"},"thumbnailUrl":"https:\/\/portaltela.pt\/s.01k8rhncp4jt1\/2026\/01\/a6f0be88-3ea9-4dfe-af49-3970e6e6e0da_1200x675-1.jpg","keywords":["acidente ferrovi\u00e1rio","Adamuz","descarrilamento","feridos","feridos graves","investiga\u00e7\u00e3o"],"articleSection":["Not\u00edcias"],"inLanguage":"pt-PT"},{"@type":"WebPage","@id":"https:\/\/portaltela.pt\/noticias\/2026\/01\/30\/morte-de-mulher-eleva-para-46-vitimas-do-desastre-ferroviario-de-adamuz\/","url":"https:\/\/portaltela.pt\/noticias\/2026\/01\/30\/morte-de-mulher-eleva-para-46-vitimas-do-desastre-ferroviario-de-adamuz\/","name":"Morte de mulher eleva para 46 v\u00edtimas do desastre ferrovi\u00e1rio de Adamuz - Portal Tela Portugal","isPartOf":{"@id":"https:\/\/portaltela.pt\/#website"},"primaryImageOfPage":{"@id":"https:\/\/portaltela.pt\/noticias\/2026\/01\/30\/morte-de-mulher-eleva-para-46-vitimas-do-desastre-ferroviario-de-adamuz\/#primaryimage"},"image":{"@id":"https:\/\/portaltela.pt\/noticias\/2026\/01\/30\/morte-de-mulher-eleva-para-46-vitimas-do-desastre-ferroviario-de-adamuz\/#primaryimage"},"thumbnailUrl":"https:\/\/portaltela.pt\/s.01k8rhncp4jt1\/2026\/01\/a6f0be88-3ea9-4dfe-af49-3970e6e6e0da_1200x675-1.jpg","datePublished":"2026-01-30T20:29:00+00:00","author":{"@id":"https:\/\/portaltela.pt\/#\/schema\/person\/c4278d4a6028830caff9ee44b42d32ed"},"breadcrumb":{"@id":"https:\/\/portaltela.pt\/noticias\/2026\/01\/30\/morte-de-mulher-eleva-para-46-vitimas-do-desastre-ferroviario-de-adamuz\/#breadcrumb"},"inLanguage":"pt-PT","potentialAction":[{"@type":"ReadAction","target":["https:\/\/portaltela.pt\/noticias\/2026\/01\/30\/morte-de-mulher-eleva-para-46-vitimas-do-desastre-ferroviario-de-adamuz\/"]}]},{"@type":"ImageObject","inLanguage":"pt-PT","@id":"https:\/\/portaltela.pt\/noticias\/2026\/01\/30\/morte-de-mulher-eleva-para-46-vitimas-do-desastre-ferroviario-de-adamuz\/#primaryimage","url":"https:\/\/portaltela.pt\/s.01k8rhncp4jt1\/2026\/01\/a6f0be88-3ea9-4dfe-af49-3970e6e6e0da_1200x675-1.jpg","contentUrl":"https:\/\/portaltela.pt\/s.01k8rhncp4jt1\/2026\/01\/a6f0be88-3ea9-4dfe-af49-3970e6e6e0da_1200x675-1.jpg","width":796,"height":448,"caption":"Acidente provocou tamb\u00e9m mais de 150 feridos"},{"@type":"BreadcrumbList","@id":"https:\/\/portaltela.pt\/noticias\/2026\/01\/30\/morte-de-mulher-eleva-para-46-vitimas-do-desastre-ferroviario-de-adamuz\/#breadcrumb","itemListElement":[{"@type":"ListItem","position":1,"name":"In\u00edcio","item":"https:\/\/portaltela.pt\/"},{"@type":"ListItem","position":2,"name":"Morte de mulher eleva para 46 v\u00edtimas do desastre ferrovi\u00e1rio de Adamuz"}]},{"@type":"WebSite","@id":"https:\/\/portaltela.pt\/#website","url":"https:\/\/portaltela.pt\/","name":"Portal Tela Portugal","description":"","potentialAction":[{"@type":"SearchAction","target":{"@type":"EntryPoint","urlTemplate":"https:\/\/portaltela.pt\/?s={search_term_string}"},"query-input":{"@type":"PropertyValueSpecification","valueRequired":true,"valueName":"search_term_string"}}],"inLanguage":"pt-PT"},{"@type":"Person","@id":"https:\/\/portaltela.pt\/#\/schema\/person\/c4278d4a6028830caff9ee44b42d32ed","name":"Telinha","image":{"@type":"ImageObject","inLanguage":"pt-PT","@id":"https:\/\/portaltela.pt\/s.01k8rhncp4jt1\/2025\/11\/talking-bot-125x125.png","url":"https:\/\/portaltela.pt\/s.01k8rhncp4jt1\/2025\/11\/talking-bot-125x125.png","contentUrl":"https:\/\/portaltela.pt\/s.01k8rhncp4jt1\/2025\/11\/talking-bot-125x125.png","caption":"Telinha"},"sameAs":["https:\/\/portaltela.pt\/"],"url":"https:\/\/portaltela.pt\/por\/367410592786\/"}]}},"_links":{"self":[{"href":"https:\/\/portaltela.pt\/api\/wp\/v2\/posts\/185488","targetHints":{"allow":["GET"]}}],"collection":[{"href":"https:\/\/portaltela.pt\/api\/wp\/v2\/posts"}],"about":[{"href":"https:\/\/portaltela.pt\/api\/wp\/v2\/types\/post"}],"author":[{"embeddable":true,"href":"https:\/\/portaltela.pt\/api\/wp\/v2\/users\/2"}],"replies":[{"embeddable":true,"href":"https:\/\/portaltela.pt\/api\/wp\/v2\/comments?post=185488"}],"version-history":[{"count":0,"href":"https:\/\/portaltela.pt\/api\/wp\/v2\/posts\/185488\/revisions"}],"wp:featuredmedia":[{"embeddable":true,"href":"https:\/\/portaltela.pt\/api\/wp\/v2\/media\/185491"}],"wp:attachment":[{"href":"https:\/\/portaltela.pt\/api\/wp\/v2\/media?parent=185488"}],"wp:term":[{"taxonomy":"category","embeddable":true,"href":"https:\/\/portaltela.pt\/api\/wp\/v2\/categories?post=185488"},{"taxonomy":"post_tag","embeddable":true,"href":"https:\/\/portaltela.pt\/api\/wp\/v2\/tags?post=185488"}],"curies":[{"name":"wp","href":"https:\/\/api.w.org\/{rel}","templated":true}]}}