{"id":185469,"date":"2026-01-30T17:35:00","date_gmt":"2026-01-30T20:35:00","guid":{"rendered":"https:\/\/portaltela.pt\/noticias\/2026\/01\/30\/barcelos-capacita-cuidadores-e-oferece-consultas-de-psiquiatria-gratuitas\/"},"modified":"2026-01-30T17:35:00","modified_gmt":"2026-01-30T20:35:00","slug":"barcelos-capacita-cuidadores-e-oferece-consultas-de-psiquiatria-gratuitas","status":"publish","type":"post","link":"https:\/\/portaltela.pt\/noticias\/2026\/01\/30\/barcelos-capacita-cuidadores-e-oferece-consultas-de-psiquiatria-gratuitas\/","title":{"rendered":"Barcelos capacita cuidadores e oferece consultas de psiquiatria gratuitas"},"content":{"rendered":"<p>O munic\u00edpio de Barcelos, em parceria com o Instituto S. Jo\u00e3o de Deus, avan\u00e7a com a\u00e7\u00f5es na \u00e1rea da sa\u00fade mental para 2026. Vai capacitar cuidadores de doentes e disponibilizar consultas de psiquiatria gratuitas, em moldes ainda por definir.<\/p>\n<p>A iniciativa faz parte do Plano de Atividades da Rede Municipal de Sa\u00fade Mental, aprovado na Assembleia Geral desta sexta-feira. O objetivo \u00e9 refor\u00e7ar respostas integradas e proximidade no concelho.<\/p>\n<p>Entre as novidades est\u00e1 o II F\u00f3rum Barcelos Capital Mundial de Sa\u00fade Mental, que celebra o segundo anivers\u00e1rio da Rede Municipal e visa aprofundar o debate, partilha de conhecimento e sensibiliza\u00e7\u00e3o da comunidade.<\/p>\n<h3>Estrutura e participa\u00e7\u00e3o<\/h3>\n<p>Na sess\u00e3o da Assembleia Geral, realizada no Audit\u00f3rio Municipal de Barcelos, foi tamb\u00e9m apresentada a avalia\u00e7\u00e3o de 2025 e definidas as linhas estrat\u00e9gicas para 2026. O vereador da Sa\u00fade, Filipe Pinheiro, enfatizou o in\u00edcio de um novo ciclo de trabalho.<\/p>\n<p>Foi eleita a estrutura do N\u00facleo Coordenador da Rede para 2026. Membros efetivos: Polit\u00e9cnico do C\u00e1vado e do Ave, Instituto de S\u00e3o Jo\u00e3o de Deus, GASC e Empresa Municipal de Educa\u00e7\u00e3o e Cultura. Suplentes: Recovery IPSS e Associa\u00e7\u00e3o Comercial e Industrial de Barcelos.<\/p>\n<p>Embora haja distin\u00e7\u00e3o entre grupos efetivos e suplentes, todas as entidades participam ativamente, garantindo um modelo de funcionamento colaborativo e participativo.<\/p>\n<h3>Rede municipal de sa\u00fade mental<\/h3>\n<p>A Rede, que j\u00e1 re\u00fane cerca de 65 entidades, tem como miss\u00e3o promover uma resposta integrada, pr\u00f3xima e eficaz \u00e0s necessidades do concelho. A articula\u00e7\u00e3o entre parceiros e a valoriza\u00e7\u00e3o de boas pr\u00e1ticas s\u00e3o prioridades para 2026.<\/p>\n","protected":false},"excerpt":{"rendered":"<ul>\n<li>Barcelos, em parceria com o Instituto de S\u00e3o Jo\u00e3o de Deus, prepara, j\u00e1 em 2026, a capacita\u00e7\u00e3o de cuidadores de doentes na \u00e1rea da sa\u00fade mental e a disponibiliza\u00e7\u00e3o de consultas de psiquiatria gratuitas, por definir.<\/li>\n<li>O Plano de Atividades da Rede Municipal de Sa\u00fade Mental para o pr\u00f3ximo ano foi aprovado em Assembleia Geral.<\/li>\n<li>Vai realizar-se o II F\u00f3rum Barcelos Capital Mundial de Sa\u00fade Mental, a celebrar o segundo anivers\u00e1rio da Rede Municipal.<\/li>\n<li>Durante a sess\u00e3o, foi apresentada a primeira reuni\u00e3o da Rede no atual mandato, com o vereador da Sa\u00fade, Filipe Pinheiro, a sublinhar a constru\u00e7\u00e3o de respostas integradas e de proximidade.<\/li>\n<li>O N\u00facleo Coordenador de 2026 fica composto por membros efetivos: o Polit\u00e9cnico do C\u00e1vado e do Ave, o Instituto de S\u00e3o Jo\u00e3o de Deus, o GASC, a Empresa Municipal de Educa\u00e7\u00e3o e Cultura; suplentes: Recovery IPSS e Associa\u00e7\u00e3o Comercial e Industrial de Barcelos; a Rede envolve cerca de 65 entidades.<\/li>\n<\/ul>\n","protected":false},"author":2,"featured_media":185473,"comment_status":"closed","ping_status":"closed","sticky":false,"template":"","format":"standard","meta":{"footnotes":""},"categories":[1],"tags":[4846,2172,1027,1404,55,271],"class_list":["post-185469","post","type-post","status-publish","format-standard","has-post-thumbnail","hentry","category-noticias","tag-administracao-local","tag-assistencia-social","tag-barcelos","tag-psiquiatria","tag-saude-mental","tag-saude-publica"],"yoast_head":"<!-- This site is optimized with the Yoast SEO plugin v27.2 - https:\/\/yoast.com\/product\/yoast-seo-wordpress\/ -->\n<title>Barcelos capacita cuidadores e oferece consultas de psiquiatria gratuitas - Portal Tela Portugal<\/title>\n<meta name=\"robots\" content=\"index, follow, max-snippet:-1, max-image-preview:large, max-video-preview:-1\" \/>\n<meta property=\"og:locale\" content=\"pt_PT\" \/>\n<meta property=\"og:type\" content=\"article\" \/>\n<meta property=\"og:title\" content=\"Barcelos capacita cuidadores e oferece consultas de psiquiatria gratuitas - Portal Tela Portugal\" \/>\n<meta property=\"og:description\" content=\"Barcelos, em parceria com o Instituto de S\u00e3o Jo\u00e3o de Deus, prepara, j\u00e1 em 2026, a capacita\u00e7\u00e3o de cuidadores de doentes na \u00e1rea da sa\u00fade mental e a disponibiliza\u00e7\u00e3o de consultas de psiquiatria gratuitas, por definir. O Plano de Atividades da Rede Municipal de Sa\u00fade Mental para o pr\u00f3ximo ano foi aprovado em Assembleia Geral. Vai realizar-se o II F\u00f3rum Barcelos Capital Mundial de Sa\u00fade Mental, a celebrar o segundo anivers\u00e1rio da Rede Municipal. Durante a sess\u00e3o, foi apresentada a primeira reuni\u00e3o da Rede no atual mandato, com o vereador da Sa\u00fade, Filipe Pinheiro, a sublinhar a constru\u00e7\u00e3o de respostas integradas e de proximidade. O N\u00facleo Coordenador de 2026 fica composto por membros efetivos: o Polit\u00e9cnico do C\u00e1vado e do Ave, o Instituto de S\u00e3o Jo\u00e3o de Deus, o GASC, a Empresa Municipal de Educa\u00e7\u00e3o e Cultura; suplentes: Recovery IPSS e Associa\u00e7\u00e3o Comercial e Industrial de Barcelos; a Rede envolve cerca de 65 entidades.\" \/>\n<meta property=\"og:url\" content=\"https:\/\/portaltela.pt\/noticias\/2026\/01\/30\/barcelos-capacita-cuidadores-e-oferece-consultas-de-psiquiatria-gratuitas\/\" \/>\n<meta property=\"og:site_name\" content=\"Portal Tela Portugal\" \/>\n<meta property=\"article:published_time\" content=\"2026-01-30T20:35:00+00:00\" \/>\n<meta name=\"author\" content=\"Telinha\" \/>\n<meta name=\"twitter:card\" content=\"summary_large_image\" \/>\n<meta name=\"twitter:label1\" content=\"Escrito por\" \/>\n\t<meta name=\"twitter:data1\" content=\"Telinha\" \/>\n\t<meta name=\"twitter:label2\" content=\"Tempo estimado de leitura\" \/>\n\t<meta name=\"twitter:data2\" content=\"1 minuto\" \/>\n<script type=\"application\/ld+json\" class=\"yoast-schema-graph\">{\"@context\":\"https:\/\/schema.org\",\"@graph\":[{\"@type\":\"Article\",\"@id\":\"https:\/\/portaltela.pt\/noticias\/2026\/01\/30\/barcelos-capacita-cuidadores-e-oferece-consultas-de-psiquiatria-gratuitas\/#article\",\"isPartOf\":{\"@id\":\"https:\/\/portaltela.pt\/noticias\/2026\/01\/30\/barcelos-capacita-cuidadores-e-oferece-consultas-de-psiquiatria-gratuitas\/\"},\"author\":{\"name\":\"Telinha\",\"@id\":\"https:\/\/portaltela.pt\/#\/schema\/person\/c4278d4a6028830caff9ee44b42d32ed\"},\"headline\":\"Barcelos capacita cuidadores e oferece consultas de psiquiatria gratuitas\",\"datePublished\":\"2026-01-30T20:35:00+00:00\",\"mainEntityOfPage\":{\"@id\":\"https:\/\/portaltela.pt\/noticias\/2026\/01\/30\/barcelos-capacita-cuidadores-e-oferece-consultas-de-psiquiatria-gratuitas\/\"},\"wordCount\":288,\"image\":{\"@id\":\"https:\/\/portaltela.pt\/noticias\/2026\/01\/30\/barcelos-capacita-cuidadores-e-oferece-consultas-de-psiquiatria-gratuitas\/#primaryimage\"},\"thumbnailUrl\":\"https:\/\/portaltela.pt\/s.01k8rhncp4jt1\/2026\/01\/image-2162.jpg\",\"keywords\":[\"Administra\u00e7\u00e3o Local\",\"assist\u00eancia social\",\"Barcelos\",\"Psiquiatria\",\"sa\u00fade mental\",\"sa\u00fade p\u00fablica\"],\"articleSection\":[\"Not\u00edcias\"],\"inLanguage\":\"pt-PT\"},{\"@type\":\"WebPage\",\"@id\":\"https:\/\/portaltela.pt\/noticias\/2026\/01\/30\/barcelos-capacita-cuidadores-e-oferece-consultas-de-psiquiatria-gratuitas\/\",\"url\":\"https:\/\/portaltela.pt\/noticias\/2026\/01\/30\/barcelos-capacita-cuidadores-e-oferece-consultas-de-psiquiatria-gratuitas\/\",\"name\":\"Barcelos capacita cuidadores e oferece consultas de psiquiatria gratuitas - Portal Tela Portugal\",\"isPartOf\":{\"@id\":\"https:\/\/portaltela.pt\/#website\"},\"primaryImageOfPage\":{\"@id\":\"https:\/\/portaltela.pt\/noticias\/2026\/01\/30\/barcelos-capacita-cuidadores-e-oferece-consultas-de-psiquiatria-gratuitas\/#primaryimage\"},\"image\":{\"@id\":\"https:\/\/portaltela.pt\/noticias\/2026\/01\/30\/barcelos-capacita-cuidadores-e-oferece-consultas-de-psiquiatria-gratuitas\/#primaryimage\"},\"thumbnailUrl\":\"https:\/\/portaltela.pt\/s.01k8rhncp4jt1\/2026\/01\/image-2162.jpg\",\"datePublished\":\"2026-01-30T20:35:00+00:00\",\"author\":{\"@id\":\"https:\/\/portaltela.pt\/#\/schema\/person\/c4278d4a6028830caff9ee44b42d32ed\"},\"breadcrumb\":{\"@id\":\"https:\/\/portaltela.pt\/noticias\/2026\/01\/30\/barcelos-capacita-cuidadores-e-oferece-consultas-de-psiquiatria-gratuitas\/#breadcrumb\"},\"inLanguage\":\"pt-PT\",\"potentialAction\":[{\"@type\":\"ReadAction\",\"target\":[\"https:\/\/portaltela.pt\/noticias\/2026\/01\/30\/barcelos-capacita-cuidadores-e-oferece-consultas-de-psiquiatria-gratuitas\/\"]}]},{\"@type\":\"ImageObject\",\"inLanguage\":\"pt-PT\",\"@id\":\"https:\/\/portaltela.pt\/noticias\/2026\/01\/30\/barcelos-capacita-cuidadores-e-oferece-consultas-de-psiquiatria-gratuitas\/#primaryimage\",\"url\":\"https:\/\/portaltela.pt\/s.01k8rhncp4jt1\/2026\/01\/image-2162.jpg\",\"contentUrl\":\"https:\/\/portaltela.pt\/s.01k8rhncp4jt1\/2026\/01\/image-2162.jpg\",\"width\":796,\"height\":448,\"caption\":\"Uma das propostas previstas \u00e9 disponibilizar consultas de psiquiatria gratuitas\"},{\"@type\":\"BreadcrumbList\",\"@id\":\"https:\/\/portaltela.pt\/noticias\/2026\/01\/30\/barcelos-capacita-cuidadores-e-oferece-consultas-de-psiquiatria-gratuitas\/#breadcrumb\",\"itemListElement\":[{\"@type\":\"ListItem\",\"position\":1,\"name\":\"In\u00edcio\",\"item\":\"https:\/\/portaltela.pt\/\"},{\"@type\":\"ListItem\",\"position\":2,\"name\":\"Barcelos capacita cuidadores e oferece consultas de psiquiatria gratuitas\"}]},{\"@type\":\"WebSite\",\"@id\":\"https:\/\/portaltela.pt\/#website\",\"url\":\"https:\/\/portaltela.pt\/\",\"name\":\"Portal Tela Portugal\",\"description\":\"\",\"potentialAction\":[{\"@type\":\"SearchAction\",\"target\":{\"@type\":\"EntryPoint\",\"urlTemplate\":\"https:\/\/portaltela.pt\/?s={search_term_string}\"},\"query-input\":{\"@type\":\"PropertyValueSpecification\",\"valueRequired\":true,\"valueName\":\"search_term_string\"}}],\"inLanguage\":\"pt-PT\"},{\"@type\":\"Person\",\"@id\":\"https:\/\/portaltela.pt\/#\/schema\/person\/c4278d4a6028830caff9ee44b42d32ed\",\"name\":\"Telinha\",\"image\":{\"@type\":\"ImageObject\",\"inLanguage\":\"pt-PT\",\"@id\":\"https:\/\/portaltela.pt\/s.01k8rhncp4jt1\/2025\/11\/talking-bot-125x125.png\",\"url\":\"https:\/\/portaltela.pt\/s.01k8rhncp4jt1\/2025\/11\/talking-bot-125x125.png\",\"contentUrl\":\"https:\/\/portaltela.pt\/s.01k8rhncp4jt1\/2025\/11\/talking-bot-125x125.png\",\"caption\":\"Telinha\"},\"sameAs\":[\"https:\/\/portaltela.pt\/\"],\"url\":\"https:\/\/portaltela.pt\/por\/367410592786\/\"}]}<\/script>\n<!-- \/ Yoast SEO plugin. -->","yoast_head_json":{"title":"Barcelos capacita cuidadores e oferece consultas de psiquiatria gratuitas - Portal Tela Portugal","robots":{"index":"index","follow":"follow","max-snippet":"max-snippet:-1","max-image-preview":"max-image-preview:large","max-video-preview":"max-video-preview:-1"},"og_locale":"pt_PT","og_type":"article","og_title":"Barcelos capacita cuidadores e oferece consultas de psiquiatria gratuitas - Portal Tela Portugal","og_description":"Barcelos, em parceria com o Instituto de S\u00e3o Jo\u00e3o de Deus, prepara, j\u00e1 em 2026, a capacita\u00e7\u00e3o de cuidadores de doentes na \u00e1rea da sa\u00fade mental e a disponibiliza\u00e7\u00e3o de consultas de psiquiatria gratuitas, por definir. O Plano de Atividades da Rede Municipal de Sa\u00fade Mental para o pr\u00f3ximo ano foi aprovado em Assembleia Geral. Vai realizar-se o II F\u00f3rum Barcelos Capital Mundial de Sa\u00fade Mental, a celebrar o segundo anivers\u00e1rio da Rede Municipal. Durante a sess\u00e3o, foi apresentada a primeira reuni\u00e3o da Rede no atual mandato, com o vereador da Sa\u00fade, Filipe Pinheiro, a sublinhar a constru\u00e7\u00e3o de respostas integradas e de proximidade. O N\u00facleo Coordenador de 2026 fica composto por membros efetivos: o Polit\u00e9cnico do C\u00e1vado e do Ave, o Instituto de S\u00e3o Jo\u00e3o de Deus, o GASC, a Empresa Municipal de Educa\u00e7\u00e3o e Cultura; suplentes: Recovery IPSS e Associa\u00e7\u00e3o Comercial e Industrial de Barcelos; a Rede envolve cerca de 65 entidades.","og_url":"https:\/\/portaltela.pt\/noticias\/2026\/01\/30\/barcelos-capacita-cuidadores-e-oferece-consultas-de-psiquiatria-gratuitas\/","og_site_name":"Portal Tela Portugal","article_published_time":"2026-01-30T20:35:00+00:00","author":"Telinha","twitter_card":"summary_large_image","twitter_misc":{"Escrito por":"Telinha","Tempo estimado de leitura":"1 minuto"},"schema":{"@context":"https:\/\/schema.org","@graph":[{"@type":"Article","@id":"https:\/\/portaltela.pt\/noticias\/2026\/01\/30\/barcelos-capacita-cuidadores-e-oferece-consultas-de-psiquiatria-gratuitas\/#article","isPartOf":{"@id":"https:\/\/portaltela.pt\/noticias\/2026\/01\/30\/barcelos-capacita-cuidadores-e-oferece-consultas-de-psiquiatria-gratuitas\/"},"author":{"name":"Telinha","@id":"https:\/\/portaltela.pt\/#\/schema\/person\/c4278d4a6028830caff9ee44b42d32ed"},"headline":"Barcelos capacita cuidadores e oferece consultas de psiquiatria gratuitas","datePublished":"2026-01-30T20:35:00+00:00","mainEntityOfPage":{"@id":"https:\/\/portaltela.pt\/noticias\/2026\/01\/30\/barcelos-capacita-cuidadores-e-oferece-consultas-de-psiquiatria-gratuitas\/"},"wordCount":288,"image":{"@id":"https:\/\/portaltela.pt\/noticias\/2026\/01\/30\/barcelos-capacita-cuidadores-e-oferece-consultas-de-psiquiatria-gratuitas\/#primaryimage"},"thumbnailUrl":"https:\/\/portaltela.pt\/s.01k8rhncp4jt1\/2026\/01\/image-2162.jpg","keywords":["Administra\u00e7\u00e3o Local","assist\u00eancia social","Barcelos","Psiquiatria","sa\u00fade mental","sa\u00fade p\u00fablica"],"articleSection":["Not\u00edcias"],"inLanguage":"pt-PT"},{"@type":"WebPage","@id":"https:\/\/portaltela.pt\/noticias\/2026\/01\/30\/barcelos-capacita-cuidadores-e-oferece-consultas-de-psiquiatria-gratuitas\/","url":"https:\/\/portaltela.pt\/noticias\/2026\/01\/30\/barcelos-capacita-cuidadores-e-oferece-consultas-de-psiquiatria-gratuitas\/","name":"Barcelos capacita cuidadores e oferece consultas de psiquiatria gratuitas - Portal Tela Portugal","isPartOf":{"@id":"https:\/\/portaltela.pt\/#website"},"primaryImageOfPage":{"@id":"https:\/\/portaltela.pt\/noticias\/2026\/01\/30\/barcelos-capacita-cuidadores-e-oferece-consultas-de-psiquiatria-gratuitas\/#primaryimage"},"image":{"@id":"https:\/\/portaltela.pt\/noticias\/2026\/01\/30\/barcelos-capacita-cuidadores-e-oferece-consultas-de-psiquiatria-gratuitas\/#primaryimage"},"thumbnailUrl":"https:\/\/portaltela.pt\/s.01k8rhncp4jt1\/2026\/01\/image-2162.jpg","datePublished":"2026-01-30T20:35:00+00:00","author":{"@id":"https:\/\/portaltela.pt\/#\/schema\/person\/c4278d4a6028830caff9ee44b42d32ed"},"breadcrumb":{"@id":"https:\/\/portaltela.pt\/noticias\/2026\/01\/30\/barcelos-capacita-cuidadores-e-oferece-consultas-de-psiquiatria-gratuitas\/#breadcrumb"},"inLanguage":"pt-PT","potentialAction":[{"@type":"ReadAction","target":["https:\/\/portaltela.pt\/noticias\/2026\/01\/30\/barcelos-capacita-cuidadores-e-oferece-consultas-de-psiquiatria-gratuitas\/"]}]},{"@type":"ImageObject","inLanguage":"pt-PT","@id":"https:\/\/portaltela.pt\/noticias\/2026\/01\/30\/barcelos-capacita-cuidadores-e-oferece-consultas-de-psiquiatria-gratuitas\/#primaryimage","url":"https:\/\/portaltela.pt\/s.01k8rhncp4jt1\/2026\/01\/image-2162.jpg","contentUrl":"https:\/\/portaltela.pt\/s.01k8rhncp4jt1\/2026\/01\/image-2162.jpg","width":796,"height":448,"caption":"Uma das propostas previstas \u00e9 disponibilizar consultas de psiquiatria gratuitas"},{"@type":"BreadcrumbList","@id":"https:\/\/portaltela.pt\/noticias\/2026\/01\/30\/barcelos-capacita-cuidadores-e-oferece-consultas-de-psiquiatria-gratuitas\/#breadcrumb","itemListElement":[{"@type":"ListItem","position":1,"name":"In\u00edcio","item":"https:\/\/portaltela.pt\/"},{"@type":"ListItem","position":2,"name":"Barcelos capacita cuidadores e oferece consultas de psiquiatria gratuitas"}]},{"@type":"WebSite","@id":"https:\/\/portaltela.pt\/#website","url":"https:\/\/portaltela.pt\/","name":"Portal Tela Portugal","description":"","potentialAction":[{"@type":"SearchAction","target":{"@type":"EntryPoint","urlTemplate":"https:\/\/portaltela.pt\/?s={search_term_string}"},"query-input":{"@type":"PropertyValueSpecification","valueRequired":true,"valueName":"search_term_string"}}],"inLanguage":"pt-PT"},{"@type":"Person","@id":"https:\/\/portaltela.pt\/#\/schema\/person\/c4278d4a6028830caff9ee44b42d32ed","name":"Telinha","image":{"@type":"ImageObject","inLanguage":"pt-PT","@id":"https:\/\/portaltela.pt\/s.01k8rhncp4jt1\/2025\/11\/talking-bot-125x125.png","url":"https:\/\/portaltela.pt\/s.01k8rhncp4jt1\/2025\/11\/talking-bot-125x125.png","contentUrl":"https:\/\/portaltela.pt\/s.01k8rhncp4jt1\/2025\/11\/talking-bot-125x125.png","caption":"Telinha"},"sameAs":["https:\/\/portaltela.pt\/"],"url":"https:\/\/portaltela.pt\/por\/367410592786\/"}]}},"_links":{"self":[{"href":"https:\/\/portaltela.pt\/api\/wp\/v2\/posts\/185469","targetHints":{"allow":["GET"]}}],"collection":[{"href":"https:\/\/portaltela.pt\/api\/wp\/v2\/posts"}],"about":[{"href":"https:\/\/portaltela.pt\/api\/wp\/v2\/types\/post"}],"author":[{"embeddable":true,"href":"https:\/\/portaltela.pt\/api\/wp\/v2\/users\/2"}],"replies":[{"embeddable":true,"href":"https:\/\/portaltela.pt\/api\/wp\/v2\/comments?post=185469"}],"version-history":[{"count":0,"href":"https:\/\/portaltela.pt\/api\/wp\/v2\/posts\/185469\/revisions"}],"wp:featuredmedia":[{"embeddable":true,"href":"https:\/\/portaltela.pt\/api\/wp\/v2\/media\/185473"}],"wp:attachment":[{"href":"https:\/\/portaltela.pt\/api\/wp\/v2\/media?parent=185469"}],"wp:term":[{"taxonomy":"category","embeddable":true,"href":"https:\/\/portaltela.pt\/api\/wp\/v2\/categories?post=185469"},{"taxonomy":"post_tag","embeddable":true,"href":"https:\/\/portaltela.pt\/api\/wp\/v2\/tags?post=185469"}],"curies":[{"name":"wp","href":"https:\/\/api.w.org\/{rel}","templated":true}]}}