{"id":185418,"date":"2026-01-30T17:30:33","date_gmt":"2026-01-30T20:30:33","guid":{"rendered":"https:\/\/portaltela.pt\/noticias\/2026\/01\/30\/novo-formato-de-provas-taca-encurtada-e-campeonato-ampliado\/"},"modified":"2026-01-30T17:30:33","modified_gmt":"2026-01-30T20:30:33","slug":"novo-formato-de-provas-taca-encurtada-e-campeonato-ampliado","status":"publish","type":"post","link":"https:\/\/portaltela.pt\/desporto\/futebol\/2026\/01\/30\/novo-formato-de-provas-taca-encurtada-e-campeonato-ampliado\/","title":{"rendered":"Novo formato de provas: Ta\u00e7a encurtada e campeonato ampliado"},"content":{"rendered":"<p>A Comiss\u00e3o das Competi\u00e7\u00f5es revelou, no 1.\u00ba Congresso do Futebol Portugu\u00eas, um novo formato para as provas organizadas pela FPF. O an\u00fancio ocorreu durante o painel final na Cidade do Futebol, apresentado pela pr\u00f3pria comiss\u00e3o.<\/p>\n<p>O diretor t\u00e9cnico nacional, \u00d3scar Tojo, explicou que, devido aos per\u00edodos congestionados com as competi\u00e7\u00f5es europeias, as equipas passar\u00e3o a entrar na Ta\u00e7a de Portugal a partir da 4.\u00aa eliminat\u00f3ria. Al\u00e9m disso, o aumento do tempo de competi\u00e7\u00e3o foi considerado.<\/p>\n<p>O delegado da AF Viseu, Pedro Silva, afirmou que, ap\u00f3s auscultar jogadores, treinadores e clubes do Campeonato de Portugal, houve queixas sobre m\u00e9rito desportivo e longas paragens entre \u00e9pocas. Prop\u00f5e-se ampliar de 56 para 64 outros clubes, em quatro s\u00e9ries de 16, com subida \u00e0 Liga 3 aos vencedores.<\/p>\n<p>A proposta visa acrescentar aproximadamente um m\u00eas de competi\u00e7\u00e3o e reduzir o tempo de paragem entre temporadas, mantendo o foco no equil\u00edbrio competitivo. Tamb\u00e9m se discutiu a possibilidade de alterar a Superta\u00e7a, com participa\u00e7\u00e3o de quatro equipas, realizada no estrangeiro.<\/p>\n","protected":false},"excerpt":{"rendered":"<ul>\n<li>Vai haver um novo formato nas competi\u00e7\u00f5es organizadas pela Federa\u00e7\u00e3o Portuguesa de Futebol, anunciado no 1.\u00ba Congresso do Futebol Portugu\u00eas.<\/li>\n<li>A Ta\u00e7a de Portugal passa a excluir as equipas que disputam competi\u00e7\u00f5es europeias at\u00e9 \u00e0 quarta eliminat\u00f3ria, para aliviar per\u00edodos congestinados.<\/li>\n<li>Ap\u00f3s consultas a jogadores, treinadores e clubes do Campeonato de Portugal, houve queixas sobre m\u00e9rito desportivo e paragens longas, estimando-se cerca de quatro meses de pausa entre \u00e9pocas.<\/li>\n<li>Prop\u00f5e-se o aumento do n\u00famero de equipas de 56 para 64, em quatro s\u00e9ries de 16 clubes, com os vencedores a subir \u00e0 Liga 3, o que permite mais um m\u00eas de competi\u00e7\u00e3o e reduz a pausa.<\/li>\n<li>Est\u00e1 em an\u00e1lise tamb\u00e9m a hip\u00f3tese de repensar a Superta\u00e7a, que passaria a ter quatro equipas e a poder jogar no estrangeiro.<\/li>\n<\/ul>\n","protected":false},"author":2,"featured_media":185446,"comment_status":"closed","ping_status":"closed","sticky":false,"template":"","format":"standard","meta":{"footnotes":""},"categories":[21,24],"tags":[1268,32,399,1936,1172,1266],"class_list":["post-185418","post","type-post","status-publish","format-standard","has-post-thumbnail","hentry","category-desporto","category-futebol","tag-campeonato-de-portugal","tag-futebol","tag-organizacao-desportiva","tag-supertaca-candido-de-oliveira","tag-taca-da-liga","tag-taca-de-portugal"],"yoast_head":"<!-- This site is optimized with the Yoast SEO plugin v27.2 - https:\/\/yoast.com\/product\/yoast-seo-wordpress\/ -->\n<title>Novo formato de provas: Ta\u00e7a encurtada e campeonato ampliado - Portal Tela Portugal<\/title>\n<meta name=\"robots\" content=\"index, follow, max-snippet:-1, max-image-preview:large, max-video-preview:-1\" \/>\n<meta property=\"og:locale\" content=\"pt_PT\" \/>\n<meta property=\"og:type\" content=\"article\" \/>\n<meta property=\"og:title\" content=\"Novo formato de provas: Ta\u00e7a encurtada e campeonato ampliado - Portal Tela Portugal\" \/>\n<meta property=\"og:description\" content=\"Vai haver um novo formato nas competi\u00e7\u00f5es organizadas pela Federa\u00e7\u00e3o Portuguesa de Futebol, anunciado no 1.\u00ba Congresso do Futebol Portugu\u00eas. A Ta\u00e7a de Portugal passa a excluir as equipas que disputam competi\u00e7\u00f5es europeias at\u00e9 \u00e0 quarta eliminat\u00f3ria, para aliviar per\u00edodos congestinados. Ap\u00f3s consultas a jogadores, treinadores e clubes do Campeonato de Portugal, houve queixas sobre m\u00e9rito desportivo e paragens longas, estimando-se cerca de quatro meses de pausa entre \u00e9pocas. Prop\u00f5e-se o aumento do n\u00famero de equipas de 56 para 64, em quatro s\u00e9ries de 16 clubes, com os vencedores a subir \u00e0 Liga 3, o que permite mais um m\u00eas de competi\u00e7\u00e3o e reduz a pausa. Est\u00e1 em an\u00e1lise tamb\u00e9m a hip\u00f3tese de repensar a Superta\u00e7a, que passaria a ter quatro equipas e a poder jogar no estrangeiro.\" \/>\n<meta property=\"og:url\" content=\"https:\/\/portaltela.pt\/noticias\/2026\/01\/30\/novo-formato-de-provas-taca-encurtada-e-campeonato-ampliado\/\" \/>\n<meta property=\"og:site_name\" content=\"Portal Tela Portugal\" \/>\n<meta property=\"article:published_time\" content=\"2026-01-30T20:30:33+00:00\" \/>\n<meta name=\"author\" content=\"Telinha\" \/>\n<meta name=\"twitter:card\" content=\"summary_large_image\" \/>\n<meta name=\"twitter:label1\" content=\"Escrito por\" \/>\n\t<meta name=\"twitter:data1\" content=\"Telinha\" \/>\n\t<meta name=\"twitter:label2\" content=\"Tempo estimado de leitura\" \/>\n\t<meta name=\"twitter:data2\" content=\"1 minuto\" \/>\n<script type=\"application\/ld+json\" class=\"yoast-schema-graph\">{\"@context\":\"https:\/\/schema.org\",\"@graph\":[{\"@type\":\"Article\",\"@id\":\"https:\/\/portaltela.pt\/noticias\/2026\/01\/30\/novo-formato-de-provas-taca-encurtada-e-campeonato-ampliado\/#article\",\"isPartOf\":{\"@id\":\"https:\/\/portaltela.pt\/noticias\/2026\/01\/30\/novo-formato-de-provas-taca-encurtada-e-campeonato-ampliado\/\"},\"author\":{\"name\":\"Telinha\",\"@id\":\"https:\/\/portaltela.pt\/#\/schema\/person\/c4278d4a6028830caff9ee44b42d32ed\"},\"headline\":\"Novo formato de provas: Ta\u00e7a encurtada e campeonato ampliado\",\"datePublished\":\"2026-01-30T20:30:33+00:00\",\"mainEntityOfPage\":{\"@id\":\"https:\/\/portaltela.pt\/noticias\/2026\/01\/30\/novo-formato-de-provas-taca-encurtada-e-campeonato-ampliado\/\"},\"wordCount\":191,\"image\":{\"@id\":\"https:\/\/portaltela.pt\/noticias\/2026\/01\/30\/novo-formato-de-provas-taca-encurtada-e-campeonato-ampliado\/#primaryimage\"},\"thumbnailUrl\":\"https:\/\/portaltela.pt\/s.01k8rhncp4jt1\/2026\/01\/img_920x518uu2026-01-30-20-05-03-2418535.jpg\",\"keywords\":[\"Campeonato de Portugal\",\"futebol\",\"organiza\u00e7\u00e3o desportiva\",\"Superta\u00e7a C\u00e2ndido de Oliveira\",\"Ta\u00e7a da Liga\",\"Ta\u00e7a de Portugal\"],\"articleSection\":[\"Desporto\",\"Futebol\"],\"inLanguage\":\"pt-PT\"},{\"@type\":\"WebPage\",\"@id\":\"https:\/\/portaltela.pt\/noticias\/2026\/01\/30\/novo-formato-de-provas-taca-encurtada-e-campeonato-ampliado\/\",\"url\":\"https:\/\/portaltela.pt\/noticias\/2026\/01\/30\/novo-formato-de-provas-taca-encurtada-e-campeonato-ampliado\/\",\"name\":\"Novo formato de provas: Ta\u00e7a encurtada e campeonato ampliado - Portal Tela Portugal\",\"isPartOf\":{\"@id\":\"https:\/\/portaltela.pt\/#website\"},\"primaryImageOfPage\":{\"@id\":\"https:\/\/portaltela.pt\/noticias\/2026\/01\/30\/novo-formato-de-provas-taca-encurtada-e-campeonato-ampliado\/#primaryimage\"},\"image\":{\"@id\":\"https:\/\/portaltela.pt\/noticias\/2026\/01\/30\/novo-formato-de-provas-taca-encurtada-e-campeonato-ampliado\/#primaryimage\"},\"thumbnailUrl\":\"https:\/\/portaltela.pt\/s.01k8rhncp4jt1\/2026\/01\/img_920x518uu2026-01-30-20-05-03-2418535.jpg\",\"datePublished\":\"2026-01-30T20:30:33+00:00\",\"author\":{\"@id\":\"https:\/\/portaltela.pt\/#\/schema\/person\/c4278d4a6028830caff9ee44b42d32ed\"},\"breadcrumb\":{\"@id\":\"https:\/\/portaltela.pt\/noticias\/2026\/01\/30\/novo-formato-de-provas-taca-encurtada-e-campeonato-ampliado\/#breadcrumb\"},\"inLanguage\":\"pt-PT\",\"potentialAction\":[{\"@type\":\"ReadAction\",\"target\":[\"https:\/\/portaltela.pt\/noticias\/2026\/01\/30\/novo-formato-de-provas-taca-encurtada-e-campeonato-ampliado\/\"]}]},{\"@type\":\"ImageObject\",\"inLanguage\":\"pt-PT\",\"@id\":\"https:\/\/portaltela.pt\/noticias\/2026\/01\/30\/novo-formato-de-provas-taca-encurtada-e-campeonato-ampliado\/#primaryimage\",\"url\":\"https:\/\/portaltela.pt\/s.01k8rhncp4jt1\/2026\/01\/img_920x518uu2026-01-30-20-05-03-2418535.jpg\",\"contentUrl\":\"https:\/\/portaltela.pt\/s.01k8rhncp4jt1\/2026\/01\/img_920x518uu2026-01-30-20-05-03-2418535.jpg\",\"width\":796,\"height\":448,\"caption\":\"\u00d3scar Tojo, Helena Pires, Reinaldo Teixeira, Pedro Silva e Jorge Vicente\"},{\"@type\":\"BreadcrumbList\",\"@id\":\"https:\/\/portaltela.pt\/noticias\/2026\/01\/30\/novo-formato-de-provas-taca-encurtada-e-campeonato-ampliado\/#breadcrumb\",\"itemListElement\":[{\"@type\":\"ListItem\",\"position\":1,\"name\":\"In\u00edcio\",\"item\":\"https:\/\/portaltela.pt\/\"},{\"@type\":\"ListItem\",\"position\":2,\"name\":\"Novo formato de provas: Ta\u00e7a encurtada e campeonato ampliado\"}]},{\"@type\":\"WebSite\",\"@id\":\"https:\/\/portaltela.pt\/#website\",\"url\":\"https:\/\/portaltela.pt\/\",\"name\":\"Portal Tela Portugal\",\"description\":\"\",\"potentialAction\":[{\"@type\":\"SearchAction\",\"target\":{\"@type\":\"EntryPoint\",\"urlTemplate\":\"https:\/\/portaltela.pt\/?s={search_term_string}\"},\"query-input\":{\"@type\":\"PropertyValueSpecification\",\"valueRequired\":true,\"valueName\":\"search_term_string\"}}],\"inLanguage\":\"pt-PT\"},{\"@type\":\"Person\",\"@id\":\"https:\/\/portaltela.pt\/#\/schema\/person\/c4278d4a6028830caff9ee44b42d32ed\",\"name\":\"Telinha\",\"image\":{\"@type\":\"ImageObject\",\"inLanguage\":\"pt-PT\",\"@id\":\"https:\/\/portaltela.pt\/s.01k8rhncp4jt1\/2025\/11\/talking-bot-125x125.png\",\"url\":\"https:\/\/portaltela.pt\/s.01k8rhncp4jt1\/2025\/11\/talking-bot-125x125.png\",\"contentUrl\":\"https:\/\/portaltela.pt\/s.01k8rhncp4jt1\/2025\/11\/talking-bot-125x125.png\",\"caption\":\"Telinha\"},\"sameAs\":[\"https:\/\/portaltela.pt\/\"],\"url\":\"https:\/\/portaltela.pt\/por\/367410592786\/\"}]}<\/script>\n<!-- \/ Yoast SEO plugin. -->","yoast_head_json":{"title":"Novo formato de provas: Ta\u00e7a encurtada e campeonato ampliado - Portal Tela Portugal","robots":{"index":"index","follow":"follow","max-snippet":"max-snippet:-1","max-image-preview":"max-image-preview:large","max-video-preview":"max-video-preview:-1"},"og_locale":"pt_PT","og_type":"article","og_title":"Novo formato de provas: Ta\u00e7a encurtada e campeonato ampliado - Portal Tela Portugal","og_description":"Vai haver um novo formato nas competi\u00e7\u00f5es organizadas pela Federa\u00e7\u00e3o Portuguesa de Futebol, anunciado no 1.\u00ba Congresso do Futebol Portugu\u00eas. A Ta\u00e7a de Portugal passa a excluir as equipas que disputam competi\u00e7\u00f5es europeias at\u00e9 \u00e0 quarta eliminat\u00f3ria, para aliviar per\u00edodos congestinados. Ap\u00f3s consultas a jogadores, treinadores e clubes do Campeonato de Portugal, houve queixas sobre m\u00e9rito desportivo e paragens longas, estimando-se cerca de quatro meses de pausa entre \u00e9pocas. Prop\u00f5e-se o aumento do n\u00famero de equipas de 56 para 64, em quatro s\u00e9ries de 16 clubes, com os vencedores a subir \u00e0 Liga 3, o que permite mais um m\u00eas de competi\u00e7\u00e3o e reduz a pausa. Est\u00e1 em an\u00e1lise tamb\u00e9m a hip\u00f3tese de repensar a Superta\u00e7a, que passaria a ter quatro equipas e a poder jogar no estrangeiro.","og_url":"https:\/\/portaltela.pt\/noticias\/2026\/01\/30\/novo-formato-de-provas-taca-encurtada-e-campeonato-ampliado\/","og_site_name":"Portal Tela Portugal","article_published_time":"2026-01-30T20:30:33+00:00","author":"Telinha","twitter_card":"summary_large_image","twitter_misc":{"Escrito por":"Telinha","Tempo estimado de leitura":"1 minuto"},"schema":{"@context":"https:\/\/schema.org","@graph":[{"@type":"Article","@id":"https:\/\/portaltela.pt\/noticias\/2026\/01\/30\/novo-formato-de-provas-taca-encurtada-e-campeonato-ampliado\/#article","isPartOf":{"@id":"https:\/\/portaltela.pt\/noticias\/2026\/01\/30\/novo-formato-de-provas-taca-encurtada-e-campeonato-ampliado\/"},"author":{"name":"Telinha","@id":"https:\/\/portaltela.pt\/#\/schema\/person\/c4278d4a6028830caff9ee44b42d32ed"},"headline":"Novo formato de provas: Ta\u00e7a encurtada e campeonato ampliado","datePublished":"2026-01-30T20:30:33+00:00","mainEntityOfPage":{"@id":"https:\/\/portaltela.pt\/noticias\/2026\/01\/30\/novo-formato-de-provas-taca-encurtada-e-campeonato-ampliado\/"},"wordCount":191,"image":{"@id":"https:\/\/portaltela.pt\/noticias\/2026\/01\/30\/novo-formato-de-provas-taca-encurtada-e-campeonato-ampliado\/#primaryimage"},"thumbnailUrl":"https:\/\/portaltela.pt\/s.01k8rhncp4jt1\/2026\/01\/img_920x518uu2026-01-30-20-05-03-2418535.jpg","keywords":["Campeonato de Portugal","futebol","organiza\u00e7\u00e3o desportiva","Superta\u00e7a C\u00e2ndido de Oliveira","Ta\u00e7a da Liga","Ta\u00e7a de Portugal"],"articleSection":["Desporto","Futebol"],"inLanguage":"pt-PT"},{"@type":"WebPage","@id":"https:\/\/portaltela.pt\/noticias\/2026\/01\/30\/novo-formato-de-provas-taca-encurtada-e-campeonato-ampliado\/","url":"https:\/\/portaltela.pt\/noticias\/2026\/01\/30\/novo-formato-de-provas-taca-encurtada-e-campeonato-ampliado\/","name":"Novo formato de provas: Ta\u00e7a encurtada e campeonato ampliado - Portal Tela Portugal","isPartOf":{"@id":"https:\/\/portaltela.pt\/#website"},"primaryImageOfPage":{"@id":"https:\/\/portaltela.pt\/noticias\/2026\/01\/30\/novo-formato-de-provas-taca-encurtada-e-campeonato-ampliado\/#primaryimage"},"image":{"@id":"https:\/\/portaltela.pt\/noticias\/2026\/01\/30\/novo-formato-de-provas-taca-encurtada-e-campeonato-ampliado\/#primaryimage"},"thumbnailUrl":"https:\/\/portaltela.pt\/s.01k8rhncp4jt1\/2026\/01\/img_920x518uu2026-01-30-20-05-03-2418535.jpg","datePublished":"2026-01-30T20:30:33+00:00","author":{"@id":"https:\/\/portaltela.pt\/#\/schema\/person\/c4278d4a6028830caff9ee44b42d32ed"},"breadcrumb":{"@id":"https:\/\/portaltela.pt\/noticias\/2026\/01\/30\/novo-formato-de-provas-taca-encurtada-e-campeonato-ampliado\/#breadcrumb"},"inLanguage":"pt-PT","potentialAction":[{"@type":"ReadAction","target":["https:\/\/portaltela.pt\/noticias\/2026\/01\/30\/novo-formato-de-provas-taca-encurtada-e-campeonato-ampliado\/"]}]},{"@type":"ImageObject","inLanguage":"pt-PT","@id":"https:\/\/portaltela.pt\/noticias\/2026\/01\/30\/novo-formato-de-provas-taca-encurtada-e-campeonato-ampliado\/#primaryimage","url":"https:\/\/portaltela.pt\/s.01k8rhncp4jt1\/2026\/01\/img_920x518uu2026-01-30-20-05-03-2418535.jpg","contentUrl":"https:\/\/portaltela.pt\/s.01k8rhncp4jt1\/2026\/01\/img_920x518uu2026-01-30-20-05-03-2418535.jpg","width":796,"height":448,"caption":"\u00d3scar Tojo, Helena Pires, Reinaldo Teixeira, Pedro Silva e Jorge Vicente"},{"@type":"BreadcrumbList","@id":"https:\/\/portaltela.pt\/noticias\/2026\/01\/30\/novo-formato-de-provas-taca-encurtada-e-campeonato-ampliado\/#breadcrumb","itemListElement":[{"@type":"ListItem","position":1,"name":"In\u00edcio","item":"https:\/\/portaltela.pt\/"},{"@type":"ListItem","position":2,"name":"Novo formato de provas: Ta\u00e7a encurtada e campeonato ampliado"}]},{"@type":"WebSite","@id":"https:\/\/portaltela.pt\/#website","url":"https:\/\/portaltela.pt\/","name":"Portal Tela Portugal","description":"","potentialAction":[{"@type":"SearchAction","target":{"@type":"EntryPoint","urlTemplate":"https:\/\/portaltela.pt\/?s={search_term_string}"},"query-input":{"@type":"PropertyValueSpecification","valueRequired":true,"valueName":"search_term_string"}}],"inLanguage":"pt-PT"},{"@type":"Person","@id":"https:\/\/portaltela.pt\/#\/schema\/person\/c4278d4a6028830caff9ee44b42d32ed","name":"Telinha","image":{"@type":"ImageObject","inLanguage":"pt-PT","@id":"https:\/\/portaltela.pt\/s.01k8rhncp4jt1\/2025\/11\/talking-bot-125x125.png","url":"https:\/\/portaltela.pt\/s.01k8rhncp4jt1\/2025\/11\/talking-bot-125x125.png","contentUrl":"https:\/\/portaltela.pt\/s.01k8rhncp4jt1\/2025\/11\/talking-bot-125x125.png","caption":"Telinha"},"sameAs":["https:\/\/portaltela.pt\/"],"url":"https:\/\/portaltela.pt\/por\/367410592786\/"}]}},"_links":{"self":[{"href":"https:\/\/portaltela.pt\/api\/wp\/v2\/posts\/185418","targetHints":{"allow":["GET"]}}],"collection":[{"href":"https:\/\/portaltela.pt\/api\/wp\/v2\/posts"}],"about":[{"href":"https:\/\/portaltela.pt\/api\/wp\/v2\/types\/post"}],"author":[{"embeddable":true,"href":"https:\/\/portaltela.pt\/api\/wp\/v2\/users\/2"}],"replies":[{"embeddable":true,"href":"https:\/\/portaltela.pt\/api\/wp\/v2\/comments?post=185418"}],"version-history":[{"count":0,"href":"https:\/\/portaltela.pt\/api\/wp\/v2\/posts\/185418\/revisions"}],"wp:featuredmedia":[{"embeddable":true,"href":"https:\/\/portaltela.pt\/api\/wp\/v2\/media\/185446"}],"wp:attachment":[{"href":"https:\/\/portaltela.pt\/api\/wp\/v2\/media?parent=185418"}],"wp:term":[{"taxonomy":"category","embeddable":true,"href":"https:\/\/portaltela.pt\/api\/wp\/v2\/categories?post=185418"},{"taxonomy":"post_tag","embeddable":true,"href":"https:\/\/portaltela.pt\/api\/wp\/v2\/tags?post=185418"}],"curies":[{"name":"wp","href":"https:\/\/api.w.org\/{rel}","templated":true}]}}