{"id":185404,"date":"2026-01-30T17:14:23","date_gmt":"2026-01-30T20:14:23","guid":{"rendered":"https:\/\/portaltela.pt\/noticias\/2026\/01\/30\/morte-de-mulher-eleva-para-46-vitimas-no-desastre-ferroviario-de-adamuz\/"},"modified":"2026-01-30T17:14:23","modified_gmt":"2026-01-30T20:14:23","slug":"morte-de-mulher-eleva-para-46-vitimas-no-desastre-ferroviario-de-adamuz","status":"publish","type":"post","link":"https:\/\/portaltela.pt\/noticias\/2026\/01\/30\/morte-de-mulher-eleva-para-46-vitimas-no-desastre-ferroviario-de-adamuz\/","title":{"rendered":"Morte de mulher eleva para 46 v\u00edtimas no desastre ferrovi\u00e1rio de Adamuz"},"content":{"rendered":"<p>O n\u00famero de v\u00edtimas fatais do acidente ferrovi\u00e1rio de Adamuz, ocorrido a 18 de janeiro, subiu para 46. A informa\u00e7\u00e3o foi confirmada pelo Governo Regional da Andaluzia.<\/p>\n<p>A morte mais recente envolve uma mulher que estava internada na Unidade de Cuidados Intensivos do Hospital Reina Sof\u00eda, em C\u00f3rdoba. Ela foi o primeiro ferido a morrer num hospital desde o desastre.<\/p>\n<p>De acordo com o Servi\u00e7o Andaluz de Sa\u00fade (SAS), o total de feridos ainda hospitalizados caiu para 16, com dois deles nos Cuidados Intensivos. Entre os feridos, 15 s\u00e3o adultos e uma crian\u00e7a.<\/p>\n<p>Nas enfermarias, h\u00e1 14 pacientes internados: sete no Reina Sof\u00eda, incluindo um menor; dois no Juan Ram\u00f3n Jim\u00e9nez, em Huelva; tr\u00eas no Infanta Elena, em Huelva; um no Virgen del Roc\u00edo, em Sevilha; e um no Vithas, em M\u00e1laga.<\/p>\n<p>No dia do acidente, um comboio de alta velocidade descarrilou junto \u00e0 localidade de Adamuz. Cerca de 20 segundos depois, uma segunda composi\u00e7\u00e3o que seguia no sentido oposto embateu nas carruagens do primeiro comboio.<\/p>\n<p>O descarrilamento do comboio de alta velocidade Iryo foi atribu\u00eddo a uma fratura do carril, segundo o relat\u00f3rio preliminar da comiss\u00e3o independente de investiga\u00e7\u00e3o. O documento aponta falha na infraestrutura como fator relevante.<\/p>\n<p>Ap\u00f3s a divulga\u00e7\u00e3o do relat\u00f3rio, o ministro espanhol dos Transportes reconheceu que as inspe\u00e7\u00f5es da linha tinham sido cumpridas, mas sinalizou que as fissuras nos carris eram comuns, admitindo que houve muita m\u00e1 sorte no caso de Adamuz.<\/p>\n","protected":false},"excerpt":{"rendered":"<ul>\n<li>A morte de uma mulher elevou para 46 o n\u00famero de v\u00edtimas do acidente ferrovi\u00e1rio de Adamuz, em 18 de janeiro, no sul de Espanha.<\/li>\n<li>A falecida estava internada na unidade de cuidados intensivos do Hospital Reina Sof\u00eda, em C\u00f3rdoba.<\/li>\n<li>No total, 16 feridos permaneciam hospitalizados, dos quais dois estavam em cuidados intensivos; 126 foram inicialmente atendidos.<\/li>\n<li>Nas enfermarias, estavam 14 pacientes: sete no Reina Sof\u00eda, dois no Juan Ram\u00f3n Jim\u00e9nez, tr\u00eas no Infanta Elena, uma no Virgen del Roc\u00edo e outra no Vithas.<\/li>\n<li>O descarrilamento ocorreu quando um comboio de alta velocidade ficou atravessado na linha; o relat\u00f3rio preliminar aponta fratura do carril. O ministro dos Transportes, \u00d3scar Puente, disse que as inspe\u00e7\u00f5es tinham sido cumpridas e que houve \u201cmuito m\u00e1 sorte\u201d em Adamuz.<\/li>\n<\/ul>\n","protected":false},"author":2,"featured_media":185461,"comment_status":"closed","ping_status":"closed","sticky":false,"template":"","format":"standard","meta":{"footnotes":""},"categories":[1],"tags":[3447,3622,3465,3449,1615,192],"class_list":["post-185404","post","type-post","status-publish","format-standard","has-post-thumbnail","hentry","category-noticias","tag-acidente-ferroviario","tag-acidentes-ferroviarios","tag-adamuz","tag-feridos","tag-infraestrutura","tag-transporte"],"yoast_head":"<!-- This site is optimized with the Yoast SEO plugin v27.2 - https:\/\/yoast.com\/product\/yoast-seo-wordpress\/ -->\n<title>Morte de mulher eleva para 46 v\u00edtimas no desastre ferrovi\u00e1rio de Adamuz - Portal Tela Portugal<\/title>\n<meta name=\"robots\" content=\"index, follow, max-snippet:-1, max-image-preview:large, max-video-preview:-1\" \/>\n<meta property=\"og:locale\" content=\"pt_PT\" \/>\n<meta property=\"og:type\" content=\"article\" \/>\n<meta property=\"og:title\" content=\"Morte de mulher eleva para 46 v\u00edtimas no desastre ferrovi\u00e1rio de Adamuz - Portal Tela Portugal\" \/>\n<meta property=\"og:description\" content=\"A morte de uma mulher elevou para 46 o n\u00famero de v\u00edtimas do acidente ferrovi\u00e1rio de Adamuz, em 18 de janeiro, no sul de Espanha. A falecida estava internada na unidade de cuidados intensivos do Hospital Reina Sof\u00eda, em C\u00f3rdoba. No total, 16 feridos permaneciam hospitalizados, dos quais dois estavam em cuidados intensivos; 126 foram inicialmente atendidos. Nas enfermarias, estavam 14 pacientes: sete no Reina Sof\u00eda, dois no Juan Ram\u00f3n Jim\u00e9nez, tr\u00eas no Infanta Elena, uma no Virgen del Roc\u00edo e outra no Vithas. O descarrilamento ocorreu quando um comboio de alta velocidade ficou atravessado na linha; o relat\u00f3rio preliminar aponta fratura do carril. O ministro dos Transportes, \u00d3scar Puente, disse que as inspe\u00e7\u00f5es tinham sido cumpridas e que houve \u201cmuito m\u00e1 sorte\u201d em Adamuz.\" \/>\n<meta property=\"og:url\" content=\"https:\/\/portaltela.pt\/noticias\/2026\/01\/30\/morte-de-mulher-eleva-para-46-vitimas-no-desastre-ferroviario-de-adamuz\/\" \/>\n<meta property=\"og:site_name\" content=\"Portal Tela Portugal\" \/>\n<meta property=\"article:published_time\" content=\"2026-01-30T20:14:23+00:00\" \/>\n<meta name=\"author\" content=\"Telinha\" \/>\n<meta name=\"twitter:card\" content=\"summary_large_image\" \/>\n<meta name=\"twitter:label1\" content=\"Escrito por\" \/>\n\t<meta name=\"twitter:data1\" content=\"Telinha\" \/>\n\t<meta name=\"twitter:label2\" content=\"Tempo estimado de leitura\" \/>\n\t<meta name=\"twitter:data2\" content=\"1 minuto\" \/>\n<script type=\"application\/ld+json\" class=\"yoast-schema-graph\">{\"@context\":\"https:\/\/schema.org\",\"@graph\":[{\"@type\":\"Article\",\"@id\":\"https:\/\/portaltela.pt\/noticias\/2026\/01\/30\/morte-de-mulher-eleva-para-46-vitimas-no-desastre-ferroviario-de-adamuz\/#article\",\"isPartOf\":{\"@id\":\"https:\/\/portaltela.pt\/noticias\/2026\/01\/30\/morte-de-mulher-eleva-para-46-vitimas-no-desastre-ferroviario-de-adamuz\/\"},\"author\":{\"name\":\"Telinha\",\"@id\":\"https:\/\/portaltela.pt\/#\/schema\/person\/c4278d4a6028830caff9ee44b42d32ed\"},\"headline\":\"Morte de mulher eleva para 46 v\u00edtimas no desastre ferrovi\u00e1rio de Adamuz\",\"datePublished\":\"2026-01-30T20:14:23+00:00\",\"mainEntityOfPage\":{\"@id\":\"https:\/\/portaltela.pt\/noticias\/2026\/01\/30\/morte-de-mulher-eleva-para-46-vitimas-no-desastre-ferroviario-de-adamuz\/\"},\"wordCount\":268,\"image\":{\"@id\":\"https:\/\/portaltela.pt\/noticias\/2026\/01\/30\/morte-de-mulher-eleva-para-46-vitimas-no-desastre-ferroviario-de-adamuz\/#primaryimage\"},\"thumbnailUrl\":\"https:\/\/portaltela.pt\/s.01k8rhncp4jt1\/2026\/01\/unnamed-file-6196.jpg\",\"keywords\":[\"acidente ferrovi\u00e1rio\",\"acidentes ferrovi\u00e1rios\",\"Adamuz\",\"feridos\",\"infraestrutura\",\"transporte\"],\"articleSection\":[\"Not\u00edcias\"],\"inLanguage\":\"pt-PT\"},{\"@type\":\"WebPage\",\"@id\":\"https:\/\/portaltela.pt\/noticias\/2026\/01\/30\/morte-de-mulher-eleva-para-46-vitimas-no-desastre-ferroviario-de-adamuz\/\",\"url\":\"https:\/\/portaltela.pt\/noticias\/2026\/01\/30\/morte-de-mulher-eleva-para-46-vitimas-no-desastre-ferroviario-de-adamuz\/\",\"name\":\"Morte de mulher eleva para 46 v\u00edtimas no desastre ferrovi\u00e1rio de Adamuz - Portal Tela Portugal\",\"isPartOf\":{\"@id\":\"https:\/\/portaltela.pt\/#website\"},\"primaryImageOfPage\":{\"@id\":\"https:\/\/portaltela.pt\/noticias\/2026\/01\/30\/morte-de-mulher-eleva-para-46-vitimas-no-desastre-ferroviario-de-adamuz\/#primaryimage\"},\"image\":{\"@id\":\"https:\/\/portaltela.pt\/noticias\/2026\/01\/30\/morte-de-mulher-eleva-para-46-vitimas-no-desastre-ferroviario-de-adamuz\/#primaryimage\"},\"thumbnailUrl\":\"https:\/\/portaltela.pt\/s.01k8rhncp4jt1\/2026\/01\/unnamed-file-6196.jpg\",\"datePublished\":\"2026-01-30T20:14:23+00:00\",\"author\":{\"@id\":\"https:\/\/portaltela.pt\/#\/schema\/person\/c4278d4a6028830caff9ee44b42d32ed\"},\"breadcrumb\":{\"@id\":\"https:\/\/portaltela.pt\/noticias\/2026\/01\/30\/morte-de-mulher-eleva-para-46-vitimas-no-desastre-ferroviario-de-adamuz\/#breadcrumb\"},\"inLanguage\":\"pt-PT\",\"potentialAction\":[{\"@type\":\"ReadAction\",\"target\":[\"https:\/\/portaltela.pt\/noticias\/2026\/01\/30\/morte-de-mulher-eleva-para-46-vitimas-no-desastre-ferroviario-de-adamuz\/\"]}]},{\"@type\":\"ImageObject\",\"inLanguage\":\"pt-PT\",\"@id\":\"https:\/\/portaltela.pt\/noticias\/2026\/01\/30\/morte-de-mulher-eleva-para-46-vitimas-no-desastre-ferroviario-de-adamuz\/#primaryimage\",\"url\":\"https:\/\/portaltela.pt\/s.01k8rhncp4jt1\/2026\/01\/unnamed-file-6196.jpg\",\"contentUrl\":\"https:\/\/portaltela.pt\/s.01k8rhncp4jt1\/2026\/01\/unnamed-file-6196.jpg\",\"width\":796,\"height\":448,\"caption\":\"Espanha\/Acidente: Morte de mulher eleva para 46 n\u00famero de v\u00edtimas em desastre ferrovi\u00e1rio de Adamuz\"},{\"@type\":\"BreadcrumbList\",\"@id\":\"https:\/\/portaltela.pt\/noticias\/2026\/01\/30\/morte-de-mulher-eleva-para-46-vitimas-no-desastre-ferroviario-de-adamuz\/#breadcrumb\",\"itemListElement\":[{\"@type\":\"ListItem\",\"position\":1,\"name\":\"In\u00edcio\",\"item\":\"https:\/\/portaltela.pt\/\"},{\"@type\":\"ListItem\",\"position\":2,\"name\":\"Morte de mulher eleva para 46 v\u00edtimas no desastre ferrovi\u00e1rio de Adamuz\"}]},{\"@type\":\"WebSite\",\"@id\":\"https:\/\/portaltela.pt\/#website\",\"url\":\"https:\/\/portaltela.pt\/\",\"name\":\"Portal Tela Portugal\",\"description\":\"\",\"potentialAction\":[{\"@type\":\"SearchAction\",\"target\":{\"@type\":\"EntryPoint\",\"urlTemplate\":\"https:\/\/portaltela.pt\/?s={search_term_string}\"},\"query-input\":{\"@type\":\"PropertyValueSpecification\",\"valueRequired\":true,\"valueName\":\"search_term_string\"}}],\"inLanguage\":\"pt-PT\"},{\"@type\":\"Person\",\"@id\":\"https:\/\/portaltela.pt\/#\/schema\/person\/c4278d4a6028830caff9ee44b42d32ed\",\"name\":\"Telinha\",\"image\":{\"@type\":\"ImageObject\",\"inLanguage\":\"pt-PT\",\"@id\":\"https:\/\/portaltela.pt\/s.01k8rhncp4jt1\/2025\/11\/talking-bot-125x125.png\",\"url\":\"https:\/\/portaltela.pt\/s.01k8rhncp4jt1\/2025\/11\/talking-bot-125x125.png\",\"contentUrl\":\"https:\/\/portaltela.pt\/s.01k8rhncp4jt1\/2025\/11\/talking-bot-125x125.png\",\"caption\":\"Telinha\"},\"sameAs\":[\"https:\/\/portaltela.pt\/\"],\"url\":\"https:\/\/portaltela.pt\/por\/367410592786\/\"}]}<\/script>\n<!-- \/ Yoast SEO plugin. -->","yoast_head_json":{"title":"Morte de mulher eleva para 46 v\u00edtimas no desastre ferrovi\u00e1rio de Adamuz - Portal Tela Portugal","robots":{"index":"index","follow":"follow","max-snippet":"max-snippet:-1","max-image-preview":"max-image-preview:large","max-video-preview":"max-video-preview:-1"},"og_locale":"pt_PT","og_type":"article","og_title":"Morte de mulher eleva para 46 v\u00edtimas no desastre ferrovi\u00e1rio de Adamuz - Portal Tela Portugal","og_description":"A morte de uma mulher elevou para 46 o n\u00famero de v\u00edtimas do acidente ferrovi\u00e1rio de Adamuz, em 18 de janeiro, no sul de Espanha. A falecida estava internada na unidade de cuidados intensivos do Hospital Reina Sof\u00eda, em C\u00f3rdoba. No total, 16 feridos permaneciam hospitalizados, dos quais dois estavam em cuidados intensivos; 126 foram inicialmente atendidos. Nas enfermarias, estavam 14 pacientes: sete no Reina Sof\u00eda, dois no Juan Ram\u00f3n Jim\u00e9nez, tr\u00eas no Infanta Elena, uma no Virgen del Roc\u00edo e outra no Vithas. O descarrilamento ocorreu quando um comboio de alta velocidade ficou atravessado na linha; o relat\u00f3rio preliminar aponta fratura do carril. O ministro dos Transportes, \u00d3scar Puente, disse que as inspe\u00e7\u00f5es tinham sido cumpridas e que houve \u201cmuito m\u00e1 sorte\u201d em Adamuz.","og_url":"https:\/\/portaltela.pt\/noticias\/2026\/01\/30\/morte-de-mulher-eleva-para-46-vitimas-no-desastre-ferroviario-de-adamuz\/","og_site_name":"Portal Tela Portugal","article_published_time":"2026-01-30T20:14:23+00:00","author":"Telinha","twitter_card":"summary_large_image","twitter_misc":{"Escrito por":"Telinha","Tempo estimado de leitura":"1 minuto"},"schema":{"@context":"https:\/\/schema.org","@graph":[{"@type":"Article","@id":"https:\/\/portaltela.pt\/noticias\/2026\/01\/30\/morte-de-mulher-eleva-para-46-vitimas-no-desastre-ferroviario-de-adamuz\/#article","isPartOf":{"@id":"https:\/\/portaltela.pt\/noticias\/2026\/01\/30\/morte-de-mulher-eleva-para-46-vitimas-no-desastre-ferroviario-de-adamuz\/"},"author":{"name":"Telinha","@id":"https:\/\/portaltela.pt\/#\/schema\/person\/c4278d4a6028830caff9ee44b42d32ed"},"headline":"Morte de mulher eleva para 46 v\u00edtimas no desastre ferrovi\u00e1rio de Adamuz","datePublished":"2026-01-30T20:14:23+00:00","mainEntityOfPage":{"@id":"https:\/\/portaltela.pt\/noticias\/2026\/01\/30\/morte-de-mulher-eleva-para-46-vitimas-no-desastre-ferroviario-de-adamuz\/"},"wordCount":268,"image":{"@id":"https:\/\/portaltela.pt\/noticias\/2026\/01\/30\/morte-de-mulher-eleva-para-46-vitimas-no-desastre-ferroviario-de-adamuz\/#primaryimage"},"thumbnailUrl":"https:\/\/portaltela.pt\/s.01k8rhncp4jt1\/2026\/01\/unnamed-file-6196.jpg","keywords":["acidente ferrovi\u00e1rio","acidentes ferrovi\u00e1rios","Adamuz","feridos","infraestrutura","transporte"],"articleSection":["Not\u00edcias"],"inLanguage":"pt-PT"},{"@type":"WebPage","@id":"https:\/\/portaltela.pt\/noticias\/2026\/01\/30\/morte-de-mulher-eleva-para-46-vitimas-no-desastre-ferroviario-de-adamuz\/","url":"https:\/\/portaltela.pt\/noticias\/2026\/01\/30\/morte-de-mulher-eleva-para-46-vitimas-no-desastre-ferroviario-de-adamuz\/","name":"Morte de mulher eleva para 46 v\u00edtimas no desastre ferrovi\u00e1rio de Adamuz - Portal Tela Portugal","isPartOf":{"@id":"https:\/\/portaltela.pt\/#website"},"primaryImageOfPage":{"@id":"https:\/\/portaltela.pt\/noticias\/2026\/01\/30\/morte-de-mulher-eleva-para-46-vitimas-no-desastre-ferroviario-de-adamuz\/#primaryimage"},"image":{"@id":"https:\/\/portaltela.pt\/noticias\/2026\/01\/30\/morte-de-mulher-eleva-para-46-vitimas-no-desastre-ferroviario-de-adamuz\/#primaryimage"},"thumbnailUrl":"https:\/\/portaltela.pt\/s.01k8rhncp4jt1\/2026\/01\/unnamed-file-6196.jpg","datePublished":"2026-01-30T20:14:23+00:00","author":{"@id":"https:\/\/portaltela.pt\/#\/schema\/person\/c4278d4a6028830caff9ee44b42d32ed"},"breadcrumb":{"@id":"https:\/\/portaltela.pt\/noticias\/2026\/01\/30\/morte-de-mulher-eleva-para-46-vitimas-no-desastre-ferroviario-de-adamuz\/#breadcrumb"},"inLanguage":"pt-PT","potentialAction":[{"@type":"ReadAction","target":["https:\/\/portaltela.pt\/noticias\/2026\/01\/30\/morte-de-mulher-eleva-para-46-vitimas-no-desastre-ferroviario-de-adamuz\/"]}]},{"@type":"ImageObject","inLanguage":"pt-PT","@id":"https:\/\/portaltela.pt\/noticias\/2026\/01\/30\/morte-de-mulher-eleva-para-46-vitimas-no-desastre-ferroviario-de-adamuz\/#primaryimage","url":"https:\/\/portaltela.pt\/s.01k8rhncp4jt1\/2026\/01\/unnamed-file-6196.jpg","contentUrl":"https:\/\/portaltela.pt\/s.01k8rhncp4jt1\/2026\/01\/unnamed-file-6196.jpg","width":796,"height":448,"caption":"Espanha\/Acidente: Morte de mulher eleva para 46 n\u00famero de v\u00edtimas em desastre ferrovi\u00e1rio de Adamuz"},{"@type":"BreadcrumbList","@id":"https:\/\/portaltela.pt\/noticias\/2026\/01\/30\/morte-de-mulher-eleva-para-46-vitimas-no-desastre-ferroviario-de-adamuz\/#breadcrumb","itemListElement":[{"@type":"ListItem","position":1,"name":"In\u00edcio","item":"https:\/\/portaltela.pt\/"},{"@type":"ListItem","position":2,"name":"Morte de mulher eleva para 46 v\u00edtimas no desastre ferrovi\u00e1rio de Adamuz"}]},{"@type":"WebSite","@id":"https:\/\/portaltela.pt\/#website","url":"https:\/\/portaltela.pt\/","name":"Portal Tela Portugal","description":"","potentialAction":[{"@type":"SearchAction","target":{"@type":"EntryPoint","urlTemplate":"https:\/\/portaltela.pt\/?s={search_term_string}"},"query-input":{"@type":"PropertyValueSpecification","valueRequired":true,"valueName":"search_term_string"}}],"inLanguage":"pt-PT"},{"@type":"Person","@id":"https:\/\/portaltela.pt\/#\/schema\/person\/c4278d4a6028830caff9ee44b42d32ed","name":"Telinha","image":{"@type":"ImageObject","inLanguage":"pt-PT","@id":"https:\/\/portaltela.pt\/s.01k8rhncp4jt1\/2025\/11\/talking-bot-125x125.png","url":"https:\/\/portaltela.pt\/s.01k8rhncp4jt1\/2025\/11\/talking-bot-125x125.png","contentUrl":"https:\/\/portaltela.pt\/s.01k8rhncp4jt1\/2025\/11\/talking-bot-125x125.png","caption":"Telinha"},"sameAs":["https:\/\/portaltela.pt\/"],"url":"https:\/\/portaltela.pt\/por\/367410592786\/"}]}},"_links":{"self":[{"href":"https:\/\/portaltela.pt\/api\/wp\/v2\/posts\/185404","targetHints":{"allow":["GET"]}}],"collection":[{"href":"https:\/\/portaltela.pt\/api\/wp\/v2\/posts"}],"about":[{"href":"https:\/\/portaltela.pt\/api\/wp\/v2\/types\/post"}],"author":[{"embeddable":true,"href":"https:\/\/portaltela.pt\/api\/wp\/v2\/users\/2"}],"replies":[{"embeddable":true,"href":"https:\/\/portaltela.pt\/api\/wp\/v2\/comments?post=185404"}],"version-history":[{"count":0,"href":"https:\/\/portaltela.pt\/api\/wp\/v2\/posts\/185404\/revisions"}],"wp:featuredmedia":[{"embeddable":true,"href":"https:\/\/portaltela.pt\/api\/wp\/v2\/media\/185461"}],"wp:attachment":[{"href":"https:\/\/portaltela.pt\/api\/wp\/v2\/media?parent=185404"}],"wp:term":[{"taxonomy":"category","embeddable":true,"href":"https:\/\/portaltela.pt\/api\/wp\/v2\/categories?post=185404"},{"taxonomy":"post_tag","embeddable":true,"href":"https:\/\/portaltela.pt\/api\/wp\/v2\/tags?post=185404"}],"curies":[{"name":"wp","href":"https:\/\/api.w.org\/{rel}","templated":true}]}}