{"id":185402,"date":"2026-01-30T17:13:34","date_gmt":"2026-01-30T20:13:34","guid":{"rendered":"https:\/\/portaltela.pt\/noticias\/2026\/01\/30\/numero-de-mortos-no-acidente-em-adamuz-sobe-para-46\/"},"modified":"2026-01-30T17:13:34","modified_gmt":"2026-01-30T20:13:34","slug":"numero-de-mortos-no-acidente-em-adamuz-sobe-para-46","status":"publish","type":"post","link":"https:\/\/portaltela.pt\/noticias\/2026\/01\/30\/numero-de-mortos-no-acidente-em-adamuz-sobe-para-46\/","title":{"rendered":"N\u00famero de mortos no acidente em Adamuz sobe para 46"},"content":{"rendered":"<p>O n\u00famero de v\u00edtimas mortais do acidente ferrovi\u00e1rio de Adamuz subiu para 46, depois da morte de uma mulher internada em estado grave nos cuidados intensivos do Hospital Reina Sof\u00eda, em C\u00f3rdoba. A confirma\u00e7\u00e3o veio de uma fonte oficial do Governo andaluz.<\/p>\n<p>A v\u00edtima, Patricia, era natural de Huelva e seguia na carruagem 2 do comboio da Renfe que colidiu com o comboio da Irya, que descarrilou. Regressava a casa depois de Madrid, onde tinha ido fazer um exame de acesso \u00e0 fun\u00e7\u00e3o p\u00fablica para trabalhar em penitenci\u00e1rias.<\/p>\n<p>Segundo o Servi\u00e7o Andaluz de Sa\u00fade, permanecem internadas 16 pessoas, entre as 126 que receberam assist\u00eancia m\u00e9dica. Destas, 15 s\u00e3o adultas e uma \u00e9 crian\u00e7a; duas encontram-se em estado cr\u00edtico em unidades de cuidados intensivos de dois hospitais diferentes.<\/p>\n<p>O acidente ocorreu no domingo, 18 de janeiro, por volta das 19h45 locais, em Adamuz, C\u00f3rdoba. Envolveu dois comboios de alta velocidade, um da Iryo vindo de M\u00e1laga com destino a Madrid, que descarrilou, e um Alvia da Renfe Madrid-Huelva, que passou 20 segundos depois pela zona.<\/p>\n<p>Relat\u00f3rios preliminares indicam uma fissura no carril como poss\u00edvel causa, sem que seja conclu\u00edda. Investigadores tamb\u00e9m detectaram danos nas rodas direitas das carruagens 2 a 5 do Iryo, compat\u00edveis com impactos na cabe\u00e7a do carril.<\/p>\n<p>A investiga\u00e7\u00e3o envolve an\u00e1lises t\u00e9cnicas e c\u00e1lculos detalhados para confirmar a origem do erro. At\u00e9 o momento, n\u00e3o h\u00e1 divulga\u00e7\u00e3o de responsabilidades ou conclus\u00f5es definitivas.<\/p>\n","protected":false},"excerpt":{"rendered":"<ul>\n<li>O n\u00famero de mortos no acidente ferrovi\u00e1rio de Adamuz subiu para 46, com a morte de uma mulher que estava internada em estado grave no hospital em C\u00f3rdoba.<\/li>\n<li>Patricia, natural da prov\u00edncia de Huelva, seguia na carruagem dois do comboio da Renfe que colidiu com o Iryo que descarrilou; regressava a casa ap\u00f3s viajar a Madrid para prestar um exame de acesso \u00e0 fun\u00e7\u00e3o p\u00fablica.<\/li>\n<li>Segundo o Servi\u00e7o Andaluz de Sa\u00fade, 16 pessoas continuam hospitalizadas entre adultos e uma crian\u00e7a; duas est\u00e3o em estado cr\u00edtico.<\/li>\n<li>O acidente ocorreu no domingo, 18 de janeiro, por volta das 19h45 locais, em Adamuz, envolvendo dois comboios de alta velocidade: o Iryo, de M\u00e1laga para Madrid, e o Alvia da Renfe, Madrid-Huelva.<\/li>\n<li>As primeiras an\u00e1lises apontam para uma fissura no carril como poss\u00edvel causa, com mossas nas rodas da banda direita das carruagens 2 a 5 do Iryo, compat\u00edveis com impacto no carril sem continuidade.<\/li>\n<\/ul>\n","protected":false},"author":2,"featured_media":185437,"comment_status":"closed","ping_status":"closed","sticky":false,"template":"","format":"standard","meta":{"footnotes":""},"categories":[1],"tags":[3447,3465,3449,215,4889],"class_list":["post-185402","post","type-post","status-publish","format-standard","has-post-thumbnail","hentry","category-noticias","tag-acidente-ferroviario","tag-adamuz","tag-feridos","tag-investigacao","tag-patricia"],"yoast_head":"<!-- This site is optimized with the Yoast SEO plugin v27.2 - https:\/\/yoast.com\/product\/yoast-seo-wordpress\/ -->\n<title>N\u00famero de mortos no acidente em Adamuz sobe para 46 - Portal Tela Portugal<\/title>\n<meta name=\"robots\" content=\"index, follow, max-snippet:-1, max-image-preview:large, max-video-preview:-1\" \/>\n<meta property=\"og:locale\" content=\"pt_PT\" \/>\n<meta property=\"og:type\" content=\"article\" \/>\n<meta property=\"og:title\" content=\"N\u00famero de mortos no acidente em Adamuz sobe para 46 - Portal Tela Portugal\" \/>\n<meta property=\"og:description\" content=\"O n\u00famero de mortos no acidente ferrovi\u00e1rio de Adamuz subiu para 46, com a morte de uma mulher que estava internada em estado grave no hospital em C\u00f3rdoba. Patricia, natural da prov\u00edncia de Huelva, seguia na carruagem dois do comboio da Renfe que colidiu com o Iryo que descarrilou; regressava a casa ap\u00f3s viajar a Madrid para prestar um exame de acesso \u00e0 fun\u00e7\u00e3o p\u00fablica. Segundo o Servi\u00e7o Andaluz de Sa\u00fade, 16 pessoas continuam hospitalizadas entre adultos e uma crian\u00e7a; duas est\u00e3o em estado cr\u00edtico. O acidente ocorreu no domingo, 18 de janeiro, por volta das 19h45 locais, em Adamuz, envolvendo dois comboios de alta velocidade: o Iryo, de M\u00e1laga para Madrid, e o Alvia da Renfe, Madrid-Huelva. As primeiras an\u00e1lises apontam para uma fissura no carril como poss\u00edvel causa, com mossas nas rodas da banda direita das carruagens 2 a 5 do Iryo, compat\u00edveis com impacto no carril sem continuidade.\" \/>\n<meta property=\"og:url\" content=\"https:\/\/portaltela.pt\/noticias\/2026\/01\/30\/numero-de-mortos-no-acidente-em-adamuz-sobe-para-46\/\" \/>\n<meta property=\"og:site_name\" content=\"Portal Tela Portugal\" \/>\n<meta property=\"article:published_time\" content=\"2026-01-30T20:13:34+00:00\" \/>\n<meta name=\"author\" content=\"Telinha\" \/>\n<meta name=\"twitter:card\" content=\"summary_large_image\" \/>\n<meta name=\"twitter:label1\" content=\"Escrito por\" \/>\n\t<meta name=\"twitter:data1\" content=\"Telinha\" \/>\n\t<meta name=\"twitter:label2\" content=\"Tempo estimado de leitura\" \/>\n\t<meta name=\"twitter:data2\" content=\"1 minuto\" \/>\n<script type=\"application\/ld+json\" class=\"yoast-schema-graph\">{\"@context\":\"https:\/\/schema.org\",\"@graph\":[{\"@type\":\"Article\",\"@id\":\"https:\/\/portaltela.pt\/noticias\/2026\/01\/30\/numero-de-mortos-no-acidente-em-adamuz-sobe-para-46\/#article\",\"isPartOf\":{\"@id\":\"https:\/\/portaltela.pt\/noticias\/2026\/01\/30\/numero-de-mortos-no-acidente-em-adamuz-sobe-para-46\/\"},\"author\":{\"name\":\"Telinha\",\"@id\":\"https:\/\/portaltela.pt\/#\/schema\/person\/c4278d4a6028830caff9ee44b42d32ed\"},\"headline\":\"N\u00famero de mortos no acidente em Adamuz sobe para 46\",\"datePublished\":\"2026-01-30T20:13:34+00:00\",\"mainEntityOfPage\":{\"@id\":\"https:\/\/portaltela.pt\/noticias\/2026\/01\/30\/numero-de-mortos-no-acidente-em-adamuz-sobe-para-46\/\"},\"wordCount\":265,\"image\":{\"@id\":\"https:\/\/portaltela.pt\/noticias\/2026\/01\/30\/numero-de-mortos-no-acidente-em-adamuz-sobe-para-46\/#primaryimage\"},\"thumbnailUrl\":\"https:\/\/portaltela.pt\/s.01k8rhncp4jt1\/2026\/01\/unnamed-file-6193.jpg\",\"keywords\":[\"acidente ferrovi\u00e1rio\",\"Adamuz\",\"feridos\",\"investiga\u00e7\u00e3o\",\"patr\u00edcia\"],\"articleSection\":[\"Not\u00edcias\"],\"inLanguage\":\"pt-PT\"},{\"@type\":\"WebPage\",\"@id\":\"https:\/\/portaltela.pt\/noticias\/2026\/01\/30\/numero-de-mortos-no-acidente-em-adamuz-sobe-para-46\/\",\"url\":\"https:\/\/portaltela.pt\/noticias\/2026\/01\/30\/numero-de-mortos-no-acidente-em-adamuz-sobe-para-46\/\",\"name\":\"N\u00famero de mortos no acidente em Adamuz sobe para 46 - Portal Tela Portugal\",\"isPartOf\":{\"@id\":\"https:\/\/portaltela.pt\/#website\"},\"primaryImageOfPage\":{\"@id\":\"https:\/\/portaltela.pt\/noticias\/2026\/01\/30\/numero-de-mortos-no-acidente-em-adamuz-sobe-para-46\/#primaryimage\"},\"image\":{\"@id\":\"https:\/\/portaltela.pt\/noticias\/2026\/01\/30\/numero-de-mortos-no-acidente-em-adamuz-sobe-para-46\/#primaryimage\"},\"thumbnailUrl\":\"https:\/\/portaltela.pt\/s.01k8rhncp4jt1\/2026\/01\/unnamed-file-6193.jpg\",\"datePublished\":\"2026-01-30T20:13:34+00:00\",\"author\":{\"@id\":\"https:\/\/portaltela.pt\/#\/schema\/person\/c4278d4a6028830caff9ee44b42d32ed\"},\"breadcrumb\":{\"@id\":\"https:\/\/portaltela.pt\/noticias\/2026\/01\/30\/numero-de-mortos-no-acidente-em-adamuz-sobe-para-46\/#breadcrumb\"},\"inLanguage\":\"pt-PT\",\"potentialAction\":[{\"@type\":\"ReadAction\",\"target\":[\"https:\/\/portaltela.pt\/noticias\/2026\/01\/30\/numero-de-mortos-no-acidente-em-adamuz-sobe-para-46\/\"]}]},{\"@type\":\"ImageObject\",\"inLanguage\":\"pt-PT\",\"@id\":\"https:\/\/portaltela.pt\/noticias\/2026\/01\/30\/numero-de-mortos-no-acidente-em-adamuz-sobe-para-46\/#primaryimage\",\"url\":\"https:\/\/portaltela.pt\/s.01k8rhncp4jt1\/2026\/01\/unnamed-file-6193.jpg\",\"contentUrl\":\"https:\/\/portaltela.pt\/s.01k8rhncp4jt1\/2026\/01\/unnamed-file-6193.jpg\",\"width\":796,\"height\":448,\"caption\":\"Descarrilaram as tr\u00eas \u00faltimas carruagens do Irya, que entraram na via f\u00e9rrea contr\u00e1ria onde circulava outro comboio\"},{\"@type\":\"BreadcrumbList\",\"@id\":\"https:\/\/portaltela.pt\/noticias\/2026\/01\/30\/numero-de-mortos-no-acidente-em-adamuz-sobe-para-46\/#breadcrumb\",\"itemListElement\":[{\"@type\":\"ListItem\",\"position\":1,\"name\":\"In\u00edcio\",\"item\":\"https:\/\/portaltela.pt\/\"},{\"@type\":\"ListItem\",\"position\":2,\"name\":\"N\u00famero de mortos no acidente em Adamuz sobe para 46\"}]},{\"@type\":\"WebSite\",\"@id\":\"https:\/\/portaltela.pt\/#website\",\"url\":\"https:\/\/portaltela.pt\/\",\"name\":\"Portal Tela Portugal\",\"description\":\"\",\"potentialAction\":[{\"@type\":\"SearchAction\",\"target\":{\"@type\":\"EntryPoint\",\"urlTemplate\":\"https:\/\/portaltela.pt\/?s={search_term_string}\"},\"query-input\":{\"@type\":\"PropertyValueSpecification\",\"valueRequired\":true,\"valueName\":\"search_term_string\"}}],\"inLanguage\":\"pt-PT\"},{\"@type\":\"Person\",\"@id\":\"https:\/\/portaltela.pt\/#\/schema\/person\/c4278d4a6028830caff9ee44b42d32ed\",\"name\":\"Telinha\",\"image\":{\"@type\":\"ImageObject\",\"inLanguage\":\"pt-PT\",\"@id\":\"https:\/\/portaltela.pt\/s.01k8rhncp4jt1\/2025\/11\/talking-bot-125x125.png\",\"url\":\"https:\/\/portaltela.pt\/s.01k8rhncp4jt1\/2025\/11\/talking-bot-125x125.png\",\"contentUrl\":\"https:\/\/portaltela.pt\/s.01k8rhncp4jt1\/2025\/11\/talking-bot-125x125.png\",\"caption\":\"Telinha\"},\"sameAs\":[\"https:\/\/portaltela.pt\/\"],\"url\":\"https:\/\/portaltela.pt\/por\/367410592786\/\"}]}<\/script>\n<!-- \/ Yoast SEO plugin. -->","yoast_head_json":{"title":"N\u00famero de mortos no acidente em Adamuz sobe para 46 - Portal Tela Portugal","robots":{"index":"index","follow":"follow","max-snippet":"max-snippet:-1","max-image-preview":"max-image-preview:large","max-video-preview":"max-video-preview:-1"},"og_locale":"pt_PT","og_type":"article","og_title":"N\u00famero de mortos no acidente em Adamuz sobe para 46 - Portal Tela Portugal","og_description":"O n\u00famero de mortos no acidente ferrovi\u00e1rio de Adamuz subiu para 46, com a morte de uma mulher que estava internada em estado grave no hospital em C\u00f3rdoba. Patricia, natural da prov\u00edncia de Huelva, seguia na carruagem dois do comboio da Renfe que colidiu com o Iryo que descarrilou; regressava a casa ap\u00f3s viajar a Madrid para prestar um exame de acesso \u00e0 fun\u00e7\u00e3o p\u00fablica. Segundo o Servi\u00e7o Andaluz de Sa\u00fade, 16 pessoas continuam hospitalizadas entre adultos e uma crian\u00e7a; duas est\u00e3o em estado cr\u00edtico. O acidente ocorreu no domingo, 18 de janeiro, por volta das 19h45 locais, em Adamuz, envolvendo dois comboios de alta velocidade: o Iryo, de M\u00e1laga para Madrid, e o Alvia da Renfe, Madrid-Huelva. As primeiras an\u00e1lises apontam para uma fissura no carril como poss\u00edvel causa, com mossas nas rodas da banda direita das carruagens 2 a 5 do Iryo, compat\u00edveis com impacto no carril sem continuidade.","og_url":"https:\/\/portaltela.pt\/noticias\/2026\/01\/30\/numero-de-mortos-no-acidente-em-adamuz-sobe-para-46\/","og_site_name":"Portal Tela Portugal","article_published_time":"2026-01-30T20:13:34+00:00","author":"Telinha","twitter_card":"summary_large_image","twitter_misc":{"Escrito por":"Telinha","Tempo estimado de leitura":"1 minuto"},"schema":{"@context":"https:\/\/schema.org","@graph":[{"@type":"Article","@id":"https:\/\/portaltela.pt\/noticias\/2026\/01\/30\/numero-de-mortos-no-acidente-em-adamuz-sobe-para-46\/#article","isPartOf":{"@id":"https:\/\/portaltela.pt\/noticias\/2026\/01\/30\/numero-de-mortos-no-acidente-em-adamuz-sobe-para-46\/"},"author":{"name":"Telinha","@id":"https:\/\/portaltela.pt\/#\/schema\/person\/c4278d4a6028830caff9ee44b42d32ed"},"headline":"N\u00famero de mortos no acidente em Adamuz sobe para 46","datePublished":"2026-01-30T20:13:34+00:00","mainEntityOfPage":{"@id":"https:\/\/portaltela.pt\/noticias\/2026\/01\/30\/numero-de-mortos-no-acidente-em-adamuz-sobe-para-46\/"},"wordCount":265,"image":{"@id":"https:\/\/portaltela.pt\/noticias\/2026\/01\/30\/numero-de-mortos-no-acidente-em-adamuz-sobe-para-46\/#primaryimage"},"thumbnailUrl":"https:\/\/portaltela.pt\/s.01k8rhncp4jt1\/2026\/01\/unnamed-file-6193.jpg","keywords":["acidente ferrovi\u00e1rio","Adamuz","feridos","investiga\u00e7\u00e3o","patr\u00edcia"],"articleSection":["Not\u00edcias"],"inLanguage":"pt-PT"},{"@type":"WebPage","@id":"https:\/\/portaltela.pt\/noticias\/2026\/01\/30\/numero-de-mortos-no-acidente-em-adamuz-sobe-para-46\/","url":"https:\/\/portaltela.pt\/noticias\/2026\/01\/30\/numero-de-mortos-no-acidente-em-adamuz-sobe-para-46\/","name":"N\u00famero de mortos no acidente em Adamuz sobe para 46 - Portal Tela Portugal","isPartOf":{"@id":"https:\/\/portaltela.pt\/#website"},"primaryImageOfPage":{"@id":"https:\/\/portaltela.pt\/noticias\/2026\/01\/30\/numero-de-mortos-no-acidente-em-adamuz-sobe-para-46\/#primaryimage"},"image":{"@id":"https:\/\/portaltela.pt\/noticias\/2026\/01\/30\/numero-de-mortos-no-acidente-em-adamuz-sobe-para-46\/#primaryimage"},"thumbnailUrl":"https:\/\/portaltela.pt\/s.01k8rhncp4jt1\/2026\/01\/unnamed-file-6193.jpg","datePublished":"2026-01-30T20:13:34+00:00","author":{"@id":"https:\/\/portaltela.pt\/#\/schema\/person\/c4278d4a6028830caff9ee44b42d32ed"},"breadcrumb":{"@id":"https:\/\/portaltela.pt\/noticias\/2026\/01\/30\/numero-de-mortos-no-acidente-em-adamuz-sobe-para-46\/#breadcrumb"},"inLanguage":"pt-PT","potentialAction":[{"@type":"ReadAction","target":["https:\/\/portaltela.pt\/noticias\/2026\/01\/30\/numero-de-mortos-no-acidente-em-adamuz-sobe-para-46\/"]}]},{"@type":"ImageObject","inLanguage":"pt-PT","@id":"https:\/\/portaltela.pt\/noticias\/2026\/01\/30\/numero-de-mortos-no-acidente-em-adamuz-sobe-para-46\/#primaryimage","url":"https:\/\/portaltela.pt\/s.01k8rhncp4jt1\/2026\/01\/unnamed-file-6193.jpg","contentUrl":"https:\/\/portaltela.pt\/s.01k8rhncp4jt1\/2026\/01\/unnamed-file-6193.jpg","width":796,"height":448,"caption":"Descarrilaram as tr\u00eas \u00faltimas carruagens do Irya, que entraram na via f\u00e9rrea contr\u00e1ria onde circulava outro comboio"},{"@type":"BreadcrumbList","@id":"https:\/\/portaltela.pt\/noticias\/2026\/01\/30\/numero-de-mortos-no-acidente-em-adamuz-sobe-para-46\/#breadcrumb","itemListElement":[{"@type":"ListItem","position":1,"name":"In\u00edcio","item":"https:\/\/portaltela.pt\/"},{"@type":"ListItem","position":2,"name":"N\u00famero de mortos no acidente em Adamuz sobe para 46"}]},{"@type":"WebSite","@id":"https:\/\/portaltela.pt\/#website","url":"https:\/\/portaltela.pt\/","name":"Portal Tela Portugal","description":"","potentialAction":[{"@type":"SearchAction","target":{"@type":"EntryPoint","urlTemplate":"https:\/\/portaltela.pt\/?s={search_term_string}"},"query-input":{"@type":"PropertyValueSpecification","valueRequired":true,"valueName":"search_term_string"}}],"inLanguage":"pt-PT"},{"@type":"Person","@id":"https:\/\/portaltela.pt\/#\/schema\/person\/c4278d4a6028830caff9ee44b42d32ed","name":"Telinha","image":{"@type":"ImageObject","inLanguage":"pt-PT","@id":"https:\/\/portaltela.pt\/s.01k8rhncp4jt1\/2025\/11\/talking-bot-125x125.png","url":"https:\/\/portaltela.pt\/s.01k8rhncp4jt1\/2025\/11\/talking-bot-125x125.png","contentUrl":"https:\/\/portaltela.pt\/s.01k8rhncp4jt1\/2025\/11\/talking-bot-125x125.png","caption":"Telinha"},"sameAs":["https:\/\/portaltela.pt\/"],"url":"https:\/\/portaltela.pt\/por\/367410592786\/"}]}},"_links":{"self":[{"href":"https:\/\/portaltela.pt\/api\/wp\/v2\/posts\/185402","targetHints":{"allow":["GET"]}}],"collection":[{"href":"https:\/\/portaltela.pt\/api\/wp\/v2\/posts"}],"about":[{"href":"https:\/\/portaltela.pt\/api\/wp\/v2\/types\/post"}],"author":[{"embeddable":true,"href":"https:\/\/portaltela.pt\/api\/wp\/v2\/users\/2"}],"replies":[{"embeddable":true,"href":"https:\/\/portaltela.pt\/api\/wp\/v2\/comments?post=185402"}],"version-history":[{"count":0,"href":"https:\/\/portaltela.pt\/api\/wp\/v2\/posts\/185402\/revisions"}],"wp:featuredmedia":[{"embeddable":true,"href":"https:\/\/portaltela.pt\/api\/wp\/v2\/media\/185437"}],"wp:attachment":[{"href":"https:\/\/portaltela.pt\/api\/wp\/v2\/media?parent=185402"}],"wp:term":[{"taxonomy":"category","embeddable":true,"href":"https:\/\/portaltela.pt\/api\/wp\/v2\/categories?post=185402"},{"taxonomy":"post_tag","embeddable":true,"href":"https:\/\/portaltela.pt\/api\/wp\/v2\/tags?post=185402"}],"curies":[{"name":"wp","href":"https:\/\/api.w.org\/{rel}","templated":true}]}}