{"id":185348,"date":"2026-01-30T16:04:00","date_gmt":"2026-01-30T19:04:00","guid":{"rendered":"https:\/\/portaltela.pt\/noticias\/2026\/01\/30\/trump-assina-ordem-para-corrida-de-indycar-em-washington-em-agosto\/"},"modified":"2026-01-30T16:04:00","modified_gmt":"2026-01-30T19:04:00","slug":"trump-assina-ordem-para-corrida-de-indycar-em-washington-em-agosto","status":"publish","type":"post","link":"https:\/\/portaltela.pt\/noticias\/internacional\/2026\/01\/30\/trump-assina-ordem-para-corrida-de-indycar-em-washington-em-agosto\/","title":{"rendered":"Trump assina ordem para corrida de IndyCar em Washington, em agosto"},"content":{"rendered":"<p>O presidente Donald Trump assinou uma ordem para autorizar a realiza\u00e7\u00e3o de uma corrida de IndyCar em Washington, marcada para agosto. A medida foi anunciada sem detalhes adicionais sobre organiza\u00e7\u00e3o e motiva\u00e7\u00f5es.<\/p>\n<p>Segundo a ag\u00eancia Lusa, a decis\u00e3o envolve a autoriza\u00e7\u00e3o oficial para o evento na capital dos Estados Unidos, em agosto. O texto oficial n\u00e3o torna p\u00fablicas as raz\u00f5es espec\u00edficas.<\/p>\n<p>N\u00e3o foram divulgados dados sobre o desenho do circuito, patrocinadores ou seguran\u00e7a do evento. Autoridades n\u00e3o confirmaram informa\u00e7\u00f5es sobre hor\u00e1rios, bilhetes ou impactos log\u00edsticos na regi\u00e3o.<\/p>\n<p>A not\u00edcia n\u00e3o traz declara\u00e7\u00f5es de representantes oficiais al\u00e9m da assinatura. Mant\u00eam-se, assim, informa\u00e7\u00f5es limitadas ao an\u00fancio da medida.<\/p>\n","protected":false},"excerpt":{"rendered":"<ul>\n<li>O ex-presidente dos Estados Unidos, Donald Trump, assinou uma ordem relacionada com uma corrida de IndyCar.<\/li>\n<li>A prova est\u00e1 prevista realizar-se em Washington no m\u00eas de agosto.<\/li>\n<li>O conte\u00fado completo est\u00e1 dispon\u00edvel apenas para subscritores.<\/li>\n<li>O trecho dispon\u00edvel n\u00e3o fornece detalhes adicionais sobre o local exato ou aspetos t\u00e9cnicos da corrida.<\/li>\n<\/ul>\n","protected":false},"author":2,"featured_media":185365,"comment_status":"closed","ping_status":"closed","sticky":false,"template":"","format":"standard","meta":{"footnotes":""},"categories":[4,1],"tags":[3504,152,2467,1600,2748],"class_list":["post-185348","post","type-post","status-publish","format-standard","has-post-thumbnail","hentry","category-internacional","category-noticias","tag-corridas","tag-desporto","tag-desportos-motorizados","tag-estados-unidos","tag-motores-ssv-e-challenger"],"yoast_head":"<!-- This site is optimized with the Yoast SEO plugin v27.2 - https:\/\/yoast.com\/product\/yoast-seo-wordpress\/ -->\n<title>Trump assina ordem para corrida de IndyCar em Washington, em agosto - Portal Tela Portugal<\/title>\n<meta name=\"robots\" content=\"index, follow, max-snippet:-1, max-image-preview:large, max-video-preview:-1\" \/>\n<meta property=\"og:locale\" content=\"pt_PT\" \/>\n<meta property=\"og:type\" content=\"article\" \/>\n<meta property=\"og:title\" content=\"Trump assina ordem para corrida de IndyCar em Washington, em agosto - Portal Tela Portugal\" \/>\n<meta property=\"og:description\" content=\"O ex-presidente dos Estados Unidos, Donald Trump, assinou uma ordem relacionada com uma corrida de IndyCar. A prova est\u00e1 prevista realizar-se em Washington no m\u00eas de agosto. O conte\u00fado completo est\u00e1 dispon\u00edvel apenas para subscritores. O trecho dispon\u00edvel n\u00e3o fornece detalhes adicionais sobre o local exato ou aspetos t\u00e9cnicos da corrida.\" \/>\n<meta property=\"og:url\" content=\"https:\/\/portaltela.pt\/noticias\/2026\/01\/30\/trump-assina-ordem-para-corrida-de-indycar-em-washington-em-agosto\/\" \/>\n<meta property=\"og:site_name\" content=\"Portal Tela Portugal\" \/>\n<meta property=\"article:published_time\" content=\"2026-01-30T19:04:00+00:00\" \/>\n<meta name=\"author\" content=\"Telinha\" \/>\n<meta name=\"twitter:card\" content=\"summary_large_image\" \/>\n<meta name=\"twitter:label1\" content=\"Escrito por\" \/>\n\t<meta name=\"twitter:data1\" content=\"Telinha\" \/>\n\t<meta name=\"twitter:label2\" content=\"Tempo estimado de leitura\" \/>\n\t<meta name=\"twitter:data2\" content=\"1 minuto\" \/>\n<script type=\"application\/ld+json\" class=\"yoast-schema-graph\">{\"@context\":\"https:\/\/schema.org\",\"@graph\":[{\"@type\":\"Article\",\"@id\":\"https:\/\/portaltela.pt\/noticias\/2026\/01\/30\/trump-assina-ordem-para-corrida-de-indycar-em-washington-em-agosto\/#article\",\"isPartOf\":{\"@id\":\"https:\/\/portaltela.pt\/noticias\/2026\/01\/30\/trump-assina-ordem-para-corrida-de-indycar-em-washington-em-agosto\/\"},\"author\":{\"name\":\"Telinha\",\"@id\":\"https:\/\/portaltela.pt\/#\/schema\/person\/c4278d4a6028830caff9ee44b42d32ed\"},\"headline\":\"Trump assina ordem para corrida de IndyCar em Washington, em agosto\",\"datePublished\":\"2026-01-30T19:04:00+00:00\",\"mainEntityOfPage\":{\"@id\":\"https:\/\/portaltela.pt\/noticias\/2026\/01\/30\/trump-assina-ordem-para-corrida-de-indycar-em-washington-em-agosto\/\"},\"wordCount\":141,\"image\":{\"@id\":\"https:\/\/portaltela.pt\/noticias\/2026\/01\/30\/trump-assina-ordem-para-corrida-de-indycar-em-washington-em-agosto\/#primaryimage\"},\"thumbnailUrl\":\"https:\/\/portaltela.pt\/s.01k8rhncp4jt1\/2026\/01\/CACHE_780X1200_ANALOG_WATERMARKED_46459438_494008124000077.jpg\",\"keywords\":[\"corridas\",\"desporto\",\"Desportos Motorizados\",\"Estados Unidos\",\"Motores, SSV e Challenger\"],\"articleSection\":[\"Internacional\",\"Not\u00edcias\"],\"inLanguage\":\"pt-PT\"},{\"@type\":\"WebPage\",\"@id\":\"https:\/\/portaltela.pt\/noticias\/2026\/01\/30\/trump-assina-ordem-para-corrida-de-indycar-em-washington-em-agosto\/\",\"url\":\"https:\/\/portaltela.pt\/noticias\/2026\/01\/30\/trump-assina-ordem-para-corrida-de-indycar-em-washington-em-agosto\/\",\"name\":\"Trump assina ordem para corrida de IndyCar em Washington, em agosto - Portal Tela Portugal\",\"isPartOf\":{\"@id\":\"https:\/\/portaltela.pt\/#website\"},\"primaryImageOfPage\":{\"@id\":\"https:\/\/portaltela.pt\/noticias\/2026\/01\/30\/trump-assina-ordem-para-corrida-de-indycar-em-washington-em-agosto\/#primaryimage\"},\"image\":{\"@id\":\"https:\/\/portaltela.pt\/noticias\/2026\/01\/30\/trump-assina-ordem-para-corrida-de-indycar-em-washington-em-agosto\/#primaryimage\"},\"thumbnailUrl\":\"https:\/\/portaltela.pt\/s.01k8rhncp4jt1\/2026\/01\/CACHE_780X1200_ANALOG_WATERMARKED_46459438_494008124000077.jpg\",\"datePublished\":\"2026-01-30T19:04:00+00:00\",\"author\":{\"@id\":\"https:\/\/portaltela.pt\/#\/schema\/person\/c4278d4a6028830caff9ee44b42d32ed\"},\"breadcrumb\":{\"@id\":\"https:\/\/portaltela.pt\/noticias\/2026\/01\/30\/trump-assina-ordem-para-corrida-de-indycar-em-washington-em-agosto\/#breadcrumb\"},\"inLanguage\":\"pt-PT\",\"potentialAction\":[{\"@type\":\"ReadAction\",\"target\":[\"https:\/\/portaltela.pt\/noticias\/2026\/01\/30\/trump-assina-ordem-para-corrida-de-indycar-em-washington-em-agosto\/\"]}]},{\"@type\":\"ImageObject\",\"inLanguage\":\"pt-PT\",\"@id\":\"https:\/\/portaltela.pt\/noticias\/2026\/01\/30\/trump-assina-ordem-para-corrida-de-indycar-em-washington-em-agosto\/#primaryimage\",\"url\":\"https:\/\/portaltela.pt\/s.01k8rhncp4jt1\/2026\/01\/CACHE_780X1200_ANALOG_WATERMARKED_46459438_494008124000077.jpg\",\"contentUrl\":\"https:\/\/portaltela.pt\/s.01k8rhncp4jt1\/2026\/01\/CACHE_780X1200_ANALOG_WATERMARKED_46459438_494008124000077.jpg\",\"width\":796,\"height\":448,\"caption\":\"Trump assina ordem para corrida de IndyCar em Washington em agosto\"},{\"@type\":\"BreadcrumbList\",\"@id\":\"https:\/\/portaltela.pt\/noticias\/2026\/01\/30\/trump-assina-ordem-para-corrida-de-indycar-em-washington-em-agosto\/#breadcrumb\",\"itemListElement\":[{\"@type\":\"ListItem\",\"position\":1,\"name\":\"In\u00edcio\",\"item\":\"https:\/\/portaltela.pt\/\"},{\"@type\":\"ListItem\",\"position\":2,\"name\":\"Trump assina ordem para corrida de IndyCar em Washington, em agosto\"}]},{\"@type\":\"WebSite\",\"@id\":\"https:\/\/portaltela.pt\/#website\",\"url\":\"https:\/\/portaltela.pt\/\",\"name\":\"Portal Tela Portugal\",\"description\":\"\",\"potentialAction\":[{\"@type\":\"SearchAction\",\"target\":{\"@type\":\"EntryPoint\",\"urlTemplate\":\"https:\/\/portaltela.pt\/?s={search_term_string}\"},\"query-input\":{\"@type\":\"PropertyValueSpecification\",\"valueRequired\":true,\"valueName\":\"search_term_string\"}}],\"inLanguage\":\"pt-PT\"},{\"@type\":\"Person\",\"@id\":\"https:\/\/portaltela.pt\/#\/schema\/person\/c4278d4a6028830caff9ee44b42d32ed\",\"name\":\"Telinha\",\"image\":{\"@type\":\"ImageObject\",\"inLanguage\":\"pt-PT\",\"@id\":\"https:\/\/portaltela.pt\/s.01k8rhncp4jt1\/2025\/11\/talking-bot-125x125.png\",\"url\":\"https:\/\/portaltela.pt\/s.01k8rhncp4jt1\/2025\/11\/talking-bot-125x125.png\",\"contentUrl\":\"https:\/\/portaltela.pt\/s.01k8rhncp4jt1\/2025\/11\/talking-bot-125x125.png\",\"caption\":\"Telinha\"},\"sameAs\":[\"https:\/\/portaltela.pt\/\"],\"url\":\"https:\/\/portaltela.pt\/por\/367410592786\/\"}]}<\/script>\n<!-- \/ Yoast SEO plugin. -->","yoast_head_json":{"title":"Trump assina ordem para corrida de IndyCar em Washington, em agosto - Portal Tela Portugal","robots":{"index":"index","follow":"follow","max-snippet":"max-snippet:-1","max-image-preview":"max-image-preview:large","max-video-preview":"max-video-preview:-1"},"og_locale":"pt_PT","og_type":"article","og_title":"Trump assina ordem para corrida de IndyCar em Washington, em agosto - Portal Tela Portugal","og_description":"O ex-presidente dos Estados Unidos, Donald Trump, assinou uma ordem relacionada com uma corrida de IndyCar. A prova est\u00e1 prevista realizar-se em Washington no m\u00eas de agosto. O conte\u00fado completo est\u00e1 dispon\u00edvel apenas para subscritores. O trecho dispon\u00edvel n\u00e3o fornece detalhes adicionais sobre o local exato ou aspetos t\u00e9cnicos da corrida.","og_url":"https:\/\/portaltela.pt\/noticias\/2026\/01\/30\/trump-assina-ordem-para-corrida-de-indycar-em-washington-em-agosto\/","og_site_name":"Portal Tela Portugal","article_published_time":"2026-01-30T19:04:00+00:00","author":"Telinha","twitter_card":"summary_large_image","twitter_misc":{"Escrito por":"Telinha","Tempo estimado de leitura":"1 minuto"},"schema":{"@context":"https:\/\/schema.org","@graph":[{"@type":"Article","@id":"https:\/\/portaltela.pt\/noticias\/2026\/01\/30\/trump-assina-ordem-para-corrida-de-indycar-em-washington-em-agosto\/#article","isPartOf":{"@id":"https:\/\/portaltela.pt\/noticias\/2026\/01\/30\/trump-assina-ordem-para-corrida-de-indycar-em-washington-em-agosto\/"},"author":{"name":"Telinha","@id":"https:\/\/portaltela.pt\/#\/schema\/person\/c4278d4a6028830caff9ee44b42d32ed"},"headline":"Trump assina ordem para corrida de IndyCar em Washington, em agosto","datePublished":"2026-01-30T19:04:00+00:00","mainEntityOfPage":{"@id":"https:\/\/portaltela.pt\/noticias\/2026\/01\/30\/trump-assina-ordem-para-corrida-de-indycar-em-washington-em-agosto\/"},"wordCount":141,"image":{"@id":"https:\/\/portaltela.pt\/noticias\/2026\/01\/30\/trump-assina-ordem-para-corrida-de-indycar-em-washington-em-agosto\/#primaryimage"},"thumbnailUrl":"https:\/\/portaltela.pt\/s.01k8rhncp4jt1\/2026\/01\/CACHE_780X1200_ANALOG_WATERMARKED_46459438_494008124000077.jpg","keywords":["corridas","desporto","Desportos Motorizados","Estados Unidos","Motores, SSV e Challenger"],"articleSection":["Internacional","Not\u00edcias"],"inLanguage":"pt-PT"},{"@type":"WebPage","@id":"https:\/\/portaltela.pt\/noticias\/2026\/01\/30\/trump-assina-ordem-para-corrida-de-indycar-em-washington-em-agosto\/","url":"https:\/\/portaltela.pt\/noticias\/2026\/01\/30\/trump-assina-ordem-para-corrida-de-indycar-em-washington-em-agosto\/","name":"Trump assina ordem para corrida de IndyCar em Washington, em agosto - Portal Tela Portugal","isPartOf":{"@id":"https:\/\/portaltela.pt\/#website"},"primaryImageOfPage":{"@id":"https:\/\/portaltela.pt\/noticias\/2026\/01\/30\/trump-assina-ordem-para-corrida-de-indycar-em-washington-em-agosto\/#primaryimage"},"image":{"@id":"https:\/\/portaltela.pt\/noticias\/2026\/01\/30\/trump-assina-ordem-para-corrida-de-indycar-em-washington-em-agosto\/#primaryimage"},"thumbnailUrl":"https:\/\/portaltela.pt\/s.01k8rhncp4jt1\/2026\/01\/CACHE_780X1200_ANALOG_WATERMARKED_46459438_494008124000077.jpg","datePublished":"2026-01-30T19:04:00+00:00","author":{"@id":"https:\/\/portaltela.pt\/#\/schema\/person\/c4278d4a6028830caff9ee44b42d32ed"},"breadcrumb":{"@id":"https:\/\/portaltela.pt\/noticias\/2026\/01\/30\/trump-assina-ordem-para-corrida-de-indycar-em-washington-em-agosto\/#breadcrumb"},"inLanguage":"pt-PT","potentialAction":[{"@type":"ReadAction","target":["https:\/\/portaltela.pt\/noticias\/2026\/01\/30\/trump-assina-ordem-para-corrida-de-indycar-em-washington-em-agosto\/"]}]},{"@type":"ImageObject","inLanguage":"pt-PT","@id":"https:\/\/portaltela.pt\/noticias\/2026\/01\/30\/trump-assina-ordem-para-corrida-de-indycar-em-washington-em-agosto\/#primaryimage","url":"https:\/\/portaltela.pt\/s.01k8rhncp4jt1\/2026\/01\/CACHE_780X1200_ANALOG_WATERMARKED_46459438_494008124000077.jpg","contentUrl":"https:\/\/portaltela.pt\/s.01k8rhncp4jt1\/2026\/01\/CACHE_780X1200_ANALOG_WATERMARKED_46459438_494008124000077.jpg","width":796,"height":448,"caption":"Trump assina ordem para corrida de IndyCar em Washington em agosto"},{"@type":"BreadcrumbList","@id":"https:\/\/portaltela.pt\/noticias\/2026\/01\/30\/trump-assina-ordem-para-corrida-de-indycar-em-washington-em-agosto\/#breadcrumb","itemListElement":[{"@type":"ListItem","position":1,"name":"In\u00edcio","item":"https:\/\/portaltela.pt\/"},{"@type":"ListItem","position":2,"name":"Trump assina ordem para corrida de IndyCar em Washington, em agosto"}]},{"@type":"WebSite","@id":"https:\/\/portaltela.pt\/#website","url":"https:\/\/portaltela.pt\/","name":"Portal Tela Portugal","description":"","potentialAction":[{"@type":"SearchAction","target":{"@type":"EntryPoint","urlTemplate":"https:\/\/portaltela.pt\/?s={search_term_string}"},"query-input":{"@type":"PropertyValueSpecification","valueRequired":true,"valueName":"search_term_string"}}],"inLanguage":"pt-PT"},{"@type":"Person","@id":"https:\/\/portaltela.pt\/#\/schema\/person\/c4278d4a6028830caff9ee44b42d32ed","name":"Telinha","image":{"@type":"ImageObject","inLanguage":"pt-PT","@id":"https:\/\/portaltela.pt\/s.01k8rhncp4jt1\/2025\/11\/talking-bot-125x125.png","url":"https:\/\/portaltela.pt\/s.01k8rhncp4jt1\/2025\/11\/talking-bot-125x125.png","contentUrl":"https:\/\/portaltela.pt\/s.01k8rhncp4jt1\/2025\/11\/talking-bot-125x125.png","caption":"Telinha"},"sameAs":["https:\/\/portaltela.pt\/"],"url":"https:\/\/portaltela.pt\/por\/367410592786\/"}]}},"_links":{"self":[{"href":"https:\/\/portaltela.pt\/api\/wp\/v2\/posts\/185348","targetHints":{"allow":["GET"]}}],"collection":[{"href":"https:\/\/portaltela.pt\/api\/wp\/v2\/posts"}],"about":[{"href":"https:\/\/portaltela.pt\/api\/wp\/v2\/types\/post"}],"author":[{"embeddable":true,"href":"https:\/\/portaltela.pt\/api\/wp\/v2\/users\/2"}],"replies":[{"embeddable":true,"href":"https:\/\/portaltela.pt\/api\/wp\/v2\/comments?post=185348"}],"version-history":[{"count":0,"href":"https:\/\/portaltela.pt\/api\/wp\/v2\/posts\/185348\/revisions"}],"wp:featuredmedia":[{"embeddable":true,"href":"https:\/\/portaltela.pt\/api\/wp\/v2\/media\/185365"}],"wp:attachment":[{"href":"https:\/\/portaltela.pt\/api\/wp\/v2\/media?parent=185348"}],"wp:term":[{"taxonomy":"category","embeddable":true,"href":"https:\/\/portaltela.pt\/api\/wp\/v2\/categories?post=185348"},{"taxonomy":"post_tag","embeddable":true,"href":"https:\/\/portaltela.pt\/api\/wp\/v2\/tags?post=185348"}],"curies":[{"name":"wp","href":"https:\/\/api.w.org\/{rel}","templated":true}]}}