{"id":185302,"date":"2026-01-30T16:21:33","date_gmt":"2026-01-30T19:21:33","guid":{"rendered":"https:\/\/portaltela.pt\/noticias\/2026\/01\/30\/jpp-repudia-destratos-reiterados-contra-profissionais-de-saude\/"},"modified":"2026-01-30T16:21:33","modified_gmt":"2026-01-30T19:21:33","slug":"jpp-repudia-destratos-reiterados-contra-profissionais-de-saude","status":"publish","type":"post","link":"https:\/\/portaltela.pt\/noticias\/2026\/01\/30\/jpp-repudia-destratos-reiterados-contra-profissionais-de-saude\/","title":{"rendered":"JPP repudia destratos reiterados contra profissionais de sa\u00fade"},"content":{"rendered":"<p>O Grupo Parlamentar do JPP repudiou a situa\u00e7\u00e3o de exaust\u00e3o e o destrato que o Servi\u00e7o de Sa\u00fade da Regi\u00e3o (SESARAM) tem vindo a impor aos enfermeiros do Servi\u00e7o de Urg\u00eancia. O texto expressa profunda solidariedade para com estes profissionais de sa\u00fade.<\/p>\n<p>Segundo o JPP, um conjunto alargado de enfermeiros tem apresentado declara\u00e7\u00f5es de escusa de responsabilidade para prote\u00e7\u00e3o pr\u00f3pria e dos doentes, devido \u00e0 falta de condi\u00e7\u00f5es, recursos humanos escassos e cansa\u00e7o extremo por horas extra constantes.<\/p>\n<p>O deputado Alfredo Gouveia descreveu a situa\u00e7\u00e3o como lament\u00e1vel, afirmando que revela um Servi\u00e7o de Sa\u00fade sem planeamento, desorganizado e com gest\u00e3o considerada incompetente, com impacto na qualidade dos cuidados.<\/p>\n<p>Gouveia mencionou ainda que, para al\u00e9m da exaust\u00e3o, m\u00e9dicos, enfermeiros e auxiliares sofrem trabalho suplementar por pagar h\u00e1 tr\u00eas anos, denunciando uma gest\u00e3o que n\u00e3o honra os compromissos laborais.<\/p>\n<p>O parlamentar destacou a necessidade de o Governo agir, pagar o que deve, abrir concursos para colmatar a falta de profissionais e valorizar as carreiras de sa\u00fade, chamando \u00e0 responsabilidade o executivo do CDS\/PSD.<\/p>\n<p>O JPP refor\u00e7a que a situa\u00e7\u00e3o exige uma resposta governamental s\u00e9ria para melhorar as condi\u00e7\u00f5es de trabalho e a qualidade dos servi\u00e7os, assegurando respeito pela compet\u00eancia dos profissionais.<\/p>\n","protected":false},"excerpt":{"rendered":"<ul>\n<li>O Grupo Parlamentar do JPP repudiou a situa\u00e7\u00e3o de exaust\u00e3o e o trato desrespeitoso aos enfermeiros do Servi\u00e7o de Urg\u00eancia do SESARAM.<\/li>\n<li>Alfredo Gouveia afirmou que muitos enfermeiros apresentaram declara\u00e7\u00f5es de escusa de responsabilidade para prote\u00e7\u00e3o dos pacientes, devido \u00e0 falta de recursos, cansa\u00e7o extremo e excesso de horas extra por pagar.<\/li>\n<li>O deputado descreveu a situa\u00e7\u00e3o como lament\u00e1vel e disse que reflecte um Servi\u00e7o de Sa\u00fade sem planeamento, com gest\u00e3o inadequada e impacto na qualidade dos cuidados.<\/li>\n<li>O SESARAM continua a submeter m\u00e9dicos, enfermeiros e auxiliares a trabalho suplementar h\u00e1 tr\u00eas anos sem pagamento.<\/li>\n<li>O JPP pede interven\u00e7\u00e3o do Governo, quita\u00e7\u00e3o de d\u00edvidas, abertura de concursos para preencher falta de profissionais e valoriza\u00e7\u00e3o das carreiras da sa\u00fade.<\/li>\n<\/ul>\n","protected":false},"author":2,"featured_media":185333,"comment_status":"closed","ping_status":"closed","sticky":false,"template":"","format":"standard","meta":{"footnotes":""},"categories":[1],"tags":[2415,34,133,4425,271,1072],"class_list":["post-185302","post","type-post","status-publish","format-standard","has-post-thumbnail","hentry","category-noticias","tag-gestao","tag-governo","tag-politicas-publicas","tag-profissionais-de-saude","tag-saude-publica","tag-trabalho-suplementar"],"yoast_head":"<!-- This site is optimized with the Yoast SEO plugin v27.2 - https:\/\/yoast.com\/product\/yoast-seo-wordpress\/ -->\n<title>JPP repudia destratos reiterados contra profissionais de sa\u00fade - Portal Tela Portugal<\/title>\n<meta name=\"robots\" content=\"index, follow, max-snippet:-1, max-image-preview:large, max-video-preview:-1\" \/>\n<meta property=\"og:locale\" content=\"pt_PT\" \/>\n<meta property=\"og:type\" content=\"article\" \/>\n<meta property=\"og:title\" content=\"JPP repudia destratos reiterados contra profissionais de sa\u00fade - Portal Tela Portugal\" \/>\n<meta property=\"og:description\" content=\"O Grupo Parlamentar do JPP repudiou a situa\u00e7\u00e3o de exaust\u00e3o e o trato desrespeitoso aos enfermeiros do Servi\u00e7o de Urg\u00eancia do SESARAM. Alfredo Gouveia afirmou que muitos enfermeiros apresentaram declara\u00e7\u00f5es de escusa de responsabilidade para prote\u00e7\u00e3o dos pacientes, devido \u00e0 falta de recursos, cansa\u00e7o extremo e excesso de horas extra por pagar. O deputado descreveu a situa\u00e7\u00e3o como lament\u00e1vel e disse que reflecte um Servi\u00e7o de Sa\u00fade sem planeamento, com gest\u00e3o inadequada e impacto na qualidade dos cuidados. O SESARAM continua a submeter m\u00e9dicos, enfermeiros e auxiliares a trabalho suplementar h\u00e1 tr\u00eas anos sem pagamento. O JPP pede interven\u00e7\u00e3o do Governo, quita\u00e7\u00e3o de d\u00edvidas, abertura de concursos para preencher falta de profissionais e valoriza\u00e7\u00e3o das carreiras da sa\u00fade.\" \/>\n<meta property=\"og:url\" content=\"https:\/\/portaltela.pt\/noticias\/2026\/01\/30\/jpp-repudia-destratos-reiterados-contra-profissionais-de-saude\/\" \/>\n<meta property=\"og:site_name\" content=\"Portal Tela Portugal\" \/>\n<meta property=\"article:published_time\" content=\"2026-01-30T19:21:33+00:00\" \/>\n<meta name=\"author\" content=\"Telinha\" \/>\n<meta name=\"twitter:card\" content=\"summary_large_image\" \/>\n<meta name=\"twitter:label1\" content=\"Escrito por\" \/>\n\t<meta name=\"twitter:data1\" content=\"Telinha\" \/>\n\t<meta name=\"twitter:label2\" content=\"Tempo estimado de leitura\" \/>\n\t<meta name=\"twitter:data2\" content=\"1 minuto\" \/>\n<script type=\"application\/ld+json\" class=\"yoast-schema-graph\">{\"@context\":\"https:\/\/schema.org\",\"@graph\":[{\"@type\":\"Article\",\"@id\":\"https:\/\/portaltela.pt\/noticias\/2026\/01\/30\/jpp-repudia-destratos-reiterados-contra-profissionais-de-saude\/#article\",\"isPartOf\":{\"@id\":\"https:\/\/portaltela.pt\/noticias\/2026\/01\/30\/jpp-repudia-destratos-reiterados-contra-profissionais-de-saude\/\"},\"author\":{\"name\":\"Telinha\",\"@id\":\"https:\/\/portaltela.pt\/#\/schema\/person\/c4278d4a6028830caff9ee44b42d32ed\"},\"headline\":\"JPP repudia destratos reiterados contra profissionais de sa\u00fade\",\"datePublished\":\"2026-01-30T19:21:33+00:00\",\"mainEntityOfPage\":{\"@id\":\"https:\/\/portaltela.pt\/noticias\/2026\/01\/30\/jpp-repudia-destratos-reiterados-contra-profissionais-de-saude\/\"},\"wordCount\":238,\"image\":{\"@id\":\"https:\/\/portaltela.pt\/noticias\/2026\/01\/30\/jpp-repudia-destratos-reiterados-contra-profissionais-de-saude\/#primaryimage\"},\"thumbnailUrl\":\"https:\/\/portaltela.pt\/s.01k8rhncp4jt1\/2026\/01\/unnamed-file-6187.jpg\",\"keywords\":[\"gest\u00e3o\",\"governo\",\"pol\u00edticas p\u00fablicas\",\"profissionais de sa\u00fade\",\"sa\u00fade p\u00fablica\",\"trabalho suplementar\"],\"articleSection\":[\"Not\u00edcias\"],\"inLanguage\":\"pt-PT\"},{\"@type\":\"WebPage\",\"@id\":\"https:\/\/portaltela.pt\/noticias\/2026\/01\/30\/jpp-repudia-destratos-reiterados-contra-profissionais-de-saude\/\",\"url\":\"https:\/\/portaltela.pt\/noticias\/2026\/01\/30\/jpp-repudia-destratos-reiterados-contra-profissionais-de-saude\/\",\"name\":\"JPP repudia destratos reiterados contra profissionais de sa\u00fade - Portal Tela Portugal\",\"isPartOf\":{\"@id\":\"https:\/\/portaltela.pt\/#website\"},\"primaryImageOfPage\":{\"@id\":\"https:\/\/portaltela.pt\/noticias\/2026\/01\/30\/jpp-repudia-destratos-reiterados-contra-profissionais-de-saude\/#primaryimage\"},\"image\":{\"@id\":\"https:\/\/portaltela.pt\/noticias\/2026\/01\/30\/jpp-repudia-destratos-reiterados-contra-profissionais-de-saude\/#primaryimage\"},\"thumbnailUrl\":\"https:\/\/portaltela.pt\/s.01k8rhncp4jt1\/2026\/01\/unnamed-file-6187.jpg\",\"datePublished\":\"2026-01-30T19:21:33+00:00\",\"author\":{\"@id\":\"https:\/\/portaltela.pt\/#\/schema\/person\/c4278d4a6028830caff9ee44b42d32ed\"},\"breadcrumb\":{\"@id\":\"https:\/\/portaltela.pt\/noticias\/2026\/01\/30\/jpp-repudia-destratos-reiterados-contra-profissionais-de-saude\/#breadcrumb\"},\"inLanguage\":\"pt-PT\",\"potentialAction\":[{\"@type\":\"ReadAction\",\"target\":[\"https:\/\/portaltela.pt\/noticias\/2026\/01\/30\/jpp-repudia-destratos-reiterados-contra-profissionais-de-saude\/\"]}]},{\"@type\":\"ImageObject\",\"inLanguage\":\"pt-PT\",\"@id\":\"https:\/\/portaltela.pt\/noticias\/2026\/01\/30\/jpp-repudia-destratos-reiterados-contra-profissionais-de-saude\/#primaryimage\",\"url\":\"https:\/\/portaltela.pt\/s.01k8rhncp4jt1\/2026\/01\/unnamed-file-6187.jpg\",\"contentUrl\":\"https:\/\/portaltela.pt\/s.01k8rhncp4jt1\/2026\/01\/unnamed-file-6187.jpg\",\"width\":796,\"height\":448,\"caption\":\"JPP repudia \\\"destrato reiterado\\\" aos profissionais de sa\u00fade\"},{\"@type\":\"BreadcrumbList\",\"@id\":\"https:\/\/portaltela.pt\/noticias\/2026\/01\/30\/jpp-repudia-destratos-reiterados-contra-profissionais-de-saude\/#breadcrumb\",\"itemListElement\":[{\"@type\":\"ListItem\",\"position\":1,\"name\":\"In\u00edcio\",\"item\":\"https:\/\/portaltela.pt\/\"},{\"@type\":\"ListItem\",\"position\":2,\"name\":\"JPP repudia destratos reiterados contra profissionais de sa\u00fade\"}]},{\"@type\":\"WebSite\",\"@id\":\"https:\/\/portaltela.pt\/#website\",\"url\":\"https:\/\/portaltela.pt\/\",\"name\":\"Portal Tela Portugal\",\"description\":\"\",\"potentialAction\":[{\"@type\":\"SearchAction\",\"target\":{\"@type\":\"EntryPoint\",\"urlTemplate\":\"https:\/\/portaltela.pt\/?s={search_term_string}\"},\"query-input\":{\"@type\":\"PropertyValueSpecification\",\"valueRequired\":true,\"valueName\":\"search_term_string\"}}],\"inLanguage\":\"pt-PT\"},{\"@type\":\"Person\",\"@id\":\"https:\/\/portaltela.pt\/#\/schema\/person\/c4278d4a6028830caff9ee44b42d32ed\",\"name\":\"Telinha\",\"image\":{\"@type\":\"ImageObject\",\"inLanguage\":\"pt-PT\",\"@id\":\"https:\/\/portaltela.pt\/s.01k8rhncp4jt1\/2025\/11\/talking-bot-125x125.png\",\"url\":\"https:\/\/portaltela.pt\/s.01k8rhncp4jt1\/2025\/11\/talking-bot-125x125.png\",\"contentUrl\":\"https:\/\/portaltela.pt\/s.01k8rhncp4jt1\/2025\/11\/talking-bot-125x125.png\",\"caption\":\"Telinha\"},\"sameAs\":[\"https:\/\/portaltela.pt\/\"],\"url\":\"https:\/\/portaltela.pt\/por\/367410592786\/\"}]}<\/script>\n<!-- \/ Yoast SEO plugin. -->","yoast_head_json":{"title":"JPP repudia destratos reiterados contra profissionais de sa\u00fade - Portal Tela Portugal","robots":{"index":"index","follow":"follow","max-snippet":"max-snippet:-1","max-image-preview":"max-image-preview:large","max-video-preview":"max-video-preview:-1"},"og_locale":"pt_PT","og_type":"article","og_title":"JPP repudia destratos reiterados contra profissionais de sa\u00fade - Portal Tela Portugal","og_description":"O Grupo Parlamentar do JPP repudiou a situa\u00e7\u00e3o de exaust\u00e3o e o trato desrespeitoso aos enfermeiros do Servi\u00e7o de Urg\u00eancia do SESARAM. Alfredo Gouveia afirmou que muitos enfermeiros apresentaram declara\u00e7\u00f5es de escusa de responsabilidade para prote\u00e7\u00e3o dos pacientes, devido \u00e0 falta de recursos, cansa\u00e7o extremo e excesso de horas extra por pagar. O deputado descreveu a situa\u00e7\u00e3o como lament\u00e1vel e disse que reflecte um Servi\u00e7o de Sa\u00fade sem planeamento, com gest\u00e3o inadequada e impacto na qualidade dos cuidados. O SESARAM continua a submeter m\u00e9dicos, enfermeiros e auxiliares a trabalho suplementar h\u00e1 tr\u00eas anos sem pagamento. O JPP pede interven\u00e7\u00e3o do Governo, quita\u00e7\u00e3o de d\u00edvidas, abertura de concursos para preencher falta de profissionais e valoriza\u00e7\u00e3o das carreiras da sa\u00fade.","og_url":"https:\/\/portaltela.pt\/noticias\/2026\/01\/30\/jpp-repudia-destratos-reiterados-contra-profissionais-de-saude\/","og_site_name":"Portal Tela Portugal","article_published_time":"2026-01-30T19:21:33+00:00","author":"Telinha","twitter_card":"summary_large_image","twitter_misc":{"Escrito por":"Telinha","Tempo estimado de leitura":"1 minuto"},"schema":{"@context":"https:\/\/schema.org","@graph":[{"@type":"Article","@id":"https:\/\/portaltela.pt\/noticias\/2026\/01\/30\/jpp-repudia-destratos-reiterados-contra-profissionais-de-saude\/#article","isPartOf":{"@id":"https:\/\/portaltela.pt\/noticias\/2026\/01\/30\/jpp-repudia-destratos-reiterados-contra-profissionais-de-saude\/"},"author":{"name":"Telinha","@id":"https:\/\/portaltela.pt\/#\/schema\/person\/c4278d4a6028830caff9ee44b42d32ed"},"headline":"JPP repudia destratos reiterados contra profissionais de sa\u00fade","datePublished":"2026-01-30T19:21:33+00:00","mainEntityOfPage":{"@id":"https:\/\/portaltela.pt\/noticias\/2026\/01\/30\/jpp-repudia-destratos-reiterados-contra-profissionais-de-saude\/"},"wordCount":238,"image":{"@id":"https:\/\/portaltela.pt\/noticias\/2026\/01\/30\/jpp-repudia-destratos-reiterados-contra-profissionais-de-saude\/#primaryimage"},"thumbnailUrl":"https:\/\/portaltela.pt\/s.01k8rhncp4jt1\/2026\/01\/unnamed-file-6187.jpg","keywords":["gest\u00e3o","governo","pol\u00edticas p\u00fablicas","profissionais de sa\u00fade","sa\u00fade p\u00fablica","trabalho suplementar"],"articleSection":["Not\u00edcias"],"inLanguage":"pt-PT"},{"@type":"WebPage","@id":"https:\/\/portaltela.pt\/noticias\/2026\/01\/30\/jpp-repudia-destratos-reiterados-contra-profissionais-de-saude\/","url":"https:\/\/portaltela.pt\/noticias\/2026\/01\/30\/jpp-repudia-destratos-reiterados-contra-profissionais-de-saude\/","name":"JPP repudia destratos reiterados contra profissionais de sa\u00fade - Portal Tela Portugal","isPartOf":{"@id":"https:\/\/portaltela.pt\/#website"},"primaryImageOfPage":{"@id":"https:\/\/portaltela.pt\/noticias\/2026\/01\/30\/jpp-repudia-destratos-reiterados-contra-profissionais-de-saude\/#primaryimage"},"image":{"@id":"https:\/\/portaltela.pt\/noticias\/2026\/01\/30\/jpp-repudia-destratos-reiterados-contra-profissionais-de-saude\/#primaryimage"},"thumbnailUrl":"https:\/\/portaltela.pt\/s.01k8rhncp4jt1\/2026\/01\/unnamed-file-6187.jpg","datePublished":"2026-01-30T19:21:33+00:00","author":{"@id":"https:\/\/portaltela.pt\/#\/schema\/person\/c4278d4a6028830caff9ee44b42d32ed"},"breadcrumb":{"@id":"https:\/\/portaltela.pt\/noticias\/2026\/01\/30\/jpp-repudia-destratos-reiterados-contra-profissionais-de-saude\/#breadcrumb"},"inLanguage":"pt-PT","potentialAction":[{"@type":"ReadAction","target":["https:\/\/portaltela.pt\/noticias\/2026\/01\/30\/jpp-repudia-destratos-reiterados-contra-profissionais-de-saude\/"]}]},{"@type":"ImageObject","inLanguage":"pt-PT","@id":"https:\/\/portaltela.pt\/noticias\/2026\/01\/30\/jpp-repudia-destratos-reiterados-contra-profissionais-de-saude\/#primaryimage","url":"https:\/\/portaltela.pt\/s.01k8rhncp4jt1\/2026\/01\/unnamed-file-6187.jpg","contentUrl":"https:\/\/portaltela.pt\/s.01k8rhncp4jt1\/2026\/01\/unnamed-file-6187.jpg","width":796,"height":448,"caption":"JPP repudia \"destrato reiterado\" aos profissionais de sa\u00fade"},{"@type":"BreadcrumbList","@id":"https:\/\/portaltela.pt\/noticias\/2026\/01\/30\/jpp-repudia-destratos-reiterados-contra-profissionais-de-saude\/#breadcrumb","itemListElement":[{"@type":"ListItem","position":1,"name":"In\u00edcio","item":"https:\/\/portaltela.pt\/"},{"@type":"ListItem","position":2,"name":"JPP repudia destratos reiterados contra profissionais de sa\u00fade"}]},{"@type":"WebSite","@id":"https:\/\/portaltela.pt\/#website","url":"https:\/\/portaltela.pt\/","name":"Portal Tela Portugal","description":"","potentialAction":[{"@type":"SearchAction","target":{"@type":"EntryPoint","urlTemplate":"https:\/\/portaltela.pt\/?s={search_term_string}"},"query-input":{"@type":"PropertyValueSpecification","valueRequired":true,"valueName":"search_term_string"}}],"inLanguage":"pt-PT"},{"@type":"Person","@id":"https:\/\/portaltela.pt\/#\/schema\/person\/c4278d4a6028830caff9ee44b42d32ed","name":"Telinha","image":{"@type":"ImageObject","inLanguage":"pt-PT","@id":"https:\/\/portaltela.pt\/s.01k8rhncp4jt1\/2025\/11\/talking-bot-125x125.png","url":"https:\/\/portaltela.pt\/s.01k8rhncp4jt1\/2025\/11\/talking-bot-125x125.png","contentUrl":"https:\/\/portaltela.pt\/s.01k8rhncp4jt1\/2025\/11\/talking-bot-125x125.png","caption":"Telinha"},"sameAs":["https:\/\/portaltela.pt\/"],"url":"https:\/\/portaltela.pt\/por\/367410592786\/"}]}},"_links":{"self":[{"href":"https:\/\/portaltela.pt\/api\/wp\/v2\/posts\/185302","targetHints":{"allow":["GET"]}}],"collection":[{"href":"https:\/\/portaltela.pt\/api\/wp\/v2\/posts"}],"about":[{"href":"https:\/\/portaltela.pt\/api\/wp\/v2\/types\/post"}],"author":[{"embeddable":true,"href":"https:\/\/portaltela.pt\/api\/wp\/v2\/users\/2"}],"replies":[{"embeddable":true,"href":"https:\/\/portaltela.pt\/api\/wp\/v2\/comments?post=185302"}],"version-history":[{"count":0,"href":"https:\/\/portaltela.pt\/api\/wp\/v2\/posts\/185302\/revisions"}],"wp:featuredmedia":[{"embeddable":true,"href":"https:\/\/portaltela.pt\/api\/wp\/v2\/media\/185333"}],"wp:attachment":[{"href":"https:\/\/portaltela.pt\/api\/wp\/v2\/media?parent=185302"}],"wp:term":[{"taxonomy":"category","embeddable":true,"href":"https:\/\/portaltela.pt\/api\/wp\/v2\/categories?post=185302"},{"taxonomy":"post_tag","embeddable":true,"href":"https:\/\/portaltela.pt\/api\/wp\/v2\/tags?post=185302"}],"curies":[{"name":"wp","href":"https:\/\/api.w.org\/{rel}","templated":true}]}}