{"id":185296,"date":"2026-01-30T16:25:00","date_gmt":"2026-01-30T19:25:00","guid":{"rendered":"https:\/\/portaltela.pt\/noticias\/2026\/01\/30\/pescadores-do-canical-reforcam-competencias-com-formacao-em-seguranca\/"},"modified":"2026-01-30T16:25:00","modified_gmt":"2026-01-30T19:25:00","slug":"pescadores-do-canical-reforcam-competencias-com-formacao-em-seguranca","status":"publish","type":"post","link":"https:\/\/portaltela.pt\/noticias\/2026\/01\/30\/pescadores-do-canical-reforcam-competencias-com-formacao-em-seguranca\/","title":{"rendered":"Pescadores do Cani\u00e7al refor\u00e7am compet\u00eancias com forma\u00e7\u00e3o em seguran\u00e7a"},"content":{"rendered":"<p>28 pescadores do Cani\u00e7al conclu\u00edram 66 horas de forma\u00e7\u00e3o em seguran\u00e7a b\u00e1sica, homologada pela Escola Forma\u00e7\u00e3o N\u00e1utica Recreio Radar Virtual.<\/p>\n<p>A cerim\u00f3nia ocorreu no Cani\u00e7al, com a entrega dos certificados aos formandos. A iniciativa visa cumprir os requisitos b\u00e1sicos para o exerc\u00edcio da atividade mar\u00edtima.<\/p>\n<p>O curso abrange t\u00e9cnicas de navega\u00e7\u00e3o, manobra, seguran\u00e7a a bordo e meteorologia mar\u00edtima, preparando profissionais que j\u00e1 atuam junto ao mar para updated knowledge.<\/p>\n<h3>Participantes e entidades envolvidas<\/h3>\n<p>O Secret\u00e1rio Regional de Agricultura e Pescas, Nuno Maciel, entregou os certificados aos 28 formandos. A forma\u00e7\u00e3o foi realizada pela Escola Forma\u00e7\u00e3o N\u00e1utica Recreio Radar Virtual, com apoio da Casa do Povo do Cani\u00e7al.<\/p>\n<p>A parceria envolveu a ACOPRAMA (Associa\u00e7\u00e3o de Casas do Povo da RAM) e foi financiada pelo Programa MAR2030, atrav\u00e9s do FEAMPA, assegurando o acesso \u00e0 c\u00e9dula mar\u00edtima emitida pela Capitania do Porto do Funchal.<\/p>\n<h3>Import\u00e2ncia e continuidade<\/h3>\n<p>A forma\u00e7\u00e3o respond \u00e0 necessidade local de qualifica\u00e7\u00e3o de quem trabalha no mar, destacando a relev\u00e2ncia para comunidades piscat\u00f3rias. O Governo Regional apoia iniciativas que elevam compet\u00eancias e seguran\u00e7a no sector.<\/p>\n<p>A pr\u00f3xima forma\u00e7\u00e3o de seguran\u00e7a b\u00e1sica dever\u00e1 realizar-se em C\u00e2mara de Lobos, direcionada aos pescadores locais.<\/p>\n","protected":false},"excerpt":{"rendered":"<ul>\n<li>Vinte e oito pescadores do Cani\u00e7al conclu\u00edram sessenta e seis horas de forma\u00e7\u00e3o de seguran\u00e7a b\u00e1sica, ministrada pela Escola Forma\u00e7\u00e3o N\u00e1utica Recreio Radar Virtual, e receberam os certificados.<\/li>\n<li>A forma\u00e7\u00e3o aborda t\u00e9cnicas de navega\u00e7\u00e3o, manobra de embarca\u00e7\u00f5es, seguran\u00e7a a bordo e interpreta\u00e7\u00e3o da meteorologia mar\u00edtima, incluindo sobreviv\u00eancia, combate a inc\u00eandios, primeiros socorros e responsabilidade social.<\/li>\n<li>O secret\u00e1rio regional de Agricultura e Pescas, Nuno Maciel, destacou a import\u00e2ncia do certificado para exercer a atividade e lembrou que, dentro de um ano, a forma\u00e7\u00e3o passa a ser obrigat\u00f3ria para todas as fun\u00e7\u00f5es em embarca\u00e7\u00f5es.<\/li>\n<li>O curso foi promovido pela Casa do Povo do Cani\u00e7al e pela ACOPRAMA, com financiamento do Programa MAR2030, atrav\u00e9s do Fundo Europeu dos Assuntos Mar\u00edtimos, das Pescas e da Aquicultura (FEAMPA).<\/li>\n<li>A forma\u00e7\u00e3o \u00e9 tamb\u00e9m requisito para garantir acesso \u00e0 c\u00e9dula mar\u00edtima emitida pela Capitania do Porto do Funchal; a pr\u00f3xima edi\u00e7\u00e3o deve ocorrer em C\u00e2mara de Lobos para pescadores locais.<\/li>\n<\/ul>\n","protected":false},"author":2,"featured_media":185327,"comment_status":"closed","ping_status":"closed","sticky":false,"template":"","format":"standard","meta":{"footnotes":""},"categories":[1],"tags":[1284,1290,859,3097,4185,4536],"class_list":["post-185296","post","type-post","status-publish","format-standard","has-post-thumbnail","hentry","category-noticias","tag-camara-de-lobos","tag-formacao","tag-madeira","tag-maritimo","tag-pescas","tag-seguranca"],"yoast_head":"<!-- This site is optimized with the Yoast SEO plugin v27.2 - https:\/\/yoast.com\/product\/yoast-seo-wordpress\/ -->\n<title>Pescadores do Cani\u00e7al refor\u00e7am compet\u00eancias com forma\u00e7\u00e3o em seguran\u00e7a - Portal Tela Portugal<\/title>\n<meta name=\"robots\" content=\"index, follow, max-snippet:-1, max-image-preview:large, max-video-preview:-1\" \/>\n<meta property=\"og:locale\" content=\"pt_PT\" \/>\n<meta property=\"og:type\" content=\"article\" \/>\n<meta property=\"og:title\" content=\"Pescadores do Cani\u00e7al refor\u00e7am compet\u00eancias com forma\u00e7\u00e3o em seguran\u00e7a - Portal Tela Portugal\" \/>\n<meta property=\"og:description\" content=\"Vinte e oito pescadores do Cani\u00e7al conclu\u00edram sessenta e seis horas de forma\u00e7\u00e3o de seguran\u00e7a b\u00e1sica, ministrada pela Escola Forma\u00e7\u00e3o N\u00e1utica Recreio Radar Virtual, e receberam os certificados. A forma\u00e7\u00e3o aborda t\u00e9cnicas de navega\u00e7\u00e3o, manobra de embarca\u00e7\u00f5es, seguran\u00e7a a bordo e interpreta\u00e7\u00e3o da meteorologia mar\u00edtima, incluindo sobreviv\u00eancia, combate a inc\u00eandios, primeiros socorros e responsabilidade social. O secret\u00e1rio regional de Agricultura e Pescas, Nuno Maciel, destacou a import\u00e2ncia do certificado para exercer a atividade e lembrou que, dentro de um ano, a forma\u00e7\u00e3o passa a ser obrigat\u00f3ria para todas as fun\u00e7\u00f5es em embarca\u00e7\u00f5es. O curso foi promovido pela Casa do Povo do Cani\u00e7al e pela ACOPRAMA, com financiamento do Programa MAR2030, atrav\u00e9s do Fundo Europeu dos Assuntos Mar\u00edtimos, das Pescas e da Aquicultura (FEAMPA). A forma\u00e7\u00e3o \u00e9 tamb\u00e9m requisito para garantir acesso \u00e0 c\u00e9dula mar\u00edtima emitida pela Capitania do Porto do Funchal; a pr\u00f3xima edi\u00e7\u00e3o deve ocorrer em C\u00e2mara de Lobos para pescadores locais.\" \/>\n<meta property=\"og:url\" content=\"https:\/\/portaltela.pt\/noticias\/2026\/01\/30\/pescadores-do-canical-reforcam-competencias-com-formacao-em-seguranca\/\" \/>\n<meta property=\"og:site_name\" content=\"Portal Tela Portugal\" \/>\n<meta property=\"article:published_time\" content=\"2026-01-30T19:25:00+00:00\" \/>\n<meta name=\"author\" content=\"Telinha\" \/>\n<meta name=\"twitter:card\" content=\"summary_large_image\" \/>\n<meta name=\"twitter:label1\" content=\"Escrito por\" \/>\n\t<meta name=\"twitter:data1\" content=\"Telinha\" \/>\n\t<meta name=\"twitter:label2\" content=\"Tempo estimado de leitura\" \/>\n\t<meta name=\"twitter:data2\" content=\"1 minuto\" \/>\n<script type=\"application\/ld+json\" class=\"yoast-schema-graph\">{\"@context\":\"https:\/\/schema.org\",\"@graph\":[{\"@type\":\"Article\",\"@id\":\"https:\/\/portaltela.pt\/noticias\/2026\/01\/30\/pescadores-do-canical-reforcam-competencias-com-formacao-em-seguranca\/#article\",\"isPartOf\":{\"@id\":\"https:\/\/portaltela.pt\/noticias\/2026\/01\/30\/pescadores-do-canical-reforcam-competencias-com-formacao-em-seguranca\/\"},\"author\":{\"name\":\"Telinha\",\"@id\":\"https:\/\/portaltela.pt\/#\/schema\/person\/c4278d4a6028830caff9ee44b42d32ed\"},\"headline\":\"Pescadores do Cani\u00e7al refor\u00e7am compet\u00eancias com forma\u00e7\u00e3o em seguran\u00e7a\",\"datePublished\":\"2026-01-30T19:25:00+00:00\",\"mainEntityOfPage\":{\"@id\":\"https:\/\/portaltela.pt\/noticias\/2026\/01\/30\/pescadores-do-canical-reforcam-competencias-com-formacao-em-seguranca\/\"},\"wordCount\":237,\"image\":{\"@id\":\"https:\/\/portaltela.pt\/noticias\/2026\/01\/30\/pescadores-do-canical-reforcam-competencias-com-formacao-em-seguranca\/#primaryimage\"},\"thumbnailUrl\":\"https:\/\/portaltela.pt\/s.01k8rhncp4jt1\/2026\/01\/unnamed-file-6186.jpg\",\"keywords\":[\"C\u00e2mara de Lobos\",\"forma\u00e7\u00e3o\",\"Madeira\",\"Mar\u00edtimo\",\"pescas\",\"seguran\u00e7a\"],\"articleSection\":[\"Not\u00edcias\"],\"inLanguage\":\"pt-PT\"},{\"@type\":\"WebPage\",\"@id\":\"https:\/\/portaltela.pt\/noticias\/2026\/01\/30\/pescadores-do-canical-reforcam-competencias-com-formacao-em-seguranca\/\",\"url\":\"https:\/\/portaltela.pt\/noticias\/2026\/01\/30\/pescadores-do-canical-reforcam-competencias-com-formacao-em-seguranca\/\",\"name\":\"Pescadores do Cani\u00e7al refor\u00e7am compet\u00eancias com forma\u00e7\u00e3o em seguran\u00e7a - Portal Tela Portugal\",\"isPartOf\":{\"@id\":\"https:\/\/portaltela.pt\/#website\"},\"primaryImageOfPage\":{\"@id\":\"https:\/\/portaltela.pt\/noticias\/2026\/01\/30\/pescadores-do-canical-reforcam-competencias-com-formacao-em-seguranca\/#primaryimage\"},\"image\":{\"@id\":\"https:\/\/portaltela.pt\/noticias\/2026\/01\/30\/pescadores-do-canical-reforcam-competencias-com-formacao-em-seguranca\/#primaryimage\"},\"thumbnailUrl\":\"https:\/\/portaltela.pt\/s.01k8rhncp4jt1\/2026\/01\/unnamed-file-6186.jpg\",\"datePublished\":\"2026-01-30T19:25:00+00:00\",\"author\":{\"@id\":\"https:\/\/portaltela.pt\/#\/schema\/person\/c4278d4a6028830caff9ee44b42d32ed\"},\"breadcrumb\":{\"@id\":\"https:\/\/portaltela.pt\/noticias\/2026\/01\/30\/pescadores-do-canical-reforcam-competencias-com-formacao-em-seguranca\/#breadcrumb\"},\"inLanguage\":\"pt-PT\",\"potentialAction\":[{\"@type\":\"ReadAction\",\"target\":[\"https:\/\/portaltela.pt\/noticias\/2026\/01\/30\/pescadores-do-canical-reforcam-competencias-com-formacao-em-seguranca\/\"]}]},{\"@type\":\"ImageObject\",\"inLanguage\":\"pt-PT\",\"@id\":\"https:\/\/portaltela.pt\/noticias\/2026\/01\/30\/pescadores-do-canical-reforcam-competencias-com-formacao-em-seguranca\/#primaryimage\",\"url\":\"https:\/\/portaltela.pt\/s.01k8rhncp4jt1\/2026\/01\/unnamed-file-6186.jpg\",\"contentUrl\":\"https:\/\/portaltela.pt\/s.01k8rhncp4jt1\/2026\/01\/unnamed-file-6186.jpg\",\"width\":796,\"height\":448,\"caption\":\"Pescadores do Cani\u00e7al refor\u00e7am compet\u00eancias com forma\u00e7\u00e3o em seguran\u00e7a\"},{\"@type\":\"BreadcrumbList\",\"@id\":\"https:\/\/portaltela.pt\/noticias\/2026\/01\/30\/pescadores-do-canical-reforcam-competencias-com-formacao-em-seguranca\/#breadcrumb\",\"itemListElement\":[{\"@type\":\"ListItem\",\"position\":1,\"name\":\"In\u00edcio\",\"item\":\"https:\/\/portaltela.pt\/\"},{\"@type\":\"ListItem\",\"position\":2,\"name\":\"Pescadores do Cani\u00e7al refor\u00e7am compet\u00eancias com forma\u00e7\u00e3o em seguran\u00e7a\"}]},{\"@type\":\"WebSite\",\"@id\":\"https:\/\/portaltela.pt\/#website\",\"url\":\"https:\/\/portaltela.pt\/\",\"name\":\"Portal Tela Portugal\",\"description\":\"\",\"potentialAction\":[{\"@type\":\"SearchAction\",\"target\":{\"@type\":\"EntryPoint\",\"urlTemplate\":\"https:\/\/portaltela.pt\/?s={search_term_string}\"},\"query-input\":{\"@type\":\"PropertyValueSpecification\",\"valueRequired\":true,\"valueName\":\"search_term_string\"}}],\"inLanguage\":\"pt-PT\"},{\"@type\":\"Person\",\"@id\":\"https:\/\/portaltela.pt\/#\/schema\/person\/c4278d4a6028830caff9ee44b42d32ed\",\"name\":\"Telinha\",\"image\":{\"@type\":\"ImageObject\",\"inLanguage\":\"pt-PT\",\"@id\":\"https:\/\/portaltela.pt\/s.01k8rhncp4jt1\/2025\/11\/talking-bot-125x125.png\",\"url\":\"https:\/\/portaltela.pt\/s.01k8rhncp4jt1\/2025\/11\/talking-bot-125x125.png\",\"contentUrl\":\"https:\/\/portaltela.pt\/s.01k8rhncp4jt1\/2025\/11\/talking-bot-125x125.png\",\"caption\":\"Telinha\"},\"sameAs\":[\"https:\/\/portaltela.pt\/\"],\"url\":\"https:\/\/portaltela.pt\/por\/367410592786\/\"}]}<\/script>\n<!-- \/ Yoast SEO plugin. -->","yoast_head_json":{"title":"Pescadores do Cani\u00e7al refor\u00e7am compet\u00eancias com forma\u00e7\u00e3o em seguran\u00e7a - Portal Tela Portugal","robots":{"index":"index","follow":"follow","max-snippet":"max-snippet:-1","max-image-preview":"max-image-preview:large","max-video-preview":"max-video-preview:-1"},"og_locale":"pt_PT","og_type":"article","og_title":"Pescadores do Cani\u00e7al refor\u00e7am compet\u00eancias com forma\u00e7\u00e3o em seguran\u00e7a - Portal Tela Portugal","og_description":"Vinte e oito pescadores do Cani\u00e7al conclu\u00edram sessenta e seis horas de forma\u00e7\u00e3o de seguran\u00e7a b\u00e1sica, ministrada pela Escola Forma\u00e7\u00e3o N\u00e1utica Recreio Radar Virtual, e receberam os certificados. A forma\u00e7\u00e3o aborda t\u00e9cnicas de navega\u00e7\u00e3o, manobra de embarca\u00e7\u00f5es, seguran\u00e7a a bordo e interpreta\u00e7\u00e3o da meteorologia mar\u00edtima, incluindo sobreviv\u00eancia, combate a inc\u00eandios, primeiros socorros e responsabilidade social. O secret\u00e1rio regional de Agricultura e Pescas, Nuno Maciel, destacou a import\u00e2ncia do certificado para exercer a atividade e lembrou que, dentro de um ano, a forma\u00e7\u00e3o passa a ser obrigat\u00f3ria para todas as fun\u00e7\u00f5es em embarca\u00e7\u00f5es. O curso foi promovido pela Casa do Povo do Cani\u00e7al e pela ACOPRAMA, com financiamento do Programa MAR2030, atrav\u00e9s do Fundo Europeu dos Assuntos Mar\u00edtimos, das Pescas e da Aquicultura (FEAMPA). A forma\u00e7\u00e3o \u00e9 tamb\u00e9m requisito para garantir acesso \u00e0 c\u00e9dula mar\u00edtima emitida pela Capitania do Porto do Funchal; a pr\u00f3xima edi\u00e7\u00e3o deve ocorrer em C\u00e2mara de Lobos para pescadores locais.","og_url":"https:\/\/portaltela.pt\/noticias\/2026\/01\/30\/pescadores-do-canical-reforcam-competencias-com-formacao-em-seguranca\/","og_site_name":"Portal Tela Portugal","article_published_time":"2026-01-30T19:25:00+00:00","author":"Telinha","twitter_card":"summary_large_image","twitter_misc":{"Escrito por":"Telinha","Tempo estimado de leitura":"1 minuto"},"schema":{"@context":"https:\/\/schema.org","@graph":[{"@type":"Article","@id":"https:\/\/portaltela.pt\/noticias\/2026\/01\/30\/pescadores-do-canical-reforcam-competencias-com-formacao-em-seguranca\/#article","isPartOf":{"@id":"https:\/\/portaltela.pt\/noticias\/2026\/01\/30\/pescadores-do-canical-reforcam-competencias-com-formacao-em-seguranca\/"},"author":{"name":"Telinha","@id":"https:\/\/portaltela.pt\/#\/schema\/person\/c4278d4a6028830caff9ee44b42d32ed"},"headline":"Pescadores do Cani\u00e7al refor\u00e7am compet\u00eancias com forma\u00e7\u00e3o em seguran\u00e7a","datePublished":"2026-01-30T19:25:00+00:00","mainEntityOfPage":{"@id":"https:\/\/portaltela.pt\/noticias\/2026\/01\/30\/pescadores-do-canical-reforcam-competencias-com-formacao-em-seguranca\/"},"wordCount":237,"image":{"@id":"https:\/\/portaltela.pt\/noticias\/2026\/01\/30\/pescadores-do-canical-reforcam-competencias-com-formacao-em-seguranca\/#primaryimage"},"thumbnailUrl":"https:\/\/portaltela.pt\/s.01k8rhncp4jt1\/2026\/01\/unnamed-file-6186.jpg","keywords":["C\u00e2mara de Lobos","forma\u00e7\u00e3o","Madeira","Mar\u00edtimo","pescas","seguran\u00e7a"],"articleSection":["Not\u00edcias"],"inLanguage":"pt-PT"},{"@type":"WebPage","@id":"https:\/\/portaltela.pt\/noticias\/2026\/01\/30\/pescadores-do-canical-reforcam-competencias-com-formacao-em-seguranca\/","url":"https:\/\/portaltela.pt\/noticias\/2026\/01\/30\/pescadores-do-canical-reforcam-competencias-com-formacao-em-seguranca\/","name":"Pescadores do Cani\u00e7al refor\u00e7am compet\u00eancias com forma\u00e7\u00e3o em seguran\u00e7a - Portal Tela Portugal","isPartOf":{"@id":"https:\/\/portaltela.pt\/#website"},"primaryImageOfPage":{"@id":"https:\/\/portaltela.pt\/noticias\/2026\/01\/30\/pescadores-do-canical-reforcam-competencias-com-formacao-em-seguranca\/#primaryimage"},"image":{"@id":"https:\/\/portaltela.pt\/noticias\/2026\/01\/30\/pescadores-do-canical-reforcam-competencias-com-formacao-em-seguranca\/#primaryimage"},"thumbnailUrl":"https:\/\/portaltela.pt\/s.01k8rhncp4jt1\/2026\/01\/unnamed-file-6186.jpg","datePublished":"2026-01-30T19:25:00+00:00","author":{"@id":"https:\/\/portaltela.pt\/#\/schema\/person\/c4278d4a6028830caff9ee44b42d32ed"},"breadcrumb":{"@id":"https:\/\/portaltela.pt\/noticias\/2026\/01\/30\/pescadores-do-canical-reforcam-competencias-com-formacao-em-seguranca\/#breadcrumb"},"inLanguage":"pt-PT","potentialAction":[{"@type":"ReadAction","target":["https:\/\/portaltela.pt\/noticias\/2026\/01\/30\/pescadores-do-canical-reforcam-competencias-com-formacao-em-seguranca\/"]}]},{"@type":"ImageObject","inLanguage":"pt-PT","@id":"https:\/\/portaltela.pt\/noticias\/2026\/01\/30\/pescadores-do-canical-reforcam-competencias-com-formacao-em-seguranca\/#primaryimage","url":"https:\/\/portaltela.pt\/s.01k8rhncp4jt1\/2026\/01\/unnamed-file-6186.jpg","contentUrl":"https:\/\/portaltela.pt\/s.01k8rhncp4jt1\/2026\/01\/unnamed-file-6186.jpg","width":796,"height":448,"caption":"Pescadores do Cani\u00e7al refor\u00e7am compet\u00eancias com forma\u00e7\u00e3o em seguran\u00e7a"},{"@type":"BreadcrumbList","@id":"https:\/\/portaltela.pt\/noticias\/2026\/01\/30\/pescadores-do-canical-reforcam-competencias-com-formacao-em-seguranca\/#breadcrumb","itemListElement":[{"@type":"ListItem","position":1,"name":"In\u00edcio","item":"https:\/\/portaltela.pt\/"},{"@type":"ListItem","position":2,"name":"Pescadores do Cani\u00e7al refor\u00e7am compet\u00eancias com forma\u00e7\u00e3o em seguran\u00e7a"}]},{"@type":"WebSite","@id":"https:\/\/portaltela.pt\/#website","url":"https:\/\/portaltela.pt\/","name":"Portal Tela Portugal","description":"","potentialAction":[{"@type":"SearchAction","target":{"@type":"EntryPoint","urlTemplate":"https:\/\/portaltela.pt\/?s={search_term_string}"},"query-input":{"@type":"PropertyValueSpecification","valueRequired":true,"valueName":"search_term_string"}}],"inLanguage":"pt-PT"},{"@type":"Person","@id":"https:\/\/portaltela.pt\/#\/schema\/person\/c4278d4a6028830caff9ee44b42d32ed","name":"Telinha","image":{"@type":"ImageObject","inLanguage":"pt-PT","@id":"https:\/\/portaltela.pt\/s.01k8rhncp4jt1\/2025\/11\/talking-bot-125x125.png","url":"https:\/\/portaltela.pt\/s.01k8rhncp4jt1\/2025\/11\/talking-bot-125x125.png","contentUrl":"https:\/\/portaltela.pt\/s.01k8rhncp4jt1\/2025\/11\/talking-bot-125x125.png","caption":"Telinha"},"sameAs":["https:\/\/portaltela.pt\/"],"url":"https:\/\/portaltela.pt\/por\/367410592786\/"}]}},"_links":{"self":[{"href":"https:\/\/portaltela.pt\/api\/wp\/v2\/posts\/185296","targetHints":{"allow":["GET"]}}],"collection":[{"href":"https:\/\/portaltela.pt\/api\/wp\/v2\/posts"}],"about":[{"href":"https:\/\/portaltela.pt\/api\/wp\/v2\/types\/post"}],"author":[{"embeddable":true,"href":"https:\/\/portaltela.pt\/api\/wp\/v2\/users\/2"}],"replies":[{"embeddable":true,"href":"https:\/\/portaltela.pt\/api\/wp\/v2\/comments?post=185296"}],"version-history":[{"count":0,"href":"https:\/\/portaltela.pt\/api\/wp\/v2\/posts\/185296\/revisions"}],"wp:featuredmedia":[{"embeddable":true,"href":"https:\/\/portaltela.pt\/api\/wp\/v2\/media\/185327"}],"wp:attachment":[{"href":"https:\/\/portaltela.pt\/api\/wp\/v2\/media?parent=185296"}],"wp:term":[{"taxonomy":"category","embeddable":true,"href":"https:\/\/portaltela.pt\/api\/wp\/v2\/categories?post=185296"},{"taxonomy":"post_tag","embeddable":true,"href":"https:\/\/portaltela.pt\/api\/wp\/v2\/tags?post=185296"}],"curies":[{"name":"wp","href":"https:\/\/api.w.org\/{rel}","templated":true}]}}