{"id":185225,"date":"2026-01-30T16:06:00","date_gmt":"2026-01-30T19:06:00","guid":{"rendered":"https:\/\/portaltela.pt\/noticias\/2026\/01\/30\/associacao-solicita-intervencao-governamental-nos-aumentos-dos-ctt\/"},"modified":"2026-01-30T16:06:00","modified_gmt":"2026-01-30T19:06:00","slug":"associacao-solicita-intervencao-governamental-nos-aumentos-dos-ctt","status":"publish","type":"post","link":"https:\/\/portaltela.pt\/noticias\/economia\/2026\/01\/30\/associacao-solicita-intervencao-governamental-nos-aumentos-dos-ctt\/","title":{"rendered":"Associa\u00e7\u00e3o solicita interven\u00e7\u00e3o governamental nos aumentos dos CTT"},"content":{"rendered":"<p>A Associa\u00e7\u00e3o Portuguesa de Imprensa (API) pediu interven\u00e7\u00e3o do Governo face \u00e0 atualiza\u00e7\u00e3o tarif\u00e1ria prevista para fevereiro nos CTT, que dever\u00e1 afetar a imprensa em papel. A atualiza\u00e7\u00e3o entra em vigor a 3 de fevereiro e abrange o Servi\u00e7o Postal Universal e os servi\u00e7os de correio adicionais, incluindo o p\u00fablico e o publicit\u00e1rio.<\/p>\n<p>A API sustenta que o ajuste, definido no Conv\u00e9nio de Pre\u00e7os para 2026-2028 entre a Anacom, a Dire\u00e7\u00e3o-Geral do Consumidor e os CTT, visa mitigar a infla\u00e7\u00e3o e a redu\u00e7\u00e3o do tr\u00e1fego postal. A associa\u00e7\u00e3o destaca que a varia\u00e7\u00e3o global do cabaz de servi\u00e7os \u00e9 de 6,20% para 2026, com diferentes aumentos consoante a linha de servi\u00e7o.<\/p>\n<p>Para o Correio Editorial, os CTT indicam aumentos de 5,5% para jornais e revistas nacionais e de 5,7% para envios internacionais, valores que, apesar de abaixo da m\u00e9dia global, significam custos acrescidos para a distribui\u00e7\u00e3o de imprensa em papel. A API classifica o movimento como prejudicial ao setor.<\/p>\n<h3>Contexto<\/h3>\n<p>A associa\u00e7\u00e3o aponta que os aumentos dos CTT t\u00eam sido repetidos nos \u00faltimos anos e costumam superar a infla\u00e7\u00e3o em Portugal, agravando as despesas das empresas de comunica\u00e7\u00e3o social. A incongru\u00eancia entre a defesa da imprensa em papel e os aumentos tarif\u00e1rios \u00e9 apresentada como um risco \u00e0 sustentabilidade econ\u00f3mica dos media.<\/p>\n<h3>Rea\u00e7\u00e3o institucional<\/h3>\n<p>A API afirma que, apesar de reconhecer o programa Pack Editorial e o apoio do Acordo Editorial, as medidas n\u00e3o compensam o peso acumulado das atualiza\u00e7\u00f5es. A associa\u00e7\u00e3o diz que vai levar o tema ao ministro da Presid\u00eancia e \u00e0 Anacom, defendendo uma regula\u00e7\u00e3o que assegure condi\u00e7\u00f5es para a continuidade da imprensa em papel.<\/p>\n","protected":false},"excerpt":{"rendered":"<ul>\n<li>A atualiza\u00e7\u00e3o de tarifas dos CTT entra em vigor a 3 de fevereiro, abrangendo o Servi\u00e7o Postal Universal e servi\u00e7os adicionais.<\/li>\n<li>O conv\u00e9nio de pre\u00e7os para 2026-2028 fixou uma varia\u00e7\u00e3o global de +6,20% para o cabaz de servi\u00e7os, com aumentos diferenciados.<\/li>\n<li>Em termos de Correio Editorial, os CTT apontam aumentos de 5,5% para jornais nacionais e de 5,7% para envios internacionais.<\/li>\n<li>A Associa\u00e7\u00e3o Portuguesa de Imprensa v\u00ea estes aumentos como prejudiciais \u00e0 imprensa em papel, notando que superam, frequentemente, a infla\u00e7\u00e3o.<\/li>\n<li>A associa\u00e7\u00e3o vai levar a quest\u00e3o ao ministro da Presid\u00eancia e \u00e0 Anacom, defendendo uma abordagem que preserve a sustentabilidade da imprensa em papel.<\/li>\n<\/ul>\n","protected":false},"author":2,"featured_media":185264,"comment_status":"closed","ping_status":"closed","sticky":false,"template":"","format":"standard","meta":{"footnotes":""},"categories":[2,1],"tags":[679,3003,34,506,1676,3181],"class_list":["post-185225","post","type-post","status-publish","format-standard","has-post-thumbnail","hentry","category-economia","category-noticias","tag-associacoes","tag-correios","tag-governo","tag-imprensa","tag-inflacao","tag-publicacoes"],"yoast_head":"<!-- This site is optimized with the Yoast SEO plugin v27.2 - https:\/\/yoast.com\/product\/yoast-seo-wordpress\/ -->\n<title>Associa\u00e7\u00e3o solicita interven\u00e7\u00e3o governamental nos aumentos dos CTT - Portal Tela Portugal<\/title>\n<meta name=\"robots\" content=\"index, follow, max-snippet:-1, max-image-preview:large, max-video-preview:-1\" \/>\n<meta property=\"og:locale\" content=\"pt_PT\" \/>\n<meta property=\"og:type\" content=\"article\" \/>\n<meta property=\"og:title\" content=\"Associa\u00e7\u00e3o solicita interven\u00e7\u00e3o governamental nos aumentos dos CTT - Portal Tela Portugal\" \/>\n<meta property=\"og:description\" content=\"A atualiza\u00e7\u00e3o de tarifas dos CTT entra em vigor a 3 de fevereiro, abrangendo o Servi\u00e7o Postal Universal e servi\u00e7os adicionais. O conv\u00e9nio de pre\u00e7os para 2026-2028 fixou uma varia\u00e7\u00e3o global de +6,20% para o cabaz de servi\u00e7os, com aumentos diferenciados. Em termos de Correio Editorial, os CTT apontam aumentos de 5,5% para jornais nacionais e de 5,7% para envios internacionais. A Associa\u00e7\u00e3o Portuguesa de Imprensa v\u00ea estes aumentos como prejudiciais \u00e0 imprensa em papel, notando que superam, frequentemente, a infla\u00e7\u00e3o. A associa\u00e7\u00e3o vai levar a quest\u00e3o ao ministro da Presid\u00eancia e \u00e0 Anacom, defendendo uma abordagem que preserve a sustentabilidade da imprensa em papel.\" \/>\n<meta property=\"og:url\" content=\"https:\/\/portaltela.pt\/noticias\/2026\/01\/30\/associacao-solicita-intervencao-governamental-nos-aumentos-dos-ctt\/\" \/>\n<meta property=\"og:site_name\" content=\"Portal Tela Portugal\" \/>\n<meta property=\"article:published_time\" content=\"2026-01-30T19:06:00+00:00\" \/>\n<meta name=\"author\" content=\"Telinha\" \/>\n<meta name=\"twitter:card\" content=\"summary_large_image\" \/>\n<meta name=\"twitter:label1\" content=\"Escrito por\" \/>\n\t<meta name=\"twitter:data1\" content=\"Telinha\" \/>\n\t<meta name=\"twitter:label2\" content=\"Tempo estimado de leitura\" \/>\n\t<meta name=\"twitter:data2\" content=\"1 minuto\" \/>\n<script type=\"application\/ld+json\" class=\"yoast-schema-graph\">{\"@context\":\"https:\/\/schema.org\",\"@graph\":[{\"@type\":\"Article\",\"@id\":\"https:\/\/portaltela.pt\/noticias\/2026\/01\/30\/associacao-solicita-intervencao-governamental-nos-aumentos-dos-ctt\/#article\",\"isPartOf\":{\"@id\":\"https:\/\/portaltela.pt\/noticias\/2026\/01\/30\/associacao-solicita-intervencao-governamental-nos-aumentos-dos-ctt\/\"},\"author\":{\"name\":\"Telinha\",\"@id\":\"https:\/\/portaltela.pt\/#\/schema\/person\/c4278d4a6028830caff9ee44b42d32ed\"},\"headline\":\"Associa\u00e7\u00e3o solicita interven\u00e7\u00e3o governamental nos aumentos dos CTT\",\"datePublished\":\"2026-01-30T19:06:00+00:00\",\"mainEntityOfPage\":{\"@id\":\"https:\/\/portaltela.pt\/noticias\/2026\/01\/30\/associacao-solicita-intervencao-governamental-nos-aumentos-dos-ctt\/\"},\"wordCount\":302,\"image\":{\"@id\":\"https:\/\/portaltela.pt\/noticias\/2026\/01\/30\/associacao-solicita-intervencao-governamental-nos-aumentos-dos-ctt\/#primaryimage\"},\"thumbnailUrl\":\"https:\/\/portaltela.pt\/s.01k8rhncp4jt1\/2026\/01\/unnamed-file-6183.jpg\",\"keywords\":[\"associa\u00e7\u00f5es\",\"correios\",\"governo\",\"imprensa\",\"infla\u00e7\u00e3o\",\"publica\u00e7\u00f5es\"],\"articleSection\":[\"Economia\",\"Not\u00edcias\"],\"inLanguage\":\"pt-PT\"},{\"@type\":\"WebPage\",\"@id\":\"https:\/\/portaltela.pt\/noticias\/2026\/01\/30\/associacao-solicita-intervencao-governamental-nos-aumentos-dos-ctt\/\",\"url\":\"https:\/\/portaltela.pt\/noticias\/2026\/01\/30\/associacao-solicita-intervencao-governamental-nos-aumentos-dos-ctt\/\",\"name\":\"Associa\u00e7\u00e3o solicita interven\u00e7\u00e3o governamental nos aumentos dos CTT - Portal Tela Portugal\",\"isPartOf\":{\"@id\":\"https:\/\/portaltela.pt\/#website\"},\"primaryImageOfPage\":{\"@id\":\"https:\/\/portaltela.pt\/noticias\/2026\/01\/30\/associacao-solicita-intervencao-governamental-nos-aumentos-dos-ctt\/#primaryimage\"},\"image\":{\"@id\":\"https:\/\/portaltela.pt\/noticias\/2026\/01\/30\/associacao-solicita-intervencao-governamental-nos-aumentos-dos-ctt\/#primaryimage\"},\"thumbnailUrl\":\"https:\/\/portaltela.pt\/s.01k8rhncp4jt1\/2026\/01\/unnamed-file-6183.jpg\",\"datePublished\":\"2026-01-30T19:06:00+00:00\",\"author\":{\"@id\":\"https:\/\/portaltela.pt\/#\/schema\/person\/c4278d4a6028830caff9ee44b42d32ed\"},\"breadcrumb\":{\"@id\":\"https:\/\/portaltela.pt\/noticias\/2026\/01\/30\/associacao-solicita-intervencao-governamental-nos-aumentos-dos-ctt\/#breadcrumb\"},\"inLanguage\":\"pt-PT\",\"potentialAction\":[{\"@type\":\"ReadAction\",\"target\":[\"https:\/\/portaltela.pt\/noticias\/2026\/01\/30\/associacao-solicita-intervencao-governamental-nos-aumentos-dos-ctt\/\"]}]},{\"@type\":\"ImageObject\",\"inLanguage\":\"pt-PT\",\"@id\":\"https:\/\/portaltela.pt\/noticias\/2026\/01\/30\/associacao-solicita-intervencao-governamental-nos-aumentos-dos-ctt\/#primaryimage\",\"url\":\"https:\/\/portaltela.pt\/s.01k8rhncp4jt1\/2026\/01\/unnamed-file-6183.jpg\",\"contentUrl\":\"https:\/\/portaltela.pt\/s.01k8rhncp4jt1\/2026\/01\/unnamed-file-6183.jpg\",\"width\":796,\"height\":448,\"caption\":\"O aumento \\\"fragiliza ainda mais a sustentabilidade econ\u00f3mica\\\" dos media, disse a API\"},{\"@type\":\"BreadcrumbList\",\"@id\":\"https:\/\/portaltela.pt\/noticias\/2026\/01\/30\/associacao-solicita-intervencao-governamental-nos-aumentos-dos-ctt\/#breadcrumb\",\"itemListElement\":[{\"@type\":\"ListItem\",\"position\":1,\"name\":\"In\u00edcio\",\"item\":\"https:\/\/portaltela.pt\/\"},{\"@type\":\"ListItem\",\"position\":2,\"name\":\"Associa\u00e7\u00e3o solicita interven\u00e7\u00e3o governamental nos aumentos dos CTT\"}]},{\"@type\":\"WebSite\",\"@id\":\"https:\/\/portaltela.pt\/#website\",\"url\":\"https:\/\/portaltela.pt\/\",\"name\":\"Portal Tela Portugal\",\"description\":\"\",\"potentialAction\":[{\"@type\":\"SearchAction\",\"target\":{\"@type\":\"EntryPoint\",\"urlTemplate\":\"https:\/\/portaltela.pt\/?s={search_term_string}\"},\"query-input\":{\"@type\":\"PropertyValueSpecification\",\"valueRequired\":true,\"valueName\":\"search_term_string\"}}],\"inLanguage\":\"pt-PT\"},{\"@type\":\"Person\",\"@id\":\"https:\/\/portaltela.pt\/#\/schema\/person\/c4278d4a6028830caff9ee44b42d32ed\",\"name\":\"Telinha\",\"image\":{\"@type\":\"ImageObject\",\"inLanguage\":\"pt-PT\",\"@id\":\"https:\/\/portaltela.pt\/s.01k8rhncp4jt1\/2025\/11\/talking-bot-125x125.png\",\"url\":\"https:\/\/portaltela.pt\/s.01k8rhncp4jt1\/2025\/11\/talking-bot-125x125.png\",\"contentUrl\":\"https:\/\/portaltela.pt\/s.01k8rhncp4jt1\/2025\/11\/talking-bot-125x125.png\",\"caption\":\"Telinha\"},\"sameAs\":[\"https:\/\/portaltela.pt\/\"],\"url\":\"https:\/\/portaltela.pt\/por\/367410592786\/\"}]}<\/script>\n<!-- \/ Yoast SEO plugin. -->","yoast_head_json":{"title":"Associa\u00e7\u00e3o solicita interven\u00e7\u00e3o governamental nos aumentos dos CTT - Portal Tela Portugal","robots":{"index":"index","follow":"follow","max-snippet":"max-snippet:-1","max-image-preview":"max-image-preview:large","max-video-preview":"max-video-preview:-1"},"og_locale":"pt_PT","og_type":"article","og_title":"Associa\u00e7\u00e3o solicita interven\u00e7\u00e3o governamental nos aumentos dos CTT - Portal Tela Portugal","og_description":"A atualiza\u00e7\u00e3o de tarifas dos CTT entra em vigor a 3 de fevereiro, abrangendo o Servi\u00e7o Postal Universal e servi\u00e7os adicionais. O conv\u00e9nio de pre\u00e7os para 2026-2028 fixou uma varia\u00e7\u00e3o global de +6,20% para o cabaz de servi\u00e7os, com aumentos diferenciados. Em termos de Correio Editorial, os CTT apontam aumentos de 5,5% para jornais nacionais e de 5,7% para envios internacionais. A Associa\u00e7\u00e3o Portuguesa de Imprensa v\u00ea estes aumentos como prejudiciais \u00e0 imprensa em papel, notando que superam, frequentemente, a infla\u00e7\u00e3o. A associa\u00e7\u00e3o vai levar a quest\u00e3o ao ministro da Presid\u00eancia e \u00e0 Anacom, defendendo uma abordagem que preserve a sustentabilidade da imprensa em papel.","og_url":"https:\/\/portaltela.pt\/noticias\/2026\/01\/30\/associacao-solicita-intervencao-governamental-nos-aumentos-dos-ctt\/","og_site_name":"Portal Tela Portugal","article_published_time":"2026-01-30T19:06:00+00:00","author":"Telinha","twitter_card":"summary_large_image","twitter_misc":{"Escrito por":"Telinha","Tempo estimado de leitura":"1 minuto"},"schema":{"@context":"https:\/\/schema.org","@graph":[{"@type":"Article","@id":"https:\/\/portaltela.pt\/noticias\/2026\/01\/30\/associacao-solicita-intervencao-governamental-nos-aumentos-dos-ctt\/#article","isPartOf":{"@id":"https:\/\/portaltela.pt\/noticias\/2026\/01\/30\/associacao-solicita-intervencao-governamental-nos-aumentos-dos-ctt\/"},"author":{"name":"Telinha","@id":"https:\/\/portaltela.pt\/#\/schema\/person\/c4278d4a6028830caff9ee44b42d32ed"},"headline":"Associa\u00e7\u00e3o solicita interven\u00e7\u00e3o governamental nos aumentos dos CTT","datePublished":"2026-01-30T19:06:00+00:00","mainEntityOfPage":{"@id":"https:\/\/portaltela.pt\/noticias\/2026\/01\/30\/associacao-solicita-intervencao-governamental-nos-aumentos-dos-ctt\/"},"wordCount":302,"image":{"@id":"https:\/\/portaltela.pt\/noticias\/2026\/01\/30\/associacao-solicita-intervencao-governamental-nos-aumentos-dos-ctt\/#primaryimage"},"thumbnailUrl":"https:\/\/portaltela.pt\/s.01k8rhncp4jt1\/2026\/01\/unnamed-file-6183.jpg","keywords":["associa\u00e7\u00f5es","correios","governo","imprensa","infla\u00e7\u00e3o","publica\u00e7\u00f5es"],"articleSection":["Economia","Not\u00edcias"],"inLanguage":"pt-PT"},{"@type":"WebPage","@id":"https:\/\/portaltela.pt\/noticias\/2026\/01\/30\/associacao-solicita-intervencao-governamental-nos-aumentos-dos-ctt\/","url":"https:\/\/portaltela.pt\/noticias\/2026\/01\/30\/associacao-solicita-intervencao-governamental-nos-aumentos-dos-ctt\/","name":"Associa\u00e7\u00e3o solicita interven\u00e7\u00e3o governamental nos aumentos dos CTT - Portal Tela Portugal","isPartOf":{"@id":"https:\/\/portaltela.pt\/#website"},"primaryImageOfPage":{"@id":"https:\/\/portaltela.pt\/noticias\/2026\/01\/30\/associacao-solicita-intervencao-governamental-nos-aumentos-dos-ctt\/#primaryimage"},"image":{"@id":"https:\/\/portaltela.pt\/noticias\/2026\/01\/30\/associacao-solicita-intervencao-governamental-nos-aumentos-dos-ctt\/#primaryimage"},"thumbnailUrl":"https:\/\/portaltela.pt\/s.01k8rhncp4jt1\/2026\/01\/unnamed-file-6183.jpg","datePublished":"2026-01-30T19:06:00+00:00","author":{"@id":"https:\/\/portaltela.pt\/#\/schema\/person\/c4278d4a6028830caff9ee44b42d32ed"},"breadcrumb":{"@id":"https:\/\/portaltela.pt\/noticias\/2026\/01\/30\/associacao-solicita-intervencao-governamental-nos-aumentos-dos-ctt\/#breadcrumb"},"inLanguage":"pt-PT","potentialAction":[{"@type":"ReadAction","target":["https:\/\/portaltela.pt\/noticias\/2026\/01\/30\/associacao-solicita-intervencao-governamental-nos-aumentos-dos-ctt\/"]}]},{"@type":"ImageObject","inLanguage":"pt-PT","@id":"https:\/\/portaltela.pt\/noticias\/2026\/01\/30\/associacao-solicita-intervencao-governamental-nos-aumentos-dos-ctt\/#primaryimage","url":"https:\/\/portaltela.pt\/s.01k8rhncp4jt1\/2026\/01\/unnamed-file-6183.jpg","contentUrl":"https:\/\/portaltela.pt\/s.01k8rhncp4jt1\/2026\/01\/unnamed-file-6183.jpg","width":796,"height":448,"caption":"O aumento \"fragiliza ainda mais a sustentabilidade econ\u00f3mica\" dos media, disse a API"},{"@type":"BreadcrumbList","@id":"https:\/\/portaltela.pt\/noticias\/2026\/01\/30\/associacao-solicita-intervencao-governamental-nos-aumentos-dos-ctt\/#breadcrumb","itemListElement":[{"@type":"ListItem","position":1,"name":"In\u00edcio","item":"https:\/\/portaltela.pt\/"},{"@type":"ListItem","position":2,"name":"Associa\u00e7\u00e3o solicita interven\u00e7\u00e3o governamental nos aumentos dos CTT"}]},{"@type":"WebSite","@id":"https:\/\/portaltela.pt\/#website","url":"https:\/\/portaltela.pt\/","name":"Portal Tela Portugal","description":"","potentialAction":[{"@type":"SearchAction","target":{"@type":"EntryPoint","urlTemplate":"https:\/\/portaltela.pt\/?s={search_term_string}"},"query-input":{"@type":"PropertyValueSpecification","valueRequired":true,"valueName":"search_term_string"}}],"inLanguage":"pt-PT"},{"@type":"Person","@id":"https:\/\/portaltela.pt\/#\/schema\/person\/c4278d4a6028830caff9ee44b42d32ed","name":"Telinha","image":{"@type":"ImageObject","inLanguage":"pt-PT","@id":"https:\/\/portaltela.pt\/s.01k8rhncp4jt1\/2025\/11\/talking-bot-125x125.png","url":"https:\/\/portaltela.pt\/s.01k8rhncp4jt1\/2025\/11\/talking-bot-125x125.png","contentUrl":"https:\/\/portaltela.pt\/s.01k8rhncp4jt1\/2025\/11\/talking-bot-125x125.png","caption":"Telinha"},"sameAs":["https:\/\/portaltela.pt\/"],"url":"https:\/\/portaltela.pt\/por\/367410592786\/"}]}},"_links":{"self":[{"href":"https:\/\/portaltela.pt\/api\/wp\/v2\/posts\/185225","targetHints":{"allow":["GET"]}}],"collection":[{"href":"https:\/\/portaltela.pt\/api\/wp\/v2\/posts"}],"about":[{"href":"https:\/\/portaltela.pt\/api\/wp\/v2\/types\/post"}],"author":[{"embeddable":true,"href":"https:\/\/portaltela.pt\/api\/wp\/v2\/users\/2"}],"replies":[{"embeddable":true,"href":"https:\/\/portaltela.pt\/api\/wp\/v2\/comments?post=185225"}],"version-history":[{"count":0,"href":"https:\/\/portaltela.pt\/api\/wp\/v2\/posts\/185225\/revisions"}],"wp:featuredmedia":[{"embeddable":true,"href":"https:\/\/portaltela.pt\/api\/wp\/v2\/media\/185264"}],"wp:attachment":[{"href":"https:\/\/portaltela.pt\/api\/wp\/v2\/media?parent=185225"}],"wp:term":[{"taxonomy":"category","embeddable":true,"href":"https:\/\/portaltela.pt\/api\/wp\/v2\/categories?post=185225"},{"taxonomy":"post_tag","embeddable":true,"href":"https:\/\/portaltela.pt\/api\/wp\/v2\/tags?post=185225"}],"curies":[{"name":"wp","href":"https:\/\/api.w.org\/{rel}","templated":true}]}}