{"id":185210,"date":"2026-01-30T16:06:26","date_gmt":"2026-01-30T19:06:26","guid":{"rendered":"https:\/\/portaltela.pt\/noticias\/2026\/01\/30\/policia-detem-homem-por-abusar-de-sobrinha-neta-em-vendas-novas\/"},"modified":"2026-01-30T16:06:26","modified_gmt":"2026-01-30T19:06:26","slug":"policia-detem-homem-por-abusar-de-sobrinha-neta-em-vendas-novas","status":"publish","type":"post","link":"https:\/\/portaltela.pt\/noticias\/2026\/01\/30\/policia-detem-homem-por-abusar-de-sobrinha-neta-em-vendas-novas\/","title":{"rendered":"Pol\u00edcia det\u00e9m homem por abusar de sobrinha-neta em Vendas Novas"},"content":{"rendered":"<p>O Minist\u00e9rio P\u00fablico, atrav\u00e9s da Pol\u00edcia Judici\u00e1ria (PJ), deteve nesta sexta-feira um homem de 72 anos suspeito de abuso sexual de uma menina de 10 anos, sobrinha-neta da fam\u00edlia, em Vendas Novas, \u00c9vora. A deten\u00e7\u00e3o ocorreu na sequ\u00eancia de uma investiga\u00e7\u00e3o que considerou dois acontecimentos ocorridos na resid\u00eancia familiar, localizada na mesma localidade.<\/p>\n<p>Segundo a PJ, os factos ter\u00e3o acontecido em outubro e novembro de 2025, sempre na casa partilhada pela fam\u00edlia da v\u00edtima e pelo suspeito. A investiga\u00e7\u00e3o arrancou ap\u00f3s a escola da crian\u00e7a ter comunicado \u00e0 Guarda Nacional Republicana (GNR) os relatos de abuso apresentados pela menina em contexto escolar.<\/p>\n<p>A deten\u00e7\u00e3o foi efetuada pela Unidade Local de Investiga\u00e7\u00e3o Criminal (ULIC) de \u00c9vora da PJ. O suspeito j\u00e1 est\u00e1 presente ao Tribunal Judicial de Montemor-o-Novo para o primeiro interrogat\u00f3rio judicial e para a aplica\u00e7\u00e3o de eventuais medidas de coa\u00e7\u00e3o.<\/p>\n<h3>Investiga\u00e7\u00e3o e pr\u00f3ximos passos<\/h3>\n<p>A PJ mant\u00e9m a investiga\u00e7\u00e3o em curso para confirmar a din\u00e2mica dos factos e recolher prova adicional. O tribunal ainda ir\u00e1 decidir sobre as medidas de coa\u00e7\u00e3o a aplicar ao suspeito, que permanece detido enquanto o processo prossegue.<\/p>\n","protected":false},"excerpt":{"rendered":"<ul>\n<li>A Pol\u00edcia Judici\u00e1ria deteve um homem de 72 anos por suspeitas de abuso sexual de uma sobrinha-neta de 10 anos, em Vendas Novas, \u00c9vora.<\/li>\n<li>Os factos ter\u00e3o ocorrido em outubro e novembro de 2025, na resid\u00eancia familiar, que est\u00e1 partilhada pela fam\u00edlia da v\u00edtima e pelo suspeito.<\/li>\n<li>A investiga\u00e7\u00e3o arrancou ap\u00f3s a escola comunicar \u00e0 Guarda Nacional Republicana que a crian\u00e7a reportou os abusos em contexto escolar.<\/li>\n<li>O suspeito foi detido pela Unidade Local de Investiga\u00e7\u00e3o Criminal de \u00c9vora (ULIC) da Pol\u00edcia Judici\u00e1ria.<\/li>\n<li>O homem est\u00e1 a ser presente ao Tribunal Judicial de Montemor-o-Novo para o primeiro interrogat\u00f3rio judicial e poss\u00edvel aplica\u00e7\u00e3o de medidas de coa\u00e7\u00e3o.<\/li>\n<\/ul>\n","protected":false},"author":2,"featured_media":185220,"comment_status":"closed","ping_status":"closed","sticky":false,"template":"","format":"standard","meta":{"footnotes":""},"categories":[1],"tags":[1796,1074,217,1802,52,4112],"class_list":["post-185210","post","type-post","status-publish","format-standard","has-post-thumbnail","hentry","category-noticias","tag-abuso-sexual-de-menor-dependente","tag-evora","tag-investigacao-criminal","tag-policia-judiciaria","tag-tribunal","tag-vendas-novas"],"yoast_head":"<!-- This site is optimized with the Yoast SEO plugin v27.2 - https:\/\/yoast.com\/product\/yoast-seo-wordpress\/ -->\n<title>Pol\u00edcia det\u00e9m homem por abusar de sobrinha-neta em Vendas Novas - Portal Tela Portugal<\/title>\n<meta name=\"robots\" content=\"index, follow, max-snippet:-1, max-image-preview:large, max-video-preview:-1\" \/>\n<meta property=\"og:locale\" content=\"pt_PT\" \/>\n<meta property=\"og:type\" content=\"article\" \/>\n<meta property=\"og:title\" content=\"Pol\u00edcia det\u00e9m homem por abusar de sobrinha-neta em Vendas Novas - Portal Tela Portugal\" \/>\n<meta property=\"og:description\" content=\"A Pol\u00edcia Judici\u00e1ria deteve um homem de 72 anos por suspeitas de abuso sexual de uma sobrinha-neta de 10 anos, em Vendas Novas, \u00c9vora. Os factos ter\u00e3o ocorrido em outubro e novembro de 2025, na resid\u00eancia familiar, que est\u00e1 partilhada pela fam\u00edlia da v\u00edtima e pelo suspeito. A investiga\u00e7\u00e3o arrancou ap\u00f3s a escola comunicar \u00e0 Guarda Nacional Republicana que a crian\u00e7a reportou os abusos em contexto escolar. O suspeito foi detido pela Unidade Local de Investiga\u00e7\u00e3o Criminal de \u00c9vora (ULIC) da Pol\u00edcia Judici\u00e1ria. O homem est\u00e1 a ser presente ao Tribunal Judicial de Montemor-o-Novo para o primeiro interrogat\u00f3rio judicial e poss\u00edvel aplica\u00e7\u00e3o de medidas de coa\u00e7\u00e3o.\" \/>\n<meta property=\"og:url\" content=\"https:\/\/portaltela.pt\/noticias\/2026\/01\/30\/policia-detem-homem-por-abusar-de-sobrinha-neta-em-vendas-novas\/\" \/>\n<meta property=\"og:site_name\" content=\"Portal Tela Portugal\" \/>\n<meta property=\"article:published_time\" content=\"2026-01-30T19:06:26+00:00\" \/>\n<meta name=\"author\" content=\"Telinha\" \/>\n<meta name=\"twitter:card\" content=\"summary_large_image\" \/>\n<meta name=\"twitter:label1\" content=\"Escrito por\" \/>\n\t<meta name=\"twitter:data1\" content=\"Telinha\" \/>\n\t<meta name=\"twitter:label2\" content=\"Tempo estimado de leitura\" \/>\n\t<meta name=\"twitter:data2\" content=\"1 minuto\" \/>\n<script type=\"application\/ld+json\" class=\"yoast-schema-graph\">{\"@context\":\"https:\/\/schema.org\",\"@graph\":[{\"@type\":\"Article\",\"@id\":\"https:\/\/portaltela.pt\/noticias\/2026\/01\/30\/policia-detem-homem-por-abusar-de-sobrinha-neta-em-vendas-novas\/#article\",\"isPartOf\":{\"@id\":\"https:\/\/portaltela.pt\/noticias\/2026\/01\/30\/policia-detem-homem-por-abusar-de-sobrinha-neta-em-vendas-novas\/\"},\"author\":{\"name\":\"Telinha\",\"@id\":\"https:\/\/portaltela.pt\/#\/schema\/person\/c4278d4a6028830caff9ee44b42d32ed\"},\"headline\":\"Pol\u00edcia det\u00e9m homem por abusar de sobrinha-neta em Vendas Novas\",\"datePublished\":\"2026-01-30T19:06:26+00:00\",\"mainEntityOfPage\":{\"@id\":\"https:\/\/portaltela.pt\/noticias\/2026\/01\/30\/policia-detem-homem-por-abusar-de-sobrinha-neta-em-vendas-novas\/\"},\"wordCount\":218,\"image\":{\"@id\":\"https:\/\/portaltela.pt\/noticias\/2026\/01\/30\/policia-detem-homem-por-abusar-de-sobrinha-neta-em-vendas-novas\/#primaryimage\"},\"thumbnailUrl\":\"https:\/\/portaltela.pt\/s.01k8rhncp4jt1\/2026\/01\/tribunal-judicial-de-montemor-o-novo.jpg\",\"keywords\":[\"abuso sexual de menor dependente\",\"\u00c9vora\",\"investiga\u00e7\u00e3o criminal\",\"Pol\u00edcia Judici\u00e1ria\",\"tribunal\",\"Vendas Novas\"],\"articleSection\":[\"Not\u00edcias\"],\"inLanguage\":\"pt-PT\"},{\"@type\":\"WebPage\",\"@id\":\"https:\/\/portaltela.pt\/noticias\/2026\/01\/30\/policia-detem-homem-por-abusar-de-sobrinha-neta-em-vendas-novas\/\",\"url\":\"https:\/\/portaltela.pt\/noticias\/2026\/01\/30\/policia-detem-homem-por-abusar-de-sobrinha-neta-em-vendas-novas\/\",\"name\":\"Pol\u00edcia det\u00e9m homem por abusar de sobrinha-neta em Vendas Novas - Portal Tela Portugal\",\"isPartOf\":{\"@id\":\"https:\/\/portaltela.pt\/#website\"},\"primaryImageOfPage\":{\"@id\":\"https:\/\/portaltela.pt\/noticias\/2026\/01\/30\/policia-detem-homem-por-abusar-de-sobrinha-neta-em-vendas-novas\/#primaryimage\"},\"image\":{\"@id\":\"https:\/\/portaltela.pt\/noticias\/2026\/01\/30\/policia-detem-homem-por-abusar-de-sobrinha-neta-em-vendas-novas\/#primaryimage\"},\"thumbnailUrl\":\"https:\/\/portaltela.pt\/s.01k8rhncp4jt1\/2026\/01\/tribunal-judicial-de-montemor-o-novo.jpg\",\"datePublished\":\"2026-01-30T19:06:26+00:00\",\"author\":{\"@id\":\"https:\/\/portaltela.pt\/#\/schema\/person\/c4278d4a6028830caff9ee44b42d32ed\"},\"breadcrumb\":{\"@id\":\"https:\/\/portaltela.pt\/noticias\/2026\/01\/30\/policia-detem-homem-por-abusar-de-sobrinha-neta-em-vendas-novas\/#breadcrumb\"},\"inLanguage\":\"pt-PT\",\"potentialAction\":[{\"@type\":\"ReadAction\",\"target\":[\"https:\/\/portaltela.pt\/noticias\/2026\/01\/30\/policia-detem-homem-por-abusar-de-sobrinha-neta-em-vendas-novas\/\"]}]},{\"@type\":\"ImageObject\",\"inLanguage\":\"pt-PT\",\"@id\":\"https:\/\/portaltela.pt\/noticias\/2026\/01\/30\/policia-detem-homem-por-abusar-de-sobrinha-neta-em-vendas-novas\/#primaryimage\",\"url\":\"https:\/\/portaltela.pt\/s.01k8rhncp4jt1\/2026\/01\/tribunal-judicial-de-montemor-o-novo.jpg\",\"contentUrl\":\"https:\/\/portaltela.pt\/s.01k8rhncp4jt1\/2026\/01\/tribunal-judicial-de-montemor-o-novo.jpg\",\"width\":796,\"height\":448,\"caption\":\"Aplica\u00e7\u00e3o de eventuais medidas de coa\u00e7\u00e3o devem ser avaliadas no Tribunal Judicial de Montemor-o-Novo\"},{\"@type\":\"BreadcrumbList\",\"@id\":\"https:\/\/portaltela.pt\/noticias\/2026\/01\/30\/policia-detem-homem-por-abusar-de-sobrinha-neta-em-vendas-novas\/#breadcrumb\",\"itemListElement\":[{\"@type\":\"ListItem\",\"position\":1,\"name\":\"In\u00edcio\",\"item\":\"https:\/\/portaltela.pt\/\"},{\"@type\":\"ListItem\",\"position\":2,\"name\":\"Pol\u00edcia det\u00e9m homem por abusar de sobrinha-neta em Vendas Novas\"}]},{\"@type\":\"WebSite\",\"@id\":\"https:\/\/portaltela.pt\/#website\",\"url\":\"https:\/\/portaltela.pt\/\",\"name\":\"Portal Tela Portugal\",\"description\":\"\",\"potentialAction\":[{\"@type\":\"SearchAction\",\"target\":{\"@type\":\"EntryPoint\",\"urlTemplate\":\"https:\/\/portaltela.pt\/?s={search_term_string}\"},\"query-input\":{\"@type\":\"PropertyValueSpecification\",\"valueRequired\":true,\"valueName\":\"search_term_string\"}}],\"inLanguage\":\"pt-PT\"},{\"@type\":\"Person\",\"@id\":\"https:\/\/portaltela.pt\/#\/schema\/person\/c4278d4a6028830caff9ee44b42d32ed\",\"name\":\"Telinha\",\"image\":{\"@type\":\"ImageObject\",\"inLanguage\":\"pt-PT\",\"@id\":\"https:\/\/portaltela.pt\/s.01k8rhncp4jt1\/2025\/11\/talking-bot-125x125.png\",\"url\":\"https:\/\/portaltela.pt\/s.01k8rhncp4jt1\/2025\/11\/talking-bot-125x125.png\",\"contentUrl\":\"https:\/\/portaltela.pt\/s.01k8rhncp4jt1\/2025\/11\/talking-bot-125x125.png\",\"caption\":\"Telinha\"},\"sameAs\":[\"https:\/\/portaltela.pt\/\"],\"url\":\"https:\/\/portaltela.pt\/por\/367410592786\/\"}]}<\/script>\n<!-- \/ Yoast SEO plugin. -->","yoast_head_json":{"title":"Pol\u00edcia det\u00e9m homem por abusar de sobrinha-neta em Vendas Novas - Portal Tela Portugal","robots":{"index":"index","follow":"follow","max-snippet":"max-snippet:-1","max-image-preview":"max-image-preview:large","max-video-preview":"max-video-preview:-1"},"og_locale":"pt_PT","og_type":"article","og_title":"Pol\u00edcia det\u00e9m homem por abusar de sobrinha-neta em Vendas Novas - Portal Tela Portugal","og_description":"A Pol\u00edcia Judici\u00e1ria deteve um homem de 72 anos por suspeitas de abuso sexual de uma sobrinha-neta de 10 anos, em Vendas Novas, \u00c9vora. Os factos ter\u00e3o ocorrido em outubro e novembro de 2025, na resid\u00eancia familiar, que est\u00e1 partilhada pela fam\u00edlia da v\u00edtima e pelo suspeito. A investiga\u00e7\u00e3o arrancou ap\u00f3s a escola comunicar \u00e0 Guarda Nacional Republicana que a crian\u00e7a reportou os abusos em contexto escolar. O suspeito foi detido pela Unidade Local de Investiga\u00e7\u00e3o Criminal de \u00c9vora (ULIC) da Pol\u00edcia Judici\u00e1ria. O homem est\u00e1 a ser presente ao Tribunal Judicial de Montemor-o-Novo para o primeiro interrogat\u00f3rio judicial e poss\u00edvel aplica\u00e7\u00e3o de medidas de coa\u00e7\u00e3o.","og_url":"https:\/\/portaltela.pt\/noticias\/2026\/01\/30\/policia-detem-homem-por-abusar-de-sobrinha-neta-em-vendas-novas\/","og_site_name":"Portal Tela Portugal","article_published_time":"2026-01-30T19:06:26+00:00","author":"Telinha","twitter_card":"summary_large_image","twitter_misc":{"Escrito por":"Telinha","Tempo estimado de leitura":"1 minuto"},"schema":{"@context":"https:\/\/schema.org","@graph":[{"@type":"Article","@id":"https:\/\/portaltela.pt\/noticias\/2026\/01\/30\/policia-detem-homem-por-abusar-de-sobrinha-neta-em-vendas-novas\/#article","isPartOf":{"@id":"https:\/\/portaltela.pt\/noticias\/2026\/01\/30\/policia-detem-homem-por-abusar-de-sobrinha-neta-em-vendas-novas\/"},"author":{"name":"Telinha","@id":"https:\/\/portaltela.pt\/#\/schema\/person\/c4278d4a6028830caff9ee44b42d32ed"},"headline":"Pol\u00edcia det\u00e9m homem por abusar de sobrinha-neta em Vendas Novas","datePublished":"2026-01-30T19:06:26+00:00","mainEntityOfPage":{"@id":"https:\/\/portaltela.pt\/noticias\/2026\/01\/30\/policia-detem-homem-por-abusar-de-sobrinha-neta-em-vendas-novas\/"},"wordCount":218,"image":{"@id":"https:\/\/portaltela.pt\/noticias\/2026\/01\/30\/policia-detem-homem-por-abusar-de-sobrinha-neta-em-vendas-novas\/#primaryimage"},"thumbnailUrl":"https:\/\/portaltela.pt\/s.01k8rhncp4jt1\/2026\/01\/tribunal-judicial-de-montemor-o-novo.jpg","keywords":["abuso sexual de menor dependente","\u00c9vora","investiga\u00e7\u00e3o criminal","Pol\u00edcia Judici\u00e1ria","tribunal","Vendas Novas"],"articleSection":["Not\u00edcias"],"inLanguage":"pt-PT"},{"@type":"WebPage","@id":"https:\/\/portaltela.pt\/noticias\/2026\/01\/30\/policia-detem-homem-por-abusar-de-sobrinha-neta-em-vendas-novas\/","url":"https:\/\/portaltela.pt\/noticias\/2026\/01\/30\/policia-detem-homem-por-abusar-de-sobrinha-neta-em-vendas-novas\/","name":"Pol\u00edcia det\u00e9m homem por abusar de sobrinha-neta em Vendas Novas - Portal Tela Portugal","isPartOf":{"@id":"https:\/\/portaltela.pt\/#website"},"primaryImageOfPage":{"@id":"https:\/\/portaltela.pt\/noticias\/2026\/01\/30\/policia-detem-homem-por-abusar-de-sobrinha-neta-em-vendas-novas\/#primaryimage"},"image":{"@id":"https:\/\/portaltela.pt\/noticias\/2026\/01\/30\/policia-detem-homem-por-abusar-de-sobrinha-neta-em-vendas-novas\/#primaryimage"},"thumbnailUrl":"https:\/\/portaltela.pt\/s.01k8rhncp4jt1\/2026\/01\/tribunal-judicial-de-montemor-o-novo.jpg","datePublished":"2026-01-30T19:06:26+00:00","author":{"@id":"https:\/\/portaltela.pt\/#\/schema\/person\/c4278d4a6028830caff9ee44b42d32ed"},"breadcrumb":{"@id":"https:\/\/portaltela.pt\/noticias\/2026\/01\/30\/policia-detem-homem-por-abusar-de-sobrinha-neta-em-vendas-novas\/#breadcrumb"},"inLanguage":"pt-PT","potentialAction":[{"@type":"ReadAction","target":["https:\/\/portaltela.pt\/noticias\/2026\/01\/30\/policia-detem-homem-por-abusar-de-sobrinha-neta-em-vendas-novas\/"]}]},{"@type":"ImageObject","inLanguage":"pt-PT","@id":"https:\/\/portaltela.pt\/noticias\/2026\/01\/30\/policia-detem-homem-por-abusar-de-sobrinha-neta-em-vendas-novas\/#primaryimage","url":"https:\/\/portaltela.pt\/s.01k8rhncp4jt1\/2026\/01\/tribunal-judicial-de-montemor-o-novo.jpg","contentUrl":"https:\/\/portaltela.pt\/s.01k8rhncp4jt1\/2026\/01\/tribunal-judicial-de-montemor-o-novo.jpg","width":796,"height":448,"caption":"Aplica\u00e7\u00e3o de eventuais medidas de coa\u00e7\u00e3o devem ser avaliadas no Tribunal Judicial de Montemor-o-Novo"},{"@type":"BreadcrumbList","@id":"https:\/\/portaltela.pt\/noticias\/2026\/01\/30\/policia-detem-homem-por-abusar-de-sobrinha-neta-em-vendas-novas\/#breadcrumb","itemListElement":[{"@type":"ListItem","position":1,"name":"In\u00edcio","item":"https:\/\/portaltela.pt\/"},{"@type":"ListItem","position":2,"name":"Pol\u00edcia det\u00e9m homem por abusar de sobrinha-neta em Vendas Novas"}]},{"@type":"WebSite","@id":"https:\/\/portaltela.pt\/#website","url":"https:\/\/portaltela.pt\/","name":"Portal Tela Portugal","description":"","potentialAction":[{"@type":"SearchAction","target":{"@type":"EntryPoint","urlTemplate":"https:\/\/portaltela.pt\/?s={search_term_string}"},"query-input":{"@type":"PropertyValueSpecification","valueRequired":true,"valueName":"search_term_string"}}],"inLanguage":"pt-PT"},{"@type":"Person","@id":"https:\/\/portaltela.pt\/#\/schema\/person\/c4278d4a6028830caff9ee44b42d32ed","name":"Telinha","image":{"@type":"ImageObject","inLanguage":"pt-PT","@id":"https:\/\/portaltela.pt\/s.01k8rhncp4jt1\/2025\/11\/talking-bot-125x125.png","url":"https:\/\/portaltela.pt\/s.01k8rhncp4jt1\/2025\/11\/talking-bot-125x125.png","contentUrl":"https:\/\/portaltela.pt\/s.01k8rhncp4jt1\/2025\/11\/talking-bot-125x125.png","caption":"Telinha"},"sameAs":["https:\/\/portaltela.pt\/"],"url":"https:\/\/portaltela.pt\/por\/367410592786\/"}]}},"_links":{"self":[{"href":"https:\/\/portaltela.pt\/api\/wp\/v2\/posts\/185210","targetHints":{"allow":["GET"]}}],"collection":[{"href":"https:\/\/portaltela.pt\/api\/wp\/v2\/posts"}],"about":[{"href":"https:\/\/portaltela.pt\/api\/wp\/v2\/types\/post"}],"author":[{"embeddable":true,"href":"https:\/\/portaltela.pt\/api\/wp\/v2\/users\/2"}],"replies":[{"embeddable":true,"href":"https:\/\/portaltela.pt\/api\/wp\/v2\/comments?post=185210"}],"version-history":[{"count":0,"href":"https:\/\/portaltela.pt\/api\/wp\/v2\/posts\/185210\/revisions"}],"wp:featuredmedia":[{"embeddable":true,"href":"https:\/\/portaltela.pt\/api\/wp\/v2\/media\/185220"}],"wp:attachment":[{"href":"https:\/\/portaltela.pt\/api\/wp\/v2\/media?parent=185210"}],"wp:term":[{"taxonomy":"category","embeddable":true,"href":"https:\/\/portaltela.pt\/api\/wp\/v2\/categories?post=185210"},{"taxonomy":"post_tag","embeddable":true,"href":"https:\/\/portaltela.pt\/api\/wp\/v2\/tags?post=185210"}],"curies":[{"name":"wp","href":"https:\/\/api.w.org\/{rel}","templated":true}]}}