{"id":185208,"date":"2026-01-30T16:04:00","date_gmt":"2026-01-30T19:04:00","guid":{"rendered":"https:\/\/portaltela.pt\/noticias\/2026\/01\/30\/alcaraz-e-djokovic-disputam-a-final-do-open-da-australia-apos-batalhas-epicas\/"},"modified":"2026-01-30T16:04:00","modified_gmt":"2026-01-30T19:04:00","slug":"alcaraz-e-djokovic-disputam-a-final-do-open-da-australia-apos-batalhas-epicas","status":"publish","type":"post","link":"https:\/\/portaltela.pt\/noticias\/2026\/01\/30\/alcaraz-e-djokovic-disputam-a-final-do-open-da-australia-apos-batalhas-epicas\/","title":{"rendered":"Alcaraz e Djokovic disputam a final do Open da Austr\u00e1lia ap\u00f3s batalhas \u00e9picas"},"content":{"rendered":"<p>O Open da Austr\u00e1lia tem uma final masculina marcada para domingo, entre Carlos Alcaraz e Novak Djokovic, ap\u00f3s batalhas \u00e9picas nas meias-finais. Djokovic derrotou Jannik Sinner em cinco sets para chegar ao encontro decisivo. Alcaraz assegurou o seu lugar na final, num confronto de gera\u00e7\u00f5es.<\/p>\n<p>O duelo \u00e9 apresentado como uma disputa entre uma nova gera\u00e7\u00e3o e a experi\u00eancia do s\u00e9rvio, com potencial para entrar na hist\u00f3ria do torneio. O vencedor ficar\u00e1 com o t\u00edtulo e um marco no curr\u00edculo.<\/p>\n<p>Djokovic, de 38 anos, procura o 25\u00ba t\u00edtulo de Grand Slam, tornando-se no jogador mais velho a alcan\u00e7ar o t\u00edtulo no Open da Austr\u00e1lia. O s\u00e9rvio j\u00e1 soma vit\u00f3rias hist\u00f3ricas no torneio em Melbourne.<\/p>\n<p>A final decorrer\u00e1 em Melbourne, capital do estado australiano de Victoria, no domingo. O desfecho deste encontro promete alterar o panorama do t\u00e9nis masculino nas semanas seguintes.<\/p>\n","protected":false},"excerpt":{"rendered":"<ul>\n<li>O Open da Austr\u00e1lia ter\u00e1 a final entre Carlos Alcaraz e Novak Djokovic, com Djokovic \u00e0 procura do 25.\u00ba t\u00edtulo de Grand Slam.<\/li>\n<li>Djokovic, de 38 anos, derrotou Jannik Sinner em cinco sets nas meias-finais da competi\u00e7\u00e3o.<\/li>\n<li>No \u00faltimo US Open, Djokovic foi eliminado nas meias-finais por Alcaraz em tr\u00eas sets.<\/li>\n<li>O s\u00e9rvio pretende tornar-se no mais velho campe\u00e3o do Open da Austr\u00e1lia ao vencer o torneio.<\/li>\n<li>A final est\u00e1 marcada para domingo.<\/li>\n<\/ul>\n","protected":false},"author":2,"featured_media":185213,"comment_status":"closed","ping_status":"closed","sticky":false,"template":"","format":"standard","meta":{"footnotes":""},"categories":[21,1],"tags":[1602,152,3491,94,2713],"class_list":["post-185208","post","type-post","status-publish","format-standard","has-post-thumbnail","hentry","category-desporto","category-noticias","tag-australia","tag-desporto","tag-novak-djokovic-tenista","tag-tenis","tag-tenistas"],"yoast_head":"<!-- This site is optimized with the Yoast SEO plugin v27.2 - https:\/\/yoast.com\/product\/yoast-seo-wordpress\/ -->\n<title>Alcaraz e Djokovic disputam a final do Open da Austr\u00e1lia ap\u00f3s batalhas \u00e9picas - Portal Tela Portugal<\/title>\n<meta name=\"robots\" content=\"index, follow, max-snippet:-1, max-image-preview:large, max-video-preview:-1\" \/>\n<meta property=\"og:locale\" content=\"pt_PT\" \/>\n<meta property=\"og:type\" content=\"article\" \/>\n<meta property=\"og:title\" content=\"Alcaraz e Djokovic disputam a final do Open da Austr\u00e1lia ap\u00f3s batalhas \u00e9picas - Portal Tela Portugal\" \/>\n<meta property=\"og:description\" content=\"O Open da Austr\u00e1lia ter\u00e1 a final entre Carlos Alcaraz e Novak Djokovic, com Djokovic \u00e0 procura do 25.\u00ba t\u00edtulo de Grand Slam. Djokovic, de 38 anos, derrotou Jannik Sinner em cinco sets nas meias-finais da competi\u00e7\u00e3o. No \u00faltimo US Open, Djokovic foi eliminado nas meias-finais por Alcaraz em tr\u00eas sets. O s\u00e9rvio pretende tornar-se no mais velho campe\u00e3o do Open da Austr\u00e1lia ao vencer o torneio. A final est\u00e1 marcada para domingo.\" \/>\n<meta property=\"og:url\" content=\"https:\/\/portaltela.pt\/noticias\/2026\/01\/30\/alcaraz-e-djokovic-disputam-a-final-do-open-da-australia-apos-batalhas-epicas\/\" \/>\n<meta property=\"og:site_name\" content=\"Portal Tela Portugal\" \/>\n<meta property=\"article:published_time\" content=\"2026-01-30T19:04:00+00:00\" \/>\n<meta name=\"author\" content=\"Telinha\" \/>\n<meta name=\"twitter:card\" content=\"summary_large_image\" \/>\n<meta name=\"twitter:label1\" content=\"Escrito por\" \/>\n\t<meta name=\"twitter:data1\" content=\"Telinha\" \/>\n\t<meta name=\"twitter:label2\" content=\"Tempo estimado de leitura\" \/>\n\t<meta name=\"twitter:data2\" content=\"1 minuto\" \/>\n<script type=\"application\/ld+json\" class=\"yoast-schema-graph\">{\"@context\":\"https:\/\/schema.org\",\"@graph\":[{\"@type\":\"Article\",\"@id\":\"https:\/\/portaltela.pt\/noticias\/2026\/01\/30\/alcaraz-e-djokovic-disputam-a-final-do-open-da-australia-apos-batalhas-epicas\/#article\",\"isPartOf\":{\"@id\":\"https:\/\/portaltela.pt\/noticias\/2026\/01\/30\/alcaraz-e-djokovic-disputam-a-final-do-open-da-australia-apos-batalhas-epicas\/\"},\"author\":{\"name\":\"Telinha\",\"@id\":\"https:\/\/portaltela.pt\/#\/schema\/person\/c4278d4a6028830caff9ee44b42d32ed\"},\"headline\":\"Alcaraz e Djokovic disputam a final do Open da Austr\u00e1lia ap\u00f3s batalhas \u00e9picas\",\"datePublished\":\"2026-01-30T19:04:00+00:00\",\"mainEntityOfPage\":{\"@id\":\"https:\/\/portaltela.pt\/noticias\/2026\/01\/30\/alcaraz-e-djokovic-disputam-a-final-do-open-da-australia-apos-batalhas-epicas\/\"},\"wordCount\":170,\"image\":{\"@id\":\"https:\/\/portaltela.pt\/noticias\/2026\/01\/30\/alcaraz-e-djokovic-disputam-a-final-do-open-da-australia-apos-batalhas-epicas\/#primaryimage\"},\"thumbnailUrl\":\"https:\/\/portaltela.pt\/s.01k8rhncp4jt1\/2026\/01\/2063159.jpg\",\"keywords\":[\"Austr\u00e1lia\",\"desporto\",\"Novak Djokovic (tenista)\",\"t\u00eanis\",\"tenistas\"],\"articleSection\":[\"Desporto\",\"Not\u00edcias\"],\"inLanguage\":\"pt-PT\"},{\"@type\":\"WebPage\",\"@id\":\"https:\/\/portaltela.pt\/noticias\/2026\/01\/30\/alcaraz-e-djokovic-disputam-a-final-do-open-da-australia-apos-batalhas-epicas\/\",\"url\":\"https:\/\/portaltela.pt\/noticias\/2026\/01\/30\/alcaraz-e-djokovic-disputam-a-final-do-open-da-australia-apos-batalhas-epicas\/\",\"name\":\"Alcaraz e Djokovic disputam a final do Open da Austr\u00e1lia ap\u00f3s batalhas \u00e9picas - Portal Tela Portugal\",\"isPartOf\":{\"@id\":\"https:\/\/portaltela.pt\/#website\"},\"primaryImageOfPage\":{\"@id\":\"https:\/\/portaltela.pt\/noticias\/2026\/01\/30\/alcaraz-e-djokovic-disputam-a-final-do-open-da-australia-apos-batalhas-epicas\/#primaryimage\"},\"image\":{\"@id\":\"https:\/\/portaltela.pt\/noticias\/2026\/01\/30\/alcaraz-e-djokovic-disputam-a-final-do-open-da-australia-apos-batalhas-epicas\/#primaryimage\"},\"thumbnailUrl\":\"https:\/\/portaltela.pt\/s.01k8rhncp4jt1\/2026\/01\/2063159.jpg\",\"datePublished\":\"2026-01-30T19:04:00+00:00\",\"author\":{\"@id\":\"https:\/\/portaltela.pt\/#\/schema\/person\/c4278d4a6028830caff9ee44b42d32ed\"},\"breadcrumb\":{\"@id\":\"https:\/\/portaltela.pt\/noticias\/2026\/01\/30\/alcaraz-e-djokovic-disputam-a-final-do-open-da-australia-apos-batalhas-epicas\/#breadcrumb\"},\"inLanguage\":\"pt-PT\",\"potentialAction\":[{\"@type\":\"ReadAction\",\"target\":[\"https:\/\/portaltela.pt\/noticias\/2026\/01\/30\/alcaraz-e-djokovic-disputam-a-final-do-open-da-australia-apos-batalhas-epicas\/\"]}]},{\"@type\":\"ImageObject\",\"inLanguage\":\"pt-PT\",\"@id\":\"https:\/\/portaltela.pt\/noticias\/2026\/01\/30\/alcaraz-e-djokovic-disputam-a-final-do-open-da-australia-apos-batalhas-epicas\/#primaryimage\",\"url\":\"https:\/\/portaltela.pt\/s.01k8rhncp4jt1\/2026\/01\/2063159.jpg\",\"contentUrl\":\"https:\/\/portaltela.pt\/s.01k8rhncp4jt1\/2026\/01\/2063159.jpg\",\"width\":796,\"height\":448,\"caption\":\"Djokovic ap\u00f3s ter garantido o acesso \u00e0 final do Open da Austr\u00e1lia\"},{\"@type\":\"BreadcrumbList\",\"@id\":\"https:\/\/portaltela.pt\/noticias\/2026\/01\/30\/alcaraz-e-djokovic-disputam-a-final-do-open-da-australia-apos-batalhas-epicas\/#breadcrumb\",\"itemListElement\":[{\"@type\":\"ListItem\",\"position\":1,\"name\":\"In\u00edcio\",\"item\":\"https:\/\/portaltela.pt\/\"},{\"@type\":\"ListItem\",\"position\":2,\"name\":\"Alcaraz e Djokovic disputam a final do Open da Austr\u00e1lia ap\u00f3s batalhas \u00e9picas\"}]},{\"@type\":\"WebSite\",\"@id\":\"https:\/\/portaltela.pt\/#website\",\"url\":\"https:\/\/portaltela.pt\/\",\"name\":\"Portal Tela Portugal\",\"description\":\"\",\"potentialAction\":[{\"@type\":\"SearchAction\",\"target\":{\"@type\":\"EntryPoint\",\"urlTemplate\":\"https:\/\/portaltela.pt\/?s={search_term_string}\"},\"query-input\":{\"@type\":\"PropertyValueSpecification\",\"valueRequired\":true,\"valueName\":\"search_term_string\"}}],\"inLanguage\":\"pt-PT\"},{\"@type\":\"Person\",\"@id\":\"https:\/\/portaltela.pt\/#\/schema\/person\/c4278d4a6028830caff9ee44b42d32ed\",\"name\":\"Telinha\",\"image\":{\"@type\":\"ImageObject\",\"inLanguage\":\"pt-PT\",\"@id\":\"https:\/\/portaltela.pt\/s.01k8rhncp4jt1\/2025\/11\/talking-bot-125x125.png\",\"url\":\"https:\/\/portaltela.pt\/s.01k8rhncp4jt1\/2025\/11\/talking-bot-125x125.png\",\"contentUrl\":\"https:\/\/portaltela.pt\/s.01k8rhncp4jt1\/2025\/11\/talking-bot-125x125.png\",\"caption\":\"Telinha\"},\"sameAs\":[\"https:\/\/portaltela.pt\/\"],\"url\":\"https:\/\/portaltela.pt\/por\/367410592786\/\"}]}<\/script>\n<!-- \/ Yoast SEO plugin. -->","yoast_head_json":{"title":"Alcaraz e Djokovic disputam a final do Open da Austr\u00e1lia ap\u00f3s batalhas \u00e9picas - Portal Tela Portugal","robots":{"index":"index","follow":"follow","max-snippet":"max-snippet:-1","max-image-preview":"max-image-preview:large","max-video-preview":"max-video-preview:-1"},"og_locale":"pt_PT","og_type":"article","og_title":"Alcaraz e Djokovic disputam a final do Open da Austr\u00e1lia ap\u00f3s batalhas \u00e9picas - Portal Tela Portugal","og_description":"O Open da Austr\u00e1lia ter\u00e1 a final entre Carlos Alcaraz e Novak Djokovic, com Djokovic \u00e0 procura do 25.\u00ba t\u00edtulo de Grand Slam. Djokovic, de 38 anos, derrotou Jannik Sinner em cinco sets nas meias-finais da competi\u00e7\u00e3o. No \u00faltimo US Open, Djokovic foi eliminado nas meias-finais por Alcaraz em tr\u00eas sets. O s\u00e9rvio pretende tornar-se no mais velho campe\u00e3o do Open da Austr\u00e1lia ao vencer o torneio. A final est\u00e1 marcada para domingo.","og_url":"https:\/\/portaltela.pt\/noticias\/2026\/01\/30\/alcaraz-e-djokovic-disputam-a-final-do-open-da-australia-apos-batalhas-epicas\/","og_site_name":"Portal Tela Portugal","article_published_time":"2026-01-30T19:04:00+00:00","author":"Telinha","twitter_card":"summary_large_image","twitter_misc":{"Escrito por":"Telinha","Tempo estimado de leitura":"1 minuto"},"schema":{"@context":"https:\/\/schema.org","@graph":[{"@type":"Article","@id":"https:\/\/portaltela.pt\/noticias\/2026\/01\/30\/alcaraz-e-djokovic-disputam-a-final-do-open-da-australia-apos-batalhas-epicas\/#article","isPartOf":{"@id":"https:\/\/portaltela.pt\/noticias\/2026\/01\/30\/alcaraz-e-djokovic-disputam-a-final-do-open-da-australia-apos-batalhas-epicas\/"},"author":{"name":"Telinha","@id":"https:\/\/portaltela.pt\/#\/schema\/person\/c4278d4a6028830caff9ee44b42d32ed"},"headline":"Alcaraz e Djokovic disputam a final do Open da Austr\u00e1lia ap\u00f3s batalhas \u00e9picas","datePublished":"2026-01-30T19:04:00+00:00","mainEntityOfPage":{"@id":"https:\/\/portaltela.pt\/noticias\/2026\/01\/30\/alcaraz-e-djokovic-disputam-a-final-do-open-da-australia-apos-batalhas-epicas\/"},"wordCount":170,"image":{"@id":"https:\/\/portaltela.pt\/noticias\/2026\/01\/30\/alcaraz-e-djokovic-disputam-a-final-do-open-da-australia-apos-batalhas-epicas\/#primaryimage"},"thumbnailUrl":"https:\/\/portaltela.pt\/s.01k8rhncp4jt1\/2026\/01\/2063159.jpg","keywords":["Austr\u00e1lia","desporto","Novak Djokovic (tenista)","t\u00eanis","tenistas"],"articleSection":["Desporto","Not\u00edcias"],"inLanguage":"pt-PT"},{"@type":"WebPage","@id":"https:\/\/portaltela.pt\/noticias\/2026\/01\/30\/alcaraz-e-djokovic-disputam-a-final-do-open-da-australia-apos-batalhas-epicas\/","url":"https:\/\/portaltela.pt\/noticias\/2026\/01\/30\/alcaraz-e-djokovic-disputam-a-final-do-open-da-australia-apos-batalhas-epicas\/","name":"Alcaraz e Djokovic disputam a final do Open da Austr\u00e1lia ap\u00f3s batalhas \u00e9picas - Portal Tela Portugal","isPartOf":{"@id":"https:\/\/portaltela.pt\/#website"},"primaryImageOfPage":{"@id":"https:\/\/portaltela.pt\/noticias\/2026\/01\/30\/alcaraz-e-djokovic-disputam-a-final-do-open-da-australia-apos-batalhas-epicas\/#primaryimage"},"image":{"@id":"https:\/\/portaltela.pt\/noticias\/2026\/01\/30\/alcaraz-e-djokovic-disputam-a-final-do-open-da-australia-apos-batalhas-epicas\/#primaryimage"},"thumbnailUrl":"https:\/\/portaltela.pt\/s.01k8rhncp4jt1\/2026\/01\/2063159.jpg","datePublished":"2026-01-30T19:04:00+00:00","author":{"@id":"https:\/\/portaltela.pt\/#\/schema\/person\/c4278d4a6028830caff9ee44b42d32ed"},"breadcrumb":{"@id":"https:\/\/portaltela.pt\/noticias\/2026\/01\/30\/alcaraz-e-djokovic-disputam-a-final-do-open-da-australia-apos-batalhas-epicas\/#breadcrumb"},"inLanguage":"pt-PT","potentialAction":[{"@type":"ReadAction","target":["https:\/\/portaltela.pt\/noticias\/2026\/01\/30\/alcaraz-e-djokovic-disputam-a-final-do-open-da-australia-apos-batalhas-epicas\/"]}]},{"@type":"ImageObject","inLanguage":"pt-PT","@id":"https:\/\/portaltela.pt\/noticias\/2026\/01\/30\/alcaraz-e-djokovic-disputam-a-final-do-open-da-australia-apos-batalhas-epicas\/#primaryimage","url":"https:\/\/portaltela.pt\/s.01k8rhncp4jt1\/2026\/01\/2063159.jpg","contentUrl":"https:\/\/portaltela.pt\/s.01k8rhncp4jt1\/2026\/01\/2063159.jpg","width":796,"height":448,"caption":"Djokovic ap\u00f3s ter garantido o acesso \u00e0 final do Open da Austr\u00e1lia"},{"@type":"BreadcrumbList","@id":"https:\/\/portaltela.pt\/noticias\/2026\/01\/30\/alcaraz-e-djokovic-disputam-a-final-do-open-da-australia-apos-batalhas-epicas\/#breadcrumb","itemListElement":[{"@type":"ListItem","position":1,"name":"In\u00edcio","item":"https:\/\/portaltela.pt\/"},{"@type":"ListItem","position":2,"name":"Alcaraz e Djokovic disputam a final do Open da Austr\u00e1lia ap\u00f3s batalhas \u00e9picas"}]},{"@type":"WebSite","@id":"https:\/\/portaltela.pt\/#website","url":"https:\/\/portaltela.pt\/","name":"Portal Tela Portugal","description":"","potentialAction":[{"@type":"SearchAction","target":{"@type":"EntryPoint","urlTemplate":"https:\/\/portaltela.pt\/?s={search_term_string}"},"query-input":{"@type":"PropertyValueSpecification","valueRequired":true,"valueName":"search_term_string"}}],"inLanguage":"pt-PT"},{"@type":"Person","@id":"https:\/\/portaltela.pt\/#\/schema\/person\/c4278d4a6028830caff9ee44b42d32ed","name":"Telinha","image":{"@type":"ImageObject","inLanguage":"pt-PT","@id":"https:\/\/portaltela.pt\/s.01k8rhncp4jt1\/2025\/11\/talking-bot-125x125.png","url":"https:\/\/portaltela.pt\/s.01k8rhncp4jt1\/2025\/11\/talking-bot-125x125.png","contentUrl":"https:\/\/portaltela.pt\/s.01k8rhncp4jt1\/2025\/11\/talking-bot-125x125.png","caption":"Telinha"},"sameAs":["https:\/\/portaltela.pt\/"],"url":"https:\/\/portaltela.pt\/por\/367410592786\/"}]}},"_links":{"self":[{"href":"https:\/\/portaltela.pt\/api\/wp\/v2\/posts\/185208","targetHints":{"allow":["GET"]}}],"collection":[{"href":"https:\/\/portaltela.pt\/api\/wp\/v2\/posts"}],"about":[{"href":"https:\/\/portaltela.pt\/api\/wp\/v2\/types\/post"}],"author":[{"embeddable":true,"href":"https:\/\/portaltela.pt\/api\/wp\/v2\/users\/2"}],"replies":[{"embeddable":true,"href":"https:\/\/portaltela.pt\/api\/wp\/v2\/comments?post=185208"}],"version-history":[{"count":0,"href":"https:\/\/portaltela.pt\/api\/wp\/v2\/posts\/185208\/revisions"}],"wp:featuredmedia":[{"embeddable":true,"href":"https:\/\/portaltela.pt\/api\/wp\/v2\/media\/185213"}],"wp:attachment":[{"href":"https:\/\/portaltela.pt\/api\/wp\/v2\/media?parent=185208"}],"wp:term":[{"taxonomy":"category","embeddable":true,"href":"https:\/\/portaltela.pt\/api\/wp\/v2\/categories?post=185208"},{"taxonomy":"post_tag","embeddable":true,"href":"https:\/\/portaltela.pt\/api\/wp\/v2\/tags?post=185208"}],"curies":[{"name":"wp","href":"https:\/\/api.w.org\/{rel}","templated":true}]}}