{"id":185173,"date":"2026-01-30T13:57:43","date_gmt":"2026-01-30T16:57:43","guid":{"rendered":"https:\/\/portaltela.pt\/noticias\/2026\/01\/30\/serras-da-freita-e-arada-classificadas-como-zona-especial-de-conservacao\/"},"modified":"2026-01-30T13:57:43","modified_gmt":"2026-01-30T16:57:43","slug":"serras-da-freita-e-arada-classificadas-como-zona-especial-de-conservacao","status":"publish","type":"post","link":"https:\/\/portaltela.pt\/noticias\/2026\/01\/30\/serras-da-freita-e-arada-classificadas-como-zona-especial-de-conservacao\/","title":{"rendered":"Serras da Freita e Arada classificadas como Zona Especial de Conserva\u00e7\u00e3o"},"content":{"rendered":"<p>As serras da Freita e Arada foram classificadas como Zona Especial de Conserva\u00e7\u00e3o (ZEC). A \u00e1rea abrange os munic\u00edpios de Arouca, S\u00e3o Pedro do Sul, Vale de Cambra e Castro Daire, e a decis\u00e3o foi publicada no Di\u00e1rio da Rep\u00fablica atrav\u00e9s do Decreto-Lei n.\u00ba 29\/2026.<\/p>\n<p>A designa\u00e7\u00e3o resulta do alinhamento com as diretivas europeias da Rede Natura 2000, com o objetivo de assegurar a conserva\u00e7\u00e3o adequada de habitats e esp\u00e9cies locais. A medida refor\u00e7a a prote\u00e7\u00e3o ambiental na regi\u00e3o.<\/p>\n<p>Margarida Bel\u00e9m, presidente da C\u00e2mara Municipal de Arouca, v\u00ea a ZEC como uma oportunidade estrat\u00e9gica para o concelho, potenciando o turismo de natureza e a investiga\u00e7\u00e3o cient\u00edfica.<\/p>\n<p>Entre as esp\u00e9cies visadas pela ZEC est\u00e3o a salamandra lusit\u00e2nica, o lobo-cinzento, a borboleta Euphydryas aurinia, bem como plantas como Martelinhos e Festuca summilusitana. Existem restri\u00e7\u00f5es ao ordenamento do territ\u00f3rio e \u00e0 explora\u00e7\u00e3o de recursos minerais, com necessidade de autoriza\u00e7\u00e3o do ICNF para obras de estradas ou de energias renov\u00e1veis.<\/p>\n<p>O ICNF coordenar\u00e1 a fiscaliza\u00e7\u00e3o, em parceria com a GNR e a PSP, visando prevenir a introdu\u00e7\u00e3o de esp\u00e9cies invasoras e proteger a vegeta\u00e7\u00e3o nativa. A medida refor\u00e7a o compromisso de Portugal com a preserva\u00e7\u00e3o ambiental e com as exig\u00eancias da Comiss\u00e3o Europeia.<\/p>\n","protected":false},"excerpt":{"rendered":"<ul>\n<li>As serras da Freita e Arada, nos concelhos de Arouca, S\u00e3o Pedro do Sul, Vale de Cambra e Castro Daire, foram classificadas como Zona Especial de Conserva\u00e7\u00e3o (ZEC).<\/li>\n<li>A classifica\u00e7\u00e3o foi publicada no Di\u00e1rio da Rep\u00fablica atrav\u00e9s do Decreto-Lei n.\u00ba 29\/2026, aprovado pelo Conselho de Ministros a de dezembro e promulgado a onze de janeiro.<\/li>\n<li>A decis\u00e3o insere-se nas diretivas europeias da Rede Natura 2000, visando a conserva\u00e7\u00e3o adequada de habitats e esp\u00e9cies locais.<\/li>\n<li>Entre as esp\u00e9cies abrangidas est\u00e3o a salamandra lusit\u00e2nica, o lobo-cinzento, a borboleta Euphydryas aurinia, bem como v\u00e1rias plantas, incluindo os Martelinhos e a Festuca summilusitana.<\/li>\n<li>A ZEC implica restri\u00e7\u00f5es ao ordenamento do territ\u00f3rio, exige autoriza\u00e7\u00e3o do Instituto da Conserva\u00e7\u00e3o da Natureza e das Florestas (ICNF) para obras de estradas ou estruturas de energias renov\u00e1veis, e envolve fiscaliza\u00e7\u00e3o da ICNF com apoio de GNR e PSP.<\/li>\n<\/ul>\n","protected":false},"author":2,"featured_media":185201,"comment_status":"closed","ping_status":"closed","sticky":false,"template":"","format":"standard","meta":{"footnotes":""},"categories":[1],"tags":[900,1797,4880,45,169,2182],"class_list":["post-185173","post","type-post","status-publish","format-standard","has-post-thumbnail","hentry","category-noticias","tag-arouca","tag-castro-daire","tag-conservacao-ambiental","tag-meio-ambiente","tag-turismo","tag-zona-especial-de-conservacao"],"yoast_head":"<!-- This site is optimized with the Yoast SEO plugin v27.2 - https:\/\/yoast.com\/product\/yoast-seo-wordpress\/ -->\n<title>Serras da Freita e Arada classificadas como Zona Especial de Conserva\u00e7\u00e3o - Portal Tela Portugal<\/title>\n<meta name=\"robots\" content=\"index, follow, max-snippet:-1, max-image-preview:large, max-video-preview:-1\" \/>\n<meta property=\"og:locale\" content=\"pt_PT\" \/>\n<meta property=\"og:type\" content=\"article\" \/>\n<meta property=\"og:title\" content=\"Serras da Freita e Arada classificadas como Zona Especial de Conserva\u00e7\u00e3o - Portal Tela Portugal\" \/>\n<meta property=\"og:description\" content=\"As serras da Freita e Arada, nos concelhos de Arouca, S\u00e3o Pedro do Sul, Vale de Cambra e Castro Daire, foram classificadas como Zona Especial de Conserva\u00e7\u00e3o (ZEC). A classifica\u00e7\u00e3o foi publicada no Di\u00e1rio da Rep\u00fablica atrav\u00e9s do Decreto-Lei n.\u00ba 29\/2026, aprovado pelo Conselho de Ministros a de dezembro e promulgado a onze de janeiro. A decis\u00e3o insere-se nas diretivas europeias da Rede Natura 2000, visando a conserva\u00e7\u00e3o adequada de habitats e esp\u00e9cies locais. Entre as esp\u00e9cies abrangidas est\u00e3o a salamandra lusit\u00e2nica, o lobo-cinzento, a borboleta Euphydryas aurinia, bem como v\u00e1rias plantas, incluindo os Martelinhos e a Festuca summilusitana. A ZEC implica restri\u00e7\u00f5es ao ordenamento do territ\u00f3rio, exige autoriza\u00e7\u00e3o do Instituto da Conserva\u00e7\u00e3o da Natureza e das Florestas (ICNF) para obras de estradas ou estruturas de energias renov\u00e1veis, e envolve fiscaliza\u00e7\u00e3o da ICNF com apoio de GNR e PSP.\" \/>\n<meta property=\"og:url\" content=\"https:\/\/portaltela.pt\/noticias\/2026\/01\/30\/serras-da-freita-e-arada-classificadas-como-zona-especial-de-conservacao\/\" \/>\n<meta property=\"og:site_name\" content=\"Portal Tela Portugal\" \/>\n<meta property=\"article:published_time\" content=\"2026-01-30T16:57:43+00:00\" \/>\n<meta name=\"author\" content=\"Telinha\" \/>\n<meta name=\"twitter:card\" content=\"summary_large_image\" \/>\n<meta name=\"twitter:label1\" content=\"Escrito por\" \/>\n\t<meta name=\"twitter:data1\" content=\"Telinha\" \/>\n\t<meta name=\"twitter:label2\" content=\"Tempo estimado de leitura\" \/>\n\t<meta name=\"twitter:data2\" content=\"1 minuto\" \/>\n<script type=\"application\/ld+json\" class=\"yoast-schema-graph\">{\"@context\":\"https:\/\/schema.org\",\"@graph\":[{\"@type\":\"Article\",\"@id\":\"https:\/\/portaltela.pt\/noticias\/2026\/01\/30\/serras-da-freita-e-arada-classificadas-como-zona-especial-de-conservacao\/#article\",\"isPartOf\":{\"@id\":\"https:\/\/portaltela.pt\/noticias\/2026\/01\/30\/serras-da-freita-e-arada-classificadas-como-zona-especial-de-conservacao\/\"},\"author\":{\"name\":\"Telinha\",\"@id\":\"https:\/\/portaltela.pt\/#\/schema\/person\/c4278d4a6028830caff9ee44b42d32ed\"},\"headline\":\"Serras da Freita e Arada classificadas como Zona Especial de Conserva\u00e7\u00e3o\",\"datePublished\":\"2026-01-30T16:57:43+00:00\",\"mainEntityOfPage\":{\"@id\":\"https:\/\/portaltela.pt\/noticias\/2026\/01\/30\/serras-da-freita-e-arada-classificadas-como-zona-especial-de-conservacao\/\"},\"wordCount\":242,\"image\":{\"@id\":\"https:\/\/portaltela.pt\/noticias\/2026\/01\/30\/serras-da-freita-e-arada-classificadas-como-zona-especial-de-conservacao\/#primaryimage\"},\"thumbnailUrl\":\"https:\/\/portaltela.pt\/s.01k8rhncp4jt1\/2026\/01\/unnamed-file-6179.jpg\",\"keywords\":[\"Arouca\",\"Castro Daire\",\"conserva\u00e7\u00e3o ambiental\",\"meio-ambiente\",\"turismo\",\"Zona Especial de Conserva\u00e7\u00e3o\"],\"articleSection\":[\"Not\u00edcias\"],\"inLanguage\":\"pt-PT\"},{\"@type\":\"WebPage\",\"@id\":\"https:\/\/portaltela.pt\/noticias\/2026\/01\/30\/serras-da-freita-e-arada-classificadas-como-zona-especial-de-conservacao\/\",\"url\":\"https:\/\/portaltela.pt\/noticias\/2026\/01\/30\/serras-da-freita-e-arada-classificadas-como-zona-especial-de-conservacao\/\",\"name\":\"Serras da Freita e Arada classificadas como Zona Especial de Conserva\u00e7\u00e3o - Portal Tela Portugal\",\"isPartOf\":{\"@id\":\"https:\/\/portaltela.pt\/#website\"},\"primaryImageOfPage\":{\"@id\":\"https:\/\/portaltela.pt\/noticias\/2026\/01\/30\/serras-da-freita-e-arada-classificadas-como-zona-especial-de-conservacao\/#primaryimage\"},\"image\":{\"@id\":\"https:\/\/portaltela.pt\/noticias\/2026\/01\/30\/serras-da-freita-e-arada-classificadas-como-zona-especial-de-conservacao\/#primaryimage\"},\"thumbnailUrl\":\"https:\/\/portaltela.pt\/s.01k8rhncp4jt1\/2026\/01\/unnamed-file-6179.jpg\",\"datePublished\":\"2026-01-30T16:57:43+00:00\",\"author\":{\"@id\":\"https:\/\/portaltela.pt\/#\/schema\/person\/c4278d4a6028830caff9ee44b42d32ed\"},\"breadcrumb\":{\"@id\":\"https:\/\/portaltela.pt\/noticias\/2026\/01\/30\/serras-da-freita-e-arada-classificadas-como-zona-especial-de-conservacao\/#breadcrumb\"},\"inLanguage\":\"pt-PT\",\"potentialAction\":[{\"@type\":\"ReadAction\",\"target\":[\"https:\/\/portaltela.pt\/noticias\/2026\/01\/30\/serras-da-freita-e-arada-classificadas-como-zona-especial-de-conservacao\/\"]}]},{\"@type\":\"ImageObject\",\"inLanguage\":\"pt-PT\",\"@id\":\"https:\/\/portaltela.pt\/noticias\/2026\/01\/30\/serras-da-freita-e-arada-classificadas-como-zona-especial-de-conservacao\/#primaryimage\",\"url\":\"https:\/\/portaltela.pt\/s.01k8rhncp4jt1\/2026\/01\/unnamed-file-6179.jpg\",\"contentUrl\":\"https:\/\/portaltela.pt\/s.01k8rhncp4jt1\/2026\/01\/unnamed-file-6179.jpg\",\"width\":796,\"height\":448,\"caption\":\"Serras da Freita e Arada classificadas como Zona Especial de Conserva\u00e7\u00e3o\"},{\"@type\":\"BreadcrumbList\",\"@id\":\"https:\/\/portaltela.pt\/noticias\/2026\/01\/30\/serras-da-freita-e-arada-classificadas-como-zona-especial-de-conservacao\/#breadcrumb\",\"itemListElement\":[{\"@type\":\"ListItem\",\"position\":1,\"name\":\"In\u00edcio\",\"item\":\"https:\/\/portaltela.pt\/\"},{\"@type\":\"ListItem\",\"position\":2,\"name\":\"Serras da Freita e Arada classificadas como Zona Especial de Conserva\u00e7\u00e3o\"}]},{\"@type\":\"WebSite\",\"@id\":\"https:\/\/portaltela.pt\/#website\",\"url\":\"https:\/\/portaltela.pt\/\",\"name\":\"Portal Tela Portugal\",\"description\":\"\",\"potentialAction\":[{\"@type\":\"SearchAction\",\"target\":{\"@type\":\"EntryPoint\",\"urlTemplate\":\"https:\/\/portaltela.pt\/?s={search_term_string}\"},\"query-input\":{\"@type\":\"PropertyValueSpecification\",\"valueRequired\":true,\"valueName\":\"search_term_string\"}}],\"inLanguage\":\"pt-PT\"},{\"@type\":\"Person\",\"@id\":\"https:\/\/portaltela.pt\/#\/schema\/person\/c4278d4a6028830caff9ee44b42d32ed\",\"name\":\"Telinha\",\"image\":{\"@type\":\"ImageObject\",\"inLanguage\":\"pt-PT\",\"@id\":\"https:\/\/portaltela.pt\/s.01k8rhncp4jt1\/2025\/11\/talking-bot-125x125.png\",\"url\":\"https:\/\/portaltela.pt\/s.01k8rhncp4jt1\/2025\/11\/talking-bot-125x125.png\",\"contentUrl\":\"https:\/\/portaltela.pt\/s.01k8rhncp4jt1\/2025\/11\/talking-bot-125x125.png\",\"caption\":\"Telinha\"},\"sameAs\":[\"https:\/\/portaltela.pt\/\"],\"url\":\"https:\/\/portaltela.pt\/por\/367410592786\/\"}]}<\/script>\n<!-- \/ Yoast SEO plugin. -->","yoast_head_json":{"title":"Serras da Freita e Arada classificadas como Zona Especial de Conserva\u00e7\u00e3o - Portal Tela Portugal","robots":{"index":"index","follow":"follow","max-snippet":"max-snippet:-1","max-image-preview":"max-image-preview:large","max-video-preview":"max-video-preview:-1"},"og_locale":"pt_PT","og_type":"article","og_title":"Serras da Freita e Arada classificadas como Zona Especial de Conserva\u00e7\u00e3o - Portal Tela Portugal","og_description":"As serras da Freita e Arada, nos concelhos de Arouca, S\u00e3o Pedro do Sul, Vale de Cambra e Castro Daire, foram classificadas como Zona Especial de Conserva\u00e7\u00e3o (ZEC). A classifica\u00e7\u00e3o foi publicada no Di\u00e1rio da Rep\u00fablica atrav\u00e9s do Decreto-Lei n.\u00ba 29\/2026, aprovado pelo Conselho de Ministros a de dezembro e promulgado a onze de janeiro. A decis\u00e3o insere-se nas diretivas europeias da Rede Natura 2000, visando a conserva\u00e7\u00e3o adequada de habitats e esp\u00e9cies locais. Entre as esp\u00e9cies abrangidas est\u00e3o a salamandra lusit\u00e2nica, o lobo-cinzento, a borboleta Euphydryas aurinia, bem como v\u00e1rias plantas, incluindo os Martelinhos e a Festuca summilusitana. A ZEC implica restri\u00e7\u00f5es ao ordenamento do territ\u00f3rio, exige autoriza\u00e7\u00e3o do Instituto da Conserva\u00e7\u00e3o da Natureza e das Florestas (ICNF) para obras de estradas ou estruturas de energias renov\u00e1veis, e envolve fiscaliza\u00e7\u00e3o da ICNF com apoio de GNR e PSP.","og_url":"https:\/\/portaltela.pt\/noticias\/2026\/01\/30\/serras-da-freita-e-arada-classificadas-como-zona-especial-de-conservacao\/","og_site_name":"Portal Tela Portugal","article_published_time":"2026-01-30T16:57:43+00:00","author":"Telinha","twitter_card":"summary_large_image","twitter_misc":{"Escrito por":"Telinha","Tempo estimado de leitura":"1 minuto"},"schema":{"@context":"https:\/\/schema.org","@graph":[{"@type":"Article","@id":"https:\/\/portaltela.pt\/noticias\/2026\/01\/30\/serras-da-freita-e-arada-classificadas-como-zona-especial-de-conservacao\/#article","isPartOf":{"@id":"https:\/\/portaltela.pt\/noticias\/2026\/01\/30\/serras-da-freita-e-arada-classificadas-como-zona-especial-de-conservacao\/"},"author":{"name":"Telinha","@id":"https:\/\/portaltela.pt\/#\/schema\/person\/c4278d4a6028830caff9ee44b42d32ed"},"headline":"Serras da Freita e Arada classificadas como Zona Especial de Conserva\u00e7\u00e3o","datePublished":"2026-01-30T16:57:43+00:00","mainEntityOfPage":{"@id":"https:\/\/portaltela.pt\/noticias\/2026\/01\/30\/serras-da-freita-e-arada-classificadas-como-zona-especial-de-conservacao\/"},"wordCount":242,"image":{"@id":"https:\/\/portaltela.pt\/noticias\/2026\/01\/30\/serras-da-freita-e-arada-classificadas-como-zona-especial-de-conservacao\/#primaryimage"},"thumbnailUrl":"https:\/\/portaltela.pt\/s.01k8rhncp4jt1\/2026\/01\/unnamed-file-6179.jpg","keywords":["Arouca","Castro Daire","conserva\u00e7\u00e3o ambiental","meio-ambiente","turismo","Zona Especial de Conserva\u00e7\u00e3o"],"articleSection":["Not\u00edcias"],"inLanguage":"pt-PT"},{"@type":"WebPage","@id":"https:\/\/portaltela.pt\/noticias\/2026\/01\/30\/serras-da-freita-e-arada-classificadas-como-zona-especial-de-conservacao\/","url":"https:\/\/portaltela.pt\/noticias\/2026\/01\/30\/serras-da-freita-e-arada-classificadas-como-zona-especial-de-conservacao\/","name":"Serras da Freita e Arada classificadas como Zona Especial de Conserva\u00e7\u00e3o - Portal Tela Portugal","isPartOf":{"@id":"https:\/\/portaltela.pt\/#website"},"primaryImageOfPage":{"@id":"https:\/\/portaltela.pt\/noticias\/2026\/01\/30\/serras-da-freita-e-arada-classificadas-como-zona-especial-de-conservacao\/#primaryimage"},"image":{"@id":"https:\/\/portaltela.pt\/noticias\/2026\/01\/30\/serras-da-freita-e-arada-classificadas-como-zona-especial-de-conservacao\/#primaryimage"},"thumbnailUrl":"https:\/\/portaltela.pt\/s.01k8rhncp4jt1\/2026\/01\/unnamed-file-6179.jpg","datePublished":"2026-01-30T16:57:43+00:00","author":{"@id":"https:\/\/portaltela.pt\/#\/schema\/person\/c4278d4a6028830caff9ee44b42d32ed"},"breadcrumb":{"@id":"https:\/\/portaltela.pt\/noticias\/2026\/01\/30\/serras-da-freita-e-arada-classificadas-como-zona-especial-de-conservacao\/#breadcrumb"},"inLanguage":"pt-PT","potentialAction":[{"@type":"ReadAction","target":["https:\/\/portaltela.pt\/noticias\/2026\/01\/30\/serras-da-freita-e-arada-classificadas-como-zona-especial-de-conservacao\/"]}]},{"@type":"ImageObject","inLanguage":"pt-PT","@id":"https:\/\/portaltela.pt\/noticias\/2026\/01\/30\/serras-da-freita-e-arada-classificadas-como-zona-especial-de-conservacao\/#primaryimage","url":"https:\/\/portaltela.pt\/s.01k8rhncp4jt1\/2026\/01\/unnamed-file-6179.jpg","contentUrl":"https:\/\/portaltela.pt\/s.01k8rhncp4jt1\/2026\/01\/unnamed-file-6179.jpg","width":796,"height":448,"caption":"Serras da Freita e Arada classificadas como Zona Especial de Conserva\u00e7\u00e3o"},{"@type":"BreadcrumbList","@id":"https:\/\/portaltela.pt\/noticias\/2026\/01\/30\/serras-da-freita-e-arada-classificadas-como-zona-especial-de-conservacao\/#breadcrumb","itemListElement":[{"@type":"ListItem","position":1,"name":"In\u00edcio","item":"https:\/\/portaltela.pt\/"},{"@type":"ListItem","position":2,"name":"Serras da Freita e Arada classificadas como Zona Especial de Conserva\u00e7\u00e3o"}]},{"@type":"WebSite","@id":"https:\/\/portaltela.pt\/#website","url":"https:\/\/portaltela.pt\/","name":"Portal Tela Portugal","description":"","potentialAction":[{"@type":"SearchAction","target":{"@type":"EntryPoint","urlTemplate":"https:\/\/portaltela.pt\/?s={search_term_string}"},"query-input":{"@type":"PropertyValueSpecification","valueRequired":true,"valueName":"search_term_string"}}],"inLanguage":"pt-PT"},{"@type":"Person","@id":"https:\/\/portaltela.pt\/#\/schema\/person\/c4278d4a6028830caff9ee44b42d32ed","name":"Telinha","image":{"@type":"ImageObject","inLanguage":"pt-PT","@id":"https:\/\/portaltela.pt\/s.01k8rhncp4jt1\/2025\/11\/talking-bot-125x125.png","url":"https:\/\/portaltela.pt\/s.01k8rhncp4jt1\/2025\/11\/talking-bot-125x125.png","contentUrl":"https:\/\/portaltela.pt\/s.01k8rhncp4jt1\/2025\/11\/talking-bot-125x125.png","caption":"Telinha"},"sameAs":["https:\/\/portaltela.pt\/"],"url":"https:\/\/portaltela.pt\/por\/367410592786\/"}]}},"_links":{"self":[{"href":"https:\/\/portaltela.pt\/api\/wp\/v2\/posts\/185173","targetHints":{"allow":["GET"]}}],"collection":[{"href":"https:\/\/portaltela.pt\/api\/wp\/v2\/posts"}],"about":[{"href":"https:\/\/portaltela.pt\/api\/wp\/v2\/types\/post"}],"author":[{"embeddable":true,"href":"https:\/\/portaltela.pt\/api\/wp\/v2\/users\/2"}],"replies":[{"embeddable":true,"href":"https:\/\/portaltela.pt\/api\/wp\/v2\/comments?post=185173"}],"version-history":[{"count":0,"href":"https:\/\/portaltela.pt\/api\/wp\/v2\/posts\/185173\/revisions"}],"wp:featuredmedia":[{"embeddable":true,"href":"https:\/\/portaltela.pt\/api\/wp\/v2\/media\/185201"}],"wp:attachment":[{"href":"https:\/\/portaltela.pt\/api\/wp\/v2\/media?parent=185173"}],"wp:term":[{"taxonomy":"category","embeddable":true,"href":"https:\/\/portaltela.pt\/api\/wp\/v2\/categories?post=185173"},{"taxonomy":"post_tag","embeddable":true,"href":"https:\/\/portaltela.pt\/api\/wp\/v2\/tags?post=185173"}],"curies":[{"name":"wp","href":"https:\/\/api.w.org\/{rel}","templated":true}]}}