{"id":185113,"date":"2026-01-30T15:33:00","date_gmt":"2026-01-30T18:33:00","guid":{"rendered":"https:\/\/portaltela.pt\/noticias\/2026\/01\/30\/morre-patricia-uma-das-vitimas-hospitalizadas-apos-o-descarrilamento-em-adamuz\/"},"modified":"2026-01-30T15:33:00","modified_gmt":"2026-01-30T18:33:00","slug":"morre-patricia-uma-das-vitimas-hospitalizadas-apos-o-descarrilamento-em-adamuz","status":"publish","type":"post","link":"https:\/\/portaltela.pt\/noticias\/2026\/01\/30\/morre-patricia-uma-das-vitimas-hospitalizadas-apos-o-descarrilamento-em-adamuz\/","title":{"rendered":"Morre Patricia, uma das v\u00edtimas hospitalizadas ap\u00f3s o descarrilamento em Adamuz"},"content":{"rendered":"<p>Patr\u00edcia, de 42 anos, morreu esta sexta-feira, v\u00edtima do descarrilamento do comboio Iryo em Adamuz, C\u00f3rdoba, Espanha. Estava hospitalizada desde 18 de janeiro, data do acidente, e n\u00e3o resistiu aos ferimentos.<\/p>\n<p>A mulher recebia tratamento no Hospital Reina Sof\u00eda, em C\u00f3rdoba, com ferimentos nos pulm\u00f5es. Morava em La Palma del Condado, no distrito de Huelva.<\/p>\n<p>Com esta morte, elevou-se para 46 o n\u00famero de v\u00edtimas mortais do acidente.<\/p>\n<p>O descarrilamento do comboio de alta velocidade, seguido de colis\u00e3o, deixou 126 feridos, dos quais 16 permanecem hospitalizados.<\/p>\n<p>Segundo o relat\u00f3rio preliminar, o descarrilamento poder\u00e1 ter sido provocado por uma fratura do carril. As investiga\u00e7\u00f5es prosseguem.<\/p>\n<h3>Investiga\u00e7\u00e3o em curso<\/h3>\n<p>As autoridades n\u00e3o divulgaram detalhes adicionais sobre a causa final nem sobre eventuais respons\u00e1veis.<\/p>\n<p>O balan\u00e7o total da trag\u00e9dia permanece em 46 mortos e 126 feridos, com 16 pacientes ainda internados, conforme os dados oficiais.<\/p>\n","protected":false},"excerpt":{"rendered":"<ul>\n<li>Patr\u00edcia, de 42 anos, morreu esta sexta-feira, uma das v\u00edtimas do descarrilamento do comboio Iryo em Adamuz, C\u00f3rdoba.<\/li>\n<li>Estava hospitalizada desde 18 de janeiro no Hospital Reina Sof\u00eda, em C\u00f3rdoba, com ferimentos nos pulm\u00f5es.<\/li>\n<li>A v\u00edtima residia em La Palma del Condado, munic\u00edpio de Huelva.<\/li>\n<li>Com a morte, o total de v\u00edtimas mortais sobe a 46; 126 ficaram feridas, estando 16 ainda hospitalizadas.<\/li>\n<li>O relat\u00f3rio preliminar aponta para uma fratura do carril como causa do descarrilamento; as investiga\u00e7\u00f5es continuam.<\/li>\n<\/ul>\n","protected":false},"author":2,"featured_media":185140,"comment_status":"closed","ping_status":"closed","sticky":false,"template":"","format":"standard","meta":{"footnotes":""},"categories":[1],"tags":[3447,3465,3448,3449],"class_list":["post-185113","post","type-post","status-publish","format-standard","has-post-thumbnail","hentry","category-noticias","tag-acidente-ferroviario","tag-adamuz","tag-descarrilamento","tag-feridos"],"yoast_head":"<!-- This site is optimized with the Yoast SEO plugin v27.2 - https:\/\/yoast.com\/product\/yoast-seo-wordpress\/ -->\n<title>Morre Patricia, uma das v\u00edtimas hospitalizadas ap\u00f3s o descarrilamento em Adamuz - Portal Tela Portugal<\/title>\n<meta name=\"robots\" content=\"index, follow, max-snippet:-1, max-image-preview:large, max-video-preview:-1\" \/>\n<meta property=\"og:locale\" content=\"pt_PT\" \/>\n<meta property=\"og:type\" content=\"article\" \/>\n<meta property=\"og:title\" content=\"Morre Patricia, uma das v\u00edtimas hospitalizadas ap\u00f3s o descarrilamento em Adamuz - Portal Tela Portugal\" \/>\n<meta property=\"og:description\" content=\"Patr\u00edcia, de 42 anos, morreu esta sexta-feira, uma das v\u00edtimas do descarrilamento do comboio Iryo em Adamuz, C\u00f3rdoba. Estava hospitalizada desde 18 de janeiro no Hospital Reina Sof\u00eda, em C\u00f3rdoba, com ferimentos nos pulm\u00f5es. A v\u00edtima residia em La Palma del Condado, munic\u00edpio de Huelva. Com a morte, o total de v\u00edtimas mortais sobe a 46; 126 ficaram feridas, estando 16 ainda hospitalizadas. O relat\u00f3rio preliminar aponta para uma fratura do carril como causa do descarrilamento; as investiga\u00e7\u00f5es continuam.\" \/>\n<meta property=\"og:url\" content=\"https:\/\/portaltela.pt\/noticias\/2026\/01\/30\/morre-patricia-uma-das-vitimas-hospitalizadas-apos-o-descarrilamento-em-adamuz\/\" \/>\n<meta property=\"og:site_name\" content=\"Portal Tela Portugal\" \/>\n<meta property=\"article:published_time\" content=\"2026-01-30T18:33:00+00:00\" \/>\n<meta name=\"author\" content=\"Telinha\" \/>\n<meta name=\"twitter:card\" content=\"summary_large_image\" \/>\n<meta name=\"twitter:label1\" content=\"Escrito por\" \/>\n\t<meta name=\"twitter:data1\" content=\"Telinha\" \/>\n\t<meta name=\"twitter:label2\" content=\"Tempo estimado de leitura\" \/>\n\t<meta name=\"twitter:data2\" content=\"1 minuto\" \/>\n<script type=\"application\/ld+json\" class=\"yoast-schema-graph\">{\"@context\":\"https:\/\/schema.org\",\"@graph\":[{\"@type\":\"Article\",\"@id\":\"https:\/\/portaltela.pt\/noticias\/2026\/01\/30\/morre-patricia-uma-das-vitimas-hospitalizadas-apos-o-descarrilamento-em-adamuz\/#article\",\"isPartOf\":{\"@id\":\"https:\/\/portaltela.pt\/noticias\/2026\/01\/30\/morre-patricia-uma-das-vitimas-hospitalizadas-apos-o-descarrilamento-em-adamuz\/\"},\"author\":{\"name\":\"Telinha\",\"@id\":\"https:\/\/portaltela.pt\/#\/schema\/person\/c4278d4a6028830caff9ee44b42d32ed\"},\"headline\":\"Morre Patricia, uma das v\u00edtimas hospitalizadas ap\u00f3s o descarrilamento em Adamuz\",\"datePublished\":\"2026-01-30T18:33:00+00:00\",\"mainEntityOfPage\":{\"@id\":\"https:\/\/portaltela.pt\/noticias\/2026\/01\/30\/morre-patricia-uma-das-vitimas-hospitalizadas-apos-o-descarrilamento-em-adamuz\/\"},\"wordCount\":164,\"image\":{\"@id\":\"https:\/\/portaltela.pt\/noticias\/2026\/01\/30\/morre-patricia-uma-das-vitimas-hospitalizadas-apos-o-descarrilamento-em-adamuz\/#primaryimage\"},\"thumbnailUrl\":\"https:\/\/portaltela.pt\/s.01k8rhncp4jt1\/2026\/01\/img_1280x721uu2026-01-19-18-31-00-2261344-3.jpg\",\"keywords\":[\"acidente ferrovi\u00e1rio\",\"Adamuz\",\"descarrilamento\",\"feridos\"],\"articleSection\":[\"Not\u00edcias\"],\"inLanguage\":\"pt-PT\"},{\"@type\":\"WebPage\",\"@id\":\"https:\/\/portaltela.pt\/noticias\/2026\/01\/30\/morre-patricia-uma-das-vitimas-hospitalizadas-apos-o-descarrilamento-em-adamuz\/\",\"url\":\"https:\/\/portaltela.pt\/noticias\/2026\/01\/30\/morre-patricia-uma-das-vitimas-hospitalizadas-apos-o-descarrilamento-em-adamuz\/\",\"name\":\"Morre Patricia, uma das v\u00edtimas hospitalizadas ap\u00f3s o descarrilamento em Adamuz - Portal Tela Portugal\",\"isPartOf\":{\"@id\":\"https:\/\/portaltela.pt\/#website\"},\"primaryImageOfPage\":{\"@id\":\"https:\/\/portaltela.pt\/noticias\/2026\/01\/30\/morre-patricia-uma-das-vitimas-hospitalizadas-apos-o-descarrilamento-em-adamuz\/#primaryimage\"},\"image\":{\"@id\":\"https:\/\/portaltela.pt\/noticias\/2026\/01\/30\/morre-patricia-uma-das-vitimas-hospitalizadas-apos-o-descarrilamento-em-adamuz\/#primaryimage\"},\"thumbnailUrl\":\"https:\/\/portaltela.pt\/s.01k8rhncp4jt1\/2026\/01\/img_1280x721uu2026-01-19-18-31-00-2261344-3.jpg\",\"datePublished\":\"2026-01-30T18:33:00+00:00\",\"author\":{\"@id\":\"https:\/\/portaltela.pt\/#\/schema\/person\/c4278d4a6028830caff9ee44b42d32ed\"},\"breadcrumb\":{\"@id\":\"https:\/\/portaltela.pt\/noticias\/2026\/01\/30\/morre-patricia-uma-das-vitimas-hospitalizadas-apos-o-descarrilamento-em-adamuz\/#breadcrumb\"},\"inLanguage\":\"pt-PT\",\"potentialAction\":[{\"@type\":\"ReadAction\",\"target\":[\"https:\/\/portaltela.pt\/noticias\/2026\/01\/30\/morre-patricia-uma-das-vitimas-hospitalizadas-apos-o-descarrilamento-em-adamuz\/\"]}]},{\"@type\":\"ImageObject\",\"inLanguage\":\"pt-PT\",\"@id\":\"https:\/\/portaltela.pt\/noticias\/2026\/01\/30\/morre-patricia-uma-das-vitimas-hospitalizadas-apos-o-descarrilamento-em-adamuz\/#primaryimage\",\"url\":\"https:\/\/portaltela.pt\/s.01k8rhncp4jt1\/2026\/01\/img_1280x721uu2026-01-19-18-31-00-2261344-3.jpg\",\"contentUrl\":\"https:\/\/portaltela.pt\/s.01k8rhncp4jt1\/2026\/01\/img_1280x721uu2026-01-19-18-31-00-2261344-3.jpg\",\"width\":796,\"height\":448,\"caption\":\"Photo\"},{\"@type\":\"BreadcrumbList\",\"@id\":\"https:\/\/portaltela.pt\/noticias\/2026\/01\/30\/morre-patricia-uma-das-vitimas-hospitalizadas-apos-o-descarrilamento-em-adamuz\/#breadcrumb\",\"itemListElement\":[{\"@type\":\"ListItem\",\"position\":1,\"name\":\"In\u00edcio\",\"item\":\"https:\/\/portaltela.pt\/\"},{\"@type\":\"ListItem\",\"position\":2,\"name\":\"Morre Patricia, uma das v\u00edtimas hospitalizadas ap\u00f3s o descarrilamento em Adamuz\"}]},{\"@type\":\"WebSite\",\"@id\":\"https:\/\/portaltela.pt\/#website\",\"url\":\"https:\/\/portaltela.pt\/\",\"name\":\"Portal Tela Portugal\",\"description\":\"\",\"potentialAction\":[{\"@type\":\"SearchAction\",\"target\":{\"@type\":\"EntryPoint\",\"urlTemplate\":\"https:\/\/portaltela.pt\/?s={search_term_string}\"},\"query-input\":{\"@type\":\"PropertyValueSpecification\",\"valueRequired\":true,\"valueName\":\"search_term_string\"}}],\"inLanguage\":\"pt-PT\"},{\"@type\":\"Person\",\"@id\":\"https:\/\/portaltela.pt\/#\/schema\/person\/c4278d4a6028830caff9ee44b42d32ed\",\"name\":\"Telinha\",\"image\":{\"@type\":\"ImageObject\",\"inLanguage\":\"pt-PT\",\"@id\":\"https:\/\/portaltela.pt\/s.01k8rhncp4jt1\/2025\/11\/talking-bot-125x125.png\",\"url\":\"https:\/\/portaltela.pt\/s.01k8rhncp4jt1\/2025\/11\/talking-bot-125x125.png\",\"contentUrl\":\"https:\/\/portaltela.pt\/s.01k8rhncp4jt1\/2025\/11\/talking-bot-125x125.png\",\"caption\":\"Telinha\"},\"sameAs\":[\"https:\/\/portaltela.pt\/\"],\"url\":\"https:\/\/portaltela.pt\/por\/367410592786\/\"}]}<\/script>\n<!-- \/ Yoast SEO plugin. -->","yoast_head_json":{"title":"Morre Patricia, uma das v\u00edtimas hospitalizadas ap\u00f3s o descarrilamento em Adamuz - Portal Tela Portugal","robots":{"index":"index","follow":"follow","max-snippet":"max-snippet:-1","max-image-preview":"max-image-preview:large","max-video-preview":"max-video-preview:-1"},"og_locale":"pt_PT","og_type":"article","og_title":"Morre Patricia, uma das v\u00edtimas hospitalizadas ap\u00f3s o descarrilamento em Adamuz - Portal Tela Portugal","og_description":"Patr\u00edcia, de 42 anos, morreu esta sexta-feira, uma das v\u00edtimas do descarrilamento do comboio Iryo em Adamuz, C\u00f3rdoba. Estava hospitalizada desde 18 de janeiro no Hospital Reina Sof\u00eda, em C\u00f3rdoba, com ferimentos nos pulm\u00f5es. A v\u00edtima residia em La Palma del Condado, munic\u00edpio de Huelva. Com a morte, o total de v\u00edtimas mortais sobe a 46; 126 ficaram feridas, estando 16 ainda hospitalizadas. O relat\u00f3rio preliminar aponta para uma fratura do carril como causa do descarrilamento; as investiga\u00e7\u00f5es continuam.","og_url":"https:\/\/portaltela.pt\/noticias\/2026\/01\/30\/morre-patricia-uma-das-vitimas-hospitalizadas-apos-o-descarrilamento-em-adamuz\/","og_site_name":"Portal Tela Portugal","article_published_time":"2026-01-30T18:33:00+00:00","author":"Telinha","twitter_card":"summary_large_image","twitter_misc":{"Escrito por":"Telinha","Tempo estimado de leitura":"1 minuto"},"schema":{"@context":"https:\/\/schema.org","@graph":[{"@type":"Article","@id":"https:\/\/portaltela.pt\/noticias\/2026\/01\/30\/morre-patricia-uma-das-vitimas-hospitalizadas-apos-o-descarrilamento-em-adamuz\/#article","isPartOf":{"@id":"https:\/\/portaltela.pt\/noticias\/2026\/01\/30\/morre-patricia-uma-das-vitimas-hospitalizadas-apos-o-descarrilamento-em-adamuz\/"},"author":{"name":"Telinha","@id":"https:\/\/portaltela.pt\/#\/schema\/person\/c4278d4a6028830caff9ee44b42d32ed"},"headline":"Morre Patricia, uma das v\u00edtimas hospitalizadas ap\u00f3s o descarrilamento em Adamuz","datePublished":"2026-01-30T18:33:00+00:00","mainEntityOfPage":{"@id":"https:\/\/portaltela.pt\/noticias\/2026\/01\/30\/morre-patricia-uma-das-vitimas-hospitalizadas-apos-o-descarrilamento-em-adamuz\/"},"wordCount":164,"image":{"@id":"https:\/\/portaltela.pt\/noticias\/2026\/01\/30\/morre-patricia-uma-das-vitimas-hospitalizadas-apos-o-descarrilamento-em-adamuz\/#primaryimage"},"thumbnailUrl":"https:\/\/portaltela.pt\/s.01k8rhncp4jt1\/2026\/01\/img_1280x721uu2026-01-19-18-31-00-2261344-3.jpg","keywords":["acidente ferrovi\u00e1rio","Adamuz","descarrilamento","feridos"],"articleSection":["Not\u00edcias"],"inLanguage":"pt-PT"},{"@type":"WebPage","@id":"https:\/\/portaltela.pt\/noticias\/2026\/01\/30\/morre-patricia-uma-das-vitimas-hospitalizadas-apos-o-descarrilamento-em-adamuz\/","url":"https:\/\/portaltela.pt\/noticias\/2026\/01\/30\/morre-patricia-uma-das-vitimas-hospitalizadas-apos-o-descarrilamento-em-adamuz\/","name":"Morre Patricia, uma das v\u00edtimas hospitalizadas ap\u00f3s o descarrilamento em Adamuz - Portal Tela Portugal","isPartOf":{"@id":"https:\/\/portaltela.pt\/#website"},"primaryImageOfPage":{"@id":"https:\/\/portaltela.pt\/noticias\/2026\/01\/30\/morre-patricia-uma-das-vitimas-hospitalizadas-apos-o-descarrilamento-em-adamuz\/#primaryimage"},"image":{"@id":"https:\/\/portaltela.pt\/noticias\/2026\/01\/30\/morre-patricia-uma-das-vitimas-hospitalizadas-apos-o-descarrilamento-em-adamuz\/#primaryimage"},"thumbnailUrl":"https:\/\/portaltela.pt\/s.01k8rhncp4jt1\/2026\/01\/img_1280x721uu2026-01-19-18-31-00-2261344-3.jpg","datePublished":"2026-01-30T18:33:00+00:00","author":{"@id":"https:\/\/portaltela.pt\/#\/schema\/person\/c4278d4a6028830caff9ee44b42d32ed"},"breadcrumb":{"@id":"https:\/\/portaltela.pt\/noticias\/2026\/01\/30\/morre-patricia-uma-das-vitimas-hospitalizadas-apos-o-descarrilamento-em-adamuz\/#breadcrumb"},"inLanguage":"pt-PT","potentialAction":[{"@type":"ReadAction","target":["https:\/\/portaltela.pt\/noticias\/2026\/01\/30\/morre-patricia-uma-das-vitimas-hospitalizadas-apos-o-descarrilamento-em-adamuz\/"]}]},{"@type":"ImageObject","inLanguage":"pt-PT","@id":"https:\/\/portaltela.pt\/noticias\/2026\/01\/30\/morre-patricia-uma-das-vitimas-hospitalizadas-apos-o-descarrilamento-em-adamuz\/#primaryimage","url":"https:\/\/portaltela.pt\/s.01k8rhncp4jt1\/2026\/01\/img_1280x721uu2026-01-19-18-31-00-2261344-3.jpg","contentUrl":"https:\/\/portaltela.pt\/s.01k8rhncp4jt1\/2026\/01\/img_1280x721uu2026-01-19-18-31-00-2261344-3.jpg","width":796,"height":448,"caption":"Photo"},{"@type":"BreadcrumbList","@id":"https:\/\/portaltela.pt\/noticias\/2026\/01\/30\/morre-patricia-uma-das-vitimas-hospitalizadas-apos-o-descarrilamento-em-adamuz\/#breadcrumb","itemListElement":[{"@type":"ListItem","position":1,"name":"In\u00edcio","item":"https:\/\/portaltela.pt\/"},{"@type":"ListItem","position":2,"name":"Morre Patricia, uma das v\u00edtimas hospitalizadas ap\u00f3s o descarrilamento em Adamuz"}]},{"@type":"WebSite","@id":"https:\/\/portaltela.pt\/#website","url":"https:\/\/portaltela.pt\/","name":"Portal Tela Portugal","description":"","potentialAction":[{"@type":"SearchAction","target":{"@type":"EntryPoint","urlTemplate":"https:\/\/portaltela.pt\/?s={search_term_string}"},"query-input":{"@type":"PropertyValueSpecification","valueRequired":true,"valueName":"search_term_string"}}],"inLanguage":"pt-PT"},{"@type":"Person","@id":"https:\/\/portaltela.pt\/#\/schema\/person\/c4278d4a6028830caff9ee44b42d32ed","name":"Telinha","image":{"@type":"ImageObject","inLanguage":"pt-PT","@id":"https:\/\/portaltela.pt\/s.01k8rhncp4jt1\/2025\/11\/talking-bot-125x125.png","url":"https:\/\/portaltela.pt\/s.01k8rhncp4jt1\/2025\/11\/talking-bot-125x125.png","contentUrl":"https:\/\/portaltela.pt\/s.01k8rhncp4jt1\/2025\/11\/talking-bot-125x125.png","caption":"Telinha"},"sameAs":["https:\/\/portaltela.pt\/"],"url":"https:\/\/portaltela.pt\/por\/367410592786\/"}]}},"_links":{"self":[{"href":"https:\/\/portaltela.pt\/api\/wp\/v2\/posts\/185113","targetHints":{"allow":["GET"]}}],"collection":[{"href":"https:\/\/portaltela.pt\/api\/wp\/v2\/posts"}],"about":[{"href":"https:\/\/portaltela.pt\/api\/wp\/v2\/types\/post"}],"author":[{"embeddable":true,"href":"https:\/\/portaltela.pt\/api\/wp\/v2\/users\/2"}],"replies":[{"embeddable":true,"href":"https:\/\/portaltela.pt\/api\/wp\/v2\/comments?post=185113"}],"version-history":[{"count":0,"href":"https:\/\/portaltela.pt\/api\/wp\/v2\/posts\/185113\/revisions"}],"wp:featuredmedia":[{"embeddable":true,"href":"https:\/\/portaltela.pt\/api\/wp\/v2\/media\/185140"}],"wp:attachment":[{"href":"https:\/\/portaltela.pt\/api\/wp\/v2\/media?parent=185113"}],"wp:term":[{"taxonomy":"category","embeddable":true,"href":"https:\/\/portaltela.pt\/api\/wp\/v2\/categories?post=185113"},{"taxonomy":"post_tag","embeddable":true,"href":"https:\/\/portaltela.pt\/api\/wp\/v2\/tags?post=185113"}],"curies":[{"name":"wp","href":"https:\/\/api.w.org\/{rel}","templated":true}]}}