{"id":185097,"date":"2026-01-30T15:25:00","date_gmt":"2026-01-30T18:25:00","guid":{"rendered":"https:\/\/portaltela.pt\/noticias\/2026\/01\/30\/receita-fiscal-do-estado-cresce-69-no-ultimo-ano\/"},"modified":"2026-01-30T15:25:00","modified_gmt":"2026-01-30T18:25:00","slug":"receita-fiscal-do-estado-cresce-69-no-ultimo-ano","status":"publish","type":"post","link":"https:\/\/portaltela.pt\/noticias\/economia\/2026\/01\/30\/receita-fiscal-do-estado-cresce-69-no-ultimo-ano\/","title":{"rendered":"Receita fiscal do Estado cresce 6,9% no \u00faltimo ano"},"content":{"rendered":"<p>A receita fiscal do Estado fechou o ano passado em 64.798 milh\u00f5es de euros, mais 6,9% face a 2024. O dado foi divulgado na s\u00edntese de execu\u00e7\u00e3o or\u00e7amental.<\/p>\n<p>Em dezembro de 2025, a receita fiscal acumulada do subsetor Estado totalizou 64.798,7 milh\u00f5es de euros, um aumento de 4.169,3 milh\u00f5es (+6,9%) face ao per\u00edodo hom\u00f3logo.<\/p>\n<p>Se for considerado o efeito dos impostos diferidos em sede de IRC, a progress\u00e3o fica em 6,7%.<\/p>\n<h3>Desempenho por imposto<\/h3>\n<p>Nos impostos diretos, houve um aumento de 4,2%, explicado pela evolu\u00e7\u00e3o da receita l\u00edquida do IRS, que cresceu 9,2%.<\/p>\n<p>Em sentido oposto, a receita l\u00edquida de IRC caiu 2,4%, impactada pela redu\u00e7\u00e3o dos pagamentos de autoliquida\u00e7\u00e3o.<\/p>\n","protected":false},"excerpt":{"rendered":"<ul>\n<li>A receita fiscal do Estado somou 64.798 milh\u00f5es de euros no ano, aumentando 6,9% face a 2024.<\/li>\n<li>O aumento representa um ganho de 4.169,3 milh\u00f5es de euros em rela\u00e7\u00e3o ao per\u00edodo hom\u00f3logo.<\/li>\n<li>Excluindo o efeito dos impostos diferidos em sede de IRC, a progress\u00e3o sobe para 6,7%.<\/li>\n<li>Nos impostos diretos, a receita l\u00edquida do IRS cresceu 9,2%, contribuindo para o aumento global dos diretos (4,2%).<\/li>\n<li>A receita l\u00edquida de IRC caiu 2,4%, devido \u00e0 redu\u00e7\u00e3o dos pagamentos de autoliquida\u00e7\u00e3o.<\/li>\n<\/ul>\n","protected":false},"author":2,"featured_media":185138,"comment_status":"closed","ping_status":"closed","sticky":false,"template":"","format":"standard","meta":{"footnotes":""},"categories":[2,1],"tags":[2525,28,3964,733,3613,4485],"class_list":["post-185097","post","type-post","status-publish","format-standard","has-post-thumbnail","hentry","category-economia","category-noticias","tag-contas-publicas","tag-economia","tag-execucao-orcamental","tag-financas-publicas","tag-impostos","tag-irc"],"yoast_head":"<!-- This site is optimized with the Yoast SEO plugin v27.2 - https:\/\/yoast.com\/product\/yoast-seo-wordpress\/ -->\n<title>Receita fiscal do Estado cresce 6,9% no \u00faltimo ano - Portal Tela Portugal<\/title>\n<meta name=\"robots\" content=\"index, follow, max-snippet:-1, max-image-preview:large, max-video-preview:-1\" \/>\n<meta property=\"og:locale\" content=\"pt_PT\" \/>\n<meta property=\"og:type\" content=\"article\" \/>\n<meta property=\"og:title\" content=\"Receita fiscal do Estado cresce 6,9% no \u00faltimo ano - Portal Tela Portugal\" \/>\n<meta property=\"og:description\" content=\"A receita fiscal do Estado somou 64.798 milh\u00f5es de euros no ano, aumentando 6,9% face a 2024. O aumento representa um ganho de 4.169,3 milh\u00f5es de euros em rela\u00e7\u00e3o ao per\u00edodo hom\u00f3logo. Excluindo o efeito dos impostos diferidos em sede de IRC, a progress\u00e3o sobe para 6,7%. Nos impostos diretos, a receita l\u00edquida do IRS cresceu 9,2%, contribuindo para o aumento global dos diretos (4,2%). A receita l\u00edquida de IRC caiu 2,4%, devido \u00e0 redu\u00e7\u00e3o dos pagamentos de autoliquida\u00e7\u00e3o.\" \/>\n<meta property=\"og:url\" content=\"https:\/\/portaltela.pt\/noticias\/2026\/01\/30\/receita-fiscal-do-estado-cresce-69-no-ultimo-ano\/\" \/>\n<meta property=\"og:site_name\" content=\"Portal Tela Portugal\" \/>\n<meta property=\"article:published_time\" content=\"2026-01-30T18:25:00+00:00\" \/>\n<meta name=\"author\" content=\"Telinha\" \/>\n<meta name=\"twitter:card\" content=\"summary_large_image\" \/>\n<meta name=\"twitter:label1\" content=\"Escrito por\" \/>\n\t<meta name=\"twitter:data1\" content=\"Telinha\" \/>\n\t<meta name=\"twitter:label2\" content=\"Tempo estimado de leitura\" \/>\n\t<meta name=\"twitter:data2\" content=\"1 minuto\" \/>\n<script type=\"application\/ld+json\" class=\"yoast-schema-graph\">{\"@context\":\"https:\/\/schema.org\",\"@graph\":[{\"@type\":\"Article\",\"@id\":\"https:\/\/portaltela.pt\/noticias\/2026\/01\/30\/receita-fiscal-do-estado-cresce-69-no-ultimo-ano\/#article\",\"isPartOf\":{\"@id\":\"https:\/\/portaltela.pt\/noticias\/2026\/01\/30\/receita-fiscal-do-estado-cresce-69-no-ultimo-ano\/\"},\"author\":{\"name\":\"Telinha\",\"@id\":\"https:\/\/portaltela.pt\/#\/schema\/person\/c4278d4a6028830caff9ee44b42d32ed\"},\"headline\":\"Receita fiscal do Estado cresce 6,9% no \u00faltimo ano\",\"datePublished\":\"2026-01-30T18:25:00+00:00\",\"mainEntityOfPage\":{\"@id\":\"https:\/\/portaltela.pt\/noticias\/2026\/01\/30\/receita-fiscal-do-estado-cresce-69-no-ultimo-ano\/\"},\"wordCount\":121,\"image\":{\"@id\":\"https:\/\/portaltela.pt\/noticias\/2026\/01\/30\/receita-fiscal-do-estado-cresce-69-no-ultimo-ano\/#primaryimage\"},\"thumbnailUrl\":\"https:\/\/portaltela.pt\/s.01k8rhncp4jt1\/2026\/01\/GettyImages-1236505686-scaled-1.jpg\",\"keywords\":[\"contas p\u00fablicas\",\"economia\",\"execu\u00e7\u00e3o or\u00e7amental\",\"finan\u00e7as p\u00fablicas\",\"impostos\",\"IRC\"],\"articleSection\":[\"Economia\",\"Not\u00edcias\"],\"inLanguage\":\"pt-PT\"},{\"@type\":\"WebPage\",\"@id\":\"https:\/\/portaltela.pt\/noticias\/2026\/01\/30\/receita-fiscal-do-estado-cresce-69-no-ultimo-ano\/\",\"url\":\"https:\/\/portaltela.pt\/noticias\/2026\/01\/30\/receita-fiscal-do-estado-cresce-69-no-ultimo-ano\/\",\"name\":\"Receita fiscal do Estado cresce 6,9% no \u00faltimo ano - Portal Tela Portugal\",\"isPartOf\":{\"@id\":\"https:\/\/portaltela.pt\/#website\"},\"primaryImageOfPage\":{\"@id\":\"https:\/\/portaltela.pt\/noticias\/2026\/01\/30\/receita-fiscal-do-estado-cresce-69-no-ultimo-ano\/#primaryimage\"},\"image\":{\"@id\":\"https:\/\/portaltela.pt\/noticias\/2026\/01\/30\/receita-fiscal-do-estado-cresce-69-no-ultimo-ano\/#primaryimage\"},\"thumbnailUrl\":\"https:\/\/portaltela.pt\/s.01k8rhncp4jt1\/2026\/01\/GettyImages-1236505686-scaled-1.jpg\",\"datePublished\":\"2026-01-30T18:25:00+00:00\",\"author\":{\"@id\":\"https:\/\/portaltela.pt\/#\/schema\/person\/c4278d4a6028830caff9ee44b42d32ed\"},\"breadcrumb\":{\"@id\":\"https:\/\/portaltela.pt\/noticias\/2026\/01\/30\/receita-fiscal-do-estado-cresce-69-no-ultimo-ano\/#breadcrumb\"},\"inLanguage\":\"pt-PT\",\"potentialAction\":[{\"@type\":\"ReadAction\",\"target\":[\"https:\/\/portaltela.pt\/noticias\/2026\/01\/30\/receita-fiscal-do-estado-cresce-69-no-ultimo-ano\/\"]}]},{\"@type\":\"ImageObject\",\"inLanguage\":\"pt-PT\",\"@id\":\"https:\/\/portaltela.pt\/noticias\/2026\/01\/30\/receita-fiscal-do-estado-cresce-69-no-ultimo-ano\/#primaryimage\",\"url\":\"https:\/\/portaltela.pt\/s.01k8rhncp4jt1\/2026\/01\/GettyImages-1236505686-scaled-1.jpg\",\"contentUrl\":\"https:\/\/portaltela.pt\/s.01k8rhncp4jt1\/2026\/01\/GettyImages-1236505686-scaled-1.jpg\",\"width\":796,\"height\":448,\"caption\":\"Photo\"},{\"@type\":\"BreadcrumbList\",\"@id\":\"https:\/\/portaltela.pt\/noticias\/2026\/01\/30\/receita-fiscal-do-estado-cresce-69-no-ultimo-ano\/#breadcrumb\",\"itemListElement\":[{\"@type\":\"ListItem\",\"position\":1,\"name\":\"In\u00edcio\",\"item\":\"https:\/\/portaltela.pt\/\"},{\"@type\":\"ListItem\",\"position\":2,\"name\":\"Receita fiscal do Estado cresce 6,9% no \u00faltimo ano\"}]},{\"@type\":\"WebSite\",\"@id\":\"https:\/\/portaltela.pt\/#website\",\"url\":\"https:\/\/portaltela.pt\/\",\"name\":\"Portal Tela Portugal\",\"description\":\"\",\"potentialAction\":[{\"@type\":\"SearchAction\",\"target\":{\"@type\":\"EntryPoint\",\"urlTemplate\":\"https:\/\/portaltela.pt\/?s={search_term_string}\"},\"query-input\":{\"@type\":\"PropertyValueSpecification\",\"valueRequired\":true,\"valueName\":\"search_term_string\"}}],\"inLanguage\":\"pt-PT\"},{\"@type\":\"Person\",\"@id\":\"https:\/\/portaltela.pt\/#\/schema\/person\/c4278d4a6028830caff9ee44b42d32ed\",\"name\":\"Telinha\",\"image\":{\"@type\":\"ImageObject\",\"inLanguage\":\"pt-PT\",\"@id\":\"https:\/\/portaltela.pt\/s.01k8rhncp4jt1\/2025\/11\/talking-bot-125x125.png\",\"url\":\"https:\/\/portaltela.pt\/s.01k8rhncp4jt1\/2025\/11\/talking-bot-125x125.png\",\"contentUrl\":\"https:\/\/portaltela.pt\/s.01k8rhncp4jt1\/2025\/11\/talking-bot-125x125.png\",\"caption\":\"Telinha\"},\"sameAs\":[\"https:\/\/portaltela.pt\/\"],\"url\":\"https:\/\/portaltela.pt\/por\/367410592786\/\"}]}<\/script>\n<!-- \/ Yoast SEO plugin. -->","yoast_head_json":{"title":"Receita fiscal do Estado cresce 6,9% no \u00faltimo ano - Portal Tela Portugal","robots":{"index":"index","follow":"follow","max-snippet":"max-snippet:-1","max-image-preview":"max-image-preview:large","max-video-preview":"max-video-preview:-1"},"og_locale":"pt_PT","og_type":"article","og_title":"Receita fiscal do Estado cresce 6,9% no \u00faltimo ano - Portal Tela Portugal","og_description":"A receita fiscal do Estado somou 64.798 milh\u00f5es de euros no ano, aumentando 6,9% face a 2024. O aumento representa um ganho de 4.169,3 milh\u00f5es de euros em rela\u00e7\u00e3o ao per\u00edodo hom\u00f3logo. Excluindo o efeito dos impostos diferidos em sede de IRC, a progress\u00e3o sobe para 6,7%. Nos impostos diretos, a receita l\u00edquida do IRS cresceu 9,2%, contribuindo para o aumento global dos diretos (4,2%). A receita l\u00edquida de IRC caiu 2,4%, devido \u00e0 redu\u00e7\u00e3o dos pagamentos de autoliquida\u00e7\u00e3o.","og_url":"https:\/\/portaltela.pt\/noticias\/2026\/01\/30\/receita-fiscal-do-estado-cresce-69-no-ultimo-ano\/","og_site_name":"Portal Tela Portugal","article_published_time":"2026-01-30T18:25:00+00:00","author":"Telinha","twitter_card":"summary_large_image","twitter_misc":{"Escrito por":"Telinha","Tempo estimado de leitura":"1 minuto"},"schema":{"@context":"https:\/\/schema.org","@graph":[{"@type":"Article","@id":"https:\/\/portaltela.pt\/noticias\/2026\/01\/30\/receita-fiscal-do-estado-cresce-69-no-ultimo-ano\/#article","isPartOf":{"@id":"https:\/\/portaltela.pt\/noticias\/2026\/01\/30\/receita-fiscal-do-estado-cresce-69-no-ultimo-ano\/"},"author":{"name":"Telinha","@id":"https:\/\/portaltela.pt\/#\/schema\/person\/c4278d4a6028830caff9ee44b42d32ed"},"headline":"Receita fiscal do Estado cresce 6,9% no \u00faltimo ano","datePublished":"2026-01-30T18:25:00+00:00","mainEntityOfPage":{"@id":"https:\/\/portaltela.pt\/noticias\/2026\/01\/30\/receita-fiscal-do-estado-cresce-69-no-ultimo-ano\/"},"wordCount":121,"image":{"@id":"https:\/\/portaltela.pt\/noticias\/2026\/01\/30\/receita-fiscal-do-estado-cresce-69-no-ultimo-ano\/#primaryimage"},"thumbnailUrl":"https:\/\/portaltela.pt\/s.01k8rhncp4jt1\/2026\/01\/GettyImages-1236505686-scaled-1.jpg","keywords":["contas p\u00fablicas","economia","execu\u00e7\u00e3o or\u00e7amental","finan\u00e7as p\u00fablicas","impostos","IRC"],"articleSection":["Economia","Not\u00edcias"],"inLanguage":"pt-PT"},{"@type":"WebPage","@id":"https:\/\/portaltela.pt\/noticias\/2026\/01\/30\/receita-fiscal-do-estado-cresce-69-no-ultimo-ano\/","url":"https:\/\/portaltela.pt\/noticias\/2026\/01\/30\/receita-fiscal-do-estado-cresce-69-no-ultimo-ano\/","name":"Receita fiscal do Estado cresce 6,9% no \u00faltimo ano - Portal Tela Portugal","isPartOf":{"@id":"https:\/\/portaltela.pt\/#website"},"primaryImageOfPage":{"@id":"https:\/\/portaltela.pt\/noticias\/2026\/01\/30\/receita-fiscal-do-estado-cresce-69-no-ultimo-ano\/#primaryimage"},"image":{"@id":"https:\/\/portaltela.pt\/noticias\/2026\/01\/30\/receita-fiscal-do-estado-cresce-69-no-ultimo-ano\/#primaryimage"},"thumbnailUrl":"https:\/\/portaltela.pt\/s.01k8rhncp4jt1\/2026\/01\/GettyImages-1236505686-scaled-1.jpg","datePublished":"2026-01-30T18:25:00+00:00","author":{"@id":"https:\/\/portaltela.pt\/#\/schema\/person\/c4278d4a6028830caff9ee44b42d32ed"},"breadcrumb":{"@id":"https:\/\/portaltela.pt\/noticias\/2026\/01\/30\/receita-fiscal-do-estado-cresce-69-no-ultimo-ano\/#breadcrumb"},"inLanguage":"pt-PT","potentialAction":[{"@type":"ReadAction","target":["https:\/\/portaltela.pt\/noticias\/2026\/01\/30\/receita-fiscal-do-estado-cresce-69-no-ultimo-ano\/"]}]},{"@type":"ImageObject","inLanguage":"pt-PT","@id":"https:\/\/portaltela.pt\/noticias\/2026\/01\/30\/receita-fiscal-do-estado-cresce-69-no-ultimo-ano\/#primaryimage","url":"https:\/\/portaltela.pt\/s.01k8rhncp4jt1\/2026\/01\/GettyImages-1236505686-scaled-1.jpg","contentUrl":"https:\/\/portaltela.pt\/s.01k8rhncp4jt1\/2026\/01\/GettyImages-1236505686-scaled-1.jpg","width":796,"height":448,"caption":"Photo"},{"@type":"BreadcrumbList","@id":"https:\/\/portaltela.pt\/noticias\/2026\/01\/30\/receita-fiscal-do-estado-cresce-69-no-ultimo-ano\/#breadcrumb","itemListElement":[{"@type":"ListItem","position":1,"name":"In\u00edcio","item":"https:\/\/portaltela.pt\/"},{"@type":"ListItem","position":2,"name":"Receita fiscal do Estado cresce 6,9% no \u00faltimo ano"}]},{"@type":"WebSite","@id":"https:\/\/portaltela.pt\/#website","url":"https:\/\/portaltela.pt\/","name":"Portal Tela Portugal","description":"","potentialAction":[{"@type":"SearchAction","target":{"@type":"EntryPoint","urlTemplate":"https:\/\/portaltela.pt\/?s={search_term_string}"},"query-input":{"@type":"PropertyValueSpecification","valueRequired":true,"valueName":"search_term_string"}}],"inLanguage":"pt-PT"},{"@type":"Person","@id":"https:\/\/portaltela.pt\/#\/schema\/person\/c4278d4a6028830caff9ee44b42d32ed","name":"Telinha","image":{"@type":"ImageObject","inLanguage":"pt-PT","@id":"https:\/\/portaltela.pt\/s.01k8rhncp4jt1\/2025\/11\/talking-bot-125x125.png","url":"https:\/\/portaltela.pt\/s.01k8rhncp4jt1\/2025\/11\/talking-bot-125x125.png","contentUrl":"https:\/\/portaltela.pt\/s.01k8rhncp4jt1\/2025\/11\/talking-bot-125x125.png","caption":"Telinha"},"sameAs":["https:\/\/portaltela.pt\/"],"url":"https:\/\/portaltela.pt\/por\/367410592786\/"}]}},"_links":{"self":[{"href":"https:\/\/portaltela.pt\/api\/wp\/v2\/posts\/185097","targetHints":{"allow":["GET"]}}],"collection":[{"href":"https:\/\/portaltela.pt\/api\/wp\/v2\/posts"}],"about":[{"href":"https:\/\/portaltela.pt\/api\/wp\/v2\/types\/post"}],"author":[{"embeddable":true,"href":"https:\/\/portaltela.pt\/api\/wp\/v2\/users\/2"}],"replies":[{"embeddable":true,"href":"https:\/\/portaltela.pt\/api\/wp\/v2\/comments?post=185097"}],"version-history":[{"count":0,"href":"https:\/\/portaltela.pt\/api\/wp\/v2\/posts\/185097\/revisions"}],"wp:featuredmedia":[{"embeddable":true,"href":"https:\/\/portaltela.pt\/api\/wp\/v2\/media\/185138"}],"wp:attachment":[{"href":"https:\/\/portaltela.pt\/api\/wp\/v2\/media?parent=185097"}],"wp:term":[{"taxonomy":"category","embeddable":true,"href":"https:\/\/portaltela.pt\/api\/wp\/v2\/categories?post=185097"},{"taxonomy":"post_tag","embeddable":true,"href":"https:\/\/portaltela.pt\/api\/wp\/v2\/tags?post=185097"}],"curies":[{"name":"wp","href":"https:\/\/api.w.org\/{rel}","templated":true}]}}