{"id":185054,"date":"2026-01-30T15:28:24","date_gmt":"2026-01-30T18:28:24","guid":{"rendered":"https:\/\/portaltela.pt\/noticias\/2026\/01\/30\/pj-detem-homem-por-abuso-sexual-de-sobrinha-neta-em-vendas-novas\/"},"modified":"2026-01-30T15:28:24","modified_gmt":"2026-01-30T18:28:24","slug":"pj-detem-homem-por-abuso-sexual-de-sobrinha-neta-em-vendas-novas","status":"publish","type":"post","link":"https:\/\/portaltela.pt\/noticias\/2026\/01\/30\/pj-detem-homem-por-abuso-sexual-de-sobrinha-neta-em-vendas-novas\/","title":{"rendered":"PJ det\u00e9m homem por abuso sexual de sobrinha-neta em Vendas Novas"},"content":{"rendered":"<p>Um homem de 72 anos foi detido pela Pol\u00edcia Judici\u00e1ria (PJ) por suspeitas de abuso sexual de uma crian\u00e7a, a sua sobrinha-neta, de 10 anos, em Vendas Novas, no distrito de \u00c9vora. A deten\u00e7\u00e3o ocorreu hoje, informaram as autoridades.<\/p>\n<p>Segundo a PJ, o suspeito \u00e9 investigado por abuso sexual de menores agravado, relativo a dois epis\u00f3dios ocorridos em outubro e novembro de 2025, na resid\u00eancia familiar na cidade.<\/p>\n<p>A investiga\u00e7\u00e3o teve in\u00edcio ap\u00f3s uma comunica\u00e7\u00e3o da escola \u00e0 GNR, quando a v\u00edtima relatou os abusos no contexto escolar, indicou a PJ via comunicado.<\/p>\n<h3>Deten\u00e7\u00e3o e pr\u00f3ximo passo<\/h3>\n<p>O detido encontra-se hoje a ser presente a Tribunal Judicial de Montemor-o-Novo para primeiro interrogat\u00f3rio judicial e eventual aplica\u00e7\u00e3o de medidas de coa\u00e7\u00e3o, conforme a autoridade policial.<\/p>\n","protected":false},"excerpt":{"rendered":"<ul>\n<li>Um homem de 72 anos foi detido pela Pol\u00edcia Judici\u00e1ria por suspeita de abuso sexual de uma sobrinha-neta, de 10 anos, em Vendas Novas, no distrito de \u00c9vora.<\/li>\n<li>Os factos ter\u00e3o ocorrido em duas ocasi\u00f5es, em outubro e novembro de 2025, na resid\u00eancia familiar partilhada pela fam\u00edlia da v\u00edtima e pelo suspeito.<\/li>\n<li>A deten\u00e7\u00e3o foi efetuada pela Unidade Local de Investiga\u00e7\u00e3o Criminal de \u00c9vora da Pol\u00edcia Judici\u00e1ria.<\/li>\n<li>A investiga\u00e7\u00e3o teve in\u00edcio ap\u00f3s uma comunica\u00e7\u00e3o da escola \u00e0 Guarda Nacional Republicana, ap\u00f3s a crian\u00e7a reportar os abusos no contexto escolar.<\/li>\n<li>O suspeito encontra-se presente ao Tribunal Judicial de Montemor-o-Novo para o primeiro interrogat\u00f3rio judicial e eventual aplica\u00e7\u00e3o de medidas de coa\u00e7\u00e3o.<\/li>\n<\/ul>\n","protected":false},"author":2,"featured_media":185087,"comment_status":"closed","ping_status":"closed","sticky":false,"template":"","format":"standard","meta":{"footnotes":""},"categories":[1],"tags":[208,657,147,1074,1802,4112],"class_list":["post-185054","post","type-post","status-publish","format-standard","has-post-thumbnail","hentry","category-noticias","tag-abuso-de-menores-dependentes","tag-abuso-de-sexual-de-menor-dependente-ou-em-situacao-vulneravel","tag-crime","tag-evora","tag-policia-judiciaria","tag-vendas-novas"],"yoast_head":"<!-- This site is optimized with the Yoast SEO plugin v27.2 - https:\/\/yoast.com\/product\/yoast-seo-wordpress\/ -->\n<title>PJ det\u00e9m homem por abuso sexual de sobrinha-neta em Vendas Novas - Portal Tela Portugal<\/title>\n<meta name=\"robots\" content=\"index, follow, max-snippet:-1, max-image-preview:large, max-video-preview:-1\" \/>\n<meta property=\"og:locale\" content=\"pt_PT\" \/>\n<meta property=\"og:type\" content=\"article\" \/>\n<meta property=\"og:title\" content=\"PJ det\u00e9m homem por abuso sexual de sobrinha-neta em Vendas Novas - Portal Tela Portugal\" \/>\n<meta property=\"og:description\" content=\"Um homem de 72 anos foi detido pela Pol\u00edcia Judici\u00e1ria por suspeita de abuso sexual de uma sobrinha-neta, de 10 anos, em Vendas Novas, no distrito de \u00c9vora. Os factos ter\u00e3o ocorrido em duas ocasi\u00f5es, em outubro e novembro de 2025, na resid\u00eancia familiar partilhada pela fam\u00edlia da v\u00edtima e pelo suspeito. A deten\u00e7\u00e3o foi efetuada pela Unidade Local de Investiga\u00e7\u00e3o Criminal de \u00c9vora da Pol\u00edcia Judici\u00e1ria. A investiga\u00e7\u00e3o teve in\u00edcio ap\u00f3s uma comunica\u00e7\u00e3o da escola \u00e0 Guarda Nacional Republicana, ap\u00f3s a crian\u00e7a reportar os abusos no contexto escolar. O suspeito encontra-se presente ao Tribunal Judicial de Montemor-o-Novo para o primeiro interrogat\u00f3rio judicial e eventual aplica\u00e7\u00e3o de medidas de coa\u00e7\u00e3o.\" \/>\n<meta property=\"og:url\" content=\"https:\/\/portaltela.pt\/noticias\/2026\/01\/30\/pj-detem-homem-por-abuso-sexual-de-sobrinha-neta-em-vendas-novas\/\" \/>\n<meta property=\"og:site_name\" content=\"Portal Tela Portugal\" \/>\n<meta property=\"article:published_time\" content=\"2026-01-30T18:28:24+00:00\" \/>\n<meta name=\"author\" content=\"Telinha\" \/>\n<meta name=\"twitter:card\" content=\"summary_large_image\" \/>\n<meta name=\"twitter:label1\" content=\"Escrito por\" \/>\n\t<meta name=\"twitter:data1\" content=\"Telinha\" \/>\n\t<meta name=\"twitter:label2\" content=\"Tempo estimado de leitura\" \/>\n\t<meta name=\"twitter:data2\" content=\"1 minuto\" \/>\n<script type=\"application\/ld+json\" class=\"yoast-schema-graph\">{\"@context\":\"https:\/\/schema.org\",\"@graph\":[{\"@type\":\"Article\",\"@id\":\"https:\/\/portaltela.pt\/noticias\/2026\/01\/30\/pj-detem-homem-por-abuso-sexual-de-sobrinha-neta-em-vendas-novas\/#article\",\"isPartOf\":{\"@id\":\"https:\/\/portaltela.pt\/noticias\/2026\/01\/30\/pj-detem-homem-por-abuso-sexual-de-sobrinha-neta-em-vendas-novas\/\"},\"author\":{\"name\":\"Telinha\",\"@id\":\"https:\/\/portaltela.pt\/#\/schema\/person\/c4278d4a6028830caff9ee44b42d32ed\"},\"headline\":\"PJ det\u00e9m homem por abuso sexual de sobrinha-neta em Vendas Novas\",\"datePublished\":\"2026-01-30T18:28:24+00:00\",\"mainEntityOfPage\":{\"@id\":\"https:\/\/portaltela.pt\/noticias\/2026\/01\/30\/pj-detem-homem-por-abuso-sexual-de-sobrinha-neta-em-vendas-novas\/\"},\"wordCount\":147,\"image\":{\"@id\":\"https:\/\/portaltela.pt\/noticias\/2026\/01\/30\/pj-detem-homem-por-abuso-sexual-de-sobrinha-neta-em-vendas-novas\/#primaryimage\"},\"thumbnailUrl\":\"https:\/\/portaltela.pt\/s.01k8rhncp4jt1\/2026\/01\/img_1500x1000uu2023-11-12-09-23-00-1490931-11.jpg\",\"keywords\":[\"abuso de menores dependentes\",\"abuso de sexual de menor dependente ou em situa\u00e7\u00e3o vulner\u00e1vel\",\"crime\",\"\u00c9vora\",\"Pol\u00edcia Judici\u00e1ria\",\"Vendas Novas\"],\"articleSection\":[\"Not\u00edcias\"],\"inLanguage\":\"pt-PT\"},{\"@type\":\"WebPage\",\"@id\":\"https:\/\/portaltela.pt\/noticias\/2026\/01\/30\/pj-detem-homem-por-abuso-sexual-de-sobrinha-neta-em-vendas-novas\/\",\"url\":\"https:\/\/portaltela.pt\/noticias\/2026\/01\/30\/pj-detem-homem-por-abuso-sexual-de-sobrinha-neta-em-vendas-novas\/\",\"name\":\"PJ det\u00e9m homem por abuso sexual de sobrinha-neta em Vendas Novas - Portal Tela Portugal\",\"isPartOf\":{\"@id\":\"https:\/\/portaltela.pt\/#website\"},\"primaryImageOfPage\":{\"@id\":\"https:\/\/portaltela.pt\/noticias\/2026\/01\/30\/pj-detem-homem-por-abuso-sexual-de-sobrinha-neta-em-vendas-novas\/#primaryimage\"},\"image\":{\"@id\":\"https:\/\/portaltela.pt\/noticias\/2026\/01\/30\/pj-detem-homem-por-abuso-sexual-de-sobrinha-neta-em-vendas-novas\/#primaryimage\"},\"thumbnailUrl\":\"https:\/\/portaltela.pt\/s.01k8rhncp4jt1\/2026\/01\/img_1500x1000uu2023-11-12-09-23-00-1490931-11.jpg\",\"datePublished\":\"2026-01-30T18:28:24+00:00\",\"author\":{\"@id\":\"https:\/\/portaltela.pt\/#\/schema\/person\/c4278d4a6028830caff9ee44b42d32ed\"},\"breadcrumb\":{\"@id\":\"https:\/\/portaltela.pt\/noticias\/2026\/01\/30\/pj-detem-homem-por-abuso-sexual-de-sobrinha-neta-em-vendas-novas\/#breadcrumb\"},\"inLanguage\":\"pt-PT\",\"potentialAction\":[{\"@type\":\"ReadAction\",\"target\":[\"https:\/\/portaltela.pt\/noticias\/2026\/01\/30\/pj-detem-homem-por-abuso-sexual-de-sobrinha-neta-em-vendas-novas\/\"]}]},{\"@type\":\"ImageObject\",\"inLanguage\":\"pt-PT\",\"@id\":\"https:\/\/portaltela.pt\/noticias\/2026\/01\/30\/pj-detem-homem-por-abuso-sexual-de-sobrinha-neta-em-vendas-novas\/#primaryimage\",\"url\":\"https:\/\/portaltela.pt\/s.01k8rhncp4jt1\/2026\/01\/img_1500x1000uu2023-11-12-09-23-00-1490931-11.jpg\",\"contentUrl\":\"https:\/\/portaltela.pt\/s.01k8rhncp4jt1\/2026\/01\/img_1500x1000uu2023-11-12-09-23-00-1490931-11.jpg\",\"width\":1500,\"height\":1000,\"caption\":\"PJ\"},{\"@type\":\"BreadcrumbList\",\"@id\":\"https:\/\/portaltela.pt\/noticias\/2026\/01\/30\/pj-detem-homem-por-abuso-sexual-de-sobrinha-neta-em-vendas-novas\/#breadcrumb\",\"itemListElement\":[{\"@type\":\"ListItem\",\"position\":1,\"name\":\"In\u00edcio\",\"item\":\"https:\/\/portaltela.pt\/\"},{\"@type\":\"ListItem\",\"position\":2,\"name\":\"PJ det\u00e9m homem por abuso sexual de sobrinha-neta em Vendas Novas\"}]},{\"@type\":\"WebSite\",\"@id\":\"https:\/\/portaltela.pt\/#website\",\"url\":\"https:\/\/portaltela.pt\/\",\"name\":\"Portal Tela Portugal\",\"description\":\"\",\"potentialAction\":[{\"@type\":\"SearchAction\",\"target\":{\"@type\":\"EntryPoint\",\"urlTemplate\":\"https:\/\/portaltela.pt\/?s={search_term_string}\"},\"query-input\":{\"@type\":\"PropertyValueSpecification\",\"valueRequired\":true,\"valueName\":\"search_term_string\"}}],\"inLanguage\":\"pt-PT\"},{\"@type\":\"Person\",\"@id\":\"https:\/\/portaltela.pt\/#\/schema\/person\/c4278d4a6028830caff9ee44b42d32ed\",\"name\":\"Telinha\",\"image\":{\"@type\":\"ImageObject\",\"inLanguage\":\"pt-PT\",\"@id\":\"https:\/\/portaltela.pt\/s.01k8rhncp4jt1\/2025\/11\/talking-bot-125x125.png\",\"url\":\"https:\/\/portaltela.pt\/s.01k8rhncp4jt1\/2025\/11\/talking-bot-125x125.png\",\"contentUrl\":\"https:\/\/portaltela.pt\/s.01k8rhncp4jt1\/2025\/11\/talking-bot-125x125.png\",\"caption\":\"Telinha\"},\"sameAs\":[\"https:\/\/portaltela.pt\/\"],\"url\":\"https:\/\/portaltela.pt\/por\/367410592786\/\"}]}<\/script>\n<!-- \/ Yoast SEO plugin. -->","yoast_head_json":{"title":"PJ det\u00e9m homem por abuso sexual de sobrinha-neta em Vendas Novas - Portal Tela Portugal","robots":{"index":"index","follow":"follow","max-snippet":"max-snippet:-1","max-image-preview":"max-image-preview:large","max-video-preview":"max-video-preview:-1"},"og_locale":"pt_PT","og_type":"article","og_title":"PJ det\u00e9m homem por abuso sexual de sobrinha-neta em Vendas Novas - Portal Tela Portugal","og_description":"Um homem de 72 anos foi detido pela Pol\u00edcia Judici\u00e1ria por suspeita de abuso sexual de uma sobrinha-neta, de 10 anos, em Vendas Novas, no distrito de \u00c9vora. Os factos ter\u00e3o ocorrido em duas ocasi\u00f5es, em outubro e novembro de 2025, na resid\u00eancia familiar partilhada pela fam\u00edlia da v\u00edtima e pelo suspeito. A deten\u00e7\u00e3o foi efetuada pela Unidade Local de Investiga\u00e7\u00e3o Criminal de \u00c9vora da Pol\u00edcia Judici\u00e1ria. A investiga\u00e7\u00e3o teve in\u00edcio ap\u00f3s uma comunica\u00e7\u00e3o da escola \u00e0 Guarda Nacional Republicana, ap\u00f3s a crian\u00e7a reportar os abusos no contexto escolar. O suspeito encontra-se presente ao Tribunal Judicial de Montemor-o-Novo para o primeiro interrogat\u00f3rio judicial e eventual aplica\u00e7\u00e3o de medidas de coa\u00e7\u00e3o.","og_url":"https:\/\/portaltela.pt\/noticias\/2026\/01\/30\/pj-detem-homem-por-abuso-sexual-de-sobrinha-neta-em-vendas-novas\/","og_site_name":"Portal Tela Portugal","article_published_time":"2026-01-30T18:28:24+00:00","author":"Telinha","twitter_card":"summary_large_image","twitter_misc":{"Escrito por":"Telinha","Tempo estimado de leitura":"1 minuto"},"schema":{"@context":"https:\/\/schema.org","@graph":[{"@type":"Article","@id":"https:\/\/portaltela.pt\/noticias\/2026\/01\/30\/pj-detem-homem-por-abuso-sexual-de-sobrinha-neta-em-vendas-novas\/#article","isPartOf":{"@id":"https:\/\/portaltela.pt\/noticias\/2026\/01\/30\/pj-detem-homem-por-abuso-sexual-de-sobrinha-neta-em-vendas-novas\/"},"author":{"name":"Telinha","@id":"https:\/\/portaltela.pt\/#\/schema\/person\/c4278d4a6028830caff9ee44b42d32ed"},"headline":"PJ det\u00e9m homem por abuso sexual de sobrinha-neta em Vendas Novas","datePublished":"2026-01-30T18:28:24+00:00","mainEntityOfPage":{"@id":"https:\/\/portaltela.pt\/noticias\/2026\/01\/30\/pj-detem-homem-por-abuso-sexual-de-sobrinha-neta-em-vendas-novas\/"},"wordCount":147,"image":{"@id":"https:\/\/portaltela.pt\/noticias\/2026\/01\/30\/pj-detem-homem-por-abuso-sexual-de-sobrinha-neta-em-vendas-novas\/#primaryimage"},"thumbnailUrl":"https:\/\/portaltela.pt\/s.01k8rhncp4jt1\/2026\/01\/img_1500x1000uu2023-11-12-09-23-00-1490931-11.jpg","keywords":["abuso de menores dependentes","abuso de sexual de menor dependente ou em situa\u00e7\u00e3o vulner\u00e1vel","crime","\u00c9vora","Pol\u00edcia Judici\u00e1ria","Vendas Novas"],"articleSection":["Not\u00edcias"],"inLanguage":"pt-PT"},{"@type":"WebPage","@id":"https:\/\/portaltela.pt\/noticias\/2026\/01\/30\/pj-detem-homem-por-abuso-sexual-de-sobrinha-neta-em-vendas-novas\/","url":"https:\/\/portaltela.pt\/noticias\/2026\/01\/30\/pj-detem-homem-por-abuso-sexual-de-sobrinha-neta-em-vendas-novas\/","name":"PJ det\u00e9m homem por abuso sexual de sobrinha-neta em Vendas Novas - Portal Tela Portugal","isPartOf":{"@id":"https:\/\/portaltela.pt\/#website"},"primaryImageOfPage":{"@id":"https:\/\/portaltela.pt\/noticias\/2026\/01\/30\/pj-detem-homem-por-abuso-sexual-de-sobrinha-neta-em-vendas-novas\/#primaryimage"},"image":{"@id":"https:\/\/portaltela.pt\/noticias\/2026\/01\/30\/pj-detem-homem-por-abuso-sexual-de-sobrinha-neta-em-vendas-novas\/#primaryimage"},"thumbnailUrl":"https:\/\/portaltela.pt\/s.01k8rhncp4jt1\/2026\/01\/img_1500x1000uu2023-11-12-09-23-00-1490931-11.jpg","datePublished":"2026-01-30T18:28:24+00:00","author":{"@id":"https:\/\/portaltela.pt\/#\/schema\/person\/c4278d4a6028830caff9ee44b42d32ed"},"breadcrumb":{"@id":"https:\/\/portaltela.pt\/noticias\/2026\/01\/30\/pj-detem-homem-por-abuso-sexual-de-sobrinha-neta-em-vendas-novas\/#breadcrumb"},"inLanguage":"pt-PT","potentialAction":[{"@type":"ReadAction","target":["https:\/\/portaltela.pt\/noticias\/2026\/01\/30\/pj-detem-homem-por-abuso-sexual-de-sobrinha-neta-em-vendas-novas\/"]}]},{"@type":"ImageObject","inLanguage":"pt-PT","@id":"https:\/\/portaltela.pt\/noticias\/2026\/01\/30\/pj-detem-homem-por-abuso-sexual-de-sobrinha-neta-em-vendas-novas\/#primaryimage","url":"https:\/\/portaltela.pt\/s.01k8rhncp4jt1\/2026\/01\/img_1500x1000uu2023-11-12-09-23-00-1490931-11.jpg","contentUrl":"https:\/\/portaltela.pt\/s.01k8rhncp4jt1\/2026\/01\/img_1500x1000uu2023-11-12-09-23-00-1490931-11.jpg","width":1500,"height":1000,"caption":"PJ"},{"@type":"BreadcrumbList","@id":"https:\/\/portaltela.pt\/noticias\/2026\/01\/30\/pj-detem-homem-por-abuso-sexual-de-sobrinha-neta-em-vendas-novas\/#breadcrumb","itemListElement":[{"@type":"ListItem","position":1,"name":"In\u00edcio","item":"https:\/\/portaltela.pt\/"},{"@type":"ListItem","position":2,"name":"PJ det\u00e9m homem por abuso sexual de sobrinha-neta em Vendas Novas"}]},{"@type":"WebSite","@id":"https:\/\/portaltela.pt\/#website","url":"https:\/\/portaltela.pt\/","name":"Portal Tela Portugal","description":"","potentialAction":[{"@type":"SearchAction","target":{"@type":"EntryPoint","urlTemplate":"https:\/\/portaltela.pt\/?s={search_term_string}"},"query-input":{"@type":"PropertyValueSpecification","valueRequired":true,"valueName":"search_term_string"}}],"inLanguage":"pt-PT"},{"@type":"Person","@id":"https:\/\/portaltela.pt\/#\/schema\/person\/c4278d4a6028830caff9ee44b42d32ed","name":"Telinha","image":{"@type":"ImageObject","inLanguage":"pt-PT","@id":"https:\/\/portaltela.pt\/s.01k8rhncp4jt1\/2025\/11\/talking-bot-125x125.png","url":"https:\/\/portaltela.pt\/s.01k8rhncp4jt1\/2025\/11\/talking-bot-125x125.png","contentUrl":"https:\/\/portaltela.pt\/s.01k8rhncp4jt1\/2025\/11\/talking-bot-125x125.png","caption":"Telinha"},"sameAs":["https:\/\/portaltela.pt\/"],"url":"https:\/\/portaltela.pt\/por\/367410592786\/"}]}},"_links":{"self":[{"href":"https:\/\/portaltela.pt\/api\/wp\/v2\/posts\/185054","targetHints":{"allow":["GET"]}}],"collection":[{"href":"https:\/\/portaltela.pt\/api\/wp\/v2\/posts"}],"about":[{"href":"https:\/\/portaltela.pt\/api\/wp\/v2\/types\/post"}],"author":[{"embeddable":true,"href":"https:\/\/portaltela.pt\/api\/wp\/v2\/users\/2"}],"replies":[{"embeddable":true,"href":"https:\/\/portaltela.pt\/api\/wp\/v2\/comments?post=185054"}],"version-history":[{"count":0,"href":"https:\/\/portaltela.pt\/api\/wp\/v2\/posts\/185054\/revisions"}],"wp:featuredmedia":[{"embeddable":true,"href":"https:\/\/portaltela.pt\/api\/wp\/v2\/media\/185087"}],"wp:attachment":[{"href":"https:\/\/portaltela.pt\/api\/wp\/v2\/media?parent=185054"}],"wp:term":[{"taxonomy":"category","embeddable":true,"href":"https:\/\/portaltela.pt\/api\/wp\/v2\/categories?post=185054"},{"taxonomy":"post_tag","embeddable":true,"href":"https:\/\/portaltela.pt\/api\/wp\/v2\/tags?post=185054"}],"curies":[{"name":"wp","href":"https:\/\/api.w.org\/{rel}","templated":true}]}}