{"id":185045,"date":"2026-01-30T15:01:00","date_gmt":"2026-01-30T18:01:00","guid":{"rendered":"https:\/\/portaltela.pt\/noticias\/2026\/01\/30\/pagamentos-em-atraso-sobem-para-3323-milhoes-em-2025\/"},"modified":"2026-01-30T15:01:00","modified_gmt":"2026-01-30T18:01:00","slug":"pagamentos-em-atraso-sobem-para-3323-milhoes-em-2025","status":"publish","type":"post","link":"https:\/\/portaltela.pt\/noticias\/2026\/01\/30\/pagamentos-em-atraso-sobem-para-3323-milhoes-em-2025\/","title":{"rendered":"Pagamentos em atraso sobem para 332,3 milh\u00f5es em 2025"},"content":{"rendered":"<p>Os pagamentos em atraso das entidades p\u00fablicas somaram 332,3 milh\u00f5es de euros no final de dezembro de 2025, um aumento de 37,4 milh\u00f5es face ao mesmo per\u00edodo de 2024. Em termos mensais, houve uma descida de 394,7 milh\u00f5es de euros em rela\u00e7\u00e3o ao m\u00eas anterior, segundo a s\u00edntese de execu\u00e7\u00e3o or\u00e7amental.<\/p>\n<p>A subida anual deve-se principalmente ao setor da sa\u00fade, que registou um acr\u00e9scimo de 47,3 milh\u00f5es de euros, e \u00e0s Entidades P\u00fablicas Reclassificadas, com aumento de 18 milh\u00f5es de euros. Por outro lado, a Administra\u00e7\u00e3o Regional registou um recuo de 30,6 milh\u00f5es de euros.<\/p>\n<p>Para a varia\u00e7\u00e3o mensal, a evolu\u00e7\u00e3o abrangeu todos os subsetores, com destaque para a \u00e1rea da sa\u00fade, que registou uma redu\u00e7\u00e3o de 374,3 milh\u00f5es de euros. Este valor resulta, entre outros fatores, de entradas de capital de 600 milh\u00f5es de euros e de refor\u00e7os dos Contratos-Programa de 206 milh\u00f5es de euros nas unidades de sa\u00fade EPE, com o objetivo de regularizar d\u00edvidas a fornecedores.<\/p>\n","protected":false},"excerpt":{"rendered":"<ul>\n<li>No final de dezembro de 2025, os pagamentos em atraso das entidades p\u00fablicas atingiram 332,3 milh\u00f5es de euros, mais 37,4 milh\u00f5es face a 2024.<\/li>\n<li>Em rela\u00e7\u00e3o ao m\u00eas anterior, houve uma descida de 394,7 milh\u00f5es de euros.<\/li>\n<li>O aumento hom\u00f3logo deve-se principalmente \u00e0 \u00e1rea da sa\u00fade (+47,3 milh\u00f5es) e \u00e0s Entidades P\u00fablicas Reclassificadas (+18 milh\u00f5es).<\/li>\n<li>Verificou-se um recuo na Administra\u00e7\u00e3o Regional (-30,6 milh\u00f5es de euros).<\/li>\n<li>A varia\u00e7\u00e3o mensal refletiu a evolu\u00e7\u00e3o em todos os setores, destacando-se a \u00e1rea da sa\u00fade, com entradas de capital de 600 milh\u00f5es de euros e refor\u00e7os de contratos-programa de 206 milh\u00f5es de euros nas unidades de sa\u00fade EPE para regularizar d\u00edvidas a fornecedores.<\/li>\n<\/ul>\n","protected":false},"author":2,"featured_media":185051,"comment_status":"closed","ping_status":"closed","sticky":false,"template":"","format":"standard","meta":{"footnotes":""},"categories":[1],"tags":[168,4674,860,3964,4693,271],"class_list":["post-185045","post","type-post","status-publish","format-standard","has-post-thumbnail","hentry","category-noticias","tag-administracao-publica","tag-divida-publica","tag-entidades-publicas","tag-execucao-orcamental","tag-pagamentos","tag-saude-publica"],"yoast_head":"<!-- This site is optimized with the Yoast SEO plugin v27.2 - https:\/\/yoast.com\/product\/yoast-seo-wordpress\/ -->\n<title>Pagamentos em atraso sobem para 332,3 milh\u00f5es em 2025 - Portal Tela Portugal<\/title>\n<meta name=\"robots\" content=\"index, follow, max-snippet:-1, max-image-preview:large, max-video-preview:-1\" \/>\n<meta property=\"og:locale\" content=\"pt_PT\" \/>\n<meta property=\"og:type\" content=\"article\" \/>\n<meta property=\"og:title\" content=\"Pagamentos em atraso sobem para 332,3 milh\u00f5es em 2025 - Portal Tela Portugal\" \/>\n<meta property=\"og:description\" content=\"No final de dezembro de 2025, os pagamentos em atraso das entidades p\u00fablicas atingiram 332,3 milh\u00f5es de euros, mais 37,4 milh\u00f5es face a 2024. Em rela\u00e7\u00e3o ao m\u00eas anterior, houve uma descida de 394,7 milh\u00f5es de euros. O aumento hom\u00f3logo deve-se principalmente \u00e0 \u00e1rea da sa\u00fade (+47,3 milh\u00f5es) e \u00e0s Entidades P\u00fablicas Reclassificadas (+18 milh\u00f5es). Verificou-se um recuo na Administra\u00e7\u00e3o Regional (-30,6 milh\u00f5es de euros). A varia\u00e7\u00e3o mensal refletiu a evolu\u00e7\u00e3o em todos os setores, destacando-se a \u00e1rea da sa\u00fade, com entradas de capital de 600 milh\u00f5es de euros e refor\u00e7os de contratos-programa de 206 milh\u00f5es de euros nas unidades de sa\u00fade EPE para regularizar d\u00edvidas a fornecedores.\" \/>\n<meta property=\"og:url\" content=\"https:\/\/portaltela.pt\/noticias\/2026\/01\/30\/pagamentos-em-atraso-sobem-para-3323-milhoes-em-2025\/\" \/>\n<meta property=\"og:site_name\" content=\"Portal Tela Portugal\" \/>\n<meta property=\"article:published_time\" content=\"2026-01-30T18:01:00+00:00\" \/>\n<meta name=\"author\" content=\"Telinha\" \/>\n<meta name=\"twitter:card\" content=\"summary_large_image\" \/>\n<meta name=\"twitter:label1\" content=\"Escrito por\" \/>\n\t<meta name=\"twitter:data1\" content=\"Telinha\" \/>\n\t<meta name=\"twitter:label2\" content=\"Tempo estimado de leitura\" \/>\n\t<meta name=\"twitter:data2\" content=\"1 minuto\" \/>\n<script type=\"application\/ld+json\" class=\"yoast-schema-graph\">{\"@context\":\"https:\/\/schema.org\",\"@graph\":[{\"@type\":\"Article\",\"@id\":\"https:\/\/portaltela.pt\/noticias\/2026\/01\/30\/pagamentos-em-atraso-sobem-para-3323-milhoes-em-2025\/#article\",\"isPartOf\":{\"@id\":\"https:\/\/portaltela.pt\/noticias\/2026\/01\/30\/pagamentos-em-atraso-sobem-para-3323-milhoes-em-2025\/\"},\"author\":{\"name\":\"Telinha\",\"@id\":\"https:\/\/portaltela.pt\/#\/schema\/person\/c4278d4a6028830caff9ee44b42d32ed\"},\"headline\":\"Pagamentos em atraso sobem para 332,3 milh\u00f5es em 2025\",\"datePublished\":\"2026-01-30T18:01:00+00:00\",\"mainEntityOfPage\":{\"@id\":\"https:\/\/portaltela.pt\/noticias\/2026\/01\/30\/pagamentos-em-atraso-sobem-para-3323-milhoes-em-2025\/\"},\"wordCount\":183,\"image\":{\"@id\":\"https:\/\/portaltela.pt\/noticias\/2026\/01\/30\/pagamentos-em-atraso-sobem-para-3323-milhoes-em-2025\/#primaryimage\"},\"thumbnailUrl\":\"https:\/\/portaltela.pt\/s.01k8rhncp4jt1\/2026\/01\/unnamed-file-6168.jpg\",\"keywords\":[\"administra\u00e7\u00e3o p\u00fablica\",\"d\u00edvida p\u00fablica\",\"entidades p\u00fablicas\",\"execu\u00e7\u00e3o or\u00e7amental\",\"pagamentos\",\"sa\u00fade p\u00fablica\"],\"articleSection\":[\"Not\u00edcias\"],\"inLanguage\":\"pt-PT\"},{\"@type\":\"WebPage\",\"@id\":\"https:\/\/portaltela.pt\/noticias\/2026\/01\/30\/pagamentos-em-atraso-sobem-para-3323-milhoes-em-2025\/\",\"url\":\"https:\/\/portaltela.pt\/noticias\/2026\/01\/30\/pagamentos-em-atraso-sobem-para-3323-milhoes-em-2025\/\",\"name\":\"Pagamentos em atraso sobem para 332,3 milh\u00f5es em 2025 - Portal Tela Portugal\",\"isPartOf\":{\"@id\":\"https:\/\/portaltela.pt\/#website\"},\"primaryImageOfPage\":{\"@id\":\"https:\/\/portaltela.pt\/noticias\/2026\/01\/30\/pagamentos-em-atraso-sobem-para-3323-milhoes-em-2025\/#primaryimage\"},\"image\":{\"@id\":\"https:\/\/portaltela.pt\/noticias\/2026\/01\/30\/pagamentos-em-atraso-sobem-para-3323-milhoes-em-2025\/#primaryimage\"},\"thumbnailUrl\":\"https:\/\/portaltela.pt\/s.01k8rhncp4jt1\/2026\/01\/unnamed-file-6168.jpg\",\"datePublished\":\"2026-01-30T18:01:00+00:00\",\"author\":{\"@id\":\"https:\/\/portaltela.pt\/#\/schema\/person\/c4278d4a6028830caff9ee44b42d32ed\"},\"breadcrumb\":{\"@id\":\"https:\/\/portaltela.pt\/noticias\/2026\/01\/30\/pagamentos-em-atraso-sobem-para-3323-milhoes-em-2025\/#breadcrumb\"},\"inLanguage\":\"pt-PT\",\"potentialAction\":[{\"@type\":\"ReadAction\",\"target\":[\"https:\/\/portaltela.pt\/noticias\/2026\/01\/30\/pagamentos-em-atraso-sobem-para-3323-milhoes-em-2025\/\"]}]},{\"@type\":\"ImageObject\",\"inLanguage\":\"pt-PT\",\"@id\":\"https:\/\/portaltela.pt\/noticias\/2026\/01\/30\/pagamentos-em-atraso-sobem-para-3323-milhoes-em-2025\/#primaryimage\",\"url\":\"https:\/\/portaltela.pt\/s.01k8rhncp4jt1\/2026\/01\/unnamed-file-6168.jpg\",\"contentUrl\":\"https:\/\/portaltela.pt\/s.01k8rhncp4jt1\/2026\/01\/unnamed-file-6168.jpg\",\"width\":796,\"height\":448,\"caption\":\"O valor de 332,3 milh\u00f5es de euros representa \\\"um aumento de 37,4 milh\u00f5es de euros face ao mesmo per\u00edodo do ano anterior\\\"\"},{\"@type\":\"BreadcrumbList\",\"@id\":\"https:\/\/portaltela.pt\/noticias\/2026\/01\/30\/pagamentos-em-atraso-sobem-para-3323-milhoes-em-2025\/#breadcrumb\",\"itemListElement\":[{\"@type\":\"ListItem\",\"position\":1,\"name\":\"In\u00edcio\",\"item\":\"https:\/\/portaltela.pt\/\"},{\"@type\":\"ListItem\",\"position\":2,\"name\":\"Pagamentos em atraso sobem para 332,3 milh\u00f5es em 2025\"}]},{\"@type\":\"WebSite\",\"@id\":\"https:\/\/portaltela.pt\/#website\",\"url\":\"https:\/\/portaltela.pt\/\",\"name\":\"Portal Tela Portugal\",\"description\":\"\",\"potentialAction\":[{\"@type\":\"SearchAction\",\"target\":{\"@type\":\"EntryPoint\",\"urlTemplate\":\"https:\/\/portaltela.pt\/?s={search_term_string}\"},\"query-input\":{\"@type\":\"PropertyValueSpecification\",\"valueRequired\":true,\"valueName\":\"search_term_string\"}}],\"inLanguage\":\"pt-PT\"},{\"@type\":\"Person\",\"@id\":\"https:\/\/portaltela.pt\/#\/schema\/person\/c4278d4a6028830caff9ee44b42d32ed\",\"name\":\"Telinha\",\"image\":{\"@type\":\"ImageObject\",\"inLanguage\":\"pt-PT\",\"@id\":\"https:\/\/portaltela.pt\/s.01k8rhncp4jt1\/2025\/11\/talking-bot-125x125.png\",\"url\":\"https:\/\/portaltela.pt\/s.01k8rhncp4jt1\/2025\/11\/talking-bot-125x125.png\",\"contentUrl\":\"https:\/\/portaltela.pt\/s.01k8rhncp4jt1\/2025\/11\/talking-bot-125x125.png\",\"caption\":\"Telinha\"},\"sameAs\":[\"https:\/\/portaltela.pt\/\"],\"url\":\"https:\/\/portaltela.pt\/por\/367410592786\/\"}]}<\/script>\n<!-- \/ Yoast SEO plugin. -->","yoast_head_json":{"title":"Pagamentos em atraso sobem para 332,3 milh\u00f5es em 2025 - Portal Tela Portugal","robots":{"index":"index","follow":"follow","max-snippet":"max-snippet:-1","max-image-preview":"max-image-preview:large","max-video-preview":"max-video-preview:-1"},"og_locale":"pt_PT","og_type":"article","og_title":"Pagamentos em atraso sobem para 332,3 milh\u00f5es em 2025 - Portal Tela Portugal","og_description":"No final de dezembro de 2025, os pagamentos em atraso das entidades p\u00fablicas atingiram 332,3 milh\u00f5es de euros, mais 37,4 milh\u00f5es face a 2024. Em rela\u00e7\u00e3o ao m\u00eas anterior, houve uma descida de 394,7 milh\u00f5es de euros. O aumento hom\u00f3logo deve-se principalmente \u00e0 \u00e1rea da sa\u00fade (+47,3 milh\u00f5es) e \u00e0s Entidades P\u00fablicas Reclassificadas (+18 milh\u00f5es). Verificou-se um recuo na Administra\u00e7\u00e3o Regional (-30,6 milh\u00f5es de euros). A varia\u00e7\u00e3o mensal refletiu a evolu\u00e7\u00e3o em todos os setores, destacando-se a \u00e1rea da sa\u00fade, com entradas de capital de 600 milh\u00f5es de euros e refor\u00e7os de contratos-programa de 206 milh\u00f5es de euros nas unidades de sa\u00fade EPE para regularizar d\u00edvidas a fornecedores.","og_url":"https:\/\/portaltela.pt\/noticias\/2026\/01\/30\/pagamentos-em-atraso-sobem-para-3323-milhoes-em-2025\/","og_site_name":"Portal Tela Portugal","article_published_time":"2026-01-30T18:01:00+00:00","author":"Telinha","twitter_card":"summary_large_image","twitter_misc":{"Escrito por":"Telinha","Tempo estimado de leitura":"1 minuto"},"schema":{"@context":"https:\/\/schema.org","@graph":[{"@type":"Article","@id":"https:\/\/portaltela.pt\/noticias\/2026\/01\/30\/pagamentos-em-atraso-sobem-para-3323-milhoes-em-2025\/#article","isPartOf":{"@id":"https:\/\/portaltela.pt\/noticias\/2026\/01\/30\/pagamentos-em-atraso-sobem-para-3323-milhoes-em-2025\/"},"author":{"name":"Telinha","@id":"https:\/\/portaltela.pt\/#\/schema\/person\/c4278d4a6028830caff9ee44b42d32ed"},"headline":"Pagamentos em atraso sobem para 332,3 milh\u00f5es em 2025","datePublished":"2026-01-30T18:01:00+00:00","mainEntityOfPage":{"@id":"https:\/\/portaltela.pt\/noticias\/2026\/01\/30\/pagamentos-em-atraso-sobem-para-3323-milhoes-em-2025\/"},"wordCount":183,"image":{"@id":"https:\/\/portaltela.pt\/noticias\/2026\/01\/30\/pagamentos-em-atraso-sobem-para-3323-milhoes-em-2025\/#primaryimage"},"thumbnailUrl":"https:\/\/portaltela.pt\/s.01k8rhncp4jt1\/2026\/01\/unnamed-file-6168.jpg","keywords":["administra\u00e7\u00e3o p\u00fablica","d\u00edvida p\u00fablica","entidades p\u00fablicas","execu\u00e7\u00e3o or\u00e7amental","pagamentos","sa\u00fade p\u00fablica"],"articleSection":["Not\u00edcias"],"inLanguage":"pt-PT"},{"@type":"WebPage","@id":"https:\/\/portaltela.pt\/noticias\/2026\/01\/30\/pagamentos-em-atraso-sobem-para-3323-milhoes-em-2025\/","url":"https:\/\/portaltela.pt\/noticias\/2026\/01\/30\/pagamentos-em-atraso-sobem-para-3323-milhoes-em-2025\/","name":"Pagamentos em atraso sobem para 332,3 milh\u00f5es em 2025 - Portal Tela Portugal","isPartOf":{"@id":"https:\/\/portaltela.pt\/#website"},"primaryImageOfPage":{"@id":"https:\/\/portaltela.pt\/noticias\/2026\/01\/30\/pagamentos-em-atraso-sobem-para-3323-milhoes-em-2025\/#primaryimage"},"image":{"@id":"https:\/\/portaltela.pt\/noticias\/2026\/01\/30\/pagamentos-em-atraso-sobem-para-3323-milhoes-em-2025\/#primaryimage"},"thumbnailUrl":"https:\/\/portaltela.pt\/s.01k8rhncp4jt1\/2026\/01\/unnamed-file-6168.jpg","datePublished":"2026-01-30T18:01:00+00:00","author":{"@id":"https:\/\/portaltela.pt\/#\/schema\/person\/c4278d4a6028830caff9ee44b42d32ed"},"breadcrumb":{"@id":"https:\/\/portaltela.pt\/noticias\/2026\/01\/30\/pagamentos-em-atraso-sobem-para-3323-milhoes-em-2025\/#breadcrumb"},"inLanguage":"pt-PT","potentialAction":[{"@type":"ReadAction","target":["https:\/\/portaltela.pt\/noticias\/2026\/01\/30\/pagamentos-em-atraso-sobem-para-3323-milhoes-em-2025\/"]}]},{"@type":"ImageObject","inLanguage":"pt-PT","@id":"https:\/\/portaltela.pt\/noticias\/2026\/01\/30\/pagamentos-em-atraso-sobem-para-3323-milhoes-em-2025\/#primaryimage","url":"https:\/\/portaltela.pt\/s.01k8rhncp4jt1\/2026\/01\/unnamed-file-6168.jpg","contentUrl":"https:\/\/portaltela.pt\/s.01k8rhncp4jt1\/2026\/01\/unnamed-file-6168.jpg","width":796,"height":448,"caption":"O valor de 332,3 milh\u00f5es de euros representa \"um aumento de 37,4 milh\u00f5es de euros face ao mesmo per\u00edodo do ano anterior\""},{"@type":"BreadcrumbList","@id":"https:\/\/portaltela.pt\/noticias\/2026\/01\/30\/pagamentos-em-atraso-sobem-para-3323-milhoes-em-2025\/#breadcrumb","itemListElement":[{"@type":"ListItem","position":1,"name":"In\u00edcio","item":"https:\/\/portaltela.pt\/"},{"@type":"ListItem","position":2,"name":"Pagamentos em atraso sobem para 332,3 milh\u00f5es em 2025"}]},{"@type":"WebSite","@id":"https:\/\/portaltela.pt\/#website","url":"https:\/\/portaltela.pt\/","name":"Portal Tela Portugal","description":"","potentialAction":[{"@type":"SearchAction","target":{"@type":"EntryPoint","urlTemplate":"https:\/\/portaltela.pt\/?s={search_term_string}"},"query-input":{"@type":"PropertyValueSpecification","valueRequired":true,"valueName":"search_term_string"}}],"inLanguage":"pt-PT"},{"@type":"Person","@id":"https:\/\/portaltela.pt\/#\/schema\/person\/c4278d4a6028830caff9ee44b42d32ed","name":"Telinha","image":{"@type":"ImageObject","inLanguage":"pt-PT","@id":"https:\/\/portaltela.pt\/s.01k8rhncp4jt1\/2025\/11\/talking-bot-125x125.png","url":"https:\/\/portaltela.pt\/s.01k8rhncp4jt1\/2025\/11\/talking-bot-125x125.png","contentUrl":"https:\/\/portaltela.pt\/s.01k8rhncp4jt1\/2025\/11\/talking-bot-125x125.png","caption":"Telinha"},"sameAs":["https:\/\/portaltela.pt\/"],"url":"https:\/\/portaltela.pt\/por\/367410592786\/"}]}},"_links":{"self":[{"href":"https:\/\/portaltela.pt\/api\/wp\/v2\/posts\/185045","targetHints":{"allow":["GET"]}}],"collection":[{"href":"https:\/\/portaltela.pt\/api\/wp\/v2\/posts"}],"about":[{"href":"https:\/\/portaltela.pt\/api\/wp\/v2\/types\/post"}],"author":[{"embeddable":true,"href":"https:\/\/portaltela.pt\/api\/wp\/v2\/users\/2"}],"replies":[{"embeddable":true,"href":"https:\/\/portaltela.pt\/api\/wp\/v2\/comments?post=185045"}],"version-history":[{"count":0,"href":"https:\/\/portaltela.pt\/api\/wp\/v2\/posts\/185045\/revisions"}],"wp:featuredmedia":[{"embeddable":true,"href":"https:\/\/portaltela.pt\/api\/wp\/v2\/media\/185051"}],"wp:attachment":[{"href":"https:\/\/portaltela.pt\/api\/wp\/v2\/media?parent=185045"}],"wp:term":[{"taxonomy":"category","embeddable":true,"href":"https:\/\/portaltela.pt\/api\/wp\/v2\/categories?post=185045"},{"taxonomy":"post_tag","embeddable":true,"href":"https:\/\/portaltela.pt\/api\/wp\/v2\/tags?post=185045"}],"curies":[{"name":"wp","href":"https:\/\/api.w.org\/{rel}","templated":true}]}}