{"id":185043,"date":"2026-01-30T15:05:07","date_gmt":"2026-01-30T18:05:07","guid":{"rendered":"https:\/\/portaltela.pt\/noticias\/2026\/01\/30\/serra-da-malcata-passa-a-zona-especial-de-conservacao\/"},"modified":"2026-01-30T15:05:07","modified_gmt":"2026-01-30T18:05:07","slug":"serra-da-malcata-passa-a-zona-especial-de-conservacao","status":"publish","type":"post","link":"https:\/\/portaltela.pt\/noticias\/2026\/01\/30\/serra-da-malcata-passa-a-zona-especial-de-conservacao\/","title":{"rendered":"Serra da Malcata passa a Zona Especial de Conserva\u00e7\u00e3o"},"content":{"rendered":"<p>A Serra da Malcata, que envolve os concelhos de Sabugal e Penamacor, ficou classificada como Zona Especial de Conserva\u00e7\u00e3o (ZEC). A medida visa proteger a fauna e a flora locais, no \u00e2mbito da Rede Natura 2000, com foco na conserva\u00e7\u00e3o de habitats e esp\u00e9cies de interesse europeu. O decreto-lei foi publicado no Di\u00e1rio da Rep\u00fablica e entrou em vigor no dia seguinte.<\/p>\n<p>A altera\u00e7\u00e3o n\u00e3o implica perda de garantias de conserva\u00e7\u00e3o nem aumenta a burocracia, assegura o texto. Mant\u00e9m a prote\u00e7\u00e3o existente e especifica regimes de conserva\u00e7\u00e3o para manter ou restabelecer condi\u00e7\u00f5es favor\u00e1veis dos habitats naturais e das popula\u00e7\u00f5es selvagens presentes na \u00e1rea.<\/p>\n<p>A ZEC Malcata resulta de um processo iniciado em 2020 e aprovado pelo Conselho de Ministros no final de 2025. A promulga\u00e7\u00e3o ocorreu a 15 de janeiro de 2026, abrangendo 16.157 hectares. O territ\u00f3rio envolve os munic\u00edpios de Sabugal, Almeida e Penamacor.<\/p>\n<h3>Esp\u00e9cies e habitats priorit\u00e1rios<\/h3>\n<p>Na reserva destacam-se a lontra, o lagarto-de-\u00e1gua, a rata-de-cabrera e aves como guarda-rios, tartaranh\u00e3o-ca\u00e7ador e noitib\u00f3-da-Europa. Entre as aves de rapina figuram milhafre-preto, milhafre-real, abutre-preto, \u00e1guia-cobreira, \u00e1guia-pequena e vespeiro europeu.<\/p>\n<p>O conjunto de esp\u00e9cies a proteger inclui abutre-preto, grifo eurasi\u00e1tico, morcego-de-ferradura-pequeno, cegonha-preta e bufo-real. Tamb\u00e9m h\u00e1 foco em cervunais, amiais, sobreiros e carvalhais, com plantas end\u00e9micas da \u00e1rea.<\/p>\n<h3>Objetivos de gest\u00e3o e reprodu\u00e7\u00e3o<\/h3>\n<p>O diploma define a melhoria das condi\u00e7\u00f5es para a popula\u00e7\u00e3o reprodutora de lobos na reserva. Compete ainda aumentar o potencial de ocorr\u00eancia do lince ib\u00e9rico, s\u00edmbolo da Malcata, ligada ao projeto LIFE Iberlince e \u00e0 possibilidade de reintrodu\u00e7\u00e3o futura.<\/p>\n","protected":false},"excerpt":{"rendered":"<ul>\n<li>A Serra da Malcata passou a Zona Especial de Conserva\u00e7\u00e3o (ZEC), abrangendo os concelhos do Sabugal e Penamacor, com prote\u00e7\u00e3o especial para fauna e flora locais.<\/li>\n<li>O decreto-lei, publicado no Di\u00e1rio da Rep\u00fablica, entrou em vigor no dia seguinte \u00e0 publica\u00e7\u00e3o.<\/li>\n<li>Os objetivos de conserva\u00e7\u00e3o incluem manter ou restabelecer o estado de conserva\u00e7\u00e3o favor\u00e1vel dos habitats naturais ou seminaturais e das popula\u00e7\u00f5es de esp\u00e9cies selvagens presentes, com foco na lontra, lagarto-de-\u00e1gua, rata-de-cabrera e v\u00e1rias aves de rapina.<\/li>\n<li>A ZEC Malcata tem uma \u00e1rea de 16.157 hectares e prev\u00ea a continuidade da melhoria do potencial de ocorr\u00eancia de lince ib\u00e9rico e a prote\u00e7\u00e3o de lobos na reserva.<\/li>\n<li>A classifica\u00e7\u00e3o foi aprovada pelo Conselho de Ministros a 4 de dezembro de 2025 e promulgada a 15 de janeiro de 2026, tendo ouvido os munic\u00edpios de Almeida, Sabugal e Penamacor.<\/li>\n<\/ul>\n","protected":false},"author":2,"featured_media":185070,"comment_status":"closed","ping_status":"closed","sticky":false,"template":"","format":"standard","meta":{"footnotes":""},"categories":[1],"tags":[4880,4198,3568,3422,4551,2182],"class_list":["post-185043","post","type-post","status-publish","format-standard","has-post-thumbnail","hentry","category-noticias","tag-conservacao-ambiental","tag-conservacao-da-natureza-e-da-biodiversidade","tag-natureza","tag-penamacor","tag-sabugal","tag-zona-especial-de-conservacao"],"yoast_head":"<!-- This site is optimized with the Yoast SEO plugin v27.2 - https:\/\/yoast.com\/product\/yoast-seo-wordpress\/ -->\n<title>Serra da Malcata passa a Zona Especial de Conserva\u00e7\u00e3o - Portal Tela Portugal<\/title>\n<meta name=\"robots\" content=\"index, follow, max-snippet:-1, max-image-preview:large, max-video-preview:-1\" \/>\n<meta property=\"og:locale\" content=\"pt_PT\" \/>\n<meta property=\"og:type\" content=\"article\" \/>\n<meta property=\"og:title\" content=\"Serra da Malcata passa a Zona Especial de Conserva\u00e7\u00e3o - Portal Tela Portugal\" \/>\n<meta property=\"og:description\" content=\"A Serra da Malcata passou a Zona Especial de Conserva\u00e7\u00e3o (ZEC), abrangendo os concelhos do Sabugal e Penamacor, com prote\u00e7\u00e3o especial para fauna e flora locais. O decreto-lei, publicado no Di\u00e1rio da Rep\u00fablica, entrou em vigor no dia seguinte \u00e0 publica\u00e7\u00e3o. Os objetivos de conserva\u00e7\u00e3o incluem manter ou restabelecer o estado de conserva\u00e7\u00e3o favor\u00e1vel dos habitats naturais ou seminaturais e das popula\u00e7\u00f5es de esp\u00e9cies selvagens presentes, com foco na lontra, lagarto-de-\u00e1gua, rata-de-cabrera e v\u00e1rias aves de rapina. A ZEC Malcata tem uma \u00e1rea de 16.157 hectares e prev\u00ea a continuidade da melhoria do potencial de ocorr\u00eancia de lince ib\u00e9rico e a prote\u00e7\u00e3o de lobos na reserva. A classifica\u00e7\u00e3o foi aprovada pelo Conselho de Ministros a 4 de dezembro de 2025 e promulgada a 15 de janeiro de 2026, tendo ouvido os munic\u00edpios de Almeida, Sabugal e Penamacor.\" \/>\n<meta property=\"og:url\" content=\"https:\/\/portaltela.pt\/noticias\/2026\/01\/30\/serra-da-malcata-passa-a-zona-especial-de-conservacao\/\" \/>\n<meta property=\"og:site_name\" content=\"Portal Tela Portugal\" \/>\n<meta property=\"article:published_time\" content=\"2026-01-30T18:05:07+00:00\" \/>\n<meta name=\"author\" content=\"Telinha\" \/>\n<meta name=\"twitter:card\" content=\"summary_large_image\" \/>\n<meta name=\"twitter:label1\" content=\"Escrito por\" \/>\n\t<meta name=\"twitter:data1\" content=\"Telinha\" \/>\n\t<meta name=\"twitter:label2\" content=\"Tempo estimado de leitura\" \/>\n\t<meta name=\"twitter:data2\" content=\"1 minuto\" \/>\n<script type=\"application\/ld+json\" class=\"yoast-schema-graph\">{\"@context\":\"https:\/\/schema.org\",\"@graph\":[{\"@type\":\"Article\",\"@id\":\"https:\/\/portaltela.pt\/noticias\/2026\/01\/30\/serra-da-malcata-passa-a-zona-especial-de-conservacao\/#article\",\"isPartOf\":{\"@id\":\"https:\/\/portaltela.pt\/noticias\/2026\/01\/30\/serra-da-malcata-passa-a-zona-especial-de-conservacao\/\"},\"author\":{\"name\":\"Telinha\",\"@id\":\"https:\/\/portaltela.pt\/#\/schema\/person\/c4278d4a6028830caff9ee44b42d32ed\"},\"headline\":\"Serra da Malcata passa a Zona Especial de Conserva\u00e7\u00e3o\",\"datePublished\":\"2026-01-30T18:05:07+00:00\",\"mainEntityOfPage\":{\"@id\":\"https:\/\/portaltela.pt\/noticias\/2026\/01\/30\/serra-da-malcata-passa-a-zona-especial-de-conservacao\/\"},\"wordCount\":289,\"image\":{\"@id\":\"https:\/\/portaltela.pt\/noticias\/2026\/01\/30\/serra-da-malcata-passa-a-zona-especial-de-conservacao\/#primaryimage\"},\"thumbnailUrl\":\"https:\/\/portaltela.pt\/s.01k8rhncp4jt1\/2026\/01\/penamacorreserva-natural-da-serra-da-malcata-scaled-1.jpg\",\"keywords\":[\"conserva\u00e7\u00e3o ambiental\",\"conserva\u00e7\u00e3o da natureza e da biodiversidade\",\"natureza\",\"Penamacor\",\"Sabugal\",\"Zona Especial de Conserva\u00e7\u00e3o\"],\"articleSection\":[\"Not\u00edcias\"],\"inLanguage\":\"pt-PT\"},{\"@type\":\"WebPage\",\"@id\":\"https:\/\/portaltela.pt\/noticias\/2026\/01\/30\/serra-da-malcata-passa-a-zona-especial-de-conservacao\/\",\"url\":\"https:\/\/portaltela.pt\/noticias\/2026\/01\/30\/serra-da-malcata-passa-a-zona-especial-de-conservacao\/\",\"name\":\"Serra da Malcata passa a Zona Especial de Conserva\u00e7\u00e3o - Portal Tela Portugal\",\"isPartOf\":{\"@id\":\"https:\/\/portaltela.pt\/#website\"},\"primaryImageOfPage\":{\"@id\":\"https:\/\/portaltela.pt\/noticias\/2026\/01\/30\/serra-da-malcata-passa-a-zona-especial-de-conservacao\/#primaryimage\"},\"image\":{\"@id\":\"https:\/\/portaltela.pt\/noticias\/2026\/01\/30\/serra-da-malcata-passa-a-zona-especial-de-conservacao\/#primaryimage\"},\"thumbnailUrl\":\"https:\/\/portaltela.pt\/s.01k8rhncp4jt1\/2026\/01\/penamacorreserva-natural-da-serra-da-malcata-scaled-1.jpg\",\"datePublished\":\"2026-01-30T18:05:07+00:00\",\"author\":{\"@id\":\"https:\/\/portaltela.pt\/#\/schema\/person\/c4278d4a6028830caff9ee44b42d32ed\"},\"breadcrumb\":{\"@id\":\"https:\/\/portaltela.pt\/noticias\/2026\/01\/30\/serra-da-malcata-passa-a-zona-especial-de-conservacao\/#breadcrumb\"},\"inLanguage\":\"pt-PT\",\"potentialAction\":[{\"@type\":\"ReadAction\",\"target\":[\"https:\/\/portaltela.pt\/noticias\/2026\/01\/30\/serra-da-malcata-passa-a-zona-especial-de-conservacao\/\"]}]},{\"@type\":\"ImageObject\",\"inLanguage\":\"pt-PT\",\"@id\":\"https:\/\/portaltela.pt\/noticias\/2026\/01\/30\/serra-da-malcata-passa-a-zona-especial-de-conservacao\/#primaryimage\",\"url\":\"https:\/\/portaltela.pt\/s.01k8rhncp4jt1\/2026\/01\/penamacorreserva-natural-da-serra-da-malcata-scaled-1.jpg\",\"contentUrl\":\"https:\/\/portaltela.pt\/s.01k8rhncp4jt1\/2026\/01\/penamacorreserva-natural-da-serra-da-malcata-scaled-1.jpg\",\"width\":796,\"height\":448,\"caption\":\"ICNF pretende reintroduzir o lince ib\u00e9rico neste territ\u00f3rio\"},{\"@type\":\"BreadcrumbList\",\"@id\":\"https:\/\/portaltela.pt\/noticias\/2026\/01\/30\/serra-da-malcata-passa-a-zona-especial-de-conservacao\/#breadcrumb\",\"itemListElement\":[{\"@type\":\"ListItem\",\"position\":1,\"name\":\"In\u00edcio\",\"item\":\"https:\/\/portaltela.pt\/\"},{\"@type\":\"ListItem\",\"position\":2,\"name\":\"Serra da Malcata passa a Zona Especial de Conserva\u00e7\u00e3o\"}]},{\"@type\":\"WebSite\",\"@id\":\"https:\/\/portaltela.pt\/#website\",\"url\":\"https:\/\/portaltela.pt\/\",\"name\":\"Portal Tela Portugal\",\"description\":\"\",\"potentialAction\":[{\"@type\":\"SearchAction\",\"target\":{\"@type\":\"EntryPoint\",\"urlTemplate\":\"https:\/\/portaltela.pt\/?s={search_term_string}\"},\"query-input\":{\"@type\":\"PropertyValueSpecification\",\"valueRequired\":true,\"valueName\":\"search_term_string\"}}],\"inLanguage\":\"pt-PT\"},{\"@type\":\"Person\",\"@id\":\"https:\/\/portaltela.pt\/#\/schema\/person\/c4278d4a6028830caff9ee44b42d32ed\",\"name\":\"Telinha\",\"image\":{\"@type\":\"ImageObject\",\"inLanguage\":\"pt-PT\",\"@id\":\"https:\/\/portaltela.pt\/s.01k8rhncp4jt1\/2025\/11\/talking-bot-125x125.png\",\"url\":\"https:\/\/portaltela.pt\/s.01k8rhncp4jt1\/2025\/11\/talking-bot-125x125.png\",\"contentUrl\":\"https:\/\/portaltela.pt\/s.01k8rhncp4jt1\/2025\/11\/talking-bot-125x125.png\",\"caption\":\"Telinha\"},\"sameAs\":[\"https:\/\/portaltela.pt\/\"],\"url\":\"https:\/\/portaltela.pt\/por\/367410592786\/\"}]}<\/script>\n<!-- \/ Yoast SEO plugin. -->","yoast_head_json":{"title":"Serra da Malcata passa a Zona Especial de Conserva\u00e7\u00e3o - Portal Tela Portugal","robots":{"index":"index","follow":"follow","max-snippet":"max-snippet:-1","max-image-preview":"max-image-preview:large","max-video-preview":"max-video-preview:-1"},"og_locale":"pt_PT","og_type":"article","og_title":"Serra da Malcata passa a Zona Especial de Conserva\u00e7\u00e3o - Portal Tela Portugal","og_description":"A Serra da Malcata passou a Zona Especial de Conserva\u00e7\u00e3o (ZEC), abrangendo os concelhos do Sabugal e Penamacor, com prote\u00e7\u00e3o especial para fauna e flora locais. O decreto-lei, publicado no Di\u00e1rio da Rep\u00fablica, entrou em vigor no dia seguinte \u00e0 publica\u00e7\u00e3o. Os objetivos de conserva\u00e7\u00e3o incluem manter ou restabelecer o estado de conserva\u00e7\u00e3o favor\u00e1vel dos habitats naturais ou seminaturais e das popula\u00e7\u00f5es de esp\u00e9cies selvagens presentes, com foco na lontra, lagarto-de-\u00e1gua, rata-de-cabrera e v\u00e1rias aves de rapina. A ZEC Malcata tem uma \u00e1rea de 16.157 hectares e prev\u00ea a continuidade da melhoria do potencial de ocorr\u00eancia de lince ib\u00e9rico e a prote\u00e7\u00e3o de lobos na reserva. A classifica\u00e7\u00e3o foi aprovada pelo Conselho de Ministros a 4 de dezembro de 2025 e promulgada a 15 de janeiro de 2026, tendo ouvido os munic\u00edpios de Almeida, Sabugal e Penamacor.","og_url":"https:\/\/portaltela.pt\/noticias\/2026\/01\/30\/serra-da-malcata-passa-a-zona-especial-de-conservacao\/","og_site_name":"Portal Tela Portugal","article_published_time":"2026-01-30T18:05:07+00:00","author":"Telinha","twitter_card":"summary_large_image","twitter_misc":{"Escrito por":"Telinha","Tempo estimado de leitura":"1 minuto"},"schema":{"@context":"https:\/\/schema.org","@graph":[{"@type":"Article","@id":"https:\/\/portaltela.pt\/noticias\/2026\/01\/30\/serra-da-malcata-passa-a-zona-especial-de-conservacao\/#article","isPartOf":{"@id":"https:\/\/portaltela.pt\/noticias\/2026\/01\/30\/serra-da-malcata-passa-a-zona-especial-de-conservacao\/"},"author":{"name":"Telinha","@id":"https:\/\/portaltela.pt\/#\/schema\/person\/c4278d4a6028830caff9ee44b42d32ed"},"headline":"Serra da Malcata passa a Zona Especial de Conserva\u00e7\u00e3o","datePublished":"2026-01-30T18:05:07+00:00","mainEntityOfPage":{"@id":"https:\/\/portaltela.pt\/noticias\/2026\/01\/30\/serra-da-malcata-passa-a-zona-especial-de-conservacao\/"},"wordCount":289,"image":{"@id":"https:\/\/portaltela.pt\/noticias\/2026\/01\/30\/serra-da-malcata-passa-a-zona-especial-de-conservacao\/#primaryimage"},"thumbnailUrl":"https:\/\/portaltela.pt\/s.01k8rhncp4jt1\/2026\/01\/penamacorreserva-natural-da-serra-da-malcata-scaled-1.jpg","keywords":["conserva\u00e7\u00e3o ambiental","conserva\u00e7\u00e3o da natureza e da biodiversidade","natureza","Penamacor","Sabugal","Zona Especial de Conserva\u00e7\u00e3o"],"articleSection":["Not\u00edcias"],"inLanguage":"pt-PT"},{"@type":"WebPage","@id":"https:\/\/portaltela.pt\/noticias\/2026\/01\/30\/serra-da-malcata-passa-a-zona-especial-de-conservacao\/","url":"https:\/\/portaltela.pt\/noticias\/2026\/01\/30\/serra-da-malcata-passa-a-zona-especial-de-conservacao\/","name":"Serra da Malcata passa a Zona Especial de Conserva\u00e7\u00e3o - Portal Tela Portugal","isPartOf":{"@id":"https:\/\/portaltela.pt\/#website"},"primaryImageOfPage":{"@id":"https:\/\/portaltela.pt\/noticias\/2026\/01\/30\/serra-da-malcata-passa-a-zona-especial-de-conservacao\/#primaryimage"},"image":{"@id":"https:\/\/portaltela.pt\/noticias\/2026\/01\/30\/serra-da-malcata-passa-a-zona-especial-de-conservacao\/#primaryimage"},"thumbnailUrl":"https:\/\/portaltela.pt\/s.01k8rhncp4jt1\/2026\/01\/penamacorreserva-natural-da-serra-da-malcata-scaled-1.jpg","datePublished":"2026-01-30T18:05:07+00:00","author":{"@id":"https:\/\/portaltela.pt\/#\/schema\/person\/c4278d4a6028830caff9ee44b42d32ed"},"breadcrumb":{"@id":"https:\/\/portaltela.pt\/noticias\/2026\/01\/30\/serra-da-malcata-passa-a-zona-especial-de-conservacao\/#breadcrumb"},"inLanguage":"pt-PT","potentialAction":[{"@type":"ReadAction","target":["https:\/\/portaltela.pt\/noticias\/2026\/01\/30\/serra-da-malcata-passa-a-zona-especial-de-conservacao\/"]}]},{"@type":"ImageObject","inLanguage":"pt-PT","@id":"https:\/\/portaltela.pt\/noticias\/2026\/01\/30\/serra-da-malcata-passa-a-zona-especial-de-conservacao\/#primaryimage","url":"https:\/\/portaltela.pt\/s.01k8rhncp4jt1\/2026\/01\/penamacorreserva-natural-da-serra-da-malcata-scaled-1.jpg","contentUrl":"https:\/\/portaltela.pt\/s.01k8rhncp4jt1\/2026\/01\/penamacorreserva-natural-da-serra-da-malcata-scaled-1.jpg","width":796,"height":448,"caption":"ICNF pretende reintroduzir o lince ib\u00e9rico neste territ\u00f3rio"},{"@type":"BreadcrumbList","@id":"https:\/\/portaltela.pt\/noticias\/2026\/01\/30\/serra-da-malcata-passa-a-zona-especial-de-conservacao\/#breadcrumb","itemListElement":[{"@type":"ListItem","position":1,"name":"In\u00edcio","item":"https:\/\/portaltela.pt\/"},{"@type":"ListItem","position":2,"name":"Serra da Malcata passa a Zona Especial de Conserva\u00e7\u00e3o"}]},{"@type":"WebSite","@id":"https:\/\/portaltela.pt\/#website","url":"https:\/\/portaltela.pt\/","name":"Portal Tela Portugal","description":"","potentialAction":[{"@type":"SearchAction","target":{"@type":"EntryPoint","urlTemplate":"https:\/\/portaltela.pt\/?s={search_term_string}"},"query-input":{"@type":"PropertyValueSpecification","valueRequired":true,"valueName":"search_term_string"}}],"inLanguage":"pt-PT"},{"@type":"Person","@id":"https:\/\/portaltela.pt\/#\/schema\/person\/c4278d4a6028830caff9ee44b42d32ed","name":"Telinha","image":{"@type":"ImageObject","inLanguage":"pt-PT","@id":"https:\/\/portaltela.pt\/s.01k8rhncp4jt1\/2025\/11\/talking-bot-125x125.png","url":"https:\/\/portaltela.pt\/s.01k8rhncp4jt1\/2025\/11\/talking-bot-125x125.png","contentUrl":"https:\/\/portaltela.pt\/s.01k8rhncp4jt1\/2025\/11\/talking-bot-125x125.png","caption":"Telinha"},"sameAs":["https:\/\/portaltela.pt\/"],"url":"https:\/\/portaltela.pt\/por\/367410592786\/"}]}},"_links":{"self":[{"href":"https:\/\/portaltela.pt\/api\/wp\/v2\/posts\/185043","targetHints":{"allow":["GET"]}}],"collection":[{"href":"https:\/\/portaltela.pt\/api\/wp\/v2\/posts"}],"about":[{"href":"https:\/\/portaltela.pt\/api\/wp\/v2\/types\/post"}],"author":[{"embeddable":true,"href":"https:\/\/portaltela.pt\/api\/wp\/v2\/users\/2"}],"replies":[{"embeddable":true,"href":"https:\/\/portaltela.pt\/api\/wp\/v2\/comments?post=185043"}],"version-history":[{"count":0,"href":"https:\/\/portaltela.pt\/api\/wp\/v2\/posts\/185043\/revisions"}],"wp:featuredmedia":[{"embeddable":true,"href":"https:\/\/portaltela.pt\/api\/wp\/v2\/media\/185070"}],"wp:attachment":[{"href":"https:\/\/portaltela.pt\/api\/wp\/v2\/media?parent=185043"}],"wp:term":[{"taxonomy":"category","embeddable":true,"href":"https:\/\/portaltela.pt\/api\/wp\/v2\/categories?post=185043"},{"taxonomy":"post_tag","embeddable":true,"href":"https:\/\/portaltela.pt\/api\/wp\/v2\/tags?post=185043"}],"curies":[{"name":"wp","href":"https:\/\/api.w.org\/{rel}","templated":true}]}}