{"id":185019,"date":"2026-01-30T14:58:33","date_gmt":"2026-01-30T17:58:33","guid":{"rendered":"https:\/\/portaltela.pt\/noticias\/2026\/01\/30\/homem-detido-para-cumprir-cinco-anos-e-meio-de-prisao\/"},"modified":"2026-01-30T14:58:33","modified_gmt":"2026-01-30T17:58:33","slug":"homem-detido-para-cumprir-cinco-anos-e-meio-de-prisao","status":"publish","type":"post","link":"https:\/\/portaltela.pt\/noticias\/2026\/01\/30\/homem-detido-para-cumprir-cinco-anos-e-meio-de-prisao\/","title":{"rendered":"Homem detido para cumprir cinco anos e meio de pris\u00e3o"},"content":{"rendered":"<p>A PSP deteve na Madeira, na sexta-feira, um homem de 45 anos que vivia em mendicidade e tinha mandado de deten\u00e7\u00e3o para cumprir cinco anos e seis meses de pris\u00e3o. A deten\u00e7\u00e3o ocorreu nos arredores do Parque Empresarial Zona Oeste, em C\u00e2mara de Lobos.<\/p>\n<p>A pena resulta de um c\u00famulo jur\u00eddico que agrega tr\u00eas crimes. O homem ter\u00e1 cometido um furto de viatura na cidade do Funchal, em outubro de 2023, e dois furtos qualificados em estabelecimentos comerciais de C\u00e2mara de Lobos, atrav\u00e9s do arrombamento de montras, em novembro do mesmo ano.<\/p>\n<p>A PSP afirma que a investiga\u00e7\u00e3o associada aos processos permitiu reunir provas suficientes para a acusa\u00e7\u00e3o p\u00fablica. Na fase de julgamento, as autoridades judici\u00e1rias conclu\u00edram pela condena\u00e7\u00e3o definitiva.<\/p>\n<p>Este caso evidencia o trabalho policial no controlo de situa\u00e7\u00f5es de mendicidade associadas a il\u00edcitos. A pol\u00edcia n\u00e3o adianta detalhes sobre eventuais conhecidas ou desfechos processuais adicionais.<\/p>\n","protected":false},"excerpt":{"rendered":"<ul>\n<li>A Pol\u00edcia de Seguran\u00e7a P\u00fablica deteve, na Madeira, um homem de 45 anos que vivia em mendicidade e tinha mandado de deten\u00e7\u00e3o para cumprir cinco anos e seis meses de pris\u00e3o.<\/li>\n<li>O comprimento da pena resulta de c\u00famulo jur\u00eddico, ap\u00f3s condena\u00e7\u00e3o por tr\u00eas crimes.<\/li>\n<li>O homem foi intercetado nos arredores do Parque Empresarial Zona Oeste, em C\u00e2mara de Lobos, onde se encontrava em situa\u00e7\u00e3o de mendicidade.<\/li>\n<li>Os crimes incluem um furto de viatura na cidade do Funchal, em outubro de 2023, e dois furtos qualificados em C\u00e2mara de Lobos, em novembro de 2023, atrav\u00e9s do arrombamento de montras.<\/li>\n<li>A PSP indica que a investiga\u00e7\u00e3o reuniu provas suficientes para acusa\u00e7\u00e3o p\u00fablica e subsequente condena\u00e7\u00e3o em julgamento.<\/li>\n<\/ul>\n","protected":false},"author":2,"featured_media":185033,"comment_status":"closed","ping_status":"closed","sticky":false,"template":"","format":"standard","meta":{"footnotes":""},"categories":[1],"tags":[1284,1120,424,3686,3687,859],"class_list":["post-185019","post","type-post","status-publish","format-standard","has-post-thumbnail","hentry","category-noticias","tag-camara-de-lobos","tag-funchal","tag-furto","tag-furtos","tag-furtos-qualificados","tag-madeira"],"yoast_head":"<!-- This site is optimized with the Yoast SEO plugin v27.2 - https:\/\/yoast.com\/product\/yoast-seo-wordpress\/ -->\n<title>Homem detido para cumprir cinco anos e meio de pris\u00e3o - Portal Tela Portugal<\/title>\n<meta name=\"robots\" content=\"index, follow, max-snippet:-1, max-image-preview:large, max-video-preview:-1\" \/>\n<meta property=\"og:locale\" content=\"pt_PT\" \/>\n<meta property=\"og:type\" content=\"article\" \/>\n<meta property=\"og:title\" content=\"Homem detido para cumprir cinco anos e meio de pris\u00e3o - Portal Tela Portugal\" \/>\n<meta property=\"og:description\" content=\"A Pol\u00edcia de Seguran\u00e7a P\u00fablica deteve, na Madeira, um homem de 45 anos que vivia em mendicidade e tinha mandado de deten\u00e7\u00e3o para cumprir cinco anos e seis meses de pris\u00e3o. O comprimento da pena resulta de c\u00famulo jur\u00eddico, ap\u00f3s condena\u00e7\u00e3o por tr\u00eas crimes. O homem foi intercetado nos arredores do Parque Empresarial Zona Oeste, em C\u00e2mara de Lobos, onde se encontrava em situa\u00e7\u00e3o de mendicidade. Os crimes incluem um furto de viatura na cidade do Funchal, em outubro de 2023, e dois furtos qualificados em C\u00e2mara de Lobos, em novembro de 2023, atrav\u00e9s do arrombamento de montras. A PSP indica que a investiga\u00e7\u00e3o reuniu provas suficientes para acusa\u00e7\u00e3o p\u00fablica e subsequente condena\u00e7\u00e3o em julgamento.\" \/>\n<meta property=\"og:url\" content=\"https:\/\/portaltela.pt\/noticias\/2026\/01\/30\/homem-detido-para-cumprir-cinco-anos-e-meio-de-prisao\/\" \/>\n<meta property=\"og:site_name\" content=\"Portal Tela Portugal\" \/>\n<meta property=\"article:published_time\" content=\"2026-01-30T17:58:33+00:00\" \/>\n<meta name=\"author\" content=\"Telinha\" \/>\n<meta name=\"twitter:card\" content=\"summary_large_image\" \/>\n<meta name=\"twitter:label1\" content=\"Escrito por\" \/>\n\t<meta name=\"twitter:data1\" content=\"Telinha\" \/>\n\t<meta name=\"twitter:label2\" content=\"Tempo estimado de leitura\" \/>\n\t<meta name=\"twitter:data2\" content=\"1 minuto\" \/>\n<script type=\"application\/ld+json\" class=\"yoast-schema-graph\">{\"@context\":\"https:\/\/schema.org\",\"@graph\":[{\"@type\":\"Article\",\"@id\":\"https:\/\/portaltela.pt\/noticias\/2026\/01\/30\/homem-detido-para-cumprir-cinco-anos-e-meio-de-prisao\/#article\",\"isPartOf\":{\"@id\":\"https:\/\/portaltela.pt\/noticias\/2026\/01\/30\/homem-detido-para-cumprir-cinco-anos-e-meio-de-prisao\/\"},\"author\":{\"name\":\"Telinha\",\"@id\":\"https:\/\/portaltela.pt\/#\/schema\/person\/c4278d4a6028830caff9ee44b42d32ed\"},\"headline\":\"Homem detido para cumprir cinco anos e meio de pris\u00e3o\",\"datePublished\":\"2026-01-30T17:58:33+00:00\",\"mainEntityOfPage\":{\"@id\":\"https:\/\/portaltela.pt\/noticias\/2026\/01\/30\/homem-detido-para-cumprir-cinco-anos-e-meio-de-prisao\/\"},\"wordCount\":175,\"image\":{\"@id\":\"https:\/\/portaltela.pt\/noticias\/2026\/01\/30\/homem-detido-para-cumprir-cinco-anos-e-meio-de-prisao\/#primaryimage\"},\"thumbnailUrl\":\"https:\/\/portaltela.pt\/s.01k8rhncp4jt1\/2026\/01\/44775520-3.jpg\",\"keywords\":[\"C\u00e2mara de Lobos\",\"Funchal\",\"furto\",\"furtos\",\"furtos qualificados\",\"Madeira\"],\"articleSection\":[\"Not\u00edcias\"],\"inLanguage\":\"pt-PT\"},{\"@type\":\"WebPage\",\"@id\":\"https:\/\/portaltela.pt\/noticias\/2026\/01\/30\/homem-detido-para-cumprir-cinco-anos-e-meio-de-prisao\/\",\"url\":\"https:\/\/portaltela.pt\/noticias\/2026\/01\/30\/homem-detido-para-cumprir-cinco-anos-e-meio-de-prisao\/\",\"name\":\"Homem detido para cumprir cinco anos e meio de pris\u00e3o - Portal Tela Portugal\",\"isPartOf\":{\"@id\":\"https:\/\/portaltela.pt\/#website\"},\"primaryImageOfPage\":{\"@id\":\"https:\/\/portaltela.pt\/noticias\/2026\/01\/30\/homem-detido-para-cumprir-cinco-anos-e-meio-de-prisao\/#primaryimage\"},\"image\":{\"@id\":\"https:\/\/portaltela.pt\/noticias\/2026\/01\/30\/homem-detido-para-cumprir-cinco-anos-e-meio-de-prisao\/#primaryimage\"},\"thumbnailUrl\":\"https:\/\/portaltela.pt\/s.01k8rhncp4jt1\/2026\/01\/44775520-3.jpg\",\"datePublished\":\"2026-01-30T17:58:33+00:00\",\"author\":{\"@id\":\"https:\/\/portaltela.pt\/#\/schema\/person\/c4278d4a6028830caff9ee44b42d32ed\"},\"breadcrumb\":{\"@id\":\"https:\/\/portaltela.pt\/noticias\/2026\/01\/30\/homem-detido-para-cumprir-cinco-anos-e-meio-de-prisao\/#breadcrumb\"},\"inLanguage\":\"pt-PT\",\"potentialAction\":[{\"@type\":\"ReadAction\",\"target\":[\"https:\/\/portaltela.pt\/noticias\/2026\/01\/30\/homem-detido-para-cumprir-cinco-anos-e-meio-de-prisao\/\"]}]},{\"@type\":\"ImageObject\",\"inLanguage\":\"pt-PT\",\"@id\":\"https:\/\/portaltela.pt\/noticias\/2026\/01\/30\/homem-detido-para-cumprir-cinco-anos-e-meio-de-prisao\/#primaryimage\",\"url\":\"https:\/\/portaltela.pt\/s.01k8rhncp4jt1\/2026\/01\/44775520-3.jpg\",\"contentUrl\":\"https:\/\/portaltela.pt\/s.01k8rhncp4jt1\/2026\/01\/44775520-3.jpg\",\"width\":796,\"height\":448,\"caption\":\"PSP det\u00e9m homem por violar mulher em frente dos filhos\"},{\"@type\":\"BreadcrumbList\",\"@id\":\"https:\/\/portaltela.pt\/noticias\/2026\/01\/30\/homem-detido-para-cumprir-cinco-anos-e-meio-de-prisao\/#breadcrumb\",\"itemListElement\":[{\"@type\":\"ListItem\",\"position\":1,\"name\":\"In\u00edcio\",\"item\":\"https:\/\/portaltela.pt\/\"},{\"@type\":\"ListItem\",\"position\":2,\"name\":\"Homem detido para cumprir cinco anos e meio de pris\u00e3o\"}]},{\"@type\":\"WebSite\",\"@id\":\"https:\/\/portaltela.pt\/#website\",\"url\":\"https:\/\/portaltela.pt\/\",\"name\":\"Portal Tela Portugal\",\"description\":\"\",\"potentialAction\":[{\"@type\":\"SearchAction\",\"target\":{\"@type\":\"EntryPoint\",\"urlTemplate\":\"https:\/\/portaltela.pt\/?s={search_term_string}\"},\"query-input\":{\"@type\":\"PropertyValueSpecification\",\"valueRequired\":true,\"valueName\":\"search_term_string\"}}],\"inLanguage\":\"pt-PT\"},{\"@type\":\"Person\",\"@id\":\"https:\/\/portaltela.pt\/#\/schema\/person\/c4278d4a6028830caff9ee44b42d32ed\",\"name\":\"Telinha\",\"image\":{\"@type\":\"ImageObject\",\"inLanguage\":\"pt-PT\",\"@id\":\"https:\/\/portaltela.pt\/s.01k8rhncp4jt1\/2025\/11\/talking-bot-125x125.png\",\"url\":\"https:\/\/portaltela.pt\/s.01k8rhncp4jt1\/2025\/11\/talking-bot-125x125.png\",\"contentUrl\":\"https:\/\/portaltela.pt\/s.01k8rhncp4jt1\/2025\/11\/talking-bot-125x125.png\",\"caption\":\"Telinha\"},\"sameAs\":[\"https:\/\/portaltela.pt\/\"],\"url\":\"https:\/\/portaltela.pt\/por\/367410592786\/\"}]}<\/script>\n<!-- \/ Yoast SEO plugin. -->","yoast_head_json":{"title":"Homem detido para cumprir cinco anos e meio de pris\u00e3o - Portal Tela Portugal","robots":{"index":"index","follow":"follow","max-snippet":"max-snippet:-1","max-image-preview":"max-image-preview:large","max-video-preview":"max-video-preview:-1"},"og_locale":"pt_PT","og_type":"article","og_title":"Homem detido para cumprir cinco anos e meio de pris\u00e3o - Portal Tela Portugal","og_description":"A Pol\u00edcia de Seguran\u00e7a P\u00fablica deteve, na Madeira, um homem de 45 anos que vivia em mendicidade e tinha mandado de deten\u00e7\u00e3o para cumprir cinco anos e seis meses de pris\u00e3o. O comprimento da pena resulta de c\u00famulo jur\u00eddico, ap\u00f3s condena\u00e7\u00e3o por tr\u00eas crimes. O homem foi intercetado nos arredores do Parque Empresarial Zona Oeste, em C\u00e2mara de Lobos, onde se encontrava em situa\u00e7\u00e3o de mendicidade. Os crimes incluem um furto de viatura na cidade do Funchal, em outubro de 2023, e dois furtos qualificados em C\u00e2mara de Lobos, em novembro de 2023, atrav\u00e9s do arrombamento de montras. A PSP indica que a investiga\u00e7\u00e3o reuniu provas suficientes para acusa\u00e7\u00e3o p\u00fablica e subsequente condena\u00e7\u00e3o em julgamento.","og_url":"https:\/\/portaltela.pt\/noticias\/2026\/01\/30\/homem-detido-para-cumprir-cinco-anos-e-meio-de-prisao\/","og_site_name":"Portal Tela Portugal","article_published_time":"2026-01-30T17:58:33+00:00","author":"Telinha","twitter_card":"summary_large_image","twitter_misc":{"Escrito por":"Telinha","Tempo estimado de leitura":"1 minuto"},"schema":{"@context":"https:\/\/schema.org","@graph":[{"@type":"Article","@id":"https:\/\/portaltela.pt\/noticias\/2026\/01\/30\/homem-detido-para-cumprir-cinco-anos-e-meio-de-prisao\/#article","isPartOf":{"@id":"https:\/\/portaltela.pt\/noticias\/2026\/01\/30\/homem-detido-para-cumprir-cinco-anos-e-meio-de-prisao\/"},"author":{"name":"Telinha","@id":"https:\/\/portaltela.pt\/#\/schema\/person\/c4278d4a6028830caff9ee44b42d32ed"},"headline":"Homem detido para cumprir cinco anos e meio de pris\u00e3o","datePublished":"2026-01-30T17:58:33+00:00","mainEntityOfPage":{"@id":"https:\/\/portaltela.pt\/noticias\/2026\/01\/30\/homem-detido-para-cumprir-cinco-anos-e-meio-de-prisao\/"},"wordCount":175,"image":{"@id":"https:\/\/portaltela.pt\/noticias\/2026\/01\/30\/homem-detido-para-cumprir-cinco-anos-e-meio-de-prisao\/#primaryimage"},"thumbnailUrl":"https:\/\/portaltela.pt\/s.01k8rhncp4jt1\/2026\/01\/44775520-3.jpg","keywords":["C\u00e2mara de Lobos","Funchal","furto","furtos","furtos qualificados","Madeira"],"articleSection":["Not\u00edcias"],"inLanguage":"pt-PT"},{"@type":"WebPage","@id":"https:\/\/portaltela.pt\/noticias\/2026\/01\/30\/homem-detido-para-cumprir-cinco-anos-e-meio-de-prisao\/","url":"https:\/\/portaltela.pt\/noticias\/2026\/01\/30\/homem-detido-para-cumprir-cinco-anos-e-meio-de-prisao\/","name":"Homem detido para cumprir cinco anos e meio de pris\u00e3o - Portal Tela Portugal","isPartOf":{"@id":"https:\/\/portaltela.pt\/#website"},"primaryImageOfPage":{"@id":"https:\/\/portaltela.pt\/noticias\/2026\/01\/30\/homem-detido-para-cumprir-cinco-anos-e-meio-de-prisao\/#primaryimage"},"image":{"@id":"https:\/\/portaltela.pt\/noticias\/2026\/01\/30\/homem-detido-para-cumprir-cinco-anos-e-meio-de-prisao\/#primaryimage"},"thumbnailUrl":"https:\/\/portaltela.pt\/s.01k8rhncp4jt1\/2026\/01\/44775520-3.jpg","datePublished":"2026-01-30T17:58:33+00:00","author":{"@id":"https:\/\/portaltela.pt\/#\/schema\/person\/c4278d4a6028830caff9ee44b42d32ed"},"breadcrumb":{"@id":"https:\/\/portaltela.pt\/noticias\/2026\/01\/30\/homem-detido-para-cumprir-cinco-anos-e-meio-de-prisao\/#breadcrumb"},"inLanguage":"pt-PT","potentialAction":[{"@type":"ReadAction","target":["https:\/\/portaltela.pt\/noticias\/2026\/01\/30\/homem-detido-para-cumprir-cinco-anos-e-meio-de-prisao\/"]}]},{"@type":"ImageObject","inLanguage":"pt-PT","@id":"https:\/\/portaltela.pt\/noticias\/2026\/01\/30\/homem-detido-para-cumprir-cinco-anos-e-meio-de-prisao\/#primaryimage","url":"https:\/\/portaltela.pt\/s.01k8rhncp4jt1\/2026\/01\/44775520-3.jpg","contentUrl":"https:\/\/portaltela.pt\/s.01k8rhncp4jt1\/2026\/01\/44775520-3.jpg","width":796,"height":448,"caption":"PSP det\u00e9m homem por violar mulher em frente dos filhos"},{"@type":"BreadcrumbList","@id":"https:\/\/portaltela.pt\/noticias\/2026\/01\/30\/homem-detido-para-cumprir-cinco-anos-e-meio-de-prisao\/#breadcrumb","itemListElement":[{"@type":"ListItem","position":1,"name":"In\u00edcio","item":"https:\/\/portaltela.pt\/"},{"@type":"ListItem","position":2,"name":"Homem detido para cumprir cinco anos e meio de pris\u00e3o"}]},{"@type":"WebSite","@id":"https:\/\/portaltela.pt\/#website","url":"https:\/\/portaltela.pt\/","name":"Portal Tela Portugal","description":"","potentialAction":[{"@type":"SearchAction","target":{"@type":"EntryPoint","urlTemplate":"https:\/\/portaltela.pt\/?s={search_term_string}"},"query-input":{"@type":"PropertyValueSpecification","valueRequired":true,"valueName":"search_term_string"}}],"inLanguage":"pt-PT"},{"@type":"Person","@id":"https:\/\/portaltela.pt\/#\/schema\/person\/c4278d4a6028830caff9ee44b42d32ed","name":"Telinha","image":{"@type":"ImageObject","inLanguage":"pt-PT","@id":"https:\/\/portaltela.pt\/s.01k8rhncp4jt1\/2025\/11\/talking-bot-125x125.png","url":"https:\/\/portaltela.pt\/s.01k8rhncp4jt1\/2025\/11\/talking-bot-125x125.png","contentUrl":"https:\/\/portaltela.pt\/s.01k8rhncp4jt1\/2025\/11\/talking-bot-125x125.png","caption":"Telinha"},"sameAs":["https:\/\/portaltela.pt\/"],"url":"https:\/\/portaltela.pt\/por\/367410592786\/"}]}},"_links":{"self":[{"href":"https:\/\/portaltela.pt\/api\/wp\/v2\/posts\/185019","targetHints":{"allow":["GET"]}}],"collection":[{"href":"https:\/\/portaltela.pt\/api\/wp\/v2\/posts"}],"about":[{"href":"https:\/\/portaltela.pt\/api\/wp\/v2\/types\/post"}],"author":[{"embeddable":true,"href":"https:\/\/portaltela.pt\/api\/wp\/v2\/users\/2"}],"replies":[{"embeddable":true,"href":"https:\/\/portaltela.pt\/api\/wp\/v2\/comments?post=185019"}],"version-history":[{"count":0,"href":"https:\/\/portaltela.pt\/api\/wp\/v2\/posts\/185019\/revisions"}],"wp:featuredmedia":[{"embeddable":true,"href":"https:\/\/portaltela.pt\/api\/wp\/v2\/media\/185033"}],"wp:attachment":[{"href":"https:\/\/portaltela.pt\/api\/wp\/v2\/media?parent=185019"}],"wp:term":[{"taxonomy":"category","embeddable":true,"href":"https:\/\/portaltela.pt\/api\/wp\/v2\/categories?post=185019"},{"taxonomy":"post_tag","embeddable":true,"href":"https:\/\/portaltela.pt\/api\/wp\/v2\/tags?post=185019"}],"curies":[{"name":"wp","href":"https:\/\/api.w.org\/{rel}","templated":true}]}}