{"id":184967,"date":"2026-01-30T14:33:00","date_gmt":"2026-01-30T17:33:00","guid":{"rendered":"https:\/\/portaltela.pt\/noticias\/2026\/01\/30\/clube-dos-pensadores-recebe-andre-ventura-candidato-presidencial\/"},"modified":"2026-01-30T14:33:00","modified_gmt":"2026-01-30T17:33:00","slug":"clube-dos-pensadores-recebe-andre-ventura-candidato-presidencial","status":"publish","type":"post","link":"https:\/\/portaltela.pt\/noticias\/politica\/2026\/01\/30\/clube-dos-pensadores-recebe-andre-ventura-candidato-presidencial\/","title":{"rendered":"Clube dos Pensadores recebe Andr\u00e9 Ventura, candidato presidencial"},"content":{"rendered":"<p>O Clube dos Pensadores (CdP), por via do seu fundador, Joaquim Jorge, convidou Andr\u00e9 Ventura, candidato \u00e0 Presid\u00eancia da Rep\u00fablica, para estar presente no dia 31 de janeiro, \u00e0s 21h30, no Hotel Holiday Inn Porto-Gaia. O objetivo \u00e9 promover um debate com candidatos.<\/p>\n<p>Ao longo da campanha, o CdP tem recebido diversos candidatos, incluindo Gouveia e Melo e Ant\u00f3nio Jos\u00e9 Seguro. Tentou ainda Cotrim de Figueiredo, que j\u00e1 esteve no CdP como l\u00edder da IL. O objetivo \u00e9 oferecer espa\u00e7o de debate p\u00fablico.<\/p>\n<p>Andr\u00e9 Ventura manifestou desejo de comparecer, mas n\u00e3o foi poss\u00edvel. Em comunicado, informou que, ap\u00f3s a primeira volta das elei\u00e7\u00f5es, voltar\u00e1 ao clube para participar em outra data. Foi enviado um convite pessoal a Ant\u00f3nio Jos\u00e9 Seguro, no dia 9 de janeiro, mas n\u00e3o houve resposta.<\/p>\n<h3>Contexto da campanha e participa\u00e7\u00e3o<\/h3>\n<p>O CdP tem promovido encontros com v\u00e1rias figuras pol\u00edticas para discutir temas nacionais. Os organizadores destacam a import\u00e2ncia de debates p\u00fablicos para que os eleitores conhe\u00e7am propostas de diferentes candidatos, sem apontar posi\u00e7\u00f5es espec\u00edficas de apoio.<\/p>\n","protected":false},"excerpt":{"rendered":"<ul>\n<li>O Clube dos Pensadores convidou Andr\u00e9 Ventura, candidato presidencial, para um evento no dia 31 de janeiro, \u00e0s 21h30, no Hotel Holiday Inn Porto-Gaia, conforme anunciou o fundador Joaquim Jorge.<\/li>\n<li>O CdP j\u00e1 recebeu v\u00e1rios candidatos na campanha, incluindo Gouveia e Melo e Ant\u00f3nio Jos\u00e9 Seguro; tentou Cotrim de Figueiredo, que j\u00e1 esteve no clube.<\/li>\n<li>Ventura n\u00e3o p\u00f4de estar presente neste encontro, mas informou que, ap\u00f3s a primeira volta, visitaria o clube.<\/li>\n<li>Foi enviado um convite pessoal a Ant\u00f3nio Jos\u00e9 Seguro no dia 9 de janeiro, mas n\u00e3o houve resposta.<\/li>\n<li>Foi apresentada uma peti\u00e7\u00e3o para ilegalizar o Chega, associando o debate pol\u00edtico a cr\u00edticas sobre o voto e o apoio aos candidatos.<\/li>\n<\/ul>\n","protected":false},"author":2,"featured_media":184993,"comment_status":"closed","ping_status":"closed","sticky":false,"template":"","format":"standard","meta":{"footnotes":""},"categories":[1,5],"tags":[2453,2655,2678,68,2890,2832],"class_list":["post-184967","post","type-post","status-publish","format-standard","has-post-thumbnail","hentry","category-noticias","category-politica","tag-andre-ventura","tag-antonio-jose-seguro","tag-cotrim-de-figueiredo","tag-eleicoes","tag-gouveia-e-melo","tag-politica"],"yoast_head":"<!-- This site is optimized with the Yoast SEO plugin v27.2 - https:\/\/yoast.com\/product\/yoast-seo-wordpress\/ -->\n<title>Clube dos Pensadores recebe Andr\u00e9 Ventura, candidato presidencial - Portal Tela Portugal<\/title>\n<meta name=\"robots\" content=\"index, follow, max-snippet:-1, max-image-preview:large, max-video-preview:-1\" \/>\n<meta property=\"og:locale\" content=\"pt_PT\" \/>\n<meta property=\"og:type\" content=\"article\" \/>\n<meta property=\"og:title\" content=\"Clube dos Pensadores recebe Andr\u00e9 Ventura, candidato presidencial - Portal Tela Portugal\" \/>\n<meta property=\"og:description\" content=\"O Clube dos Pensadores convidou Andr\u00e9 Ventura, candidato presidencial, para um evento no dia 31 de janeiro, \u00e0s 21h30, no Hotel Holiday Inn Porto-Gaia, conforme anunciou o fundador Joaquim Jorge. O CdP j\u00e1 recebeu v\u00e1rios candidatos na campanha, incluindo Gouveia e Melo e Ant\u00f3nio Jos\u00e9 Seguro; tentou Cotrim de Figueiredo, que j\u00e1 esteve no clube. Ventura n\u00e3o p\u00f4de estar presente neste encontro, mas informou que, ap\u00f3s a primeira volta, visitaria o clube. Foi enviado um convite pessoal a Ant\u00f3nio Jos\u00e9 Seguro no dia 9 de janeiro, mas n\u00e3o houve resposta. Foi apresentada uma peti\u00e7\u00e3o para ilegalizar o Chega, associando o debate pol\u00edtico a cr\u00edticas sobre o voto e o apoio aos candidatos.\" \/>\n<meta property=\"og:url\" content=\"https:\/\/portaltela.pt\/noticias\/2026\/01\/30\/clube-dos-pensadores-recebe-andre-ventura-candidato-presidencial\/\" \/>\n<meta property=\"og:site_name\" content=\"Portal Tela Portugal\" \/>\n<meta property=\"article:published_time\" content=\"2026-01-30T17:33:00+00:00\" \/>\n<meta name=\"author\" content=\"Telinha\" \/>\n<meta name=\"twitter:card\" content=\"summary_large_image\" \/>\n<meta name=\"twitter:label1\" content=\"Escrito por\" \/>\n\t<meta name=\"twitter:data1\" content=\"Telinha\" \/>\n\t<meta name=\"twitter:label2\" content=\"Tempo estimado de leitura\" \/>\n\t<meta name=\"twitter:data2\" content=\"1 minuto\" \/>\n<script type=\"application\/ld+json\" class=\"yoast-schema-graph\">{\"@context\":\"https:\/\/schema.org\",\"@graph\":[{\"@type\":\"Article\",\"@id\":\"https:\/\/portaltela.pt\/noticias\/2026\/01\/30\/clube-dos-pensadores-recebe-andre-ventura-candidato-presidencial\/#article\",\"isPartOf\":{\"@id\":\"https:\/\/portaltela.pt\/noticias\/2026\/01\/30\/clube-dos-pensadores-recebe-andre-ventura-candidato-presidencial\/\"},\"author\":{\"name\":\"Telinha\",\"@id\":\"https:\/\/portaltela.pt\/#\/schema\/person\/c4278d4a6028830caff9ee44b42d32ed\"},\"headline\":\"Clube dos Pensadores recebe Andr\u00e9 Ventura, candidato presidencial\",\"datePublished\":\"2026-01-30T17:33:00+00:00\",\"mainEntityOfPage\":{\"@id\":\"https:\/\/portaltela.pt\/noticias\/2026\/01\/30\/clube-dos-pensadores-recebe-andre-ventura-candidato-presidencial\/\"},\"wordCount\":193,\"image\":{\"@id\":\"https:\/\/portaltela.pt\/noticias\/2026\/01\/30\/clube-dos-pensadores-recebe-andre-ventura-candidato-presidencial\/#primaryimage\"},\"thumbnailUrl\":\"https:\/\/portaltela.pt\/s.01k8rhncp4jt1\/2026\/01\/unnamed-file-6161.jpg\",\"keywords\":[\"Andr\u00e9 Ventura\",\"Ant\u00f3nio Jos\u00e9 Seguro\",\"Cotrim de Figueiredo\",\"elei\u00e7\u00f5es\",\"Gouveia e Melo\",\"pol\u00edtica\"],\"articleSection\":[\"Not\u00edcias\",\"Pol\u00edtica\"],\"inLanguage\":\"pt-PT\"},{\"@type\":\"WebPage\",\"@id\":\"https:\/\/portaltela.pt\/noticias\/2026\/01\/30\/clube-dos-pensadores-recebe-andre-ventura-candidato-presidencial\/\",\"url\":\"https:\/\/portaltela.pt\/noticias\/2026\/01\/30\/clube-dos-pensadores-recebe-andre-ventura-candidato-presidencial\/\",\"name\":\"Clube dos Pensadores recebe Andr\u00e9 Ventura, candidato presidencial - Portal Tela Portugal\",\"isPartOf\":{\"@id\":\"https:\/\/portaltela.pt\/#website\"},\"primaryImageOfPage\":{\"@id\":\"https:\/\/portaltela.pt\/noticias\/2026\/01\/30\/clube-dos-pensadores-recebe-andre-ventura-candidato-presidencial\/#primaryimage\"},\"image\":{\"@id\":\"https:\/\/portaltela.pt\/noticias\/2026\/01\/30\/clube-dos-pensadores-recebe-andre-ventura-candidato-presidencial\/#primaryimage\"},\"thumbnailUrl\":\"https:\/\/portaltela.pt\/s.01k8rhncp4jt1\/2026\/01\/unnamed-file-6161.jpg\",\"datePublished\":\"2026-01-30T17:33:00+00:00\",\"author\":{\"@id\":\"https:\/\/portaltela.pt\/#\/schema\/person\/c4278d4a6028830caff9ee44b42d32ed\"},\"breadcrumb\":{\"@id\":\"https:\/\/portaltela.pt\/noticias\/2026\/01\/30\/clube-dos-pensadores-recebe-andre-ventura-candidato-presidencial\/#breadcrumb\"},\"inLanguage\":\"pt-PT\",\"potentialAction\":[{\"@type\":\"ReadAction\",\"target\":[\"https:\/\/portaltela.pt\/noticias\/2026\/01\/30\/clube-dos-pensadores-recebe-andre-ventura-candidato-presidencial\/\"]}]},{\"@type\":\"ImageObject\",\"inLanguage\":\"pt-PT\",\"@id\":\"https:\/\/portaltela.pt\/noticias\/2026\/01\/30\/clube-dos-pensadores-recebe-andre-ventura-candidato-presidencial\/#primaryimage\",\"url\":\"https:\/\/portaltela.pt\/s.01k8rhncp4jt1\/2026\/01\/unnamed-file-6161.jpg\",\"contentUrl\":\"https:\/\/portaltela.pt\/s.01k8rhncp4jt1\/2026\/01\/unnamed-file-6161.jpg\",\"width\":796,\"height\":448,\"caption\":\"Clube dos Pensadores recebe Andr\u00e9 Ventura, candidato presidencial\"},{\"@type\":\"BreadcrumbList\",\"@id\":\"https:\/\/portaltela.pt\/noticias\/2026\/01\/30\/clube-dos-pensadores-recebe-andre-ventura-candidato-presidencial\/#breadcrumb\",\"itemListElement\":[{\"@type\":\"ListItem\",\"position\":1,\"name\":\"In\u00edcio\",\"item\":\"https:\/\/portaltela.pt\/\"},{\"@type\":\"ListItem\",\"position\":2,\"name\":\"Clube dos Pensadores recebe Andr\u00e9 Ventura, candidato presidencial\"}]},{\"@type\":\"WebSite\",\"@id\":\"https:\/\/portaltela.pt\/#website\",\"url\":\"https:\/\/portaltela.pt\/\",\"name\":\"Portal Tela Portugal\",\"description\":\"\",\"potentialAction\":[{\"@type\":\"SearchAction\",\"target\":{\"@type\":\"EntryPoint\",\"urlTemplate\":\"https:\/\/portaltela.pt\/?s={search_term_string}\"},\"query-input\":{\"@type\":\"PropertyValueSpecification\",\"valueRequired\":true,\"valueName\":\"search_term_string\"}}],\"inLanguage\":\"pt-PT\"},{\"@type\":\"Person\",\"@id\":\"https:\/\/portaltela.pt\/#\/schema\/person\/c4278d4a6028830caff9ee44b42d32ed\",\"name\":\"Telinha\",\"image\":{\"@type\":\"ImageObject\",\"inLanguage\":\"pt-PT\",\"@id\":\"https:\/\/portaltela.pt\/s.01k8rhncp4jt1\/2025\/11\/talking-bot-125x125.png\",\"url\":\"https:\/\/portaltela.pt\/s.01k8rhncp4jt1\/2025\/11\/talking-bot-125x125.png\",\"contentUrl\":\"https:\/\/portaltela.pt\/s.01k8rhncp4jt1\/2025\/11\/talking-bot-125x125.png\",\"caption\":\"Telinha\"},\"sameAs\":[\"https:\/\/portaltela.pt\/\"],\"url\":\"https:\/\/portaltela.pt\/por\/367410592786\/\"}]}<\/script>\n<!-- \/ Yoast SEO plugin. -->","yoast_head_json":{"title":"Clube dos Pensadores recebe Andr\u00e9 Ventura, candidato presidencial - Portal Tela Portugal","robots":{"index":"index","follow":"follow","max-snippet":"max-snippet:-1","max-image-preview":"max-image-preview:large","max-video-preview":"max-video-preview:-1"},"og_locale":"pt_PT","og_type":"article","og_title":"Clube dos Pensadores recebe Andr\u00e9 Ventura, candidato presidencial - Portal Tela Portugal","og_description":"O Clube dos Pensadores convidou Andr\u00e9 Ventura, candidato presidencial, para um evento no dia 31 de janeiro, \u00e0s 21h30, no Hotel Holiday Inn Porto-Gaia, conforme anunciou o fundador Joaquim Jorge. O CdP j\u00e1 recebeu v\u00e1rios candidatos na campanha, incluindo Gouveia e Melo e Ant\u00f3nio Jos\u00e9 Seguro; tentou Cotrim de Figueiredo, que j\u00e1 esteve no clube. Ventura n\u00e3o p\u00f4de estar presente neste encontro, mas informou que, ap\u00f3s a primeira volta, visitaria o clube. Foi enviado um convite pessoal a Ant\u00f3nio Jos\u00e9 Seguro no dia 9 de janeiro, mas n\u00e3o houve resposta. Foi apresentada uma peti\u00e7\u00e3o para ilegalizar o Chega, associando o debate pol\u00edtico a cr\u00edticas sobre o voto e o apoio aos candidatos.","og_url":"https:\/\/portaltela.pt\/noticias\/2026\/01\/30\/clube-dos-pensadores-recebe-andre-ventura-candidato-presidencial\/","og_site_name":"Portal Tela Portugal","article_published_time":"2026-01-30T17:33:00+00:00","author":"Telinha","twitter_card":"summary_large_image","twitter_misc":{"Escrito por":"Telinha","Tempo estimado de leitura":"1 minuto"},"schema":{"@context":"https:\/\/schema.org","@graph":[{"@type":"Article","@id":"https:\/\/portaltela.pt\/noticias\/2026\/01\/30\/clube-dos-pensadores-recebe-andre-ventura-candidato-presidencial\/#article","isPartOf":{"@id":"https:\/\/portaltela.pt\/noticias\/2026\/01\/30\/clube-dos-pensadores-recebe-andre-ventura-candidato-presidencial\/"},"author":{"name":"Telinha","@id":"https:\/\/portaltela.pt\/#\/schema\/person\/c4278d4a6028830caff9ee44b42d32ed"},"headline":"Clube dos Pensadores recebe Andr\u00e9 Ventura, candidato presidencial","datePublished":"2026-01-30T17:33:00+00:00","mainEntityOfPage":{"@id":"https:\/\/portaltela.pt\/noticias\/2026\/01\/30\/clube-dos-pensadores-recebe-andre-ventura-candidato-presidencial\/"},"wordCount":193,"image":{"@id":"https:\/\/portaltela.pt\/noticias\/2026\/01\/30\/clube-dos-pensadores-recebe-andre-ventura-candidato-presidencial\/#primaryimage"},"thumbnailUrl":"https:\/\/portaltela.pt\/s.01k8rhncp4jt1\/2026\/01\/unnamed-file-6161.jpg","keywords":["Andr\u00e9 Ventura","Ant\u00f3nio Jos\u00e9 Seguro","Cotrim de Figueiredo","elei\u00e7\u00f5es","Gouveia e Melo","pol\u00edtica"],"articleSection":["Not\u00edcias","Pol\u00edtica"],"inLanguage":"pt-PT"},{"@type":"WebPage","@id":"https:\/\/portaltela.pt\/noticias\/2026\/01\/30\/clube-dos-pensadores-recebe-andre-ventura-candidato-presidencial\/","url":"https:\/\/portaltela.pt\/noticias\/2026\/01\/30\/clube-dos-pensadores-recebe-andre-ventura-candidato-presidencial\/","name":"Clube dos Pensadores recebe Andr\u00e9 Ventura, candidato presidencial - Portal Tela Portugal","isPartOf":{"@id":"https:\/\/portaltela.pt\/#website"},"primaryImageOfPage":{"@id":"https:\/\/portaltela.pt\/noticias\/2026\/01\/30\/clube-dos-pensadores-recebe-andre-ventura-candidato-presidencial\/#primaryimage"},"image":{"@id":"https:\/\/portaltela.pt\/noticias\/2026\/01\/30\/clube-dos-pensadores-recebe-andre-ventura-candidato-presidencial\/#primaryimage"},"thumbnailUrl":"https:\/\/portaltela.pt\/s.01k8rhncp4jt1\/2026\/01\/unnamed-file-6161.jpg","datePublished":"2026-01-30T17:33:00+00:00","author":{"@id":"https:\/\/portaltela.pt\/#\/schema\/person\/c4278d4a6028830caff9ee44b42d32ed"},"breadcrumb":{"@id":"https:\/\/portaltela.pt\/noticias\/2026\/01\/30\/clube-dos-pensadores-recebe-andre-ventura-candidato-presidencial\/#breadcrumb"},"inLanguage":"pt-PT","potentialAction":[{"@type":"ReadAction","target":["https:\/\/portaltela.pt\/noticias\/2026\/01\/30\/clube-dos-pensadores-recebe-andre-ventura-candidato-presidencial\/"]}]},{"@type":"ImageObject","inLanguage":"pt-PT","@id":"https:\/\/portaltela.pt\/noticias\/2026\/01\/30\/clube-dos-pensadores-recebe-andre-ventura-candidato-presidencial\/#primaryimage","url":"https:\/\/portaltela.pt\/s.01k8rhncp4jt1\/2026\/01\/unnamed-file-6161.jpg","contentUrl":"https:\/\/portaltela.pt\/s.01k8rhncp4jt1\/2026\/01\/unnamed-file-6161.jpg","width":796,"height":448,"caption":"Clube dos Pensadores recebe Andr\u00e9 Ventura, candidato presidencial"},{"@type":"BreadcrumbList","@id":"https:\/\/portaltela.pt\/noticias\/2026\/01\/30\/clube-dos-pensadores-recebe-andre-ventura-candidato-presidencial\/#breadcrumb","itemListElement":[{"@type":"ListItem","position":1,"name":"In\u00edcio","item":"https:\/\/portaltela.pt\/"},{"@type":"ListItem","position":2,"name":"Clube dos Pensadores recebe Andr\u00e9 Ventura, candidato presidencial"}]},{"@type":"WebSite","@id":"https:\/\/portaltela.pt\/#website","url":"https:\/\/portaltela.pt\/","name":"Portal Tela Portugal","description":"","potentialAction":[{"@type":"SearchAction","target":{"@type":"EntryPoint","urlTemplate":"https:\/\/portaltela.pt\/?s={search_term_string}"},"query-input":{"@type":"PropertyValueSpecification","valueRequired":true,"valueName":"search_term_string"}}],"inLanguage":"pt-PT"},{"@type":"Person","@id":"https:\/\/portaltela.pt\/#\/schema\/person\/c4278d4a6028830caff9ee44b42d32ed","name":"Telinha","image":{"@type":"ImageObject","inLanguage":"pt-PT","@id":"https:\/\/portaltela.pt\/s.01k8rhncp4jt1\/2025\/11\/talking-bot-125x125.png","url":"https:\/\/portaltela.pt\/s.01k8rhncp4jt1\/2025\/11\/talking-bot-125x125.png","contentUrl":"https:\/\/portaltela.pt\/s.01k8rhncp4jt1\/2025\/11\/talking-bot-125x125.png","caption":"Telinha"},"sameAs":["https:\/\/portaltela.pt\/"],"url":"https:\/\/portaltela.pt\/por\/367410592786\/"}]}},"_links":{"self":[{"href":"https:\/\/portaltela.pt\/api\/wp\/v2\/posts\/184967","targetHints":{"allow":["GET"]}}],"collection":[{"href":"https:\/\/portaltela.pt\/api\/wp\/v2\/posts"}],"about":[{"href":"https:\/\/portaltela.pt\/api\/wp\/v2\/types\/post"}],"author":[{"embeddable":true,"href":"https:\/\/portaltela.pt\/api\/wp\/v2\/users\/2"}],"replies":[{"embeddable":true,"href":"https:\/\/portaltela.pt\/api\/wp\/v2\/comments?post=184967"}],"version-history":[{"count":0,"href":"https:\/\/portaltela.pt\/api\/wp\/v2\/posts\/184967\/revisions"}],"wp:featuredmedia":[{"embeddable":true,"href":"https:\/\/portaltela.pt\/api\/wp\/v2\/media\/184993"}],"wp:attachment":[{"href":"https:\/\/portaltela.pt\/api\/wp\/v2\/media?parent=184967"}],"wp:term":[{"taxonomy":"category","embeddable":true,"href":"https:\/\/portaltela.pt\/api\/wp\/v2\/categories?post=184967"},{"taxonomy":"post_tag","embeddable":true,"href":"https:\/\/portaltela.pt\/api\/wp\/v2\/tags?post=184967"}],"curies":[{"name":"wp","href":"https:\/\/api.w.org\/{rel}","templated":true}]}}