{"id":184957,"date":"2026-01-30T14:39:49","date_gmt":"2026-01-30T17:39:49","guid":{"rendered":"https:\/\/portaltela.pt\/noticias\/2026\/01\/30\/daniela-ruah-apresenta-a-gala-do-guia-michelin-2026\/"},"modified":"2026-01-30T14:39:49","modified_gmt":"2026-01-30T17:39:49","slug":"daniela-ruah-apresenta-a-gala-do-guia-michelin-2026","status":"publish","type":"post","link":"https:\/\/portaltela.pt\/noticias\/2026\/01\/30\/daniela-ruah-apresenta-a-gala-do-guia-michelin-2026\/","title":{"rendered":"Daniela Ruah apresenta a Gala do Guia Michelin 2026"},"content":{"rendered":"<p>Daniela Ruah vai apresentar a gala do Guia MICHELIN Portugal 2026. A cerim\u00f3nia ocorre no dia 10 de mar\u00e7o no Hotel Savoy Palace, no Funchal, Madeira, e celebra as Estrelas Michelin atribu\u00eddas aos restaurantes nacionais. A escolha recai sobre a atriz luso-americana, que sucede Catarina Furtado e Marta Leite Castro.<\/p>\n<p>Na passadeira vermelha, tal como na edi\u00e7\u00e3o anterior, estar\u00e1 Juliana Penteado, chef pasteleira e antiga jurada do MasterChef Portugal, para receber cerca de 500 convidados. O momento musical fica a cargo do grupo madeirense Napa, vencedor do Festival da Can\u00e7\u00e3o de 2025 com o tema Deslocado.<\/p>\n<h3>Coordena\u00e7\u00e3o gastron\u00f3mica e equipa<\/h3>\n<p>O chef Beno\u00eet Sinthon, do Il Gallo d\u2019Oro, ser\u00e1 respons\u00e1vel pela coordena\u00e7\u00e3o gastron\u00f3mica do evento, juntamente com uma equipa de chefs: Ot\u00e1vio Freitas (Desarma, 1 Estrela), Francisco Avalada (William, 1 Estrela), J\u00falio Pereira (\u00c1kua, Recomendado) e Jo\u00e3o Dinis (Casal da Penha, Bib Gourmand). O Il Gallo d\u2019Oro tem 2 Estrelas Michelin e a Estrela Verde.<\/p>\n<h3>Contexto e impacto<\/h3>\n<p>Em confer\u00eancia de imprensa no Mercado dos Lavradores, o respons\u00e1vel pelas rela\u00e7\u00f5es institucionais da Michelin Portugal real\u00e7ou o papel do evento na promo\u00e7\u00e3o da Madeira como destino culin\u00e1rio de refer\u00eancia. O evento dever\u00e1 mover cerca de 500 convidados, incluindo representantes de meios internacionais, cr\u00edticos e l\u00edderes da gastronomia.<\/p>\n<h3>Perspetiva da Madeira<\/h3>\n<p>A Michelin enfatiza a presen\u00e7a de tr\u00eas restaurantes com estrela na regi\u00e3o (Il Gallo d\u2019Oro, Desarma, William) e oito restaurantes recomendados (Avista, Avista \u00c1sia, Vila do Peixe, Horta, \u00c1kua, Oxalis, Audax, Gazebo), al\u00e9m de um Bib Gourmand (Casal da Penha).<\/p>\n","protected":false},"excerpt":{"rendered":"<ul>\n<li>Daniela Ruah vai apresentar a gala do Guia Michelin Portugal 2026, marcada para o dia 10 de mar\u00e7o, no Hotel Savoy Palace, no Funchal, Madeira.<\/li>\n<li>Na passadeira vermelha estar\u00e1 Juliana Penteado, enquanto cerca de 500 convidados devem marcar presen\u00e7a.<\/li>\n<li>A anima\u00e7\u00e3o musical fica com os Napa, grupo madeirense vencedor do Festival da Can\u00e7\u00e3o de 2025, com o tema \u201cDeslocado\u201d.<\/li>\n<li>A coordena\u00e7\u00e3o gastron\u00f3mica do evento ser\u00e1 do chef Beno\u00eet Sinthon, com uma equipa que inclui Ot\u00e1vio Freitas, Francisco Avalada, J\u00falio Pereira e Jo\u00e3o Dinis.<\/li>\n<li>A Madeira apresenta tr\u00eas restaurantes com estrela Michelin, oito recomendados e um Bib Gourmand, refor\u00e7ando o objetivo de posicionar a regi\u00e3o como destino culin\u00e1rio de refer\u00eancia.<\/li>\n<\/ul>\n","protected":false},"author":2,"featured_media":184982,"comment_status":"closed","ping_status":"closed","sticky":false,"template":"","format":"standard","meta":{"footnotes":""},"categories":[1],"tags":[4870,1120,219,859,1931],"class_list":["post-184957","post","type-post","status-publish","format-standard","has-post-thumbnail","hentry","category-noticias","tag-bib-gourmand","tag-funchal","tag-gastronomia","tag-madeira","tag-restaurantes"],"yoast_head":"<!-- This site is optimized with the Yoast SEO plugin v27.2 - https:\/\/yoast.com\/product\/yoast-seo-wordpress\/ -->\n<title>Daniela Ruah apresenta a Gala do Guia Michelin 2026 - Portal Tela Portugal<\/title>\n<meta name=\"robots\" content=\"index, follow, max-snippet:-1, max-image-preview:large, max-video-preview:-1\" \/>\n<meta property=\"og:locale\" content=\"pt_PT\" \/>\n<meta property=\"og:type\" content=\"article\" \/>\n<meta property=\"og:title\" content=\"Daniela Ruah apresenta a Gala do Guia Michelin 2026 - Portal Tela Portugal\" \/>\n<meta property=\"og:description\" content=\"Daniela Ruah vai apresentar a gala do Guia Michelin Portugal 2026, marcada para o dia 10 de mar\u00e7o, no Hotel Savoy Palace, no Funchal, Madeira. Na passadeira vermelha estar\u00e1 Juliana Penteado, enquanto cerca de 500 convidados devem marcar presen\u00e7a. A anima\u00e7\u00e3o musical fica com os Napa, grupo madeirense vencedor do Festival da Can\u00e7\u00e3o de 2025, com o tema \u201cDeslocado\u201d. A coordena\u00e7\u00e3o gastron\u00f3mica do evento ser\u00e1 do chef Beno\u00eet Sinthon, com uma equipa que inclui Ot\u00e1vio Freitas, Francisco Avalada, J\u00falio Pereira e Jo\u00e3o Dinis. A Madeira apresenta tr\u00eas restaurantes com estrela Michelin, oito recomendados e um Bib Gourmand, refor\u00e7ando o objetivo de posicionar a regi\u00e3o como destino culin\u00e1rio de refer\u00eancia.\" \/>\n<meta property=\"og:url\" content=\"https:\/\/portaltela.pt\/noticias\/2026\/01\/30\/daniela-ruah-apresenta-a-gala-do-guia-michelin-2026\/\" \/>\n<meta property=\"og:site_name\" content=\"Portal Tela Portugal\" \/>\n<meta property=\"article:published_time\" content=\"2026-01-30T17:39:49+00:00\" \/>\n<meta name=\"author\" content=\"Telinha\" \/>\n<meta name=\"twitter:card\" content=\"summary_large_image\" \/>\n<meta name=\"twitter:label1\" content=\"Escrito por\" \/>\n\t<meta name=\"twitter:data1\" content=\"Telinha\" \/>\n\t<meta name=\"twitter:label2\" content=\"Tempo estimado de leitura\" \/>\n\t<meta name=\"twitter:data2\" content=\"1 minuto\" \/>\n<script type=\"application\/ld+json\" class=\"yoast-schema-graph\">{\"@context\":\"https:\/\/schema.org\",\"@graph\":[{\"@type\":\"Article\",\"@id\":\"https:\/\/portaltela.pt\/noticias\/2026\/01\/30\/daniela-ruah-apresenta-a-gala-do-guia-michelin-2026\/#article\",\"isPartOf\":{\"@id\":\"https:\/\/portaltela.pt\/noticias\/2026\/01\/30\/daniela-ruah-apresenta-a-gala-do-guia-michelin-2026\/\"},\"author\":{\"name\":\"Telinha\",\"@id\":\"https:\/\/portaltela.pt\/#\/schema\/person\/c4278d4a6028830caff9ee44b42d32ed\"},\"headline\":\"Daniela Ruah apresenta a Gala do Guia Michelin 2026\",\"datePublished\":\"2026-01-30T17:39:49+00:00\",\"mainEntityOfPage\":{\"@id\":\"https:\/\/portaltela.pt\/noticias\/2026\/01\/30\/daniela-ruah-apresenta-a-gala-do-guia-michelin-2026\/\"},\"wordCount\":279,\"image\":{\"@id\":\"https:\/\/portaltela.pt\/noticias\/2026\/01\/30\/daniela-ruah-apresenta-a-gala-do-guia-michelin-2026\/#primaryimage\"},\"thumbnailUrl\":\"https:\/\/portaltela.pt\/s.01k8rhncp4jt1\/2026\/01\/jporfirio-entrevista-daniela-ruah-08-11-01-scaled-1.jpg\",\"keywords\":[\"Bib Gourmand\",\"Funchal\",\"gastronomia\",\"Madeira\",\"restaurantes\"],\"articleSection\":[\"Not\u00edcias\"],\"inLanguage\":\"pt-PT\"},{\"@type\":\"WebPage\",\"@id\":\"https:\/\/portaltela.pt\/noticias\/2026\/01\/30\/daniela-ruah-apresenta-a-gala-do-guia-michelin-2026\/\",\"url\":\"https:\/\/portaltela.pt\/noticias\/2026\/01\/30\/daniela-ruah-apresenta-a-gala-do-guia-michelin-2026\/\",\"name\":\"Daniela Ruah apresenta a Gala do Guia Michelin 2026 - Portal Tela Portugal\",\"isPartOf\":{\"@id\":\"https:\/\/portaltela.pt\/#website\"},\"primaryImageOfPage\":{\"@id\":\"https:\/\/portaltela.pt\/noticias\/2026\/01\/30\/daniela-ruah-apresenta-a-gala-do-guia-michelin-2026\/#primaryimage\"},\"image\":{\"@id\":\"https:\/\/portaltela.pt\/noticias\/2026\/01\/30\/daniela-ruah-apresenta-a-gala-do-guia-michelin-2026\/#primaryimage\"},\"thumbnailUrl\":\"https:\/\/portaltela.pt\/s.01k8rhncp4jt1\/2026\/01\/jporfirio-entrevista-daniela-ruah-08-11-01-scaled-1.jpg\",\"datePublished\":\"2026-01-30T17:39:49+00:00\",\"author\":{\"@id\":\"https:\/\/portaltela.pt\/#\/schema\/person\/c4278d4a6028830caff9ee44b42d32ed\"},\"breadcrumb\":{\"@id\":\"https:\/\/portaltela.pt\/noticias\/2026\/01\/30\/daniela-ruah-apresenta-a-gala-do-guia-michelin-2026\/#breadcrumb\"},\"inLanguage\":\"pt-PT\",\"potentialAction\":[{\"@type\":\"ReadAction\",\"target\":[\"https:\/\/portaltela.pt\/noticias\/2026\/01\/30\/daniela-ruah-apresenta-a-gala-do-guia-michelin-2026\/\"]}]},{\"@type\":\"ImageObject\",\"inLanguage\":\"pt-PT\",\"@id\":\"https:\/\/portaltela.pt\/noticias\/2026\/01\/30\/daniela-ruah-apresenta-a-gala-do-guia-michelin-2026\/#primaryimage\",\"url\":\"https:\/\/portaltela.pt\/s.01k8rhncp4jt1\/2026\/01\/jporfirio-entrevista-daniela-ruah-08-11-01-scaled-1.jpg\",\"contentUrl\":\"https:\/\/portaltela.pt\/s.01k8rhncp4jt1\/2026\/01\/jporfirio-entrevista-daniela-ruah-08-11-01-scaled-1.jpg\",\"width\":796,\"height\":448,\"caption\":\"Daniela Ruah \u00e9 a narradora do novo Podcast Plus do Observador, \\\"Os Segredos da Seita do Yoga\\\"\"},{\"@type\":\"BreadcrumbList\",\"@id\":\"https:\/\/portaltela.pt\/noticias\/2026\/01\/30\/daniela-ruah-apresenta-a-gala-do-guia-michelin-2026\/#breadcrumb\",\"itemListElement\":[{\"@type\":\"ListItem\",\"position\":1,\"name\":\"In\u00edcio\",\"item\":\"https:\/\/portaltela.pt\/\"},{\"@type\":\"ListItem\",\"position\":2,\"name\":\"Daniela Ruah apresenta a Gala do Guia Michelin 2026\"}]},{\"@type\":\"WebSite\",\"@id\":\"https:\/\/portaltela.pt\/#website\",\"url\":\"https:\/\/portaltela.pt\/\",\"name\":\"Portal Tela Portugal\",\"description\":\"\",\"potentialAction\":[{\"@type\":\"SearchAction\",\"target\":{\"@type\":\"EntryPoint\",\"urlTemplate\":\"https:\/\/portaltela.pt\/?s={search_term_string}\"},\"query-input\":{\"@type\":\"PropertyValueSpecification\",\"valueRequired\":true,\"valueName\":\"search_term_string\"}}],\"inLanguage\":\"pt-PT\"},{\"@type\":\"Person\",\"@id\":\"https:\/\/portaltela.pt\/#\/schema\/person\/c4278d4a6028830caff9ee44b42d32ed\",\"name\":\"Telinha\",\"image\":{\"@type\":\"ImageObject\",\"inLanguage\":\"pt-PT\",\"@id\":\"https:\/\/portaltela.pt\/s.01k8rhncp4jt1\/2025\/11\/talking-bot-125x125.png\",\"url\":\"https:\/\/portaltela.pt\/s.01k8rhncp4jt1\/2025\/11\/talking-bot-125x125.png\",\"contentUrl\":\"https:\/\/portaltela.pt\/s.01k8rhncp4jt1\/2025\/11\/talking-bot-125x125.png\",\"caption\":\"Telinha\"},\"sameAs\":[\"https:\/\/portaltela.pt\/\"],\"url\":\"https:\/\/portaltela.pt\/por\/367410592786\/\"}]}<\/script>\n<!-- \/ Yoast SEO plugin. -->","yoast_head_json":{"title":"Daniela Ruah apresenta a Gala do Guia Michelin 2026 - Portal Tela Portugal","robots":{"index":"index","follow":"follow","max-snippet":"max-snippet:-1","max-image-preview":"max-image-preview:large","max-video-preview":"max-video-preview:-1"},"og_locale":"pt_PT","og_type":"article","og_title":"Daniela Ruah apresenta a Gala do Guia Michelin 2026 - Portal Tela Portugal","og_description":"Daniela Ruah vai apresentar a gala do Guia Michelin Portugal 2026, marcada para o dia 10 de mar\u00e7o, no Hotel Savoy Palace, no Funchal, Madeira. Na passadeira vermelha estar\u00e1 Juliana Penteado, enquanto cerca de 500 convidados devem marcar presen\u00e7a. A anima\u00e7\u00e3o musical fica com os Napa, grupo madeirense vencedor do Festival da Can\u00e7\u00e3o de 2025, com o tema \u201cDeslocado\u201d. A coordena\u00e7\u00e3o gastron\u00f3mica do evento ser\u00e1 do chef Beno\u00eet Sinthon, com uma equipa que inclui Ot\u00e1vio Freitas, Francisco Avalada, J\u00falio Pereira e Jo\u00e3o Dinis. A Madeira apresenta tr\u00eas restaurantes com estrela Michelin, oito recomendados e um Bib Gourmand, refor\u00e7ando o objetivo de posicionar a regi\u00e3o como destino culin\u00e1rio de refer\u00eancia.","og_url":"https:\/\/portaltela.pt\/noticias\/2026\/01\/30\/daniela-ruah-apresenta-a-gala-do-guia-michelin-2026\/","og_site_name":"Portal Tela Portugal","article_published_time":"2026-01-30T17:39:49+00:00","author":"Telinha","twitter_card":"summary_large_image","twitter_misc":{"Escrito por":"Telinha","Tempo estimado de leitura":"1 minuto"},"schema":{"@context":"https:\/\/schema.org","@graph":[{"@type":"Article","@id":"https:\/\/portaltela.pt\/noticias\/2026\/01\/30\/daniela-ruah-apresenta-a-gala-do-guia-michelin-2026\/#article","isPartOf":{"@id":"https:\/\/portaltela.pt\/noticias\/2026\/01\/30\/daniela-ruah-apresenta-a-gala-do-guia-michelin-2026\/"},"author":{"name":"Telinha","@id":"https:\/\/portaltela.pt\/#\/schema\/person\/c4278d4a6028830caff9ee44b42d32ed"},"headline":"Daniela Ruah apresenta a Gala do Guia Michelin 2026","datePublished":"2026-01-30T17:39:49+00:00","mainEntityOfPage":{"@id":"https:\/\/portaltela.pt\/noticias\/2026\/01\/30\/daniela-ruah-apresenta-a-gala-do-guia-michelin-2026\/"},"wordCount":279,"image":{"@id":"https:\/\/portaltela.pt\/noticias\/2026\/01\/30\/daniela-ruah-apresenta-a-gala-do-guia-michelin-2026\/#primaryimage"},"thumbnailUrl":"https:\/\/portaltela.pt\/s.01k8rhncp4jt1\/2026\/01\/jporfirio-entrevista-daniela-ruah-08-11-01-scaled-1.jpg","keywords":["Bib Gourmand","Funchal","gastronomia","Madeira","restaurantes"],"articleSection":["Not\u00edcias"],"inLanguage":"pt-PT"},{"@type":"WebPage","@id":"https:\/\/portaltela.pt\/noticias\/2026\/01\/30\/daniela-ruah-apresenta-a-gala-do-guia-michelin-2026\/","url":"https:\/\/portaltela.pt\/noticias\/2026\/01\/30\/daniela-ruah-apresenta-a-gala-do-guia-michelin-2026\/","name":"Daniela Ruah apresenta a Gala do Guia Michelin 2026 - Portal Tela Portugal","isPartOf":{"@id":"https:\/\/portaltela.pt\/#website"},"primaryImageOfPage":{"@id":"https:\/\/portaltela.pt\/noticias\/2026\/01\/30\/daniela-ruah-apresenta-a-gala-do-guia-michelin-2026\/#primaryimage"},"image":{"@id":"https:\/\/portaltela.pt\/noticias\/2026\/01\/30\/daniela-ruah-apresenta-a-gala-do-guia-michelin-2026\/#primaryimage"},"thumbnailUrl":"https:\/\/portaltela.pt\/s.01k8rhncp4jt1\/2026\/01\/jporfirio-entrevista-daniela-ruah-08-11-01-scaled-1.jpg","datePublished":"2026-01-30T17:39:49+00:00","author":{"@id":"https:\/\/portaltela.pt\/#\/schema\/person\/c4278d4a6028830caff9ee44b42d32ed"},"breadcrumb":{"@id":"https:\/\/portaltela.pt\/noticias\/2026\/01\/30\/daniela-ruah-apresenta-a-gala-do-guia-michelin-2026\/#breadcrumb"},"inLanguage":"pt-PT","potentialAction":[{"@type":"ReadAction","target":["https:\/\/portaltela.pt\/noticias\/2026\/01\/30\/daniela-ruah-apresenta-a-gala-do-guia-michelin-2026\/"]}]},{"@type":"ImageObject","inLanguage":"pt-PT","@id":"https:\/\/portaltela.pt\/noticias\/2026\/01\/30\/daniela-ruah-apresenta-a-gala-do-guia-michelin-2026\/#primaryimage","url":"https:\/\/portaltela.pt\/s.01k8rhncp4jt1\/2026\/01\/jporfirio-entrevista-daniela-ruah-08-11-01-scaled-1.jpg","contentUrl":"https:\/\/portaltela.pt\/s.01k8rhncp4jt1\/2026\/01\/jporfirio-entrevista-daniela-ruah-08-11-01-scaled-1.jpg","width":796,"height":448,"caption":"Daniela Ruah \u00e9 a narradora do novo Podcast Plus do Observador, \"Os Segredos da Seita do Yoga\""},{"@type":"BreadcrumbList","@id":"https:\/\/portaltela.pt\/noticias\/2026\/01\/30\/daniela-ruah-apresenta-a-gala-do-guia-michelin-2026\/#breadcrumb","itemListElement":[{"@type":"ListItem","position":1,"name":"In\u00edcio","item":"https:\/\/portaltela.pt\/"},{"@type":"ListItem","position":2,"name":"Daniela Ruah apresenta a Gala do Guia Michelin 2026"}]},{"@type":"WebSite","@id":"https:\/\/portaltela.pt\/#website","url":"https:\/\/portaltela.pt\/","name":"Portal Tela Portugal","description":"","potentialAction":[{"@type":"SearchAction","target":{"@type":"EntryPoint","urlTemplate":"https:\/\/portaltela.pt\/?s={search_term_string}"},"query-input":{"@type":"PropertyValueSpecification","valueRequired":true,"valueName":"search_term_string"}}],"inLanguage":"pt-PT"},{"@type":"Person","@id":"https:\/\/portaltela.pt\/#\/schema\/person\/c4278d4a6028830caff9ee44b42d32ed","name":"Telinha","image":{"@type":"ImageObject","inLanguage":"pt-PT","@id":"https:\/\/portaltela.pt\/s.01k8rhncp4jt1\/2025\/11\/talking-bot-125x125.png","url":"https:\/\/portaltela.pt\/s.01k8rhncp4jt1\/2025\/11\/talking-bot-125x125.png","contentUrl":"https:\/\/portaltela.pt\/s.01k8rhncp4jt1\/2025\/11\/talking-bot-125x125.png","caption":"Telinha"},"sameAs":["https:\/\/portaltela.pt\/"],"url":"https:\/\/portaltela.pt\/por\/367410592786\/"}]}},"_links":{"self":[{"href":"https:\/\/portaltela.pt\/api\/wp\/v2\/posts\/184957","targetHints":{"allow":["GET"]}}],"collection":[{"href":"https:\/\/portaltela.pt\/api\/wp\/v2\/posts"}],"about":[{"href":"https:\/\/portaltela.pt\/api\/wp\/v2\/types\/post"}],"author":[{"embeddable":true,"href":"https:\/\/portaltela.pt\/api\/wp\/v2\/users\/2"}],"replies":[{"embeddable":true,"href":"https:\/\/portaltela.pt\/api\/wp\/v2\/comments?post=184957"}],"version-history":[{"count":0,"href":"https:\/\/portaltela.pt\/api\/wp\/v2\/posts\/184957\/revisions"}],"wp:featuredmedia":[{"embeddable":true,"href":"https:\/\/portaltela.pt\/api\/wp\/v2\/media\/184982"}],"wp:attachment":[{"href":"https:\/\/portaltela.pt\/api\/wp\/v2\/media?parent=184957"}],"wp:term":[{"taxonomy":"category","embeddable":true,"href":"https:\/\/portaltela.pt\/api\/wp\/v2\/categories?post=184957"},{"taxonomy":"post_tag","embeddable":true,"href":"https:\/\/portaltela.pt\/api\/wp\/v2\/tags?post=184957"}],"curies":[{"name":"wp","href":"https:\/\/api.w.org\/{rel}","templated":true}]}}