{"id":184952,"date":"2026-01-30T14:48:07","date_gmt":"2026-01-30T17:48:07","guid":{"rendered":"https:\/\/portaltela.pt\/noticias\/2026\/01\/30\/triplo-homicida-condenado-a-25-anos-recorre-para-reduzir-pena\/"},"modified":"2026-01-30T14:48:07","modified_gmt":"2026-01-30T17:48:07","slug":"triplo-homicida-condenado-a-25-anos-recorre-para-reduzir-pena","status":"publish","type":"post","link":"https:\/\/portaltela.pt\/noticias\/2026\/01\/30\/triplo-homicida-condenado-a-25-anos-recorre-para-reduzir-pena\/","title":{"rendered":"Triplo homicida condenado a 25 anos recorre para reduzir pena"},"content":{"rendered":"<p>Fernando Silva, j\u00e1 condenado, vai recorrer da senten\u00e7a associada ao triplo homic\u00eddio ocorrido numa barbearia em Lisboa, em outubro de 2024. O tribunal decretou 19 anos de pris\u00e3o para cada morte, mas a lei portuguesa fixa o m\u00e1ximo em 25 anos. Al\u00e9m da pena, dever\u00e1 pagar cerca de 410 mil euros aos familiares das v\u00edtimas e ao \u00fanico funcion\u00e1rio que escapou.<\/p>\n<p>O crime aconteceu no dia 2 de outubro de 2024, quando o arguido entrou na barbearia para cortar o cabelo. Como n\u00e3o foi atendido de imediato, disparou sobre o barbeiro, sobre outro cliente e sobre a companheira do barbeiro, que estava gr\u00e1vida, provocando as tr\u00eas mortes. Depois do sucedido, Fernando Silva manteve-se fugitivo durante uma semana, sendo detido pela Pol\u00edcia Judici\u00e1ria.<\/p>\n<p>Apesar de ter sido diagnosticado com esquizofrenia, o Instituto de Medicina Legal concluiu que o arguido \u00e9 imput\u00e1vel e, portanto, apto a ser julgado. O defesa, liderado por Lu\u00eds Candeias, afirma que vai apresentar recurso, alegando que a pena aplicada ficou aqu\u00e9m do pretendido pela defesa, que esperava ficar perto dos 22 ou 23 anos.<\/p>\n<h3>Recorr\u00eancia e defesa<\/h3>\n<ul>\n<li>O advogado de defesa refere que a tese de doen\u00e7a mental n\u00e3o foi acolhida plenamente pelo tribunal.<\/li>\n<li>A defesa sustenta que h\u00e1 antecedentes relevantes e que o perito n\u00e3o foi favor\u00e1vel \u00e0 sua posi\u00e7\u00e3o.<\/li>\n<li>A posi\u00e7\u00e3o jur\u00eddica \u00e9 de que o resultado final n\u00e3o reflete, segundo a defesa, a complexidade do quadro cl\u00ednico e as circunst\u00e2ncias do crime.<\/li>\n<\/ul>\n","protected":false},"excerpt":{"rendered":"<ul>\n<li>Fernando Silva foi condenado a 25 anos de pris\u00e3o pelo triplo homic\u00eddio ocorrido a 2 de outubro de 2024 numa barbearia em Lisboa.<\/li>\n<li>A senten\u00e7a fixou 19 anos de pris\u00e3o por cada uma das mortes, com a pena m\u00e1xima prevista pela lei portuguesa a ser de 25 anos.<\/li>\n<li>Al\u00e9m da pris\u00e3o, o arguido ter\u00e1 de pagar cerca de 410 mil euros aos familiares das v\u00edtimas e ao \u00fanico funcion\u00e1rio que conseguiu escapar.<\/li>\n<li>O arguido esteve uma semana em fuga ap\u00f3s o crime e foi detido pela pol\u00edcia judici\u00e1ria.<\/li>\n<li>O tribunal considerou o r\u00e9u imput\u00e1vel, apesar de ter sido diagnosticado com esquizofrenia; a defesa vai recorrer, alegando doen\u00e7a mental e solicitando pena mais pr\u00f3xima de 22 ou 23 anos.<\/li>\n<\/ul>\n","protected":false},"author":2,"featured_media":184978,"comment_status":"closed","ping_status":"closed","sticky":false,"template":"","format":"standard","meta":{"footnotes":""},"categories":[1],"tags":[147,1345,803,981,4868,52],"class_list":["post-184952","post","type-post","status-publish","format-standard","has-post-thumbnail","hentry","category-noticias","tag-crime","tag-homicidio","tag-justica","tag-lisboa","tag-medicina-legal","tag-tribunal"],"yoast_head":"<!-- This site is optimized with the Yoast SEO plugin v27.2 - https:\/\/yoast.com\/product\/yoast-seo-wordpress\/ -->\n<title>Triplo homicida condenado a 25 anos recorre para reduzir pena - Portal Tela Portugal<\/title>\n<meta name=\"robots\" content=\"index, follow, max-snippet:-1, max-image-preview:large, max-video-preview:-1\" \/>\n<meta property=\"og:locale\" content=\"pt_PT\" \/>\n<meta property=\"og:type\" content=\"article\" \/>\n<meta property=\"og:title\" content=\"Triplo homicida condenado a 25 anos recorre para reduzir pena - Portal Tela Portugal\" \/>\n<meta property=\"og:description\" content=\"Fernando Silva foi condenado a 25 anos de pris\u00e3o pelo triplo homic\u00eddio ocorrido a 2 de outubro de 2024 numa barbearia em Lisboa. A senten\u00e7a fixou 19 anos de pris\u00e3o por cada uma das mortes, com a pena m\u00e1xima prevista pela lei portuguesa a ser de 25 anos. Al\u00e9m da pris\u00e3o, o arguido ter\u00e1 de pagar cerca de 410 mil euros aos familiares das v\u00edtimas e ao \u00fanico funcion\u00e1rio que conseguiu escapar. O arguido esteve uma semana em fuga ap\u00f3s o crime e foi detido pela pol\u00edcia judici\u00e1ria. O tribunal considerou o r\u00e9u imput\u00e1vel, apesar de ter sido diagnosticado com esquizofrenia; a defesa vai recorrer, alegando doen\u00e7a mental e solicitando pena mais pr\u00f3xima de 22 ou 23 anos.\" \/>\n<meta property=\"og:url\" content=\"https:\/\/portaltela.pt\/noticias\/2026\/01\/30\/triplo-homicida-condenado-a-25-anos-recorre-para-reduzir-pena\/\" \/>\n<meta property=\"og:site_name\" content=\"Portal Tela Portugal\" \/>\n<meta property=\"article:published_time\" content=\"2026-01-30T17:48:07+00:00\" \/>\n<meta name=\"author\" content=\"Telinha\" \/>\n<meta name=\"twitter:card\" content=\"summary_large_image\" \/>\n<meta name=\"twitter:label1\" content=\"Escrito por\" \/>\n\t<meta name=\"twitter:data1\" content=\"Telinha\" \/>\n\t<meta name=\"twitter:label2\" content=\"Tempo estimado de leitura\" \/>\n\t<meta name=\"twitter:data2\" content=\"1 minuto\" \/>\n<script type=\"application\/ld+json\" class=\"yoast-schema-graph\">{\"@context\":\"https:\/\/schema.org\",\"@graph\":[{\"@type\":\"Article\",\"@id\":\"https:\/\/portaltela.pt\/noticias\/2026\/01\/30\/triplo-homicida-condenado-a-25-anos-recorre-para-reduzir-pena\/#article\",\"isPartOf\":{\"@id\":\"https:\/\/portaltela.pt\/noticias\/2026\/01\/30\/triplo-homicida-condenado-a-25-anos-recorre-para-reduzir-pena\/\"},\"author\":{\"name\":\"Telinha\",\"@id\":\"https:\/\/portaltela.pt\/#\/schema\/person\/c4278d4a6028830caff9ee44b42d32ed\"},\"headline\":\"Triplo homicida condenado a 25 anos recorre para reduzir pena\",\"datePublished\":\"2026-01-30T17:48:07+00:00\",\"mainEntityOfPage\":{\"@id\":\"https:\/\/portaltela.pt\/noticias\/2026\/01\/30\/triplo-homicida-condenado-a-25-anos-recorre-para-reduzir-pena\/\"},\"wordCount\":262,\"image\":{\"@id\":\"https:\/\/portaltela.pt\/noticias\/2026\/01\/30\/triplo-homicida-condenado-a-25-anos-recorre-para-reduzir-pena\/#primaryimage\"},\"thumbnailUrl\":\"https:\/\/portaltela.pt\/s.01k8rhncp4jt1\/2026\/01\/unnamed-file-6160.jpg\",\"keywords\":[\"crime\",\"homic\u00eddio\",\"justi\u00e7a\",\"Lisboa\",\"Medicina Legal\",\"tribunal\"],\"articleSection\":[\"Not\u00edcias\"],\"inLanguage\":\"pt-PT\"},{\"@type\":\"WebPage\",\"@id\":\"https:\/\/portaltela.pt\/noticias\/2026\/01\/30\/triplo-homicida-condenado-a-25-anos-recorre-para-reduzir-pena\/\",\"url\":\"https:\/\/portaltela.pt\/noticias\/2026\/01\/30\/triplo-homicida-condenado-a-25-anos-recorre-para-reduzir-pena\/\",\"name\":\"Triplo homicida condenado a 25 anos recorre para reduzir pena - Portal Tela Portugal\",\"isPartOf\":{\"@id\":\"https:\/\/portaltela.pt\/#website\"},\"primaryImageOfPage\":{\"@id\":\"https:\/\/portaltela.pt\/noticias\/2026\/01\/30\/triplo-homicida-condenado-a-25-anos-recorre-para-reduzir-pena\/#primaryimage\"},\"image\":{\"@id\":\"https:\/\/portaltela.pt\/noticias\/2026\/01\/30\/triplo-homicida-condenado-a-25-anos-recorre-para-reduzir-pena\/#primaryimage\"},\"thumbnailUrl\":\"https:\/\/portaltela.pt\/s.01k8rhncp4jt1\/2026\/01\/unnamed-file-6160.jpg\",\"datePublished\":\"2026-01-30T17:48:07+00:00\",\"author\":{\"@id\":\"https:\/\/portaltela.pt\/#\/schema\/person\/c4278d4a6028830caff9ee44b42d32ed\"},\"breadcrumb\":{\"@id\":\"https:\/\/portaltela.pt\/noticias\/2026\/01\/30\/triplo-homicida-condenado-a-25-anos-recorre-para-reduzir-pena\/#breadcrumb\"},\"inLanguage\":\"pt-PT\",\"potentialAction\":[{\"@type\":\"ReadAction\",\"target\":[\"https:\/\/portaltela.pt\/noticias\/2026\/01\/30\/triplo-homicida-condenado-a-25-anos-recorre-para-reduzir-pena\/\"]}]},{\"@type\":\"ImageObject\",\"inLanguage\":\"pt-PT\",\"@id\":\"https:\/\/portaltela.pt\/noticias\/2026\/01\/30\/triplo-homicida-condenado-a-25-anos-recorre-para-reduzir-pena\/#primaryimage\",\"url\":\"https:\/\/portaltela.pt\/s.01k8rhncp4jt1\/2026\/01\/unnamed-file-6160.jpg\",\"contentUrl\":\"https:\/\/portaltela.pt\/s.01k8rhncp4jt1\/2026\/01\/unnamed-file-6160.jpg\",\"width\":796,\"height\":448,\"caption\":\"Triplo homicida condenado a 25 anos de pris\u00e3o vai recorrer para tentar reduzir pena\"},{\"@type\":\"BreadcrumbList\",\"@id\":\"https:\/\/portaltela.pt\/noticias\/2026\/01\/30\/triplo-homicida-condenado-a-25-anos-recorre-para-reduzir-pena\/#breadcrumb\",\"itemListElement\":[{\"@type\":\"ListItem\",\"position\":1,\"name\":\"In\u00edcio\",\"item\":\"https:\/\/portaltela.pt\/\"},{\"@type\":\"ListItem\",\"position\":2,\"name\":\"Triplo homicida condenado a 25 anos recorre para reduzir pena\"}]},{\"@type\":\"WebSite\",\"@id\":\"https:\/\/portaltela.pt\/#website\",\"url\":\"https:\/\/portaltela.pt\/\",\"name\":\"Portal Tela Portugal\",\"description\":\"\",\"potentialAction\":[{\"@type\":\"SearchAction\",\"target\":{\"@type\":\"EntryPoint\",\"urlTemplate\":\"https:\/\/portaltela.pt\/?s={search_term_string}\"},\"query-input\":{\"@type\":\"PropertyValueSpecification\",\"valueRequired\":true,\"valueName\":\"search_term_string\"}}],\"inLanguage\":\"pt-PT\"},{\"@type\":\"Person\",\"@id\":\"https:\/\/portaltela.pt\/#\/schema\/person\/c4278d4a6028830caff9ee44b42d32ed\",\"name\":\"Telinha\",\"image\":{\"@type\":\"ImageObject\",\"inLanguage\":\"pt-PT\",\"@id\":\"https:\/\/portaltela.pt\/s.01k8rhncp4jt1\/2025\/11\/talking-bot-125x125.png\",\"url\":\"https:\/\/portaltela.pt\/s.01k8rhncp4jt1\/2025\/11\/talking-bot-125x125.png\",\"contentUrl\":\"https:\/\/portaltela.pt\/s.01k8rhncp4jt1\/2025\/11\/talking-bot-125x125.png\",\"caption\":\"Telinha\"},\"sameAs\":[\"https:\/\/portaltela.pt\/\"],\"url\":\"https:\/\/portaltela.pt\/por\/367410592786\/\"}]}<\/script>\n<!-- \/ Yoast SEO plugin. -->","yoast_head_json":{"title":"Triplo homicida condenado a 25 anos recorre para reduzir pena - Portal Tela Portugal","robots":{"index":"index","follow":"follow","max-snippet":"max-snippet:-1","max-image-preview":"max-image-preview:large","max-video-preview":"max-video-preview:-1"},"og_locale":"pt_PT","og_type":"article","og_title":"Triplo homicida condenado a 25 anos recorre para reduzir pena - Portal Tela Portugal","og_description":"Fernando Silva foi condenado a 25 anos de pris\u00e3o pelo triplo homic\u00eddio ocorrido a 2 de outubro de 2024 numa barbearia em Lisboa. A senten\u00e7a fixou 19 anos de pris\u00e3o por cada uma das mortes, com a pena m\u00e1xima prevista pela lei portuguesa a ser de 25 anos. Al\u00e9m da pris\u00e3o, o arguido ter\u00e1 de pagar cerca de 410 mil euros aos familiares das v\u00edtimas e ao \u00fanico funcion\u00e1rio que conseguiu escapar. O arguido esteve uma semana em fuga ap\u00f3s o crime e foi detido pela pol\u00edcia judici\u00e1ria. O tribunal considerou o r\u00e9u imput\u00e1vel, apesar de ter sido diagnosticado com esquizofrenia; a defesa vai recorrer, alegando doen\u00e7a mental e solicitando pena mais pr\u00f3xima de 22 ou 23 anos.","og_url":"https:\/\/portaltela.pt\/noticias\/2026\/01\/30\/triplo-homicida-condenado-a-25-anos-recorre-para-reduzir-pena\/","og_site_name":"Portal Tela Portugal","article_published_time":"2026-01-30T17:48:07+00:00","author":"Telinha","twitter_card":"summary_large_image","twitter_misc":{"Escrito por":"Telinha","Tempo estimado de leitura":"1 minuto"},"schema":{"@context":"https:\/\/schema.org","@graph":[{"@type":"Article","@id":"https:\/\/portaltela.pt\/noticias\/2026\/01\/30\/triplo-homicida-condenado-a-25-anos-recorre-para-reduzir-pena\/#article","isPartOf":{"@id":"https:\/\/portaltela.pt\/noticias\/2026\/01\/30\/triplo-homicida-condenado-a-25-anos-recorre-para-reduzir-pena\/"},"author":{"name":"Telinha","@id":"https:\/\/portaltela.pt\/#\/schema\/person\/c4278d4a6028830caff9ee44b42d32ed"},"headline":"Triplo homicida condenado a 25 anos recorre para reduzir pena","datePublished":"2026-01-30T17:48:07+00:00","mainEntityOfPage":{"@id":"https:\/\/portaltela.pt\/noticias\/2026\/01\/30\/triplo-homicida-condenado-a-25-anos-recorre-para-reduzir-pena\/"},"wordCount":262,"image":{"@id":"https:\/\/portaltela.pt\/noticias\/2026\/01\/30\/triplo-homicida-condenado-a-25-anos-recorre-para-reduzir-pena\/#primaryimage"},"thumbnailUrl":"https:\/\/portaltela.pt\/s.01k8rhncp4jt1\/2026\/01\/unnamed-file-6160.jpg","keywords":["crime","homic\u00eddio","justi\u00e7a","Lisboa","Medicina Legal","tribunal"],"articleSection":["Not\u00edcias"],"inLanguage":"pt-PT"},{"@type":"WebPage","@id":"https:\/\/portaltela.pt\/noticias\/2026\/01\/30\/triplo-homicida-condenado-a-25-anos-recorre-para-reduzir-pena\/","url":"https:\/\/portaltela.pt\/noticias\/2026\/01\/30\/triplo-homicida-condenado-a-25-anos-recorre-para-reduzir-pena\/","name":"Triplo homicida condenado a 25 anos recorre para reduzir pena - Portal Tela Portugal","isPartOf":{"@id":"https:\/\/portaltela.pt\/#website"},"primaryImageOfPage":{"@id":"https:\/\/portaltela.pt\/noticias\/2026\/01\/30\/triplo-homicida-condenado-a-25-anos-recorre-para-reduzir-pena\/#primaryimage"},"image":{"@id":"https:\/\/portaltela.pt\/noticias\/2026\/01\/30\/triplo-homicida-condenado-a-25-anos-recorre-para-reduzir-pena\/#primaryimage"},"thumbnailUrl":"https:\/\/portaltela.pt\/s.01k8rhncp4jt1\/2026\/01\/unnamed-file-6160.jpg","datePublished":"2026-01-30T17:48:07+00:00","author":{"@id":"https:\/\/portaltela.pt\/#\/schema\/person\/c4278d4a6028830caff9ee44b42d32ed"},"breadcrumb":{"@id":"https:\/\/portaltela.pt\/noticias\/2026\/01\/30\/triplo-homicida-condenado-a-25-anos-recorre-para-reduzir-pena\/#breadcrumb"},"inLanguage":"pt-PT","potentialAction":[{"@type":"ReadAction","target":["https:\/\/portaltela.pt\/noticias\/2026\/01\/30\/triplo-homicida-condenado-a-25-anos-recorre-para-reduzir-pena\/"]}]},{"@type":"ImageObject","inLanguage":"pt-PT","@id":"https:\/\/portaltela.pt\/noticias\/2026\/01\/30\/triplo-homicida-condenado-a-25-anos-recorre-para-reduzir-pena\/#primaryimage","url":"https:\/\/portaltela.pt\/s.01k8rhncp4jt1\/2026\/01\/unnamed-file-6160.jpg","contentUrl":"https:\/\/portaltela.pt\/s.01k8rhncp4jt1\/2026\/01\/unnamed-file-6160.jpg","width":796,"height":448,"caption":"Triplo homicida condenado a 25 anos de pris\u00e3o vai recorrer para tentar reduzir pena"},{"@type":"BreadcrumbList","@id":"https:\/\/portaltela.pt\/noticias\/2026\/01\/30\/triplo-homicida-condenado-a-25-anos-recorre-para-reduzir-pena\/#breadcrumb","itemListElement":[{"@type":"ListItem","position":1,"name":"In\u00edcio","item":"https:\/\/portaltela.pt\/"},{"@type":"ListItem","position":2,"name":"Triplo homicida condenado a 25 anos recorre para reduzir pena"}]},{"@type":"WebSite","@id":"https:\/\/portaltela.pt\/#website","url":"https:\/\/portaltela.pt\/","name":"Portal Tela Portugal","description":"","potentialAction":[{"@type":"SearchAction","target":{"@type":"EntryPoint","urlTemplate":"https:\/\/portaltela.pt\/?s={search_term_string}"},"query-input":{"@type":"PropertyValueSpecification","valueRequired":true,"valueName":"search_term_string"}}],"inLanguage":"pt-PT"},{"@type":"Person","@id":"https:\/\/portaltela.pt\/#\/schema\/person\/c4278d4a6028830caff9ee44b42d32ed","name":"Telinha","image":{"@type":"ImageObject","inLanguage":"pt-PT","@id":"https:\/\/portaltela.pt\/s.01k8rhncp4jt1\/2025\/11\/talking-bot-125x125.png","url":"https:\/\/portaltela.pt\/s.01k8rhncp4jt1\/2025\/11\/talking-bot-125x125.png","contentUrl":"https:\/\/portaltela.pt\/s.01k8rhncp4jt1\/2025\/11\/talking-bot-125x125.png","caption":"Telinha"},"sameAs":["https:\/\/portaltela.pt\/"],"url":"https:\/\/portaltela.pt\/por\/367410592786\/"}]}},"_links":{"self":[{"href":"https:\/\/portaltela.pt\/api\/wp\/v2\/posts\/184952","targetHints":{"allow":["GET"]}}],"collection":[{"href":"https:\/\/portaltela.pt\/api\/wp\/v2\/posts"}],"about":[{"href":"https:\/\/portaltela.pt\/api\/wp\/v2\/types\/post"}],"author":[{"embeddable":true,"href":"https:\/\/portaltela.pt\/api\/wp\/v2\/users\/2"}],"replies":[{"embeddable":true,"href":"https:\/\/portaltela.pt\/api\/wp\/v2\/comments?post=184952"}],"version-history":[{"count":0,"href":"https:\/\/portaltela.pt\/api\/wp\/v2\/posts\/184952\/revisions"}],"wp:featuredmedia":[{"embeddable":true,"href":"https:\/\/portaltela.pt\/api\/wp\/v2\/media\/184978"}],"wp:attachment":[{"href":"https:\/\/portaltela.pt\/api\/wp\/v2\/media?parent=184952"}],"wp:term":[{"taxonomy":"category","embeddable":true,"href":"https:\/\/portaltela.pt\/api\/wp\/v2\/categories?post=184952"},{"taxonomy":"post_tag","embeddable":true,"href":"https:\/\/portaltela.pt\/api\/wp\/v2\/tags?post=184952"}],"curies":[{"name":"wp","href":"https:\/\/api.w.org\/{rel}","templated":true}]}}