{"id":184891,"date":"2026-01-30T14:19:04","date_gmt":"2026-01-30T17:19:04","guid":{"rendered":"https:\/\/portaltela.pt\/noticias\/2026\/01\/30\/prisao-preventiva-para-suspeito-de-abuso-sexual-de-menores-em-evora\/"},"modified":"2026-01-30T14:19:04","modified_gmt":"2026-01-30T17:19:04","slug":"prisao-preventiva-para-suspeito-de-abuso-sexual-de-menores-em-evora","status":"publish","type":"post","link":"https:\/\/portaltela.pt\/noticias\/2026\/01\/30\/prisao-preventiva-para-suspeito-de-abuso-sexual-de-menores-em-evora\/","title":{"rendered":"Pris\u00e3o preventiva para suspeito de abuso sexual de menores em \u00c9vora"},"content":{"rendered":"<p>Um homem de 66 anos foi colocado em pris\u00e3o preventiva por suspeita de dois crimes de abuso sexual de crian\u00e7as agravado, ocorridos em Redondo, no distrito de \u00c9vora. A medida foi aplicada pelo Minist\u00e9rio P\u00fablico ap\u00f3s a deten\u00e7\u00e3o fora de flagrante delito e o primeiro interrogat\u00f3rio judicial.<\/p>\n<p>Segundo o MP, as v\u00edtimas s\u00e3o duas crian\u00e7as portuguesas, de 8 e 5 anos. O arguido, tamb\u00e9m de nacionalidade portuguesa, \u00e9 fortemente indiciado pela pr\u00e1tica dos crimes, ocorridos quando o homem simulava brincar com as crian\u00e7as e tocava-as em partes \u00edntimas do corpo.<\/p>\n<p>Os factos ocorreram no dia 8 de setembro de 2025, em local p\u00fablico de Redondo. Ap\u00f3s o interrogat\u00f3rio, foram avaliados os riscos de continua\u00e7\u00e3o da atividade criminosa, perturba\u00e7\u00e3o do inqu\u00e9rito e alarme social, levando \u00e0 pris\u00e3o preventiva com autoriza\u00e7\u00e3o da ju\u00edza de instru\u00e7\u00e3o criminal.<\/p>\n<h3>Investiga\u00e7\u00e3o em curso<\/h3>\n<p>As investiga\u00e7\u00f5es continuam sob a dire\u00e7\u00e3o do Minist\u00e9rio P\u00fablico da 2.\u00aa Sec\u00e7\u00e3o Especializada do DIAP de \u00c9vora, com a coopera\u00e7\u00e3o da Pol\u00edcia Judici\u00e1ria, Unidade Local de Investiga\u00e7\u00e3o Criminal de \u00c9vora. A Procuradoria n\u00e3o avan\u00e7a detalhes adicionais para preservar o decorrer do processo.<\/p>\n","protected":false},"excerpt":{"rendered":"<ul>\n<li>Um homem de 66 anos ficou em pris\u00e3o preventiva por dois crimes de abuso sexual de crian\u00e7as, em Redondo, \u00c9vora.<\/li>\n<li>As v\u00edtimas s\u00e3o duas crian\u00e7as portuguesas, com 8 e 5 anos.<\/li>\n<li>O alegado abuso ocorreu a 8 de setembro de 2025, num local p\u00fablico.<\/li>\n<li>O MP promoveu a medida ap\u00f3s o interrogat\u00f3rio judicial, justificando perigos de continua\u00e7\u00e3o da atividade criminosa, perturba\u00e7\u00e3o do inqu\u00e9rito e alarme social.<\/li>\n<li>As investiga\u00e7\u00f5es seguem sob a dire\u00e7\u00e3o do Minist\u00e9rio P\u00fablico da segunda sec\u00e7\u00e3o especializada do DIAP de \u00c9vora, com apoio da Pol\u00edcia Judici\u00e1ria.<\/li>\n<\/ul>\n","protected":false},"author":2,"featured_media":184907,"comment_status":"closed","ping_status":"closed","sticky":false,"template":"","format":"standard","meta":{"footnotes":""},"categories":[1],"tags":[1796,3990,1074,217,4343,4749],"class_list":["post-184891","post","type-post","status-publish","format-standard","has-post-thumbnail","hentry","category-noticias","tag-abuso-sexual-de-menor-dependente","tag-crimes-sexuais","tag-evora","tag-investigacao-criminal","tag-prisoes","tag-redondo"],"yoast_head":"<!-- This site is optimized with the Yoast SEO plugin v27.2 - https:\/\/yoast.com\/product\/yoast-seo-wordpress\/ -->\n<title>Pris\u00e3o preventiva para suspeito de abuso sexual de menores em \u00c9vora - Portal Tela Portugal<\/title>\n<meta name=\"robots\" content=\"index, follow, max-snippet:-1, max-image-preview:large, max-video-preview:-1\" \/>\n<meta property=\"og:locale\" content=\"pt_PT\" \/>\n<meta property=\"og:type\" content=\"article\" \/>\n<meta property=\"og:title\" content=\"Pris\u00e3o preventiva para suspeito de abuso sexual de menores em \u00c9vora - Portal Tela Portugal\" \/>\n<meta property=\"og:description\" content=\"Um homem de 66 anos ficou em pris\u00e3o preventiva por dois crimes de abuso sexual de crian\u00e7as, em Redondo, \u00c9vora. As v\u00edtimas s\u00e3o duas crian\u00e7as portuguesas, com 8 e 5 anos. O alegado abuso ocorreu a 8 de setembro de 2025, num local p\u00fablico. O MP promoveu a medida ap\u00f3s o interrogat\u00f3rio judicial, justificando perigos de continua\u00e7\u00e3o da atividade criminosa, perturba\u00e7\u00e3o do inqu\u00e9rito e alarme social. As investiga\u00e7\u00f5es seguem sob a dire\u00e7\u00e3o do Minist\u00e9rio P\u00fablico da segunda sec\u00e7\u00e3o especializada do DIAP de \u00c9vora, com apoio da Pol\u00edcia Judici\u00e1ria.\" \/>\n<meta property=\"og:url\" content=\"https:\/\/portaltela.pt\/noticias\/2026\/01\/30\/prisao-preventiva-para-suspeito-de-abuso-sexual-de-menores-em-evora\/\" \/>\n<meta property=\"og:site_name\" content=\"Portal Tela Portugal\" \/>\n<meta property=\"article:published_time\" content=\"2026-01-30T17:19:04+00:00\" \/>\n<meta name=\"author\" content=\"Telinha\" \/>\n<meta name=\"twitter:card\" content=\"summary_large_image\" \/>\n<meta name=\"twitter:label1\" content=\"Escrito por\" \/>\n\t<meta name=\"twitter:data1\" content=\"Telinha\" \/>\n\t<meta name=\"twitter:label2\" content=\"Tempo estimado de leitura\" \/>\n\t<meta name=\"twitter:data2\" content=\"1 minuto\" \/>\n<script type=\"application\/ld+json\" class=\"yoast-schema-graph\">{\"@context\":\"https:\/\/schema.org\",\"@graph\":[{\"@type\":\"Article\",\"@id\":\"https:\/\/portaltela.pt\/noticias\/2026\/01\/30\/prisao-preventiva-para-suspeito-de-abuso-sexual-de-menores-em-evora\/#article\",\"isPartOf\":{\"@id\":\"https:\/\/portaltela.pt\/noticias\/2026\/01\/30\/prisao-preventiva-para-suspeito-de-abuso-sexual-de-menores-em-evora\/\"},\"author\":{\"name\":\"Telinha\",\"@id\":\"https:\/\/portaltela.pt\/#\/schema\/person\/c4278d4a6028830caff9ee44b42d32ed\"},\"headline\":\"Pris\u00e3o preventiva para suspeito de abuso sexual de menores em \u00c9vora\",\"datePublished\":\"2026-01-30T17:19:04+00:00\",\"mainEntityOfPage\":{\"@id\":\"https:\/\/portaltela.pt\/noticias\/2026\/01\/30\/prisao-preventiva-para-suspeito-de-abuso-sexual-de-menores-em-evora\/\"},\"wordCount\":218,\"image\":{\"@id\":\"https:\/\/portaltela.pt\/noticias\/2026\/01\/30\/prisao-preventiva-para-suspeito-de-abuso-sexual-de-menores-em-evora\/#primaryimage\"},\"thumbnailUrl\":\"https:\/\/portaltela.pt\/s.01k8rhncp4jt1\/2026\/01\/img_1500x1000uu2022-11-18-13-17-41-1208728.jpg\",\"keywords\":[\"abuso sexual de menor dependente\",\"crimes sexuais\",\"\u00c9vora\",\"investiga\u00e7\u00e3o criminal\",\"pris\u00f5es\",\"Redondo\"],\"articleSection\":[\"Not\u00edcias\"],\"inLanguage\":\"pt-PT\"},{\"@type\":\"WebPage\",\"@id\":\"https:\/\/portaltela.pt\/noticias\/2026\/01\/30\/prisao-preventiva-para-suspeito-de-abuso-sexual-de-menores-em-evora\/\",\"url\":\"https:\/\/portaltela.pt\/noticias\/2026\/01\/30\/prisao-preventiva-para-suspeito-de-abuso-sexual-de-menores-em-evora\/\",\"name\":\"Pris\u00e3o preventiva para suspeito de abuso sexual de menores em \u00c9vora - Portal Tela Portugal\",\"isPartOf\":{\"@id\":\"https:\/\/portaltela.pt\/#website\"},\"primaryImageOfPage\":{\"@id\":\"https:\/\/portaltela.pt\/noticias\/2026\/01\/30\/prisao-preventiva-para-suspeito-de-abuso-sexual-de-menores-em-evora\/#primaryimage\"},\"image\":{\"@id\":\"https:\/\/portaltela.pt\/noticias\/2026\/01\/30\/prisao-preventiva-para-suspeito-de-abuso-sexual-de-menores-em-evora\/#primaryimage\"},\"thumbnailUrl\":\"https:\/\/portaltela.pt\/s.01k8rhncp4jt1\/2026\/01\/img_1500x1000uu2022-11-18-13-17-41-1208728.jpg\",\"datePublished\":\"2026-01-30T17:19:04+00:00\",\"author\":{\"@id\":\"https:\/\/portaltela.pt\/#\/schema\/person\/c4278d4a6028830caff9ee44b42d32ed\"},\"breadcrumb\":{\"@id\":\"https:\/\/portaltela.pt\/noticias\/2026\/01\/30\/prisao-preventiva-para-suspeito-de-abuso-sexual-de-menores-em-evora\/#breadcrumb\"},\"inLanguage\":\"pt-PT\",\"potentialAction\":[{\"@type\":\"ReadAction\",\"target\":[\"https:\/\/portaltela.pt\/noticias\/2026\/01\/30\/prisao-preventiva-para-suspeito-de-abuso-sexual-de-menores-em-evora\/\"]}]},{\"@type\":\"ImageObject\",\"inLanguage\":\"pt-PT\",\"@id\":\"https:\/\/portaltela.pt\/noticias\/2026\/01\/30\/prisao-preventiva-para-suspeito-de-abuso-sexual-de-menores-em-evora\/#primaryimage\",\"url\":\"https:\/\/portaltela.pt\/s.01k8rhncp4jt1\/2026\/01\/img_1500x1000uu2022-11-18-13-17-41-1208728.jpg\",\"contentUrl\":\"https:\/\/portaltela.pt\/s.01k8rhncp4jt1\/2026\/01\/img_1500x1000uu2022-11-18-13-17-41-1208728.jpg\",\"width\":796,\"height\":448,\"caption\":\"Tribunal de \u00c9vora\"},{\"@type\":\"BreadcrumbList\",\"@id\":\"https:\/\/portaltela.pt\/noticias\/2026\/01\/30\/prisao-preventiva-para-suspeito-de-abuso-sexual-de-menores-em-evora\/#breadcrumb\",\"itemListElement\":[{\"@type\":\"ListItem\",\"position\":1,\"name\":\"In\u00edcio\",\"item\":\"https:\/\/portaltela.pt\/\"},{\"@type\":\"ListItem\",\"position\":2,\"name\":\"Pris\u00e3o preventiva para suspeito de abuso sexual de menores em \u00c9vora\"}]},{\"@type\":\"WebSite\",\"@id\":\"https:\/\/portaltela.pt\/#website\",\"url\":\"https:\/\/portaltela.pt\/\",\"name\":\"Portal Tela Portugal\",\"description\":\"\",\"potentialAction\":[{\"@type\":\"SearchAction\",\"target\":{\"@type\":\"EntryPoint\",\"urlTemplate\":\"https:\/\/portaltela.pt\/?s={search_term_string}\"},\"query-input\":{\"@type\":\"PropertyValueSpecification\",\"valueRequired\":true,\"valueName\":\"search_term_string\"}}],\"inLanguage\":\"pt-PT\"},{\"@type\":\"Person\",\"@id\":\"https:\/\/portaltela.pt\/#\/schema\/person\/c4278d4a6028830caff9ee44b42d32ed\",\"name\":\"Telinha\",\"image\":{\"@type\":\"ImageObject\",\"inLanguage\":\"pt-PT\",\"@id\":\"https:\/\/portaltela.pt\/s.01k8rhncp4jt1\/2025\/11\/talking-bot-125x125.png\",\"url\":\"https:\/\/portaltela.pt\/s.01k8rhncp4jt1\/2025\/11\/talking-bot-125x125.png\",\"contentUrl\":\"https:\/\/portaltela.pt\/s.01k8rhncp4jt1\/2025\/11\/talking-bot-125x125.png\",\"caption\":\"Telinha\"},\"sameAs\":[\"https:\/\/portaltela.pt\/\"],\"url\":\"https:\/\/portaltela.pt\/por\/367410592786\/\"}]}<\/script>\n<!-- \/ Yoast SEO plugin. -->","yoast_head_json":{"title":"Pris\u00e3o preventiva para suspeito de abuso sexual de menores em \u00c9vora - Portal Tela Portugal","robots":{"index":"index","follow":"follow","max-snippet":"max-snippet:-1","max-image-preview":"max-image-preview:large","max-video-preview":"max-video-preview:-1"},"og_locale":"pt_PT","og_type":"article","og_title":"Pris\u00e3o preventiva para suspeito de abuso sexual de menores em \u00c9vora - Portal Tela Portugal","og_description":"Um homem de 66 anos ficou em pris\u00e3o preventiva por dois crimes de abuso sexual de crian\u00e7as, em Redondo, \u00c9vora. As v\u00edtimas s\u00e3o duas crian\u00e7as portuguesas, com 8 e 5 anos. O alegado abuso ocorreu a 8 de setembro de 2025, num local p\u00fablico. O MP promoveu a medida ap\u00f3s o interrogat\u00f3rio judicial, justificando perigos de continua\u00e7\u00e3o da atividade criminosa, perturba\u00e7\u00e3o do inqu\u00e9rito e alarme social. As investiga\u00e7\u00f5es seguem sob a dire\u00e7\u00e3o do Minist\u00e9rio P\u00fablico da segunda sec\u00e7\u00e3o especializada do DIAP de \u00c9vora, com apoio da Pol\u00edcia Judici\u00e1ria.","og_url":"https:\/\/portaltela.pt\/noticias\/2026\/01\/30\/prisao-preventiva-para-suspeito-de-abuso-sexual-de-menores-em-evora\/","og_site_name":"Portal Tela Portugal","article_published_time":"2026-01-30T17:19:04+00:00","author":"Telinha","twitter_card":"summary_large_image","twitter_misc":{"Escrito por":"Telinha","Tempo estimado de leitura":"1 minuto"},"schema":{"@context":"https:\/\/schema.org","@graph":[{"@type":"Article","@id":"https:\/\/portaltela.pt\/noticias\/2026\/01\/30\/prisao-preventiva-para-suspeito-de-abuso-sexual-de-menores-em-evora\/#article","isPartOf":{"@id":"https:\/\/portaltela.pt\/noticias\/2026\/01\/30\/prisao-preventiva-para-suspeito-de-abuso-sexual-de-menores-em-evora\/"},"author":{"name":"Telinha","@id":"https:\/\/portaltela.pt\/#\/schema\/person\/c4278d4a6028830caff9ee44b42d32ed"},"headline":"Pris\u00e3o preventiva para suspeito de abuso sexual de menores em \u00c9vora","datePublished":"2026-01-30T17:19:04+00:00","mainEntityOfPage":{"@id":"https:\/\/portaltela.pt\/noticias\/2026\/01\/30\/prisao-preventiva-para-suspeito-de-abuso-sexual-de-menores-em-evora\/"},"wordCount":218,"image":{"@id":"https:\/\/portaltela.pt\/noticias\/2026\/01\/30\/prisao-preventiva-para-suspeito-de-abuso-sexual-de-menores-em-evora\/#primaryimage"},"thumbnailUrl":"https:\/\/portaltela.pt\/s.01k8rhncp4jt1\/2026\/01\/img_1500x1000uu2022-11-18-13-17-41-1208728.jpg","keywords":["abuso sexual de menor dependente","crimes sexuais","\u00c9vora","investiga\u00e7\u00e3o criminal","pris\u00f5es","Redondo"],"articleSection":["Not\u00edcias"],"inLanguage":"pt-PT"},{"@type":"WebPage","@id":"https:\/\/portaltela.pt\/noticias\/2026\/01\/30\/prisao-preventiva-para-suspeito-de-abuso-sexual-de-menores-em-evora\/","url":"https:\/\/portaltela.pt\/noticias\/2026\/01\/30\/prisao-preventiva-para-suspeito-de-abuso-sexual-de-menores-em-evora\/","name":"Pris\u00e3o preventiva para suspeito de abuso sexual de menores em \u00c9vora - Portal Tela Portugal","isPartOf":{"@id":"https:\/\/portaltela.pt\/#website"},"primaryImageOfPage":{"@id":"https:\/\/portaltela.pt\/noticias\/2026\/01\/30\/prisao-preventiva-para-suspeito-de-abuso-sexual-de-menores-em-evora\/#primaryimage"},"image":{"@id":"https:\/\/portaltela.pt\/noticias\/2026\/01\/30\/prisao-preventiva-para-suspeito-de-abuso-sexual-de-menores-em-evora\/#primaryimage"},"thumbnailUrl":"https:\/\/portaltela.pt\/s.01k8rhncp4jt1\/2026\/01\/img_1500x1000uu2022-11-18-13-17-41-1208728.jpg","datePublished":"2026-01-30T17:19:04+00:00","author":{"@id":"https:\/\/portaltela.pt\/#\/schema\/person\/c4278d4a6028830caff9ee44b42d32ed"},"breadcrumb":{"@id":"https:\/\/portaltela.pt\/noticias\/2026\/01\/30\/prisao-preventiva-para-suspeito-de-abuso-sexual-de-menores-em-evora\/#breadcrumb"},"inLanguage":"pt-PT","potentialAction":[{"@type":"ReadAction","target":["https:\/\/portaltela.pt\/noticias\/2026\/01\/30\/prisao-preventiva-para-suspeito-de-abuso-sexual-de-menores-em-evora\/"]}]},{"@type":"ImageObject","inLanguage":"pt-PT","@id":"https:\/\/portaltela.pt\/noticias\/2026\/01\/30\/prisao-preventiva-para-suspeito-de-abuso-sexual-de-menores-em-evora\/#primaryimage","url":"https:\/\/portaltela.pt\/s.01k8rhncp4jt1\/2026\/01\/img_1500x1000uu2022-11-18-13-17-41-1208728.jpg","contentUrl":"https:\/\/portaltela.pt\/s.01k8rhncp4jt1\/2026\/01\/img_1500x1000uu2022-11-18-13-17-41-1208728.jpg","width":796,"height":448,"caption":"Tribunal de \u00c9vora"},{"@type":"BreadcrumbList","@id":"https:\/\/portaltela.pt\/noticias\/2026\/01\/30\/prisao-preventiva-para-suspeito-de-abuso-sexual-de-menores-em-evora\/#breadcrumb","itemListElement":[{"@type":"ListItem","position":1,"name":"In\u00edcio","item":"https:\/\/portaltela.pt\/"},{"@type":"ListItem","position":2,"name":"Pris\u00e3o preventiva para suspeito de abuso sexual de menores em \u00c9vora"}]},{"@type":"WebSite","@id":"https:\/\/portaltela.pt\/#website","url":"https:\/\/portaltela.pt\/","name":"Portal Tela Portugal","description":"","potentialAction":[{"@type":"SearchAction","target":{"@type":"EntryPoint","urlTemplate":"https:\/\/portaltela.pt\/?s={search_term_string}"},"query-input":{"@type":"PropertyValueSpecification","valueRequired":true,"valueName":"search_term_string"}}],"inLanguage":"pt-PT"},{"@type":"Person","@id":"https:\/\/portaltela.pt\/#\/schema\/person\/c4278d4a6028830caff9ee44b42d32ed","name":"Telinha","image":{"@type":"ImageObject","inLanguage":"pt-PT","@id":"https:\/\/portaltela.pt\/s.01k8rhncp4jt1\/2025\/11\/talking-bot-125x125.png","url":"https:\/\/portaltela.pt\/s.01k8rhncp4jt1\/2025\/11\/talking-bot-125x125.png","contentUrl":"https:\/\/portaltela.pt\/s.01k8rhncp4jt1\/2025\/11\/talking-bot-125x125.png","caption":"Telinha"},"sameAs":["https:\/\/portaltela.pt\/"],"url":"https:\/\/portaltela.pt\/por\/367410592786\/"}]}},"_links":{"self":[{"href":"https:\/\/portaltela.pt\/api\/wp\/v2\/posts\/184891","targetHints":{"allow":["GET"]}}],"collection":[{"href":"https:\/\/portaltela.pt\/api\/wp\/v2\/posts"}],"about":[{"href":"https:\/\/portaltela.pt\/api\/wp\/v2\/types\/post"}],"author":[{"embeddable":true,"href":"https:\/\/portaltela.pt\/api\/wp\/v2\/users\/2"}],"replies":[{"embeddable":true,"href":"https:\/\/portaltela.pt\/api\/wp\/v2\/comments?post=184891"}],"version-history":[{"count":0,"href":"https:\/\/portaltela.pt\/api\/wp\/v2\/posts\/184891\/revisions"}],"wp:featuredmedia":[{"embeddable":true,"href":"https:\/\/portaltela.pt\/api\/wp\/v2\/media\/184907"}],"wp:attachment":[{"href":"https:\/\/portaltela.pt\/api\/wp\/v2\/media?parent=184891"}],"wp:term":[{"taxonomy":"category","embeddable":true,"href":"https:\/\/portaltela.pt\/api\/wp\/v2\/categories?post=184891"},{"taxonomy":"post_tag","embeddable":true,"href":"https:\/\/portaltela.pt\/api\/wp\/v2\/tags?post=184891"}],"curies":[{"name":"wp","href":"https:\/\/api.w.org\/{rel}","templated":true}]}}