{"id":184887,"date":"2026-01-30T14:24:00","date_gmt":"2026-01-30T17:24:00","guid":{"rendered":"https:\/\/portaltela.pt\/noticias\/2026\/01\/30\/viver-na-serra-num-palacete-de-charme\/"},"modified":"2026-01-30T14:24:00","modified_gmt":"2026-01-30T17:24:00","slug":"viver-na-serra-num-palacete-de-charme","status":"publish","type":"post","link":"https:\/\/portaltela.pt\/noticias\/2026\/01\/30\/viver-na-serra-num-palacete-de-charme\/","title":{"rendered":"Viver na serra num palacete de charme"},"content":{"rendered":"<p>O empres\u00e1rio Javier Diaz, com historial na hotelaria em Lisboa e em Espanha, decidiu realizar o sonho de ter o seu pr\u00f3prio hotel. Ao descobrir que o edif\u00edcio da antiga Quinta do Barbas, em Oliveira do Hospital, estava \u00e0 venda, avan\u00e7ou com o projeto. O objetivo \u00e9 criar um turismo sustent\u00e1vel, de qualidade, exclusivo e de luxo.<\/p>\n<p>O palacete, situado numa encosta da Serra da Estrela, destaca-se pela eleg\u00e2ncia e pela localiza\u00e7\u00e3o isolada na natureza. Foi desenhado para ser apreciado \u00e0 dist\u00e2ncia, por um casal portugu\u00eas de S\u00e3o Gi\u00e3o que enriqueceu no Brasil.<\/p>\n<p>O edif\u00edcio foi reabilitado para abrir as portas como Palacete do Guerreiro, um hotel rural de charme. A iniciativa re\u00fane Javier Diaz e In\u00eas Amendoeira, que visam oferecer uma experi\u00eancia hoteleira diferenciada na regi\u00e3o.<\/p>\n<h3>Da ideia \u00e0 realidade<\/h3>\n<p>Aposta na sustentabilidade e no respeito pelo entorno natural, mantendo tra\u00e7os de charme hist\u00f3rico. A transforma\u00e7\u00e3o contou com interven\u00e7\u00f5es que preservaram a mem\u00f3ria do local.<\/p>\n<p>A unidade pretende atrair visitantes que procuram tranquilidade, contacto com a natureza e servi\u00e7os de qualidade, mantendo o padr\u00e3o de luxo associado ao conceito do palacete.<\/p>\n","protected":false},"excerpt":{"rendered":"<ul>\n<li>Javier Diaz, com experi\u00eancia na hotelaria em Lisboa e em Espanha, quis criar o seu pr\u00f3prio hotel.<\/li>\n<li>Ao descobrir que o edif\u00edcio da antiga Quinta do Barbas, em Oliveira do Hospital, estava \u00e0 venda, avan\u00e7ou para a aquisi\u00e7\u00e3o.<\/li>\n<li>O palacete ergue-se numa encosta da serra da Estrela, isolado na natureza, destinado a ser apreciado \u00e0 dist\u00e2ncia.<\/li>\n<li>O im\u00f3vel, criado para um casal de S\u00e3o Gi\u00e3o que fez fortuna no Brasil, foi reabilitado para abrir o Palacete do Guerreiro, um hotel rural de charme.<\/li>\n<li>O objetivo \u00e9 oferecer turismo sustent\u00e1vel, de qualidade, exclusivo e de luxo.<\/li>\n<\/ul>\n","protected":false},"author":2,"featured_media":184903,"comment_status":"closed","ping_status":"closed","sticky":false,"template":"","format":"standard","meta":{"footnotes":""},"categories":[1],"tags":[1917,719,3568,814,3444,169],"class_list":["post-184887","post","type-post","status-publish","format-standard","has-post-thumbnail","hentry","category-noticias","tag-hospedagem-local","tag-hotelaria","tag-natureza","tag-patrimonio","tag-sustentabilidade","tag-turismo"],"yoast_head":"<!-- This site is optimized with the Yoast SEO plugin v27.2 - https:\/\/yoast.com\/product\/yoast-seo-wordpress\/ -->\n<title>Viver na serra num palacete de charme - Portal Tela Portugal<\/title>\n<meta name=\"robots\" content=\"index, follow, max-snippet:-1, max-image-preview:large, max-video-preview:-1\" \/>\n<meta property=\"og:locale\" content=\"pt_PT\" \/>\n<meta property=\"og:type\" content=\"article\" \/>\n<meta property=\"og:title\" content=\"Viver na serra num palacete de charme - Portal Tela Portugal\" \/>\n<meta property=\"og:description\" content=\"Javier Diaz, com experi\u00eancia na hotelaria em Lisboa e em Espanha, quis criar o seu pr\u00f3prio hotel. Ao descobrir que o edif\u00edcio da antiga Quinta do Barbas, em Oliveira do Hospital, estava \u00e0 venda, avan\u00e7ou para a aquisi\u00e7\u00e3o. O palacete ergue-se numa encosta da serra da Estrela, isolado na natureza, destinado a ser apreciado \u00e0 dist\u00e2ncia. O im\u00f3vel, criado para um casal de S\u00e3o Gi\u00e3o que fez fortuna no Brasil, foi reabilitado para abrir o Palacete do Guerreiro, um hotel rural de charme. O objetivo \u00e9 oferecer turismo sustent\u00e1vel, de qualidade, exclusivo e de luxo.\" \/>\n<meta property=\"og:url\" content=\"https:\/\/portaltela.pt\/noticias\/2026\/01\/30\/viver-na-serra-num-palacete-de-charme\/\" \/>\n<meta property=\"og:site_name\" content=\"Portal Tela Portugal\" \/>\n<meta property=\"article:published_time\" content=\"2026-01-30T17:24:00+00:00\" \/>\n<meta name=\"author\" content=\"Telinha\" \/>\n<meta name=\"twitter:card\" content=\"summary_large_image\" \/>\n<meta name=\"twitter:label1\" content=\"Escrito por\" \/>\n\t<meta name=\"twitter:data1\" content=\"Telinha\" \/>\n\t<meta name=\"twitter:label2\" content=\"Tempo estimado de leitura\" \/>\n\t<meta name=\"twitter:data2\" content=\"1 minuto\" \/>\n<script type=\"application\/ld+json\" class=\"yoast-schema-graph\">{\"@context\":\"https:\/\/schema.org\",\"@graph\":[{\"@type\":\"Article\",\"@id\":\"https:\/\/portaltela.pt\/noticias\/2026\/01\/30\/viver-na-serra-num-palacete-de-charme\/#article\",\"isPartOf\":{\"@id\":\"https:\/\/portaltela.pt\/noticias\/2026\/01\/30\/viver-na-serra-num-palacete-de-charme\/\"},\"author\":{\"name\":\"Telinha\",\"@id\":\"https:\/\/portaltela.pt\/#\/schema\/person\/c4278d4a6028830caff9ee44b42d32ed\"},\"headline\":\"Viver na serra num palacete de charme\",\"datePublished\":\"2026-01-30T17:24:00+00:00\",\"mainEntityOfPage\":{\"@id\":\"https:\/\/portaltela.pt\/noticias\/2026\/01\/30\/viver-na-serra-num-palacete-de-charme\/\"},\"wordCount\":208,\"image\":{\"@id\":\"https:\/\/portaltela.pt\/noticias\/2026\/01\/30\/viver-na-serra-num-palacete-de-charme\/#primaryimage\"},\"thumbnailUrl\":\"https:\/\/portaltela.pt\/s.01k8rhncp4jt1\/2026\/01\/image-2142.jpg\",\"keywords\":[\"hospedagem local\",\"hotelaria\",\"natureza\",\"patrim\u00f3nio\",\"Sustentabilidade\",\"turismo\"],\"articleSection\":[\"Not\u00edcias\"],\"inLanguage\":\"pt-PT\"},{\"@type\":\"WebPage\",\"@id\":\"https:\/\/portaltela.pt\/noticias\/2026\/01\/30\/viver-na-serra-num-palacete-de-charme\/\",\"url\":\"https:\/\/portaltela.pt\/noticias\/2026\/01\/30\/viver-na-serra-num-palacete-de-charme\/\",\"name\":\"Viver na serra num palacete de charme - Portal Tela Portugal\",\"isPartOf\":{\"@id\":\"https:\/\/portaltela.pt\/#website\"},\"primaryImageOfPage\":{\"@id\":\"https:\/\/portaltela.pt\/noticias\/2026\/01\/30\/viver-na-serra-num-palacete-de-charme\/#primaryimage\"},\"image\":{\"@id\":\"https:\/\/portaltela.pt\/noticias\/2026\/01\/30\/viver-na-serra-num-palacete-de-charme\/#primaryimage\"},\"thumbnailUrl\":\"https:\/\/portaltela.pt\/s.01k8rhncp4jt1\/2026\/01\/image-2142.jpg\",\"datePublished\":\"2026-01-30T17:24:00+00:00\",\"author\":{\"@id\":\"https:\/\/portaltela.pt\/#\/schema\/person\/c4278d4a6028830caff9ee44b42d32ed\"},\"breadcrumb\":{\"@id\":\"https:\/\/portaltela.pt\/noticias\/2026\/01\/30\/viver-na-serra-num-palacete-de-charme\/#breadcrumb\"},\"inLanguage\":\"pt-PT\",\"potentialAction\":[{\"@type\":\"ReadAction\",\"target\":[\"https:\/\/portaltela.pt\/noticias\/2026\/01\/30\/viver-na-serra-num-palacete-de-charme\/\"]}]},{\"@type\":\"ImageObject\",\"inLanguage\":\"pt-PT\",\"@id\":\"https:\/\/portaltela.pt\/noticias\/2026\/01\/30\/viver-na-serra-num-palacete-de-charme\/#primaryimage\",\"url\":\"https:\/\/portaltela.pt\/s.01k8rhncp4jt1\/2026\/01\/image-2142.jpg\",\"contentUrl\":\"https:\/\/portaltela.pt\/s.01k8rhncp4jt1\/2026\/01\/image-2142.jpg\",\"width\":796,\"height\":448,\"caption\":\"Javier Diaz e In\u00eas Amendoeira, no Palacete do Guerreiro\"},{\"@type\":\"BreadcrumbList\",\"@id\":\"https:\/\/portaltela.pt\/noticias\/2026\/01\/30\/viver-na-serra-num-palacete-de-charme\/#breadcrumb\",\"itemListElement\":[{\"@type\":\"ListItem\",\"position\":1,\"name\":\"In\u00edcio\",\"item\":\"https:\/\/portaltela.pt\/\"},{\"@type\":\"ListItem\",\"position\":2,\"name\":\"Viver na serra num palacete de charme\"}]},{\"@type\":\"WebSite\",\"@id\":\"https:\/\/portaltela.pt\/#website\",\"url\":\"https:\/\/portaltela.pt\/\",\"name\":\"Portal Tela Portugal\",\"description\":\"\",\"potentialAction\":[{\"@type\":\"SearchAction\",\"target\":{\"@type\":\"EntryPoint\",\"urlTemplate\":\"https:\/\/portaltela.pt\/?s={search_term_string}\"},\"query-input\":{\"@type\":\"PropertyValueSpecification\",\"valueRequired\":true,\"valueName\":\"search_term_string\"}}],\"inLanguage\":\"pt-PT\"},{\"@type\":\"Person\",\"@id\":\"https:\/\/portaltela.pt\/#\/schema\/person\/c4278d4a6028830caff9ee44b42d32ed\",\"name\":\"Telinha\",\"image\":{\"@type\":\"ImageObject\",\"inLanguage\":\"pt-PT\",\"@id\":\"https:\/\/portaltela.pt\/s.01k8rhncp4jt1\/2025\/11\/talking-bot-125x125.png\",\"url\":\"https:\/\/portaltela.pt\/s.01k8rhncp4jt1\/2025\/11\/talking-bot-125x125.png\",\"contentUrl\":\"https:\/\/portaltela.pt\/s.01k8rhncp4jt1\/2025\/11\/talking-bot-125x125.png\",\"caption\":\"Telinha\"},\"sameAs\":[\"https:\/\/portaltela.pt\/\"],\"url\":\"https:\/\/portaltela.pt\/por\/367410592786\/\"}]}<\/script>\n<!-- \/ Yoast SEO plugin. -->","yoast_head_json":{"title":"Viver na serra num palacete de charme - Portal Tela Portugal","robots":{"index":"index","follow":"follow","max-snippet":"max-snippet:-1","max-image-preview":"max-image-preview:large","max-video-preview":"max-video-preview:-1"},"og_locale":"pt_PT","og_type":"article","og_title":"Viver na serra num palacete de charme - Portal Tela Portugal","og_description":"Javier Diaz, com experi\u00eancia na hotelaria em Lisboa e em Espanha, quis criar o seu pr\u00f3prio hotel. Ao descobrir que o edif\u00edcio da antiga Quinta do Barbas, em Oliveira do Hospital, estava \u00e0 venda, avan\u00e7ou para a aquisi\u00e7\u00e3o. O palacete ergue-se numa encosta da serra da Estrela, isolado na natureza, destinado a ser apreciado \u00e0 dist\u00e2ncia. O im\u00f3vel, criado para um casal de S\u00e3o Gi\u00e3o que fez fortuna no Brasil, foi reabilitado para abrir o Palacete do Guerreiro, um hotel rural de charme. O objetivo \u00e9 oferecer turismo sustent\u00e1vel, de qualidade, exclusivo e de luxo.","og_url":"https:\/\/portaltela.pt\/noticias\/2026\/01\/30\/viver-na-serra-num-palacete-de-charme\/","og_site_name":"Portal Tela Portugal","article_published_time":"2026-01-30T17:24:00+00:00","author":"Telinha","twitter_card":"summary_large_image","twitter_misc":{"Escrito por":"Telinha","Tempo estimado de leitura":"1 minuto"},"schema":{"@context":"https:\/\/schema.org","@graph":[{"@type":"Article","@id":"https:\/\/portaltela.pt\/noticias\/2026\/01\/30\/viver-na-serra-num-palacete-de-charme\/#article","isPartOf":{"@id":"https:\/\/portaltela.pt\/noticias\/2026\/01\/30\/viver-na-serra-num-palacete-de-charme\/"},"author":{"name":"Telinha","@id":"https:\/\/portaltela.pt\/#\/schema\/person\/c4278d4a6028830caff9ee44b42d32ed"},"headline":"Viver na serra num palacete de charme","datePublished":"2026-01-30T17:24:00+00:00","mainEntityOfPage":{"@id":"https:\/\/portaltela.pt\/noticias\/2026\/01\/30\/viver-na-serra-num-palacete-de-charme\/"},"wordCount":208,"image":{"@id":"https:\/\/portaltela.pt\/noticias\/2026\/01\/30\/viver-na-serra-num-palacete-de-charme\/#primaryimage"},"thumbnailUrl":"https:\/\/portaltela.pt\/s.01k8rhncp4jt1\/2026\/01\/image-2142.jpg","keywords":["hospedagem local","hotelaria","natureza","patrim\u00f3nio","Sustentabilidade","turismo"],"articleSection":["Not\u00edcias"],"inLanguage":"pt-PT"},{"@type":"WebPage","@id":"https:\/\/portaltela.pt\/noticias\/2026\/01\/30\/viver-na-serra-num-palacete-de-charme\/","url":"https:\/\/portaltela.pt\/noticias\/2026\/01\/30\/viver-na-serra-num-palacete-de-charme\/","name":"Viver na serra num palacete de charme - Portal Tela Portugal","isPartOf":{"@id":"https:\/\/portaltela.pt\/#website"},"primaryImageOfPage":{"@id":"https:\/\/portaltela.pt\/noticias\/2026\/01\/30\/viver-na-serra-num-palacete-de-charme\/#primaryimage"},"image":{"@id":"https:\/\/portaltela.pt\/noticias\/2026\/01\/30\/viver-na-serra-num-palacete-de-charme\/#primaryimage"},"thumbnailUrl":"https:\/\/portaltela.pt\/s.01k8rhncp4jt1\/2026\/01\/image-2142.jpg","datePublished":"2026-01-30T17:24:00+00:00","author":{"@id":"https:\/\/portaltela.pt\/#\/schema\/person\/c4278d4a6028830caff9ee44b42d32ed"},"breadcrumb":{"@id":"https:\/\/portaltela.pt\/noticias\/2026\/01\/30\/viver-na-serra-num-palacete-de-charme\/#breadcrumb"},"inLanguage":"pt-PT","potentialAction":[{"@type":"ReadAction","target":["https:\/\/portaltela.pt\/noticias\/2026\/01\/30\/viver-na-serra-num-palacete-de-charme\/"]}]},{"@type":"ImageObject","inLanguage":"pt-PT","@id":"https:\/\/portaltela.pt\/noticias\/2026\/01\/30\/viver-na-serra-num-palacete-de-charme\/#primaryimage","url":"https:\/\/portaltela.pt\/s.01k8rhncp4jt1\/2026\/01\/image-2142.jpg","contentUrl":"https:\/\/portaltela.pt\/s.01k8rhncp4jt1\/2026\/01\/image-2142.jpg","width":796,"height":448,"caption":"Javier Diaz e In\u00eas Amendoeira, no Palacete do Guerreiro"},{"@type":"BreadcrumbList","@id":"https:\/\/portaltela.pt\/noticias\/2026\/01\/30\/viver-na-serra-num-palacete-de-charme\/#breadcrumb","itemListElement":[{"@type":"ListItem","position":1,"name":"In\u00edcio","item":"https:\/\/portaltela.pt\/"},{"@type":"ListItem","position":2,"name":"Viver na serra num palacete de charme"}]},{"@type":"WebSite","@id":"https:\/\/portaltela.pt\/#website","url":"https:\/\/portaltela.pt\/","name":"Portal Tela Portugal","description":"","potentialAction":[{"@type":"SearchAction","target":{"@type":"EntryPoint","urlTemplate":"https:\/\/portaltela.pt\/?s={search_term_string}"},"query-input":{"@type":"PropertyValueSpecification","valueRequired":true,"valueName":"search_term_string"}}],"inLanguage":"pt-PT"},{"@type":"Person","@id":"https:\/\/portaltela.pt\/#\/schema\/person\/c4278d4a6028830caff9ee44b42d32ed","name":"Telinha","image":{"@type":"ImageObject","inLanguage":"pt-PT","@id":"https:\/\/portaltela.pt\/s.01k8rhncp4jt1\/2025\/11\/talking-bot-125x125.png","url":"https:\/\/portaltela.pt\/s.01k8rhncp4jt1\/2025\/11\/talking-bot-125x125.png","contentUrl":"https:\/\/portaltela.pt\/s.01k8rhncp4jt1\/2025\/11\/talking-bot-125x125.png","caption":"Telinha"},"sameAs":["https:\/\/portaltela.pt\/"],"url":"https:\/\/portaltela.pt\/por\/367410592786\/"}]}},"_links":{"self":[{"href":"https:\/\/portaltela.pt\/api\/wp\/v2\/posts\/184887","targetHints":{"allow":["GET"]}}],"collection":[{"href":"https:\/\/portaltela.pt\/api\/wp\/v2\/posts"}],"about":[{"href":"https:\/\/portaltela.pt\/api\/wp\/v2\/types\/post"}],"author":[{"embeddable":true,"href":"https:\/\/portaltela.pt\/api\/wp\/v2\/users\/2"}],"replies":[{"embeddable":true,"href":"https:\/\/portaltela.pt\/api\/wp\/v2\/comments?post=184887"}],"version-history":[{"count":0,"href":"https:\/\/portaltela.pt\/api\/wp\/v2\/posts\/184887\/revisions"}],"wp:featuredmedia":[{"embeddable":true,"href":"https:\/\/portaltela.pt\/api\/wp\/v2\/media\/184903"}],"wp:attachment":[{"href":"https:\/\/portaltela.pt\/api\/wp\/v2\/media?parent=184887"}],"wp:term":[{"taxonomy":"category","embeddable":true,"href":"https:\/\/portaltela.pt\/api\/wp\/v2\/categories?post=184887"},{"taxonomy":"post_tag","embeddable":true,"href":"https:\/\/portaltela.pt\/api\/wp\/v2\/tags?post=184887"}],"curies":[{"name":"wp","href":"https:\/\/api.w.org\/{rel}","templated":true}]}}