{"id":184880,"date":"2026-01-30T14:03:05","date_gmt":"2026-01-30T17:03:05","guid":{"rendered":"https:\/\/portaltela.pt\/noticias\/2026\/01\/30\/tres-estradas-municipais-cortadas-em-sabrosa-mesao-frio-e-penaguiao\/"},"modified":"2026-01-30T14:03:05","modified_gmt":"2026-01-30T17:03:05","slug":"tres-estradas-municipais-cortadas-em-sabrosa-mesao-frio-e-penaguiao","status":"publish","type":"post","link":"https:\/\/portaltela.pt\/noticias\/2026\/01\/30\/tres-estradas-municipais-cortadas-em-sabrosa-mesao-frio-e-penaguiao\/","title":{"rendered":"Tr\u00eas estradas municipais cortadas em Sabrosa, Mes\u00e3o Frio e Penagui\u00e3o"},"content":{"rendered":"<p>O Comando Territorial de Vila Real apresentou um ponto de situa\u00e7\u00e3o sobre estradas municipais no distrito que se encontram cortadas em ambos os sentidos devido a derrocadas ou desmoronamentos de terras. Os impacted roads s\u00e3o as EM-1305, EM-590 e EM-602.<\/p>\n<p>A EM-1305, que liga Alva\u00e7\u00f5es em Santa Marta de Penagui\u00e3o, est\u00e1 interrompida. A alternativa indicada para atravessar a \u00e1rea \u00e9 a EM-313. J\u00e1 a EM-590, em Gouv\u00e3es do Douro, Sabrosa, mant\u00e9m desvio por via EM-1268 e EM-1268-1.<\/p>\n<p>A terceira via afetada \u00e9 a EM-602, em Vila Marim, Mes\u00e3o Frio. A circula\u00e7\u00e3o alternativa passa pela EM-601 e pela EN-108, segundo a avalia\u00e7\u00e3o do \u00f3rg\u00e3o. N\u00e3o foram reportadas informa\u00e7\u00f5es adicionais sobre o per\u00edodo estimado de reposi\u00e7\u00e3o.<\/p>\n","protected":false},"excerpt":{"rendered":"<ul>\n<li>Tr\u00eas estradas municipais ficam cortadas, em ambos os sentidos, nos concelhos de Sabrosa, Mes\u00e3o Frio e Santa Marta de Penagui\u00e3o, devido a derrocadas.<\/li>\n<li>EM-1305 \u2013 Alva\u00e7\u00f5es (Santa Marta de Penagui\u00e3o) est\u00e1 cortada, com alternativa pela EM-313.<\/li>\n<li>EM-590 \u2013 Gouv\u00e3es do Douro (Sabrosa) est\u00e1 cortada, com alternativas pela EM-1268 e EM-1268-1.<\/li>\n<li>EM-602 \u2013 Vila Marim (Mes\u00e3o Frio) est\u00e1 cortada, com alternativas pela EM-601 e EN-108.<\/li>\n<\/ul>\n","protected":false},"author":2,"featured_media":184917,"comment_status":"closed","ping_status":"closed","sticky":false,"template":"","format":"standard","meta":{"footnotes":""},"categories":[1],"tags":[2289,1083,1615,2110,3738,1665],"class_list":["post-184880","post","type-post","status-publish","format-standard","has-post-thumbnail","hentry","category-noticias","tag-desabamentos","tag-estradas","tag-infraestrutura","tag-mobilidade","tag-vias-de-comunicacao","tag-vila-real"],"yoast_head":"<!-- This site is optimized with the Yoast SEO plugin v27.2 - https:\/\/yoast.com\/product\/yoast-seo-wordpress\/ -->\n<title>Tr\u00eas estradas municipais cortadas em Sabrosa, Mes\u00e3o Frio e Penagui\u00e3o - Portal Tela Portugal<\/title>\n<meta name=\"robots\" content=\"index, follow, max-snippet:-1, max-image-preview:large, max-video-preview:-1\" \/>\n<meta property=\"og:locale\" content=\"pt_PT\" \/>\n<meta property=\"og:type\" content=\"article\" \/>\n<meta property=\"og:title\" content=\"Tr\u00eas estradas municipais cortadas em Sabrosa, Mes\u00e3o Frio e Penagui\u00e3o - Portal Tela Portugal\" \/>\n<meta property=\"og:description\" content=\"Tr\u00eas estradas municipais ficam cortadas, em ambos os sentidos, nos concelhos de Sabrosa, Mes\u00e3o Frio e Santa Marta de Penagui\u00e3o, devido a derrocadas. EM-1305 \u2013 Alva\u00e7\u00f5es (Santa Marta de Penagui\u00e3o) est\u00e1 cortada, com alternativa pela EM-313. EM-590 \u2013 Gouv\u00e3es do Douro (Sabrosa) est\u00e1 cortada, com alternativas pela EM-1268 e EM-1268-1. EM-602 \u2013 Vila Marim (Mes\u00e3o Frio) est\u00e1 cortada, com alternativas pela EM-601 e EN-108.\" \/>\n<meta property=\"og:url\" content=\"https:\/\/portaltela.pt\/noticias\/2026\/01\/30\/tres-estradas-municipais-cortadas-em-sabrosa-mesao-frio-e-penaguiao\/\" \/>\n<meta property=\"og:site_name\" content=\"Portal Tela Portugal\" \/>\n<meta property=\"article:published_time\" content=\"2026-01-30T17:03:05+00:00\" \/>\n<meta name=\"author\" content=\"Telinha\" \/>\n<meta name=\"twitter:card\" content=\"summary_large_image\" \/>\n<meta name=\"twitter:label1\" content=\"Escrito por\" \/>\n\t<meta name=\"twitter:data1\" content=\"Telinha\" \/>\n\t<meta name=\"twitter:label2\" content=\"Tempo estimado de leitura\" \/>\n\t<meta name=\"twitter:data2\" content=\"1 minuto\" \/>\n<script type=\"application\/ld+json\" class=\"yoast-schema-graph\">{\"@context\":\"https:\/\/schema.org\",\"@graph\":[{\"@type\":\"Article\",\"@id\":\"https:\/\/portaltela.pt\/noticias\/2026\/01\/30\/tres-estradas-municipais-cortadas-em-sabrosa-mesao-frio-e-penaguiao\/#article\",\"isPartOf\":{\"@id\":\"https:\/\/portaltela.pt\/noticias\/2026\/01\/30\/tres-estradas-municipais-cortadas-em-sabrosa-mesao-frio-e-penaguiao\/\"},\"author\":{\"name\":\"Telinha\",\"@id\":\"https:\/\/portaltela.pt\/#\/schema\/person\/c4278d4a6028830caff9ee44b42d32ed\"},\"headline\":\"Tr\u00eas estradas municipais cortadas em Sabrosa, Mes\u00e3o Frio e Penagui\u00e3o\",\"datePublished\":\"2026-01-30T17:03:05+00:00\",\"mainEntityOfPage\":{\"@id\":\"https:\/\/portaltela.pt\/noticias\/2026\/01\/30\/tres-estradas-municipais-cortadas-em-sabrosa-mesao-frio-e-penaguiao\/\"},\"wordCount\":140,\"image\":{\"@id\":\"https:\/\/portaltela.pt\/noticias\/2026\/01\/30\/tres-estradas-municipais-cortadas-em-sabrosa-mesao-frio-e-penaguiao\/#primaryimage\"},\"thumbnailUrl\":\"https:\/\/portaltela.pt\/s.01k8rhncp4jt1\/2026\/01\/unnamed-file-6159.jpg\",\"keywords\":[\"desabamentos\",\"estradas\",\"infraestrutura\",\"mobilidade\",\"vias de comunica\u00e7\u00e3o\",\"Vila Real\"],\"articleSection\":[\"Not\u00edcias\"],\"inLanguage\":\"pt-PT\"},{\"@type\":\"WebPage\",\"@id\":\"https:\/\/portaltela.pt\/noticias\/2026\/01\/30\/tres-estradas-municipais-cortadas-em-sabrosa-mesao-frio-e-penaguiao\/\",\"url\":\"https:\/\/portaltela.pt\/noticias\/2026\/01\/30\/tres-estradas-municipais-cortadas-em-sabrosa-mesao-frio-e-penaguiao\/\",\"name\":\"Tr\u00eas estradas municipais cortadas em Sabrosa, Mes\u00e3o Frio e Penagui\u00e3o - Portal Tela Portugal\",\"isPartOf\":{\"@id\":\"https:\/\/portaltela.pt\/#website\"},\"primaryImageOfPage\":{\"@id\":\"https:\/\/portaltela.pt\/noticias\/2026\/01\/30\/tres-estradas-municipais-cortadas-em-sabrosa-mesao-frio-e-penaguiao\/#primaryimage\"},\"image\":{\"@id\":\"https:\/\/portaltela.pt\/noticias\/2026\/01\/30\/tres-estradas-municipais-cortadas-em-sabrosa-mesao-frio-e-penaguiao\/#primaryimage\"},\"thumbnailUrl\":\"https:\/\/portaltela.pt\/s.01k8rhncp4jt1\/2026\/01\/unnamed-file-6159.jpg\",\"datePublished\":\"2026-01-30T17:03:05+00:00\",\"author\":{\"@id\":\"https:\/\/portaltela.pt\/#\/schema\/person\/c4278d4a6028830caff9ee44b42d32ed\"},\"breadcrumb\":{\"@id\":\"https:\/\/portaltela.pt\/noticias\/2026\/01\/30\/tres-estradas-municipais-cortadas-em-sabrosa-mesao-frio-e-penaguiao\/#breadcrumb\"},\"inLanguage\":\"pt-PT\",\"potentialAction\":[{\"@type\":\"ReadAction\",\"target\":[\"https:\/\/portaltela.pt\/noticias\/2026\/01\/30\/tres-estradas-municipais-cortadas-em-sabrosa-mesao-frio-e-penaguiao\/\"]}]},{\"@type\":\"ImageObject\",\"inLanguage\":\"pt-PT\",\"@id\":\"https:\/\/portaltela.pt\/noticias\/2026\/01\/30\/tres-estradas-municipais-cortadas-em-sabrosa-mesao-frio-e-penaguiao\/#primaryimage\",\"url\":\"https:\/\/portaltela.pt\/s.01k8rhncp4jt1\/2026\/01\/unnamed-file-6159.jpg\",\"contentUrl\":\"https:\/\/portaltela.pt\/s.01k8rhncp4jt1\/2026\/01\/unnamed-file-6159.jpg\",\"width\":796,\"height\":448,\"caption\":\"Tr\u00eas estradas municipais cortadas nos concelhos de Sabrosa, Mes\u00e3o Frio e Santa Marta de Penagui\u00e3o devido a derrocadas\"},{\"@type\":\"BreadcrumbList\",\"@id\":\"https:\/\/portaltela.pt\/noticias\/2026\/01\/30\/tres-estradas-municipais-cortadas-em-sabrosa-mesao-frio-e-penaguiao\/#breadcrumb\",\"itemListElement\":[{\"@type\":\"ListItem\",\"position\":1,\"name\":\"In\u00edcio\",\"item\":\"https:\/\/portaltela.pt\/\"},{\"@type\":\"ListItem\",\"position\":2,\"name\":\"Tr\u00eas estradas municipais cortadas em Sabrosa, Mes\u00e3o Frio e Penagui\u00e3o\"}]},{\"@type\":\"WebSite\",\"@id\":\"https:\/\/portaltela.pt\/#website\",\"url\":\"https:\/\/portaltela.pt\/\",\"name\":\"Portal Tela Portugal\",\"description\":\"\",\"potentialAction\":[{\"@type\":\"SearchAction\",\"target\":{\"@type\":\"EntryPoint\",\"urlTemplate\":\"https:\/\/portaltela.pt\/?s={search_term_string}\"},\"query-input\":{\"@type\":\"PropertyValueSpecification\",\"valueRequired\":true,\"valueName\":\"search_term_string\"}}],\"inLanguage\":\"pt-PT\"},{\"@type\":\"Person\",\"@id\":\"https:\/\/portaltela.pt\/#\/schema\/person\/c4278d4a6028830caff9ee44b42d32ed\",\"name\":\"Telinha\",\"image\":{\"@type\":\"ImageObject\",\"inLanguage\":\"pt-PT\",\"@id\":\"https:\/\/portaltela.pt\/s.01k8rhncp4jt1\/2025\/11\/talking-bot-125x125.png\",\"url\":\"https:\/\/portaltela.pt\/s.01k8rhncp4jt1\/2025\/11\/talking-bot-125x125.png\",\"contentUrl\":\"https:\/\/portaltela.pt\/s.01k8rhncp4jt1\/2025\/11\/talking-bot-125x125.png\",\"caption\":\"Telinha\"},\"sameAs\":[\"https:\/\/portaltela.pt\/\"],\"url\":\"https:\/\/portaltela.pt\/por\/367410592786\/\"}]}<\/script>\n<!-- \/ Yoast SEO plugin. -->","yoast_head_json":{"title":"Tr\u00eas estradas municipais cortadas em Sabrosa, Mes\u00e3o Frio e Penagui\u00e3o - Portal Tela Portugal","robots":{"index":"index","follow":"follow","max-snippet":"max-snippet:-1","max-image-preview":"max-image-preview:large","max-video-preview":"max-video-preview:-1"},"og_locale":"pt_PT","og_type":"article","og_title":"Tr\u00eas estradas municipais cortadas em Sabrosa, Mes\u00e3o Frio e Penagui\u00e3o - Portal Tela Portugal","og_description":"Tr\u00eas estradas municipais ficam cortadas, em ambos os sentidos, nos concelhos de Sabrosa, Mes\u00e3o Frio e Santa Marta de Penagui\u00e3o, devido a derrocadas. EM-1305 \u2013 Alva\u00e7\u00f5es (Santa Marta de Penagui\u00e3o) est\u00e1 cortada, com alternativa pela EM-313. EM-590 \u2013 Gouv\u00e3es do Douro (Sabrosa) est\u00e1 cortada, com alternativas pela EM-1268 e EM-1268-1. EM-602 \u2013 Vila Marim (Mes\u00e3o Frio) est\u00e1 cortada, com alternativas pela EM-601 e EN-108.","og_url":"https:\/\/portaltela.pt\/noticias\/2026\/01\/30\/tres-estradas-municipais-cortadas-em-sabrosa-mesao-frio-e-penaguiao\/","og_site_name":"Portal Tela Portugal","article_published_time":"2026-01-30T17:03:05+00:00","author":"Telinha","twitter_card":"summary_large_image","twitter_misc":{"Escrito por":"Telinha","Tempo estimado de leitura":"1 minuto"},"schema":{"@context":"https:\/\/schema.org","@graph":[{"@type":"Article","@id":"https:\/\/portaltela.pt\/noticias\/2026\/01\/30\/tres-estradas-municipais-cortadas-em-sabrosa-mesao-frio-e-penaguiao\/#article","isPartOf":{"@id":"https:\/\/portaltela.pt\/noticias\/2026\/01\/30\/tres-estradas-municipais-cortadas-em-sabrosa-mesao-frio-e-penaguiao\/"},"author":{"name":"Telinha","@id":"https:\/\/portaltela.pt\/#\/schema\/person\/c4278d4a6028830caff9ee44b42d32ed"},"headline":"Tr\u00eas estradas municipais cortadas em Sabrosa, Mes\u00e3o Frio e Penagui\u00e3o","datePublished":"2026-01-30T17:03:05+00:00","mainEntityOfPage":{"@id":"https:\/\/portaltela.pt\/noticias\/2026\/01\/30\/tres-estradas-municipais-cortadas-em-sabrosa-mesao-frio-e-penaguiao\/"},"wordCount":140,"image":{"@id":"https:\/\/portaltela.pt\/noticias\/2026\/01\/30\/tres-estradas-municipais-cortadas-em-sabrosa-mesao-frio-e-penaguiao\/#primaryimage"},"thumbnailUrl":"https:\/\/portaltela.pt\/s.01k8rhncp4jt1\/2026\/01\/unnamed-file-6159.jpg","keywords":["desabamentos","estradas","infraestrutura","mobilidade","vias de comunica\u00e7\u00e3o","Vila Real"],"articleSection":["Not\u00edcias"],"inLanguage":"pt-PT"},{"@type":"WebPage","@id":"https:\/\/portaltela.pt\/noticias\/2026\/01\/30\/tres-estradas-municipais-cortadas-em-sabrosa-mesao-frio-e-penaguiao\/","url":"https:\/\/portaltela.pt\/noticias\/2026\/01\/30\/tres-estradas-municipais-cortadas-em-sabrosa-mesao-frio-e-penaguiao\/","name":"Tr\u00eas estradas municipais cortadas em Sabrosa, Mes\u00e3o Frio e Penagui\u00e3o - Portal Tela Portugal","isPartOf":{"@id":"https:\/\/portaltela.pt\/#website"},"primaryImageOfPage":{"@id":"https:\/\/portaltela.pt\/noticias\/2026\/01\/30\/tres-estradas-municipais-cortadas-em-sabrosa-mesao-frio-e-penaguiao\/#primaryimage"},"image":{"@id":"https:\/\/portaltela.pt\/noticias\/2026\/01\/30\/tres-estradas-municipais-cortadas-em-sabrosa-mesao-frio-e-penaguiao\/#primaryimage"},"thumbnailUrl":"https:\/\/portaltela.pt\/s.01k8rhncp4jt1\/2026\/01\/unnamed-file-6159.jpg","datePublished":"2026-01-30T17:03:05+00:00","author":{"@id":"https:\/\/portaltela.pt\/#\/schema\/person\/c4278d4a6028830caff9ee44b42d32ed"},"breadcrumb":{"@id":"https:\/\/portaltela.pt\/noticias\/2026\/01\/30\/tres-estradas-municipais-cortadas-em-sabrosa-mesao-frio-e-penaguiao\/#breadcrumb"},"inLanguage":"pt-PT","potentialAction":[{"@type":"ReadAction","target":["https:\/\/portaltela.pt\/noticias\/2026\/01\/30\/tres-estradas-municipais-cortadas-em-sabrosa-mesao-frio-e-penaguiao\/"]}]},{"@type":"ImageObject","inLanguage":"pt-PT","@id":"https:\/\/portaltela.pt\/noticias\/2026\/01\/30\/tres-estradas-municipais-cortadas-em-sabrosa-mesao-frio-e-penaguiao\/#primaryimage","url":"https:\/\/portaltela.pt\/s.01k8rhncp4jt1\/2026\/01\/unnamed-file-6159.jpg","contentUrl":"https:\/\/portaltela.pt\/s.01k8rhncp4jt1\/2026\/01\/unnamed-file-6159.jpg","width":796,"height":448,"caption":"Tr\u00eas estradas municipais cortadas nos concelhos de Sabrosa, Mes\u00e3o Frio e Santa Marta de Penagui\u00e3o devido a derrocadas"},{"@type":"BreadcrumbList","@id":"https:\/\/portaltela.pt\/noticias\/2026\/01\/30\/tres-estradas-municipais-cortadas-em-sabrosa-mesao-frio-e-penaguiao\/#breadcrumb","itemListElement":[{"@type":"ListItem","position":1,"name":"In\u00edcio","item":"https:\/\/portaltela.pt\/"},{"@type":"ListItem","position":2,"name":"Tr\u00eas estradas municipais cortadas em Sabrosa, Mes\u00e3o Frio e Penagui\u00e3o"}]},{"@type":"WebSite","@id":"https:\/\/portaltela.pt\/#website","url":"https:\/\/portaltela.pt\/","name":"Portal Tela Portugal","description":"","potentialAction":[{"@type":"SearchAction","target":{"@type":"EntryPoint","urlTemplate":"https:\/\/portaltela.pt\/?s={search_term_string}"},"query-input":{"@type":"PropertyValueSpecification","valueRequired":true,"valueName":"search_term_string"}}],"inLanguage":"pt-PT"},{"@type":"Person","@id":"https:\/\/portaltela.pt\/#\/schema\/person\/c4278d4a6028830caff9ee44b42d32ed","name":"Telinha","image":{"@type":"ImageObject","inLanguage":"pt-PT","@id":"https:\/\/portaltela.pt\/s.01k8rhncp4jt1\/2025\/11\/talking-bot-125x125.png","url":"https:\/\/portaltela.pt\/s.01k8rhncp4jt1\/2025\/11\/talking-bot-125x125.png","contentUrl":"https:\/\/portaltela.pt\/s.01k8rhncp4jt1\/2025\/11\/talking-bot-125x125.png","caption":"Telinha"},"sameAs":["https:\/\/portaltela.pt\/"],"url":"https:\/\/portaltela.pt\/por\/367410592786\/"}]}},"_links":{"self":[{"href":"https:\/\/portaltela.pt\/api\/wp\/v2\/posts\/184880","targetHints":{"allow":["GET"]}}],"collection":[{"href":"https:\/\/portaltela.pt\/api\/wp\/v2\/posts"}],"about":[{"href":"https:\/\/portaltela.pt\/api\/wp\/v2\/types\/post"}],"author":[{"embeddable":true,"href":"https:\/\/portaltela.pt\/api\/wp\/v2\/users\/2"}],"replies":[{"embeddable":true,"href":"https:\/\/portaltela.pt\/api\/wp\/v2\/comments?post=184880"}],"version-history":[{"count":0,"href":"https:\/\/portaltela.pt\/api\/wp\/v2\/posts\/184880\/revisions"}],"wp:featuredmedia":[{"embeddable":true,"href":"https:\/\/portaltela.pt\/api\/wp\/v2\/media\/184917"}],"wp:attachment":[{"href":"https:\/\/portaltela.pt\/api\/wp\/v2\/media?parent=184880"}],"wp:term":[{"taxonomy":"category","embeddable":true,"href":"https:\/\/portaltela.pt\/api\/wp\/v2\/categories?post=184880"},{"taxonomy":"post_tag","embeddable":true,"href":"https:\/\/portaltela.pt\/api\/wp\/v2\/tags?post=184880"}],"curies":[{"name":"wp","href":"https:\/\/api.w.org\/{rel}","templated":true}]}}