{"id":184832,"date":"2026-01-30T14:00:33","date_gmt":"2026-01-30T17:00:33","guid":{"rendered":"https:\/\/portaltela.pt\/noticias\/2026\/01\/30\/remco-evenepoel-vence-o-trofeu-serra-tramuntana-morgado-fica-em-segundo\/"},"modified":"2026-01-30T14:00:33","modified_gmt":"2026-01-30T17:00:33","slug":"remco-evenepoel-vence-o-trofeu-serra-tramuntana-morgado-fica-em-segundo","status":"publish","type":"post","link":"https:\/\/portaltela.pt\/desporto\/2026\/01\/30\/remco-evenepoel-vence-o-trofeu-serra-tramuntana-morgado-fica-em-segundo\/","title":{"rendered":"Remco Evenepoel vence o Trof\u00e9u Serra Tramuntana, Morgado fica em segundo"},"content":{"rendered":"<p>Remco Evenepoel venceu o Trof\u00e9u Serra Tramuntana, em Mallorca, com um ataque em solit\u00e1rio de mais de 50 quil\u00f3metros. Ant\u00f3nio Morgado, da UAE Emirates, ficou em segundo lugar, a 1 minuto e 38 segundos do vencedor. A prova decorreu numa dist\u00e2ncia de 154,3 km entre Selva e o Santuari de Lluc.<\/p>\n<p>Evenepoel lan\u00e7ou o ataque decisivo j\u00e1 perto do fim da corrida, isolando-se na frente e cruzando a meta com o tempo de 3:34.37. Foi o 68\u00ba triunfo individual do belga na carreira, batendo o tricampe\u00e3o mundial de contrarrel\u00f3gio que soma j\u00e1 vit\u00f3rias na prova de Maiorca.<\/p>\n<p>Morgado foi o ferrovi\u00e1rio do trio de perseguidores que completou o p\u00f3dio, recuperando-se da primeira posi\u00e7\u00e3o at\u00e9 ao fim. O portugu\u00eas mostrou-se satisfeito com o desempenho, reconhecendo a for\u00e7a de Evenepoel e a dificuldade de acompanhar o belga.<\/p>\n<p>Em rela\u00e7\u00e3o aos restantes da frente, o italiano Christian Scaroni (XDS Astana) terminou em terceiro, seguido do franc\u00eas Mathys Rondel (Tudor). Morgado tinha vencido na etapa inicial do Challenge de Maiorca, o Trof\u00e9u Calvi\u00e0, com um sprint sobre Scaroni.<\/p>\n<h3>Resultados<\/h3>\n<p>Evenepoel (Red Bull-BORA-hansgrohe) 3:34.37; Morgado (UAE Emirates) a 1:38; Scaroni (XDS Astana) em terceiro. A prova integrou o Challenge de Maiorca, com a terceira prova a decorrer ap\u00f3s uma vit\u00f3ria de Evenepoel na fase anterior.<\/p>\n","protected":false},"excerpt":{"rendered":"<ul>\n<li>Remco Evenepoel venceu o Trof\u00e9u Serra Tramuntana, com ataque em solit\u00e1rio de mais de 50 quil\u00f3metros e tempo de 3h34m37s, numa prova de 154,3 km entre Selva e o Santuari de Lluc.<\/li>\n<li>Ant\u00f3nio Morgado (UAE Emirates) terminou em segundo, a 1,38 minutos do vencedor, num grupo de perseguidores.<\/li>\n<li>Este \u00e9 o 68\u00ba triunfo individual da carreira de Evenepoel, que j\u00e1 tinha vencido o Trof\u00e9u Ses Salines na v\u00e9spera.<\/li>\n<li>Morgado soma a segunda vit\u00f3ria em igual n\u00famero de dias pela UAE Emirates, depois de ter vencido o Trof\u00e9u Calvi\u00e0, primeira etapa do Challenge de Maiorca.<\/li>\n<li>O italiano Christian Scaroni ficou em terceiro, \u00e0 frente do franc\u00eas Mathys Rondel, no top quatro do podium.<\/li>\n<\/ul>\n","protected":false},"author":2,"featured_media":184841,"comment_status":"closed","ping_status":"closed","sticky":false,"template":"","format":"standard","meta":{"footnotes":""},"categories":[21],"tags":[252,923,1285,2681,2069,40],"class_list":["post-184832","post","type-post","status-publish","format-standard","has-post-thumbnail","hentry","category-desporto","tag-atletas","tag-ciclismo","tag-competicao","tag-desporto-internacional","tag-esportivos","tag-pessoas"],"yoast_head":"<!-- This site is optimized with the Yoast SEO plugin v27.2 - https:\/\/yoast.com\/product\/yoast-seo-wordpress\/ -->\n<title>Remco Evenepoel vence o Trof\u00e9u Serra Tramuntana, Morgado fica em segundo - Portal Tela Portugal<\/title>\n<meta name=\"robots\" content=\"index, follow, max-snippet:-1, max-image-preview:large, max-video-preview:-1\" \/>\n<meta property=\"og:locale\" content=\"pt_PT\" \/>\n<meta property=\"og:type\" content=\"article\" \/>\n<meta property=\"og:title\" content=\"Remco Evenepoel vence o Trof\u00e9u Serra Tramuntana, Morgado fica em segundo - Portal Tela Portugal\" \/>\n<meta property=\"og:description\" content=\"Remco Evenepoel venceu o Trof\u00e9u Serra Tramuntana, com ataque em solit\u00e1rio de mais de 50 quil\u00f3metros e tempo de 3h34m37s, numa prova de 154,3 km entre Selva e o Santuari de Lluc. Ant\u00f3nio Morgado (UAE Emirates) terminou em segundo, a 1,38 minutos do vencedor, num grupo de perseguidores. Este \u00e9 o 68\u00ba triunfo individual da carreira de Evenepoel, que j\u00e1 tinha vencido o Trof\u00e9u Ses Salines na v\u00e9spera. Morgado soma a segunda vit\u00f3ria em igual n\u00famero de dias pela UAE Emirates, depois de ter vencido o Trof\u00e9u Calvi\u00e0, primeira etapa do Challenge de Maiorca. O italiano Christian Scaroni ficou em terceiro, \u00e0 frente do franc\u00eas Mathys Rondel, no top quatro do podium.\" \/>\n<meta property=\"og:url\" content=\"https:\/\/portaltela.pt\/noticias\/2026\/01\/30\/remco-evenepoel-vence-o-trofeu-serra-tramuntana-morgado-fica-em-segundo\/\" \/>\n<meta property=\"og:site_name\" content=\"Portal Tela Portugal\" \/>\n<meta property=\"article:published_time\" content=\"2026-01-30T17:00:33+00:00\" \/>\n<meta name=\"author\" content=\"Telinha\" \/>\n<meta name=\"twitter:card\" content=\"summary_large_image\" \/>\n<meta name=\"twitter:label1\" content=\"Escrito por\" \/>\n\t<meta name=\"twitter:data1\" content=\"Telinha\" \/>\n\t<meta name=\"twitter:label2\" content=\"Tempo estimado de leitura\" \/>\n\t<meta name=\"twitter:data2\" content=\"1 minuto\" \/>\n<script type=\"application\/ld+json\" class=\"yoast-schema-graph\">{\"@context\":\"https:\/\/schema.org\",\"@graph\":[{\"@type\":\"Article\",\"@id\":\"https:\/\/portaltela.pt\/noticias\/2026\/01\/30\/remco-evenepoel-vence-o-trofeu-serra-tramuntana-morgado-fica-em-segundo\/#article\",\"isPartOf\":{\"@id\":\"https:\/\/portaltela.pt\/noticias\/2026\/01\/30\/remco-evenepoel-vence-o-trofeu-serra-tramuntana-morgado-fica-em-segundo\/\"},\"author\":{\"name\":\"Telinha\",\"@id\":\"https:\/\/portaltela.pt\/#\/schema\/person\/c4278d4a6028830caff9ee44b42d32ed\"},\"headline\":\"Remco Evenepoel vence o Trof\u00e9u Serra Tramuntana, Morgado fica em segundo\",\"datePublished\":\"2026-01-30T17:00:33+00:00\",\"mainEntityOfPage\":{\"@id\":\"https:\/\/portaltela.pt\/noticias\/2026\/01\/30\/remco-evenepoel-vence-o-trofeu-serra-tramuntana-morgado-fica-em-segundo\/\"},\"wordCount\":233,\"image\":{\"@id\":\"https:\/\/portaltela.pt\/noticias\/2026\/01\/30\/remco-evenepoel-vence-o-trofeu-serra-tramuntana-morgado-fica-em-segundo\/#primaryimage\"},\"thumbnailUrl\":\"https:\/\/portaltela.pt\/s.01k8rhncp4jt1\/2026\/01\/img_920x518uu2025-06-27-19-45-38-2372452-1.jpg\",\"keywords\":[\"atletas\",\"ciclismo\",\"competi\u00e7\u00e3o\",\"desporto internacional\",\"esportivos\",\"pessoas\"],\"articleSection\":[\"Desporto\"],\"inLanguage\":\"pt-PT\"},{\"@type\":\"WebPage\",\"@id\":\"https:\/\/portaltela.pt\/noticias\/2026\/01\/30\/remco-evenepoel-vence-o-trofeu-serra-tramuntana-morgado-fica-em-segundo\/\",\"url\":\"https:\/\/portaltela.pt\/noticias\/2026\/01\/30\/remco-evenepoel-vence-o-trofeu-serra-tramuntana-morgado-fica-em-segundo\/\",\"name\":\"Remco Evenepoel vence o Trof\u00e9u Serra Tramuntana, Morgado fica em segundo - Portal Tela Portugal\",\"isPartOf\":{\"@id\":\"https:\/\/portaltela.pt\/#website\"},\"primaryImageOfPage\":{\"@id\":\"https:\/\/portaltela.pt\/noticias\/2026\/01\/30\/remco-evenepoel-vence-o-trofeu-serra-tramuntana-morgado-fica-em-segundo\/#primaryimage\"},\"image\":{\"@id\":\"https:\/\/portaltela.pt\/noticias\/2026\/01\/30\/remco-evenepoel-vence-o-trofeu-serra-tramuntana-morgado-fica-em-segundo\/#primaryimage\"},\"thumbnailUrl\":\"https:\/\/portaltela.pt\/s.01k8rhncp4jt1\/2026\/01\/img_920x518uu2025-06-27-19-45-38-2372452-1.jpg\",\"datePublished\":\"2026-01-30T17:00:33+00:00\",\"author\":{\"@id\":\"https:\/\/portaltela.pt\/#\/schema\/person\/c4278d4a6028830caff9ee44b42d32ed\"},\"breadcrumb\":{\"@id\":\"https:\/\/portaltela.pt\/noticias\/2026\/01\/30\/remco-evenepoel-vence-o-trofeu-serra-tramuntana-morgado-fica-em-segundo\/#breadcrumb\"},\"inLanguage\":\"pt-PT\",\"potentialAction\":[{\"@type\":\"ReadAction\",\"target\":[\"https:\/\/portaltela.pt\/noticias\/2026\/01\/30\/remco-evenepoel-vence-o-trofeu-serra-tramuntana-morgado-fica-em-segundo\/\"]}]},{\"@type\":\"ImageObject\",\"inLanguage\":\"pt-PT\",\"@id\":\"https:\/\/portaltela.pt\/noticias\/2026\/01\/30\/remco-evenepoel-vence-o-trofeu-serra-tramuntana-morgado-fica-em-segundo\/#primaryimage\",\"url\":\"https:\/\/portaltela.pt\/s.01k8rhncp4jt1\/2026\/01\/img_920x518uu2025-06-27-19-45-38-2372452-1.jpg\",\"contentUrl\":\"https:\/\/portaltela.pt\/s.01k8rhncp4jt1\/2026\/01\/img_920x518uu2025-06-27-19-45-38-2372452-1.jpg\",\"width\":796,\"height\":448,\"caption\":\"Ant\u00f3nio Morgado \u00e9 segundo no Trof\u00e9u Serra Tramuntana\"},{\"@type\":\"BreadcrumbList\",\"@id\":\"https:\/\/portaltela.pt\/noticias\/2026\/01\/30\/remco-evenepoel-vence-o-trofeu-serra-tramuntana-morgado-fica-em-segundo\/#breadcrumb\",\"itemListElement\":[{\"@type\":\"ListItem\",\"position\":1,\"name\":\"In\u00edcio\",\"item\":\"https:\/\/portaltela.pt\/\"},{\"@type\":\"ListItem\",\"position\":2,\"name\":\"Remco Evenepoel vence o Trof\u00e9u Serra Tramuntana, Morgado fica em segundo\"}]},{\"@type\":\"WebSite\",\"@id\":\"https:\/\/portaltela.pt\/#website\",\"url\":\"https:\/\/portaltela.pt\/\",\"name\":\"Portal Tela Portugal\",\"description\":\"\",\"potentialAction\":[{\"@type\":\"SearchAction\",\"target\":{\"@type\":\"EntryPoint\",\"urlTemplate\":\"https:\/\/portaltela.pt\/?s={search_term_string}\"},\"query-input\":{\"@type\":\"PropertyValueSpecification\",\"valueRequired\":true,\"valueName\":\"search_term_string\"}}],\"inLanguage\":\"pt-PT\"},{\"@type\":\"Person\",\"@id\":\"https:\/\/portaltela.pt\/#\/schema\/person\/c4278d4a6028830caff9ee44b42d32ed\",\"name\":\"Telinha\",\"image\":{\"@type\":\"ImageObject\",\"inLanguage\":\"pt-PT\",\"@id\":\"https:\/\/portaltela.pt\/s.01k8rhncp4jt1\/2025\/11\/talking-bot-125x125.png\",\"url\":\"https:\/\/portaltela.pt\/s.01k8rhncp4jt1\/2025\/11\/talking-bot-125x125.png\",\"contentUrl\":\"https:\/\/portaltela.pt\/s.01k8rhncp4jt1\/2025\/11\/talking-bot-125x125.png\",\"caption\":\"Telinha\"},\"sameAs\":[\"https:\/\/portaltela.pt\/\"],\"url\":\"https:\/\/portaltela.pt\/por\/367410592786\/\"}]}<\/script>\n<!-- \/ Yoast SEO plugin. -->","yoast_head_json":{"title":"Remco Evenepoel vence o Trof\u00e9u Serra Tramuntana, Morgado fica em segundo - Portal Tela Portugal","robots":{"index":"index","follow":"follow","max-snippet":"max-snippet:-1","max-image-preview":"max-image-preview:large","max-video-preview":"max-video-preview:-1"},"og_locale":"pt_PT","og_type":"article","og_title":"Remco Evenepoel vence o Trof\u00e9u Serra Tramuntana, Morgado fica em segundo - Portal Tela Portugal","og_description":"Remco Evenepoel venceu o Trof\u00e9u Serra Tramuntana, com ataque em solit\u00e1rio de mais de 50 quil\u00f3metros e tempo de 3h34m37s, numa prova de 154,3 km entre Selva e o Santuari de Lluc. Ant\u00f3nio Morgado (UAE Emirates) terminou em segundo, a 1,38 minutos do vencedor, num grupo de perseguidores. Este \u00e9 o 68\u00ba triunfo individual da carreira de Evenepoel, que j\u00e1 tinha vencido o Trof\u00e9u Ses Salines na v\u00e9spera. Morgado soma a segunda vit\u00f3ria em igual n\u00famero de dias pela UAE Emirates, depois de ter vencido o Trof\u00e9u Calvi\u00e0, primeira etapa do Challenge de Maiorca. O italiano Christian Scaroni ficou em terceiro, \u00e0 frente do franc\u00eas Mathys Rondel, no top quatro do podium.","og_url":"https:\/\/portaltela.pt\/noticias\/2026\/01\/30\/remco-evenepoel-vence-o-trofeu-serra-tramuntana-morgado-fica-em-segundo\/","og_site_name":"Portal Tela Portugal","article_published_time":"2026-01-30T17:00:33+00:00","author":"Telinha","twitter_card":"summary_large_image","twitter_misc":{"Escrito por":"Telinha","Tempo estimado de leitura":"1 minuto"},"schema":{"@context":"https:\/\/schema.org","@graph":[{"@type":"Article","@id":"https:\/\/portaltela.pt\/noticias\/2026\/01\/30\/remco-evenepoel-vence-o-trofeu-serra-tramuntana-morgado-fica-em-segundo\/#article","isPartOf":{"@id":"https:\/\/portaltela.pt\/noticias\/2026\/01\/30\/remco-evenepoel-vence-o-trofeu-serra-tramuntana-morgado-fica-em-segundo\/"},"author":{"name":"Telinha","@id":"https:\/\/portaltela.pt\/#\/schema\/person\/c4278d4a6028830caff9ee44b42d32ed"},"headline":"Remco Evenepoel vence o Trof\u00e9u Serra Tramuntana, Morgado fica em segundo","datePublished":"2026-01-30T17:00:33+00:00","mainEntityOfPage":{"@id":"https:\/\/portaltela.pt\/noticias\/2026\/01\/30\/remco-evenepoel-vence-o-trofeu-serra-tramuntana-morgado-fica-em-segundo\/"},"wordCount":233,"image":{"@id":"https:\/\/portaltela.pt\/noticias\/2026\/01\/30\/remco-evenepoel-vence-o-trofeu-serra-tramuntana-morgado-fica-em-segundo\/#primaryimage"},"thumbnailUrl":"https:\/\/portaltela.pt\/s.01k8rhncp4jt1\/2026\/01\/img_920x518uu2025-06-27-19-45-38-2372452-1.jpg","keywords":["atletas","ciclismo","competi\u00e7\u00e3o","desporto internacional","esportivos","pessoas"],"articleSection":["Desporto"],"inLanguage":"pt-PT"},{"@type":"WebPage","@id":"https:\/\/portaltela.pt\/noticias\/2026\/01\/30\/remco-evenepoel-vence-o-trofeu-serra-tramuntana-morgado-fica-em-segundo\/","url":"https:\/\/portaltela.pt\/noticias\/2026\/01\/30\/remco-evenepoel-vence-o-trofeu-serra-tramuntana-morgado-fica-em-segundo\/","name":"Remco Evenepoel vence o Trof\u00e9u Serra Tramuntana, Morgado fica em segundo - Portal Tela Portugal","isPartOf":{"@id":"https:\/\/portaltela.pt\/#website"},"primaryImageOfPage":{"@id":"https:\/\/portaltela.pt\/noticias\/2026\/01\/30\/remco-evenepoel-vence-o-trofeu-serra-tramuntana-morgado-fica-em-segundo\/#primaryimage"},"image":{"@id":"https:\/\/portaltela.pt\/noticias\/2026\/01\/30\/remco-evenepoel-vence-o-trofeu-serra-tramuntana-morgado-fica-em-segundo\/#primaryimage"},"thumbnailUrl":"https:\/\/portaltela.pt\/s.01k8rhncp4jt1\/2026\/01\/img_920x518uu2025-06-27-19-45-38-2372452-1.jpg","datePublished":"2026-01-30T17:00:33+00:00","author":{"@id":"https:\/\/portaltela.pt\/#\/schema\/person\/c4278d4a6028830caff9ee44b42d32ed"},"breadcrumb":{"@id":"https:\/\/portaltela.pt\/noticias\/2026\/01\/30\/remco-evenepoel-vence-o-trofeu-serra-tramuntana-morgado-fica-em-segundo\/#breadcrumb"},"inLanguage":"pt-PT","potentialAction":[{"@type":"ReadAction","target":["https:\/\/portaltela.pt\/noticias\/2026\/01\/30\/remco-evenepoel-vence-o-trofeu-serra-tramuntana-morgado-fica-em-segundo\/"]}]},{"@type":"ImageObject","inLanguage":"pt-PT","@id":"https:\/\/portaltela.pt\/noticias\/2026\/01\/30\/remco-evenepoel-vence-o-trofeu-serra-tramuntana-morgado-fica-em-segundo\/#primaryimage","url":"https:\/\/portaltela.pt\/s.01k8rhncp4jt1\/2026\/01\/img_920x518uu2025-06-27-19-45-38-2372452-1.jpg","contentUrl":"https:\/\/portaltela.pt\/s.01k8rhncp4jt1\/2026\/01\/img_920x518uu2025-06-27-19-45-38-2372452-1.jpg","width":796,"height":448,"caption":"Ant\u00f3nio Morgado \u00e9 segundo no Trof\u00e9u Serra Tramuntana"},{"@type":"BreadcrumbList","@id":"https:\/\/portaltela.pt\/noticias\/2026\/01\/30\/remco-evenepoel-vence-o-trofeu-serra-tramuntana-morgado-fica-em-segundo\/#breadcrumb","itemListElement":[{"@type":"ListItem","position":1,"name":"In\u00edcio","item":"https:\/\/portaltela.pt\/"},{"@type":"ListItem","position":2,"name":"Remco Evenepoel vence o Trof\u00e9u Serra Tramuntana, Morgado fica em segundo"}]},{"@type":"WebSite","@id":"https:\/\/portaltela.pt\/#website","url":"https:\/\/portaltela.pt\/","name":"Portal Tela Portugal","description":"","potentialAction":[{"@type":"SearchAction","target":{"@type":"EntryPoint","urlTemplate":"https:\/\/portaltela.pt\/?s={search_term_string}"},"query-input":{"@type":"PropertyValueSpecification","valueRequired":true,"valueName":"search_term_string"}}],"inLanguage":"pt-PT"},{"@type":"Person","@id":"https:\/\/portaltela.pt\/#\/schema\/person\/c4278d4a6028830caff9ee44b42d32ed","name":"Telinha","image":{"@type":"ImageObject","inLanguage":"pt-PT","@id":"https:\/\/portaltela.pt\/s.01k8rhncp4jt1\/2025\/11\/talking-bot-125x125.png","url":"https:\/\/portaltela.pt\/s.01k8rhncp4jt1\/2025\/11\/talking-bot-125x125.png","contentUrl":"https:\/\/portaltela.pt\/s.01k8rhncp4jt1\/2025\/11\/talking-bot-125x125.png","caption":"Telinha"},"sameAs":["https:\/\/portaltela.pt\/"],"url":"https:\/\/portaltela.pt\/por\/367410592786\/"}]}},"_links":{"self":[{"href":"https:\/\/portaltela.pt\/api\/wp\/v2\/posts\/184832","targetHints":{"allow":["GET"]}}],"collection":[{"href":"https:\/\/portaltela.pt\/api\/wp\/v2\/posts"}],"about":[{"href":"https:\/\/portaltela.pt\/api\/wp\/v2\/types\/post"}],"author":[{"embeddable":true,"href":"https:\/\/portaltela.pt\/api\/wp\/v2\/users\/2"}],"replies":[{"embeddable":true,"href":"https:\/\/portaltela.pt\/api\/wp\/v2\/comments?post=184832"}],"version-history":[{"count":0,"href":"https:\/\/portaltela.pt\/api\/wp\/v2\/posts\/184832\/revisions"}],"wp:featuredmedia":[{"embeddable":true,"href":"https:\/\/portaltela.pt\/api\/wp\/v2\/media\/184841"}],"wp:attachment":[{"href":"https:\/\/portaltela.pt\/api\/wp\/v2\/media?parent=184832"}],"wp:term":[{"taxonomy":"category","embeddable":true,"href":"https:\/\/portaltela.pt\/api\/wp\/v2\/categories?post=184832"},{"taxonomy":"post_tag","embeddable":true,"href":"https:\/\/portaltela.pt\/api\/wp\/v2\/tags?post=184832"}],"curies":[{"name":"wp","href":"https:\/\/api.w.org\/{rel}","templated":true}]}}