{"id":184801,"date":"2026-01-30T13:37:27","date_gmt":"2026-01-30T16:37:27","guid":{"rendered":"https:\/\/portaltela.pt\/noticias\/2026\/01\/30\/municipio-e-esposende-ambiente-investem-5-milhoes-em-saneamento-de-freguesias\/"},"modified":"2026-01-30T13:37:27","modified_gmt":"2026-01-30T16:37:27","slug":"municipio-e-esposende-ambiente-investem-5-milhoes-em-saneamento-de-freguesias","status":"publish","type":"post","link":"https:\/\/portaltela.pt\/noticias\/2026\/01\/30\/municipio-e-esposende-ambiente-investem-5-milhoes-em-saneamento-de-freguesias\/","title":{"rendered":"Munic\u00edpio e Esposende Ambiente investem 5 milh\u00f5es em saneamento de freguesias"},"content":{"rendered":"<p>O Munic\u00edpio de Esposende e a empresa municipal Esposende Ambiente avan\u00e7am com obras de alargamento do saneamento e renova\u00e7\u00e3o da rede de \u00e1gua, num investimento global pr\u00f3ximo de 5 milh\u00f5es de euros. As interven\u00e7\u00f5es visam melhorar as condi\u00e7\u00f5es de vida da popula\u00e7\u00e3o no concelho.<\/p>\n<p>O Presidente da C\u00e2mara, Carlos Silva, acompanhou a avalia\u00e7\u00e3o t\u00e9cnica das obras. Esteve acompanhado pelos vereadores Aur\u00e9lio Neiva, Paula Cepa e F\u00e1tima Escriv\u00e3es, pelo Presidente do Conselho de Administra\u00e7\u00e3o da Esposende Ambiente, Manuel Losa, e por t\u00e9cnicos municipais, empreiteiros e presidentes de Junta.<\/p>\n<p>A visita confirmou o andamento dos trabalhos, com v\u00e1rias interven\u00e7\u00f5es j\u00e1 em curso em freguesias do concelho. Os respons\u00e1veis destacaram aspetos priorit\u00e1rios identificados pelas comunidades locais.<\/p>\n<h3>Progresso por freguesia<\/h3>\n<p>Em F\u00e3o, na Rua Prior Ant\u00f3nio Nogueira, decorrem obras de reabilita\u00e7\u00e3o das redes de \u00e1gua e saneamento, com cerca de 40 anos. A interven\u00e7\u00e3o envolve 220 metros e um investimento de cerca de 370 mil euros, incluindo drenagem de pluviais e requalifica\u00e7\u00e3o el\u00e9ctrica para beneficiar pavimentos.<\/p>\n<p>Em Gandra, a expans\u00e3o da rede de saneamento ocorre na Rua e Beco da Agra, Rua do Souto e Rua Nossa Senhora de F\u00e1tima. A obra tem investimento de 320 mil euros e previs\u00e3o de conclus\u00e3o para julho de 2026.<\/p>\n<p>Entre Antas e Forj\u00e3es, prossegue a requalifica\u00e7\u00e3o da Estrada Municipal 546, com cerca de 1,4 quil\u00f3metros de interven\u00e7\u00e3o. O conjunto envolve alargamento de faixa, passeios, renova\u00e7\u00e3o de pavimentos e amplia\u00e7\u00e3o de \u00e1gua e saneamento, num valor de 1,3 milh\u00f5es de euros.<\/p>\n<p>Na Marinhas, iniciou-se a requalifica\u00e7\u00e3o da Rua da Azenha Choca, com mais de 480 mil euros. O prazo \u00e9 de 12 meses, visando melhorar mobilidade, seguran\u00e7a e drenagem, incluindo redes de \u00e1gua e saneamento.<\/p>\n<h3>Financiamento e impacto<\/h3>\n<p>Em Palmeira de Faro, est\u00e1 em curso a instala\u00e7\u00e3o da rede de saneamento na Rua 13 de Maio e zonas adjacentes, com investimento superior a 900 mil euros. A abertura de um novo arruamento entre a Rua de Cerqueiras e a Rua 13 de Maio tamb\u00e9m est\u00e1 em fase de conclus\u00e3o, com posterior requalifica\u00e7\u00e3o da Travessa das Lages (mais de 250 mil euros).<\/p>\n<p>Estas obras foram candidatas ao NORTE 2030 \u2013 Ciclo Urbano da \u00c1gua em Baixa (IT). O objetivo \u00e9 apoiar o ciclo urbano da \u00e1gua e a implementa\u00e7\u00e3o do PENSAARP 2030, promovendo mobilidade segura e infraestruturas mais sustent\u00e1veis.<\/p>\n<h3>Perspetiva de impacto<\/h3>\n<p>Com as interven\u00e7\u00f5es, o munic\u00edpio refor\u00e7a a aposta em infraestruturas que melhoram o quotidiano, valorizam o territ\u00f3rio e promovem uma mobilidade mais segura e sustent\u00e1vel. As obras integram o plano estrat\u00e9gico de desenvolvimento municipal, alinhado com os Objetivos de Desenvolvimento Sustent\u00e1vel.<\/p>\n","protected":false},"excerpt":{"rendered":"<ul>\n<li>O presidente da C\u00e2mara Municipal de Esposende, Carlos Silva, visitou as obras de amplia\u00e7\u00e3o da rede de saneamento e renova\u00e7\u00e3o da rede de abastecimento de \u00e1gua, em conjunto com a Esposende Ambiente, num conjunto de interven\u00e7\u00f5es que totalizam perto de cinco milh\u00f5es de euros.<\/li>\n<li>A visita, acompanhada por vereadores e pela administra\u00e7\u00e3o da Esposende Ambiente, avaliou o estado de execu\u00e7\u00e3o e destacou aspetos priorit\u00e1rios em v\u00e1rias freguesias.<\/li>\n<li>Em F\u00e3o, est\u00e1 a decorrer a reabilita\u00e7\u00e3o de redes de \u00e1gua e saneamento na Rua Prior Ant\u00f3nio Nogueira, com cerca de 220 metros e investimento de cerca de 370 mil euros, incluindo drenagem pluvial e reforma el\u00e9trica.<\/li>\n<li>Em Gandra, est\u00e1 prevista a conclus\u00e3o, no final de julho, da amplia\u00e7\u00e3o da rede de saneamento em v\u00e1rias vias, num investimento de 320 mil euros.<\/li>\n<li>As obras incluem tamb\u00e9m melhoria da Estrada Municipal 546 entre Antas e Forj\u00e3es (cerca de 1,4 mil metros; ~1,3 milh\u00f5es de euros) e a requalifica\u00e7\u00e3o de Marinhas (Rua da Azenha Choca; &gt;480 mil euros), com financiamento NORTE 2030 \u2013 Ciclo Urbano da \u00c1gua em Baixa (IT).<\/li>\n<\/ul>\n","protected":false},"author":2,"featured_media":184822,"comment_status":"closed","ping_status":"closed","sticky":false,"template":"","format":"standard","meta":{"footnotes":""},"categories":[1],"tags":[1503,1545,258,3263,4481,4862],"class_list":["post-184801","post","type-post","status-publish","format-standard","has-post-thumbnail","hentry","category-noticias","tag-abastecimento-de-agua","tag-esposende","tag-infraestruturas","tag-mobilidade-urbana","tag-norte-2030","tag-pensaarp-2030"],"yoast_head":"<!-- This site is optimized with the Yoast SEO plugin v27.2 - https:\/\/yoast.com\/product\/yoast-seo-wordpress\/ -->\n<title>Munic\u00edpio e Esposende Ambiente investem 5 milh\u00f5es em saneamento de freguesias - Portal Tela Portugal<\/title>\n<meta name=\"robots\" content=\"index, follow, max-snippet:-1, max-image-preview:large, max-video-preview:-1\" \/>\n<meta property=\"og:locale\" content=\"pt_PT\" \/>\n<meta property=\"og:type\" content=\"article\" \/>\n<meta property=\"og:title\" content=\"Munic\u00edpio e Esposende Ambiente investem 5 milh\u00f5es em saneamento de freguesias - Portal Tela Portugal\" \/>\n<meta property=\"og:description\" content=\"O presidente da C\u00e2mara Municipal de Esposende, Carlos Silva, visitou as obras de amplia\u00e7\u00e3o da rede de saneamento e renova\u00e7\u00e3o da rede de abastecimento de \u00e1gua, em conjunto com a Esposende Ambiente, num conjunto de interven\u00e7\u00f5es que totalizam perto de cinco milh\u00f5es de euros. A visita, acompanhada por vereadores e pela administra\u00e7\u00e3o da Esposende Ambiente, avaliou o estado de execu\u00e7\u00e3o e destacou aspetos priorit\u00e1rios em v\u00e1rias freguesias. Em F\u00e3o, est\u00e1 a decorrer a reabilita\u00e7\u00e3o de redes de \u00e1gua e saneamento na Rua Prior Ant\u00f3nio Nogueira, com cerca de 220 metros e investimento de cerca de 370 mil euros, incluindo drenagem pluvial e reforma el\u00e9trica. Em Gandra, est\u00e1 prevista a conclus\u00e3o, no final de julho, da amplia\u00e7\u00e3o da rede de saneamento em v\u00e1rias vias, num investimento de 320 mil euros. As obras incluem tamb\u00e9m melhoria da Estrada Municipal 546 entre Antas e Forj\u00e3es (cerca de 1,4 mil metros; ~1,3 milh\u00f5es de euros) e a requalifica\u00e7\u00e3o de Marinhas (Rua da Azenha Choca; &gt;480 mil euros), com financiamento NORTE 2030 \u2013 Ciclo Urbano da \u00c1gua em Baixa (IT).\" \/>\n<meta property=\"og:url\" content=\"https:\/\/portaltela.pt\/noticias\/2026\/01\/30\/municipio-e-esposende-ambiente-investem-5-milhoes-em-saneamento-de-freguesias\/\" \/>\n<meta property=\"og:site_name\" content=\"Portal Tela Portugal\" \/>\n<meta property=\"article:published_time\" content=\"2026-01-30T16:37:27+00:00\" \/>\n<meta name=\"author\" content=\"Telinha\" \/>\n<meta name=\"twitter:card\" content=\"summary_large_image\" \/>\n<meta name=\"twitter:label1\" content=\"Escrito por\" \/>\n\t<meta name=\"twitter:data1\" content=\"Telinha\" \/>\n\t<meta name=\"twitter:label2\" content=\"Tempo estimado de leitura\" \/>\n\t<meta name=\"twitter:data2\" content=\"2 minutos\" \/>\n<script type=\"application\/ld+json\" class=\"yoast-schema-graph\">{\"@context\":\"https:\/\/schema.org\",\"@graph\":[{\"@type\":\"Article\",\"@id\":\"https:\/\/portaltela.pt\/noticias\/2026\/01\/30\/municipio-e-esposende-ambiente-investem-5-milhoes-em-saneamento-de-freguesias\/#article\",\"isPartOf\":{\"@id\":\"https:\/\/portaltela.pt\/noticias\/2026\/01\/30\/municipio-e-esposende-ambiente-investem-5-milhoes-em-saneamento-de-freguesias\/\"},\"author\":{\"name\":\"Telinha\",\"@id\":\"https:\/\/portaltela.pt\/#\/schema\/person\/c4278d4a6028830caff9ee44b42d32ed\"},\"headline\":\"Munic\u00edpio e Esposende Ambiente investem 5 milh\u00f5es em saneamento de freguesias\",\"datePublished\":\"2026-01-30T16:37:27+00:00\",\"mainEntityOfPage\":{\"@id\":\"https:\/\/portaltela.pt\/noticias\/2026\/01\/30\/municipio-e-esposende-ambiente-investem-5-milhoes-em-saneamento-de-freguesias\/\"},\"wordCount\":468,\"image\":{\"@id\":\"https:\/\/portaltela.pt\/noticias\/2026\/01\/30\/municipio-e-esposende-ambiente-investem-5-milhoes-em-saneamento-de-freguesias\/#primaryimage\"},\"thumbnailUrl\":\"https:\/\/portaltela.pt\/s.01k8rhncp4jt1\/2026\/01\/P1096157.jpg\",\"keywords\":[\"abastecimento de \u00e1gua\",\"Esposende\",\"infraestruturas\",\"mobilidade urbana\",\"NORTE 2030\",\"PENSAARP 2030\"],\"articleSection\":[\"Not\u00edcias\"],\"inLanguage\":\"pt-PT\"},{\"@type\":\"WebPage\",\"@id\":\"https:\/\/portaltela.pt\/noticias\/2026\/01\/30\/municipio-e-esposende-ambiente-investem-5-milhoes-em-saneamento-de-freguesias\/\",\"url\":\"https:\/\/portaltela.pt\/noticias\/2026\/01\/30\/municipio-e-esposende-ambiente-investem-5-milhoes-em-saneamento-de-freguesias\/\",\"name\":\"Munic\u00edpio e Esposende Ambiente investem 5 milh\u00f5es em saneamento de freguesias - Portal Tela Portugal\",\"isPartOf\":{\"@id\":\"https:\/\/portaltela.pt\/#website\"},\"primaryImageOfPage\":{\"@id\":\"https:\/\/portaltela.pt\/noticias\/2026\/01\/30\/municipio-e-esposende-ambiente-investem-5-milhoes-em-saneamento-de-freguesias\/#primaryimage\"},\"image\":{\"@id\":\"https:\/\/portaltela.pt\/noticias\/2026\/01\/30\/municipio-e-esposende-ambiente-investem-5-milhoes-em-saneamento-de-freguesias\/#primaryimage\"},\"thumbnailUrl\":\"https:\/\/portaltela.pt\/s.01k8rhncp4jt1\/2026\/01\/P1096157.jpg\",\"datePublished\":\"2026-01-30T16:37:27+00:00\",\"author\":{\"@id\":\"https:\/\/portaltela.pt\/#\/schema\/person\/c4278d4a6028830caff9ee44b42d32ed\"},\"breadcrumb\":{\"@id\":\"https:\/\/portaltela.pt\/noticias\/2026\/01\/30\/municipio-e-esposende-ambiente-investem-5-milhoes-em-saneamento-de-freguesias\/#breadcrumb\"},\"inLanguage\":\"pt-PT\",\"potentialAction\":[{\"@type\":\"ReadAction\",\"target\":[\"https:\/\/portaltela.pt\/noticias\/2026\/01\/30\/municipio-e-esposende-ambiente-investem-5-milhoes-em-saneamento-de-freguesias\/\"]}]},{\"@type\":\"ImageObject\",\"inLanguage\":\"pt-PT\",\"@id\":\"https:\/\/portaltela.pt\/noticias\/2026\/01\/30\/municipio-e-esposende-ambiente-investem-5-milhoes-em-saneamento-de-freguesias\/#primaryimage\",\"url\":\"https:\/\/portaltela.pt\/s.01k8rhncp4jt1\/2026\/01\/P1096157.jpg\",\"contentUrl\":\"https:\/\/portaltela.pt\/s.01k8rhncp4jt1\/2026\/01\/P1096157.jpg\",\"width\":796,\"height\":448,\"caption\":\"Munic\u00edpio e Esposende Ambiente concretizam projetos de alargamento do saneamento em diversas freguesias Um investimento de 5 milh\u00f5es de euros\"},{\"@type\":\"BreadcrumbList\",\"@id\":\"https:\/\/portaltela.pt\/noticias\/2026\/01\/30\/municipio-e-esposende-ambiente-investem-5-milhoes-em-saneamento-de-freguesias\/#breadcrumb\",\"itemListElement\":[{\"@type\":\"ListItem\",\"position\":1,\"name\":\"In\u00edcio\",\"item\":\"https:\/\/portaltela.pt\/\"},{\"@type\":\"ListItem\",\"position\":2,\"name\":\"Munic\u00edpio e Esposende Ambiente investem 5 milh\u00f5es em saneamento de freguesias\"}]},{\"@type\":\"WebSite\",\"@id\":\"https:\/\/portaltela.pt\/#website\",\"url\":\"https:\/\/portaltela.pt\/\",\"name\":\"Portal Tela Portugal\",\"description\":\"\",\"potentialAction\":[{\"@type\":\"SearchAction\",\"target\":{\"@type\":\"EntryPoint\",\"urlTemplate\":\"https:\/\/portaltela.pt\/?s={search_term_string}\"},\"query-input\":{\"@type\":\"PropertyValueSpecification\",\"valueRequired\":true,\"valueName\":\"search_term_string\"}}],\"inLanguage\":\"pt-PT\"},{\"@type\":\"Person\",\"@id\":\"https:\/\/portaltela.pt\/#\/schema\/person\/c4278d4a6028830caff9ee44b42d32ed\",\"name\":\"Telinha\",\"image\":{\"@type\":\"ImageObject\",\"inLanguage\":\"pt-PT\",\"@id\":\"https:\/\/portaltela.pt\/s.01k8rhncp4jt1\/2025\/11\/talking-bot-125x125.png\",\"url\":\"https:\/\/portaltela.pt\/s.01k8rhncp4jt1\/2025\/11\/talking-bot-125x125.png\",\"contentUrl\":\"https:\/\/portaltela.pt\/s.01k8rhncp4jt1\/2025\/11\/talking-bot-125x125.png\",\"caption\":\"Telinha\"},\"sameAs\":[\"https:\/\/portaltela.pt\/\"],\"url\":\"https:\/\/portaltela.pt\/por\/367410592786\/\"}]}<\/script>\n<!-- \/ Yoast SEO plugin. -->","yoast_head_json":{"title":"Munic\u00edpio e Esposende Ambiente investem 5 milh\u00f5es em saneamento de freguesias - Portal Tela Portugal","robots":{"index":"index","follow":"follow","max-snippet":"max-snippet:-1","max-image-preview":"max-image-preview:large","max-video-preview":"max-video-preview:-1"},"og_locale":"pt_PT","og_type":"article","og_title":"Munic\u00edpio e Esposende Ambiente investem 5 milh\u00f5es em saneamento de freguesias - Portal Tela Portugal","og_description":"O presidente da C\u00e2mara Municipal de Esposende, Carlos Silva, visitou as obras de amplia\u00e7\u00e3o da rede de saneamento e renova\u00e7\u00e3o da rede de abastecimento de \u00e1gua, em conjunto com a Esposende Ambiente, num conjunto de interven\u00e7\u00f5es que totalizam perto de cinco milh\u00f5es de euros. A visita, acompanhada por vereadores e pela administra\u00e7\u00e3o da Esposende Ambiente, avaliou o estado de execu\u00e7\u00e3o e destacou aspetos priorit\u00e1rios em v\u00e1rias freguesias. Em F\u00e3o, est\u00e1 a decorrer a reabilita\u00e7\u00e3o de redes de \u00e1gua e saneamento na Rua Prior Ant\u00f3nio Nogueira, com cerca de 220 metros e investimento de cerca de 370 mil euros, incluindo drenagem pluvial e reforma el\u00e9trica. Em Gandra, est\u00e1 prevista a conclus\u00e3o, no final de julho, da amplia\u00e7\u00e3o da rede de saneamento em v\u00e1rias vias, num investimento de 320 mil euros. As obras incluem tamb\u00e9m melhoria da Estrada Municipal 546 entre Antas e Forj\u00e3es (cerca de 1,4 mil metros; ~1,3 milh\u00f5es de euros) e a requalifica\u00e7\u00e3o de Marinhas (Rua da Azenha Choca; &gt;480 mil euros), com financiamento NORTE 2030 \u2013 Ciclo Urbano da \u00c1gua em Baixa (IT).","og_url":"https:\/\/portaltela.pt\/noticias\/2026\/01\/30\/municipio-e-esposende-ambiente-investem-5-milhoes-em-saneamento-de-freguesias\/","og_site_name":"Portal Tela Portugal","article_published_time":"2026-01-30T16:37:27+00:00","author":"Telinha","twitter_card":"summary_large_image","twitter_misc":{"Escrito por":"Telinha","Tempo estimado de leitura":"2 minutos"},"schema":{"@context":"https:\/\/schema.org","@graph":[{"@type":"Article","@id":"https:\/\/portaltela.pt\/noticias\/2026\/01\/30\/municipio-e-esposende-ambiente-investem-5-milhoes-em-saneamento-de-freguesias\/#article","isPartOf":{"@id":"https:\/\/portaltela.pt\/noticias\/2026\/01\/30\/municipio-e-esposende-ambiente-investem-5-milhoes-em-saneamento-de-freguesias\/"},"author":{"name":"Telinha","@id":"https:\/\/portaltela.pt\/#\/schema\/person\/c4278d4a6028830caff9ee44b42d32ed"},"headline":"Munic\u00edpio e Esposende Ambiente investem 5 milh\u00f5es em saneamento de freguesias","datePublished":"2026-01-30T16:37:27+00:00","mainEntityOfPage":{"@id":"https:\/\/portaltela.pt\/noticias\/2026\/01\/30\/municipio-e-esposende-ambiente-investem-5-milhoes-em-saneamento-de-freguesias\/"},"wordCount":468,"image":{"@id":"https:\/\/portaltela.pt\/noticias\/2026\/01\/30\/municipio-e-esposende-ambiente-investem-5-milhoes-em-saneamento-de-freguesias\/#primaryimage"},"thumbnailUrl":"https:\/\/portaltela.pt\/s.01k8rhncp4jt1\/2026\/01\/P1096157.jpg","keywords":["abastecimento de \u00e1gua","Esposende","infraestruturas","mobilidade urbana","NORTE 2030","PENSAARP 2030"],"articleSection":["Not\u00edcias"],"inLanguage":"pt-PT"},{"@type":"WebPage","@id":"https:\/\/portaltela.pt\/noticias\/2026\/01\/30\/municipio-e-esposende-ambiente-investem-5-milhoes-em-saneamento-de-freguesias\/","url":"https:\/\/portaltela.pt\/noticias\/2026\/01\/30\/municipio-e-esposende-ambiente-investem-5-milhoes-em-saneamento-de-freguesias\/","name":"Munic\u00edpio e Esposende Ambiente investem 5 milh\u00f5es em saneamento de freguesias - Portal Tela Portugal","isPartOf":{"@id":"https:\/\/portaltela.pt\/#website"},"primaryImageOfPage":{"@id":"https:\/\/portaltela.pt\/noticias\/2026\/01\/30\/municipio-e-esposende-ambiente-investem-5-milhoes-em-saneamento-de-freguesias\/#primaryimage"},"image":{"@id":"https:\/\/portaltela.pt\/noticias\/2026\/01\/30\/municipio-e-esposende-ambiente-investem-5-milhoes-em-saneamento-de-freguesias\/#primaryimage"},"thumbnailUrl":"https:\/\/portaltela.pt\/s.01k8rhncp4jt1\/2026\/01\/P1096157.jpg","datePublished":"2026-01-30T16:37:27+00:00","author":{"@id":"https:\/\/portaltela.pt\/#\/schema\/person\/c4278d4a6028830caff9ee44b42d32ed"},"breadcrumb":{"@id":"https:\/\/portaltela.pt\/noticias\/2026\/01\/30\/municipio-e-esposende-ambiente-investem-5-milhoes-em-saneamento-de-freguesias\/#breadcrumb"},"inLanguage":"pt-PT","potentialAction":[{"@type":"ReadAction","target":["https:\/\/portaltela.pt\/noticias\/2026\/01\/30\/municipio-e-esposende-ambiente-investem-5-milhoes-em-saneamento-de-freguesias\/"]}]},{"@type":"ImageObject","inLanguage":"pt-PT","@id":"https:\/\/portaltela.pt\/noticias\/2026\/01\/30\/municipio-e-esposende-ambiente-investem-5-milhoes-em-saneamento-de-freguesias\/#primaryimage","url":"https:\/\/portaltela.pt\/s.01k8rhncp4jt1\/2026\/01\/P1096157.jpg","contentUrl":"https:\/\/portaltela.pt\/s.01k8rhncp4jt1\/2026\/01\/P1096157.jpg","width":796,"height":448,"caption":"Munic\u00edpio e Esposende Ambiente concretizam projetos de alargamento do saneamento em diversas freguesias Um investimento de 5 milh\u00f5es de euros"},{"@type":"BreadcrumbList","@id":"https:\/\/portaltela.pt\/noticias\/2026\/01\/30\/municipio-e-esposende-ambiente-investem-5-milhoes-em-saneamento-de-freguesias\/#breadcrumb","itemListElement":[{"@type":"ListItem","position":1,"name":"In\u00edcio","item":"https:\/\/portaltela.pt\/"},{"@type":"ListItem","position":2,"name":"Munic\u00edpio e Esposende Ambiente investem 5 milh\u00f5es em saneamento de freguesias"}]},{"@type":"WebSite","@id":"https:\/\/portaltela.pt\/#website","url":"https:\/\/portaltela.pt\/","name":"Portal Tela Portugal","description":"","potentialAction":[{"@type":"SearchAction","target":{"@type":"EntryPoint","urlTemplate":"https:\/\/portaltela.pt\/?s={search_term_string}"},"query-input":{"@type":"PropertyValueSpecification","valueRequired":true,"valueName":"search_term_string"}}],"inLanguage":"pt-PT"},{"@type":"Person","@id":"https:\/\/portaltela.pt\/#\/schema\/person\/c4278d4a6028830caff9ee44b42d32ed","name":"Telinha","image":{"@type":"ImageObject","inLanguage":"pt-PT","@id":"https:\/\/portaltela.pt\/s.01k8rhncp4jt1\/2025\/11\/talking-bot-125x125.png","url":"https:\/\/portaltela.pt\/s.01k8rhncp4jt1\/2025\/11\/talking-bot-125x125.png","contentUrl":"https:\/\/portaltela.pt\/s.01k8rhncp4jt1\/2025\/11\/talking-bot-125x125.png","caption":"Telinha"},"sameAs":["https:\/\/portaltela.pt\/"],"url":"https:\/\/portaltela.pt\/por\/367410592786\/"}]}},"_links":{"self":[{"href":"https:\/\/portaltela.pt\/api\/wp\/v2\/posts\/184801","targetHints":{"allow":["GET"]}}],"collection":[{"href":"https:\/\/portaltela.pt\/api\/wp\/v2\/posts"}],"about":[{"href":"https:\/\/portaltela.pt\/api\/wp\/v2\/types\/post"}],"author":[{"embeddable":true,"href":"https:\/\/portaltela.pt\/api\/wp\/v2\/users\/2"}],"replies":[{"embeddable":true,"href":"https:\/\/portaltela.pt\/api\/wp\/v2\/comments?post=184801"}],"version-history":[{"count":0,"href":"https:\/\/portaltela.pt\/api\/wp\/v2\/posts\/184801\/revisions"}],"wp:featuredmedia":[{"embeddable":true,"href":"https:\/\/portaltela.pt\/api\/wp\/v2\/media\/184822"}],"wp:attachment":[{"href":"https:\/\/portaltela.pt\/api\/wp\/v2\/media?parent=184801"}],"wp:term":[{"taxonomy":"category","embeddable":true,"href":"https:\/\/portaltela.pt\/api\/wp\/v2\/categories?post=184801"},{"taxonomy":"post_tag","embeddable":true,"href":"https:\/\/portaltela.pt\/api\/wp\/v2\/tags?post=184801"}],"curies":[{"name":"wp","href":"https:\/\/api.w.org\/{rel}","templated":true}]}}