{"id":184788,"date":"2026-01-30T13:47:29","date_gmt":"2026-01-30T16:47:29","guid":{"rendered":"https:\/\/portaltela.pt\/noticias\/2026\/01\/30\/mau-tempo-faz-instituto-do-sangue-pedir-dadivas-em-lisboa-porto-e-coimbra\/"},"modified":"2026-01-30T13:47:29","modified_gmt":"2026-01-30T16:47:29","slug":"mau-tempo-faz-instituto-do-sangue-pedir-dadivas-em-lisboa-porto-e-coimbra","status":"publish","type":"post","link":"https:\/\/portaltela.pt\/noticias\/2026\/01\/30\/mau-tempo-faz-instituto-do-sangue-pedir-dadivas-em-lisboa-porto-e-coimbra\/","title":{"rendered":"Mau tempo faz Instituto do Sangue pedir d\u00e1divas em Lisboa, Porto e Coimbra"},"content":{"rendered":"<p>O Instituto Portugu\u00eas do Sangue e da Transplanta\u00e7\u00e3o (IPST) pediu hoje aos dadores das \u00e1reas metropolitanas de Lisboa, do Porto e de Coimbra que reforcem as d\u00e1divas para apoiar as v\u00edtimas de ferimentos causados pela depress\u00e3o Kristin. A not\u00edcia chega num contexto de agravamento das necessidades hospitalares.<\/p>\n<p>Segundo o IPST, o mau tempo que tem afetado o pa\u00eds nos \u00faltimos dias provocou estragos em v\u00e1rias infraestruturas, sobretudo rodovi\u00e1rias, o que dificulta desloca\u00e7\u00f5es. Por isso, as d\u00e1divas devem ser centralizadas nos Centros de Sangue de Lisboa, Porto e Coimbra ou em servi\u00e7os hospitalares com capacidade de recolha.<\/p>\n<p>O organismo endere\u00e7a ainda as suas condol\u00eancias aos familiares e amigos das v\u00edtimas da tempestade Kristin. Al\u00e9m dos \u00f3bitos, contagoso pelas suas v\u00edtimas de trauma \u00e9 tamb\u00e9m enfatizado pelo IPST, que sublinha a necessidade de resposta r\u00e1pida.<\/p>\n<p>A depress\u00e3o Kristin que atravessou Portugal continental na quarta-feira deixou um rasto de danos. H\u00e1 pelo menos cinco mortos, conforme a Prote\u00e7\u00e3o Civil, com v\u00e1rias v\u00edtimas de trauma, feridos e desalojados. Em Marinha Grande foi registada mais uma v\u00edtima mortal.<\/p>\n<p>Quedas de \u00e1rvores e de estruturas, cortes de estradas e condicionamento de servi\u00e7os de transporte, em especial as linhas ferrovi\u00e1rias, bem como encerramento de escolas, cortes de energia, \u00e1gua e comunica\u00e7\u00f5es foram as principais consequ\u00eancias materiais. Leiria, Coimbra e Santar\u00e9m s\u00e3o os distritos mais afetados.<\/p>\n<p>O Governo decretou situa\u00e7\u00e3o de calamidade entre as 00:00 de quarta-feira e as 23:59 de 1 de fevereiro para cerca de 60 munic\u00edpios, com possibilidade de aumento.<\/p>\n","protected":false},"excerpt":{"rendered":"<ul>\n<li>O Instituto Portugu\u00eas do Sangue e da Transplanta\u00e7\u00e3o pediu aos dadores de Lisboa, Porto e Coimbra para refor\u00e7arem as d\u00e1divas, devendo as recolhas centralizarem-se nos Centros de Sangue dessas \u00e1reas ou nos servi\u00e7os hospitalares com capacidade.<\/li>\n<li>O IPST apresenta condol\u00eancias \u00e0s fam\u00edlias e amigos das v\u00edtimas e lembra que h\u00e1 v\u00e1rias pessoas feridas que necessitam de resposta.<\/li>\n<li>A depress\u00e3o Kristin, que atravessou Portugal continental, deixou pelo menos seis mortos, feridos, desalojados e estragos significativos.<\/li>\n<li>Os principais danos incluem quedas de \u00e1rvores, estradas cortadas ou condicionadas, interrup\u00e7\u00f5es em transportes ferrovi\u00e1rios, fecho de escolas e cortes de energia, \u00e1gua e comunica\u00e7\u00f5es.<\/li>\n<li>O Governo declarou calamidade para cerca de sessenta munic\u00edpios entre as 00h de quarta-feira e as 23h59 de dia 01 de fevereiro; os distritos mais afetados s\u00e3o Leiria, Coimbra e Santar\u00e9m.<\/li>\n<\/ul>\n","protected":false},"author":2,"featured_media":184819,"comment_status":"closed","ping_status":"closed","sticky":false,"template":"","format":"standard","meta":{"footnotes":""},"categories":[1],"tags":[4509,4687,1070,3004,981,982],"class_list":["post-184788","post","type-post","status-publish","format-standard","has-post-thumbnail","hentry","category-noticias","tag-abastecimento-de-sangue","tag-calamidade-publica","tag-coimbra","tag-desalojados","tag-lisboa","tag-porto"],"yoast_head":"<!-- This site is optimized with the Yoast SEO plugin v27.2 - https:\/\/yoast.com\/product\/yoast-seo-wordpress\/ -->\n<title>Mau tempo faz Instituto do Sangue pedir d\u00e1divas em Lisboa, Porto e Coimbra - Portal Tela Portugal<\/title>\n<meta name=\"robots\" content=\"index, follow, max-snippet:-1, max-image-preview:large, max-video-preview:-1\" \/>\n<meta property=\"og:locale\" content=\"pt_PT\" \/>\n<meta property=\"og:type\" content=\"article\" \/>\n<meta property=\"og:title\" content=\"Mau tempo faz Instituto do Sangue pedir d\u00e1divas em Lisboa, Porto e Coimbra - Portal Tela Portugal\" \/>\n<meta property=\"og:description\" content=\"O Instituto Portugu\u00eas do Sangue e da Transplanta\u00e7\u00e3o pediu aos dadores de Lisboa, Porto e Coimbra para refor\u00e7arem as d\u00e1divas, devendo as recolhas centralizarem-se nos Centros de Sangue dessas \u00e1reas ou nos servi\u00e7os hospitalares com capacidade. O IPST apresenta condol\u00eancias \u00e0s fam\u00edlias e amigos das v\u00edtimas e lembra que h\u00e1 v\u00e1rias pessoas feridas que necessitam de resposta. A depress\u00e3o Kristin, que atravessou Portugal continental, deixou pelo menos seis mortos, feridos, desalojados e estragos significativos. Os principais danos incluem quedas de \u00e1rvores, estradas cortadas ou condicionadas, interrup\u00e7\u00f5es em transportes ferrovi\u00e1rios, fecho de escolas e cortes de energia, \u00e1gua e comunica\u00e7\u00f5es. O Governo declarou calamidade para cerca de sessenta munic\u00edpios entre as 00h de quarta-feira e as 23h59 de dia 01 de fevereiro; os distritos mais afetados s\u00e3o Leiria, Coimbra e Santar\u00e9m.\" \/>\n<meta property=\"og:url\" content=\"https:\/\/portaltela.pt\/noticias\/2026\/01\/30\/mau-tempo-faz-instituto-do-sangue-pedir-dadivas-em-lisboa-porto-e-coimbra\/\" \/>\n<meta property=\"og:site_name\" content=\"Portal Tela Portugal\" \/>\n<meta property=\"article:published_time\" content=\"2026-01-30T16:47:29+00:00\" \/>\n<meta name=\"author\" content=\"Telinha\" \/>\n<meta name=\"twitter:card\" content=\"summary_large_image\" \/>\n<meta name=\"twitter:label1\" content=\"Escrito por\" \/>\n\t<meta name=\"twitter:data1\" content=\"Telinha\" \/>\n\t<meta name=\"twitter:label2\" content=\"Tempo estimado de leitura\" \/>\n\t<meta name=\"twitter:data2\" content=\"1 minuto\" \/>\n<script type=\"application\/ld+json\" class=\"yoast-schema-graph\">{\"@context\":\"https:\/\/schema.org\",\"@graph\":[{\"@type\":\"Article\",\"@id\":\"https:\/\/portaltela.pt\/noticias\/2026\/01\/30\/mau-tempo-faz-instituto-do-sangue-pedir-dadivas-em-lisboa-porto-e-coimbra\/#article\",\"isPartOf\":{\"@id\":\"https:\/\/portaltela.pt\/noticias\/2026\/01\/30\/mau-tempo-faz-instituto-do-sangue-pedir-dadivas-em-lisboa-porto-e-coimbra\/\"},\"author\":{\"name\":\"Telinha\",\"@id\":\"https:\/\/portaltela.pt\/#\/schema\/person\/c4278d4a6028830caff9ee44b42d32ed\"},\"headline\":\"Mau tempo faz Instituto do Sangue pedir d\u00e1divas em Lisboa, Porto e Coimbra\",\"datePublished\":\"2026-01-30T16:47:29+00:00\",\"mainEntityOfPage\":{\"@id\":\"https:\/\/portaltela.pt\/noticias\/2026\/01\/30\/mau-tempo-faz-instituto-do-sangue-pedir-dadivas-em-lisboa-porto-e-coimbra\/\"},\"wordCount\":286,\"image\":{\"@id\":\"https:\/\/portaltela.pt\/noticias\/2026\/01\/30\/mau-tempo-faz-instituto-do-sangue-pedir-dadivas-em-lisboa-porto-e-coimbra\/#primaryimage\"},\"thumbnailUrl\":\"https:\/\/portaltela.pt\/s.01k8rhncp4jt1\/2026\/01\/Doar_Sangue.jpeg\",\"keywords\":[\"abastecimento de sangue\",\"calamidade p\u00fablica\",\"Coimbra\",\"desalojados\",\"Lisboa\",\"Porto\"],\"articleSection\":[\"Not\u00edcias\"],\"inLanguage\":\"pt-PT\"},{\"@type\":\"WebPage\",\"@id\":\"https:\/\/portaltela.pt\/noticias\/2026\/01\/30\/mau-tempo-faz-instituto-do-sangue-pedir-dadivas-em-lisboa-porto-e-coimbra\/\",\"url\":\"https:\/\/portaltela.pt\/noticias\/2026\/01\/30\/mau-tempo-faz-instituto-do-sangue-pedir-dadivas-em-lisboa-porto-e-coimbra\/\",\"name\":\"Mau tempo faz Instituto do Sangue pedir d\u00e1divas em Lisboa, Porto e Coimbra - Portal Tela Portugal\",\"isPartOf\":{\"@id\":\"https:\/\/portaltela.pt\/#website\"},\"primaryImageOfPage\":{\"@id\":\"https:\/\/portaltela.pt\/noticias\/2026\/01\/30\/mau-tempo-faz-instituto-do-sangue-pedir-dadivas-em-lisboa-porto-e-coimbra\/#primaryimage\"},\"image\":{\"@id\":\"https:\/\/portaltela.pt\/noticias\/2026\/01\/30\/mau-tempo-faz-instituto-do-sangue-pedir-dadivas-em-lisboa-porto-e-coimbra\/#primaryimage\"},\"thumbnailUrl\":\"https:\/\/portaltela.pt\/s.01k8rhncp4jt1\/2026\/01\/Doar_Sangue.jpeg\",\"datePublished\":\"2026-01-30T16:47:29+00:00\",\"author\":{\"@id\":\"https:\/\/portaltela.pt\/#\/schema\/person\/c4278d4a6028830caff9ee44b42d32ed\"},\"breadcrumb\":{\"@id\":\"https:\/\/portaltela.pt\/noticias\/2026\/01\/30\/mau-tempo-faz-instituto-do-sangue-pedir-dadivas-em-lisboa-porto-e-coimbra\/#breadcrumb\"},\"inLanguage\":\"pt-PT\",\"potentialAction\":[{\"@type\":\"ReadAction\",\"target\":[\"https:\/\/portaltela.pt\/noticias\/2026\/01\/30\/mau-tempo-faz-instituto-do-sangue-pedir-dadivas-em-lisboa-porto-e-coimbra\/\"]}]},{\"@type\":\"ImageObject\",\"inLanguage\":\"pt-PT\",\"@id\":\"https:\/\/portaltela.pt\/noticias\/2026\/01\/30\/mau-tempo-faz-instituto-do-sangue-pedir-dadivas-em-lisboa-porto-e-coimbra\/#primaryimage\",\"url\":\"https:\/\/portaltela.pt\/s.01k8rhncp4jt1\/2026\/01\/Doar_Sangue.jpeg\",\"contentUrl\":\"https:\/\/portaltela.pt\/s.01k8rhncp4jt1\/2026\/01\/Doar_Sangue.jpeg\",\"width\":1590,\"height\":895,\"caption\":\"Colheita de sangue adiada para 8 de agosto na P\u00f3voa de Santa Iria devido a falta de recursos humanos\"},{\"@type\":\"BreadcrumbList\",\"@id\":\"https:\/\/portaltela.pt\/noticias\/2026\/01\/30\/mau-tempo-faz-instituto-do-sangue-pedir-dadivas-em-lisboa-porto-e-coimbra\/#breadcrumb\",\"itemListElement\":[{\"@type\":\"ListItem\",\"position\":1,\"name\":\"In\u00edcio\",\"item\":\"https:\/\/portaltela.pt\/\"},{\"@type\":\"ListItem\",\"position\":2,\"name\":\"Mau tempo faz Instituto do Sangue pedir d\u00e1divas em Lisboa, Porto e Coimbra\"}]},{\"@type\":\"WebSite\",\"@id\":\"https:\/\/portaltela.pt\/#website\",\"url\":\"https:\/\/portaltela.pt\/\",\"name\":\"Portal Tela Portugal\",\"description\":\"\",\"potentialAction\":[{\"@type\":\"SearchAction\",\"target\":{\"@type\":\"EntryPoint\",\"urlTemplate\":\"https:\/\/portaltela.pt\/?s={search_term_string}\"},\"query-input\":{\"@type\":\"PropertyValueSpecification\",\"valueRequired\":true,\"valueName\":\"search_term_string\"}}],\"inLanguage\":\"pt-PT\"},{\"@type\":\"Person\",\"@id\":\"https:\/\/portaltela.pt\/#\/schema\/person\/c4278d4a6028830caff9ee44b42d32ed\",\"name\":\"Telinha\",\"image\":{\"@type\":\"ImageObject\",\"inLanguage\":\"pt-PT\",\"@id\":\"https:\/\/portaltela.pt\/s.01k8rhncp4jt1\/2025\/11\/talking-bot-125x125.png\",\"url\":\"https:\/\/portaltela.pt\/s.01k8rhncp4jt1\/2025\/11\/talking-bot-125x125.png\",\"contentUrl\":\"https:\/\/portaltela.pt\/s.01k8rhncp4jt1\/2025\/11\/talking-bot-125x125.png\",\"caption\":\"Telinha\"},\"sameAs\":[\"https:\/\/portaltela.pt\/\"],\"url\":\"https:\/\/portaltela.pt\/por\/367410592786\/\"}]}<\/script>\n<!-- \/ Yoast SEO plugin. -->","yoast_head_json":{"title":"Mau tempo faz Instituto do Sangue pedir d\u00e1divas em Lisboa, Porto e Coimbra - Portal Tela Portugal","robots":{"index":"index","follow":"follow","max-snippet":"max-snippet:-1","max-image-preview":"max-image-preview:large","max-video-preview":"max-video-preview:-1"},"og_locale":"pt_PT","og_type":"article","og_title":"Mau tempo faz Instituto do Sangue pedir d\u00e1divas em Lisboa, Porto e Coimbra - Portal Tela Portugal","og_description":"O Instituto Portugu\u00eas do Sangue e da Transplanta\u00e7\u00e3o pediu aos dadores de Lisboa, Porto e Coimbra para refor\u00e7arem as d\u00e1divas, devendo as recolhas centralizarem-se nos Centros de Sangue dessas \u00e1reas ou nos servi\u00e7os hospitalares com capacidade. O IPST apresenta condol\u00eancias \u00e0s fam\u00edlias e amigos das v\u00edtimas e lembra que h\u00e1 v\u00e1rias pessoas feridas que necessitam de resposta. A depress\u00e3o Kristin, que atravessou Portugal continental, deixou pelo menos seis mortos, feridos, desalojados e estragos significativos. Os principais danos incluem quedas de \u00e1rvores, estradas cortadas ou condicionadas, interrup\u00e7\u00f5es em transportes ferrovi\u00e1rios, fecho de escolas e cortes de energia, \u00e1gua e comunica\u00e7\u00f5es. O Governo declarou calamidade para cerca de sessenta munic\u00edpios entre as 00h de quarta-feira e as 23h59 de dia 01 de fevereiro; os distritos mais afetados s\u00e3o Leiria, Coimbra e Santar\u00e9m.","og_url":"https:\/\/portaltela.pt\/noticias\/2026\/01\/30\/mau-tempo-faz-instituto-do-sangue-pedir-dadivas-em-lisboa-porto-e-coimbra\/","og_site_name":"Portal Tela Portugal","article_published_time":"2026-01-30T16:47:29+00:00","author":"Telinha","twitter_card":"summary_large_image","twitter_misc":{"Escrito por":"Telinha","Tempo estimado de leitura":"1 minuto"},"schema":{"@context":"https:\/\/schema.org","@graph":[{"@type":"Article","@id":"https:\/\/portaltela.pt\/noticias\/2026\/01\/30\/mau-tempo-faz-instituto-do-sangue-pedir-dadivas-em-lisboa-porto-e-coimbra\/#article","isPartOf":{"@id":"https:\/\/portaltela.pt\/noticias\/2026\/01\/30\/mau-tempo-faz-instituto-do-sangue-pedir-dadivas-em-lisboa-porto-e-coimbra\/"},"author":{"name":"Telinha","@id":"https:\/\/portaltela.pt\/#\/schema\/person\/c4278d4a6028830caff9ee44b42d32ed"},"headline":"Mau tempo faz Instituto do Sangue pedir d\u00e1divas em Lisboa, Porto e Coimbra","datePublished":"2026-01-30T16:47:29+00:00","mainEntityOfPage":{"@id":"https:\/\/portaltela.pt\/noticias\/2026\/01\/30\/mau-tempo-faz-instituto-do-sangue-pedir-dadivas-em-lisboa-porto-e-coimbra\/"},"wordCount":286,"image":{"@id":"https:\/\/portaltela.pt\/noticias\/2026\/01\/30\/mau-tempo-faz-instituto-do-sangue-pedir-dadivas-em-lisboa-porto-e-coimbra\/#primaryimage"},"thumbnailUrl":"https:\/\/portaltela.pt\/s.01k8rhncp4jt1\/2026\/01\/Doar_Sangue.jpeg","keywords":["abastecimento de sangue","calamidade p\u00fablica","Coimbra","desalojados","Lisboa","Porto"],"articleSection":["Not\u00edcias"],"inLanguage":"pt-PT"},{"@type":"WebPage","@id":"https:\/\/portaltela.pt\/noticias\/2026\/01\/30\/mau-tempo-faz-instituto-do-sangue-pedir-dadivas-em-lisboa-porto-e-coimbra\/","url":"https:\/\/portaltela.pt\/noticias\/2026\/01\/30\/mau-tempo-faz-instituto-do-sangue-pedir-dadivas-em-lisboa-porto-e-coimbra\/","name":"Mau tempo faz Instituto do Sangue pedir d\u00e1divas em Lisboa, Porto e Coimbra - Portal Tela Portugal","isPartOf":{"@id":"https:\/\/portaltela.pt\/#website"},"primaryImageOfPage":{"@id":"https:\/\/portaltela.pt\/noticias\/2026\/01\/30\/mau-tempo-faz-instituto-do-sangue-pedir-dadivas-em-lisboa-porto-e-coimbra\/#primaryimage"},"image":{"@id":"https:\/\/portaltela.pt\/noticias\/2026\/01\/30\/mau-tempo-faz-instituto-do-sangue-pedir-dadivas-em-lisboa-porto-e-coimbra\/#primaryimage"},"thumbnailUrl":"https:\/\/portaltela.pt\/s.01k8rhncp4jt1\/2026\/01\/Doar_Sangue.jpeg","datePublished":"2026-01-30T16:47:29+00:00","author":{"@id":"https:\/\/portaltela.pt\/#\/schema\/person\/c4278d4a6028830caff9ee44b42d32ed"},"breadcrumb":{"@id":"https:\/\/portaltela.pt\/noticias\/2026\/01\/30\/mau-tempo-faz-instituto-do-sangue-pedir-dadivas-em-lisboa-porto-e-coimbra\/#breadcrumb"},"inLanguage":"pt-PT","potentialAction":[{"@type":"ReadAction","target":["https:\/\/portaltela.pt\/noticias\/2026\/01\/30\/mau-tempo-faz-instituto-do-sangue-pedir-dadivas-em-lisboa-porto-e-coimbra\/"]}]},{"@type":"ImageObject","inLanguage":"pt-PT","@id":"https:\/\/portaltela.pt\/noticias\/2026\/01\/30\/mau-tempo-faz-instituto-do-sangue-pedir-dadivas-em-lisboa-porto-e-coimbra\/#primaryimage","url":"https:\/\/portaltela.pt\/s.01k8rhncp4jt1\/2026\/01\/Doar_Sangue.jpeg","contentUrl":"https:\/\/portaltela.pt\/s.01k8rhncp4jt1\/2026\/01\/Doar_Sangue.jpeg","width":1590,"height":895,"caption":"Colheita de sangue adiada para 8 de agosto na P\u00f3voa de Santa Iria devido a falta de recursos humanos"},{"@type":"BreadcrumbList","@id":"https:\/\/portaltela.pt\/noticias\/2026\/01\/30\/mau-tempo-faz-instituto-do-sangue-pedir-dadivas-em-lisboa-porto-e-coimbra\/#breadcrumb","itemListElement":[{"@type":"ListItem","position":1,"name":"In\u00edcio","item":"https:\/\/portaltela.pt\/"},{"@type":"ListItem","position":2,"name":"Mau tempo faz Instituto do Sangue pedir d\u00e1divas em Lisboa, Porto e Coimbra"}]},{"@type":"WebSite","@id":"https:\/\/portaltela.pt\/#website","url":"https:\/\/portaltela.pt\/","name":"Portal Tela Portugal","description":"","potentialAction":[{"@type":"SearchAction","target":{"@type":"EntryPoint","urlTemplate":"https:\/\/portaltela.pt\/?s={search_term_string}"},"query-input":{"@type":"PropertyValueSpecification","valueRequired":true,"valueName":"search_term_string"}}],"inLanguage":"pt-PT"},{"@type":"Person","@id":"https:\/\/portaltela.pt\/#\/schema\/person\/c4278d4a6028830caff9ee44b42d32ed","name":"Telinha","image":{"@type":"ImageObject","inLanguage":"pt-PT","@id":"https:\/\/portaltela.pt\/s.01k8rhncp4jt1\/2025\/11\/talking-bot-125x125.png","url":"https:\/\/portaltela.pt\/s.01k8rhncp4jt1\/2025\/11\/talking-bot-125x125.png","contentUrl":"https:\/\/portaltela.pt\/s.01k8rhncp4jt1\/2025\/11\/talking-bot-125x125.png","caption":"Telinha"},"sameAs":["https:\/\/portaltela.pt\/"],"url":"https:\/\/portaltela.pt\/por\/367410592786\/"}]}},"_links":{"self":[{"href":"https:\/\/portaltela.pt\/api\/wp\/v2\/posts\/184788","targetHints":{"allow":["GET"]}}],"collection":[{"href":"https:\/\/portaltela.pt\/api\/wp\/v2\/posts"}],"about":[{"href":"https:\/\/portaltela.pt\/api\/wp\/v2\/types\/post"}],"author":[{"embeddable":true,"href":"https:\/\/portaltela.pt\/api\/wp\/v2\/users\/2"}],"replies":[{"embeddable":true,"href":"https:\/\/portaltela.pt\/api\/wp\/v2\/comments?post=184788"}],"version-history":[{"count":0,"href":"https:\/\/portaltela.pt\/api\/wp\/v2\/posts\/184788\/revisions"}],"wp:featuredmedia":[{"embeddable":true,"href":"https:\/\/portaltela.pt\/api\/wp\/v2\/media\/184819"}],"wp:attachment":[{"href":"https:\/\/portaltela.pt\/api\/wp\/v2\/media?parent=184788"}],"wp:term":[{"taxonomy":"category","embeddable":true,"href":"https:\/\/portaltela.pt\/api\/wp\/v2\/categories?post=184788"},{"taxonomy":"post_tag","embeddable":true,"href":"https:\/\/portaltela.pt\/api\/wp\/v2\/tags?post=184788"}],"curies":[{"name":"wp","href":"https:\/\/api.w.org\/{rel}","templated":true}]}}