{"id":184784,"date":"2026-01-30T13:55:49","date_gmt":"2026-01-30T16:55:49","guid":{"rendered":"https:\/\/portaltela.pt\/noticias\/2026\/01\/30\/psp-prende-homem-para-cumprir-cinco-anos-e-meio-de-prisao-na-madeira\/"},"modified":"2026-01-30T13:55:49","modified_gmt":"2026-01-30T16:55:49","slug":"psp-prende-homem-para-cumprir-cinco-anos-e-meio-de-prisao-na-madeira","status":"publish","type":"post","link":"https:\/\/portaltela.pt\/noticias\/2026\/01\/30\/psp-prende-homem-para-cumprir-cinco-anos-e-meio-de-prisao-na-madeira\/","title":{"rendered":"PSP prende homem para cumprir cinco anos e meio de pris\u00e3o na Madeira"},"content":{"rendered":"<p>Oito de fevereiro de 2023. A PSP deteve, na Madeira, um homem de 45 anos com mandado de deten\u00e7\u00e3o para cumprir cinco anos e seis meses de pris\u00e3o. O suspeito vivia em situa\u00e7\u00e3o de mendicidade e foi intercetado nos arredores do Parque Empresarial Zona Oeste, em C\u00e2mara de Lobos, concelho cont\u00edguo ao Funchal.<\/p>\n<p>A pena, em c\u00famulo jur\u00eddico, resulta de tr\u00eas crimes ocorridos em 2023. O furto de viatura ocorreu na cidade do Funchal, em outubro, e dois furtos qualificados aconteceram em C\u00e2mara de Lobos, via arrombamento de montras, em novembro.<\/p>\n<h3>Desdobramentos<\/h3>\n<p>A PSP indica que a investiga\u00e7\u00e3o reuniu provas suficientes para apresentar acusa\u00e7\u00e3o p\u00fablica. Na fase de julgamento, o tribunal condenou o indiv\u00edduo ao cumprimento da pena global fixada.<\/p>\n<p>A opera\u00e7\u00e3o foi acompanhada pela equipa policial, que confirmou a deten\u00e7\u00e3o junto \u00e0 zona de atividades econ\u00f3micas. O detido permanece \u00e0 disposi\u00e7\u00e3o das autoridades judici\u00e1rias para efeitos de execu\u00e7\u00e3o da pena.<\/p>\n","protected":false},"excerpt":{"rendered":"<ul>\n<li>A PSP deteve um homem de 45 anos, que vivia em mendicidade na Madeira, com mandado de deten\u00e7\u00e3o para cumprir cinco anos e seis meses de pris\u00e3o.<\/li>\n<li>A deten\u00e7\u00e3o ocorreu nos arredores do Parque Empresarial Zona Oeste, em C\u00e2mara de Lobos, conjugado ao Funchal.<\/li>\n<li>A pena resulta de tr\u00eas crimes cometidos em 2023: furto de viatura no Funchal, em outubro, e dois furtos qualificados em C\u00e2mara de Lobos, em novembro, atrav\u00e9s do arrombamento de montras.<\/li>\n<li>A investiga\u00e7\u00e3o reuniu provas suficientes para a acusa\u00e7\u00e3o p\u00fablica e para a condena\u00e7\u00e3o no julgamento.<\/li>\n<li>O caso \u00e9 comunicado pela PSP, sem indica\u00e7\u00e3o de detalhes adicionais.<\/li>\n<\/ul>\n","protected":false},"author":2,"featured_media":184793,"comment_status":"closed","ping_status":"closed","sticky":false,"template":"","format":"standard","meta":{"footnotes":""},"categories":[1],"tags":[1284,147,4139,1120,424,859],"class_list":["post-184784","post","type-post","status-publish","format-standard","has-post-thumbnail","hentry","category-noticias","tag-camara-de-lobos","tag-crime","tag-detencao","tag-funchal","tag-furto","tag-madeira"],"yoast_head":"<!-- This site is optimized with the Yoast SEO plugin v27.2 - https:\/\/yoast.com\/product\/yoast-seo-wordpress\/ -->\n<title>PSP prende homem para cumprir cinco anos e meio de pris\u00e3o na Madeira - Portal Tela Portugal<\/title>\n<meta name=\"robots\" content=\"index, follow, max-snippet:-1, max-image-preview:large, max-video-preview:-1\" \/>\n<meta property=\"og:locale\" content=\"pt_PT\" \/>\n<meta property=\"og:type\" content=\"article\" \/>\n<meta property=\"og:title\" content=\"PSP prende homem para cumprir cinco anos e meio de pris\u00e3o na Madeira - Portal Tela Portugal\" \/>\n<meta property=\"og:description\" content=\"A PSP deteve um homem de 45 anos, que vivia em mendicidade na Madeira, com mandado de deten\u00e7\u00e3o para cumprir cinco anos e seis meses de pris\u00e3o. A deten\u00e7\u00e3o ocorreu nos arredores do Parque Empresarial Zona Oeste, em C\u00e2mara de Lobos, conjugado ao Funchal. A pena resulta de tr\u00eas crimes cometidos em 2023: furto de viatura no Funchal, em outubro, e dois furtos qualificados em C\u00e2mara de Lobos, em novembro, atrav\u00e9s do arrombamento de montras. A investiga\u00e7\u00e3o reuniu provas suficientes para a acusa\u00e7\u00e3o p\u00fablica e para a condena\u00e7\u00e3o no julgamento. O caso \u00e9 comunicado pela PSP, sem indica\u00e7\u00e3o de detalhes adicionais.\" \/>\n<meta property=\"og:url\" content=\"https:\/\/portaltela.pt\/noticias\/2026\/01\/30\/psp-prende-homem-para-cumprir-cinco-anos-e-meio-de-prisao-na-madeira\/\" \/>\n<meta property=\"og:site_name\" content=\"Portal Tela Portugal\" \/>\n<meta property=\"article:published_time\" content=\"2026-01-30T16:55:49+00:00\" \/>\n<meta name=\"author\" content=\"Telinha\" \/>\n<meta name=\"twitter:card\" content=\"summary_large_image\" \/>\n<meta name=\"twitter:label1\" content=\"Escrito por\" \/>\n\t<meta name=\"twitter:data1\" content=\"Telinha\" \/>\n\t<meta name=\"twitter:label2\" content=\"Tempo estimado de leitura\" \/>\n\t<meta name=\"twitter:data2\" content=\"1 minuto\" \/>\n<script type=\"application\/ld+json\" class=\"yoast-schema-graph\">{\"@context\":\"https:\/\/schema.org\",\"@graph\":[{\"@type\":\"Article\",\"@id\":\"https:\/\/portaltela.pt\/noticias\/2026\/01\/30\/psp-prende-homem-para-cumprir-cinco-anos-e-meio-de-prisao-na-madeira\/#article\",\"isPartOf\":{\"@id\":\"https:\/\/portaltela.pt\/noticias\/2026\/01\/30\/psp-prende-homem-para-cumprir-cinco-anos-e-meio-de-prisao-na-madeira\/\"},\"author\":{\"name\":\"Telinha\",\"@id\":\"https:\/\/portaltela.pt\/#\/schema\/person\/c4278d4a6028830caff9ee44b42d32ed\"},\"headline\":\"PSP prende homem para cumprir cinco anos e meio de pris\u00e3o na Madeira\",\"datePublished\":\"2026-01-30T16:55:49+00:00\",\"mainEntityOfPage\":{\"@id\":\"https:\/\/portaltela.pt\/noticias\/2026\/01\/30\/psp-prende-homem-para-cumprir-cinco-anos-e-meio-de-prisao-na-madeira\/\"},\"wordCount\":179,\"image\":{\"@id\":\"https:\/\/portaltela.pt\/noticias\/2026\/01\/30\/psp-prende-homem-para-cumprir-cinco-anos-e-meio-de-prisao-na-madeira\/#primaryimage\"},\"thumbnailUrl\":\"https:\/\/portaltela.pt\/s.01k8rhncp4jt1\/2026\/01\/img_1500x1000uu2024-06-10-14-20-00-1677056-11.jpg\",\"keywords\":[\"C\u00e2mara de Lobos\",\"crime\",\"deten\u00e7\u00e3o\",\"Funchal\",\"furto\",\"Madeira\"],\"articleSection\":[\"Not\u00edcias\"],\"inLanguage\":\"pt-PT\"},{\"@type\":\"WebPage\",\"@id\":\"https:\/\/portaltela.pt\/noticias\/2026\/01\/30\/psp-prende-homem-para-cumprir-cinco-anos-e-meio-de-prisao-na-madeira\/\",\"url\":\"https:\/\/portaltela.pt\/noticias\/2026\/01\/30\/psp-prende-homem-para-cumprir-cinco-anos-e-meio-de-prisao-na-madeira\/\",\"name\":\"PSP prende homem para cumprir cinco anos e meio de pris\u00e3o na Madeira - Portal Tela Portugal\",\"isPartOf\":{\"@id\":\"https:\/\/portaltela.pt\/#website\"},\"primaryImageOfPage\":{\"@id\":\"https:\/\/portaltela.pt\/noticias\/2026\/01\/30\/psp-prende-homem-para-cumprir-cinco-anos-e-meio-de-prisao-na-madeira\/#primaryimage\"},\"image\":{\"@id\":\"https:\/\/portaltela.pt\/noticias\/2026\/01\/30\/psp-prende-homem-para-cumprir-cinco-anos-e-meio-de-prisao-na-madeira\/#primaryimage\"},\"thumbnailUrl\":\"https:\/\/portaltela.pt\/s.01k8rhncp4jt1\/2026\/01\/img_1500x1000uu2024-06-10-14-20-00-1677056-11.jpg\",\"datePublished\":\"2026-01-30T16:55:49+00:00\",\"author\":{\"@id\":\"https:\/\/portaltela.pt\/#\/schema\/person\/c4278d4a6028830caff9ee44b42d32ed\"},\"breadcrumb\":{\"@id\":\"https:\/\/portaltela.pt\/noticias\/2026\/01\/30\/psp-prende-homem-para-cumprir-cinco-anos-e-meio-de-prisao-na-madeira\/#breadcrumb\"},\"inLanguage\":\"pt-PT\",\"potentialAction\":[{\"@type\":\"ReadAction\",\"target\":[\"https:\/\/portaltela.pt\/noticias\/2026\/01\/30\/psp-prende-homem-para-cumprir-cinco-anos-e-meio-de-prisao-na-madeira\/\"]}]},{\"@type\":\"ImageObject\",\"inLanguage\":\"pt-PT\",\"@id\":\"https:\/\/portaltela.pt\/noticias\/2026\/01\/30\/psp-prende-homem-para-cumprir-cinco-anos-e-meio-de-prisao-na-madeira\/#primaryimage\",\"url\":\"https:\/\/portaltela.pt\/s.01k8rhncp4jt1\/2026\/01\/img_1500x1000uu2024-06-10-14-20-00-1677056-11.jpg\",\"contentUrl\":\"https:\/\/portaltela.pt\/s.01k8rhncp4jt1\/2026\/01\/img_1500x1000uu2024-06-10-14-20-00-1677056-11.jpg\",\"width\":796,\"height\":448,\"caption\":\"PSP\"},{\"@type\":\"BreadcrumbList\",\"@id\":\"https:\/\/portaltela.pt\/noticias\/2026\/01\/30\/psp-prende-homem-para-cumprir-cinco-anos-e-meio-de-prisao-na-madeira\/#breadcrumb\",\"itemListElement\":[{\"@type\":\"ListItem\",\"position\":1,\"name\":\"In\u00edcio\",\"item\":\"https:\/\/portaltela.pt\/\"},{\"@type\":\"ListItem\",\"position\":2,\"name\":\"PSP prende homem para cumprir cinco anos e meio de pris\u00e3o na Madeira\"}]},{\"@type\":\"WebSite\",\"@id\":\"https:\/\/portaltela.pt\/#website\",\"url\":\"https:\/\/portaltela.pt\/\",\"name\":\"Portal Tela Portugal\",\"description\":\"\",\"potentialAction\":[{\"@type\":\"SearchAction\",\"target\":{\"@type\":\"EntryPoint\",\"urlTemplate\":\"https:\/\/portaltela.pt\/?s={search_term_string}\"},\"query-input\":{\"@type\":\"PropertyValueSpecification\",\"valueRequired\":true,\"valueName\":\"search_term_string\"}}],\"inLanguage\":\"pt-PT\"},{\"@type\":\"Person\",\"@id\":\"https:\/\/portaltela.pt\/#\/schema\/person\/c4278d4a6028830caff9ee44b42d32ed\",\"name\":\"Telinha\",\"image\":{\"@type\":\"ImageObject\",\"inLanguage\":\"pt-PT\",\"@id\":\"https:\/\/portaltela.pt\/s.01k8rhncp4jt1\/2025\/11\/talking-bot-125x125.png\",\"url\":\"https:\/\/portaltela.pt\/s.01k8rhncp4jt1\/2025\/11\/talking-bot-125x125.png\",\"contentUrl\":\"https:\/\/portaltela.pt\/s.01k8rhncp4jt1\/2025\/11\/talking-bot-125x125.png\",\"caption\":\"Telinha\"},\"sameAs\":[\"https:\/\/portaltela.pt\/\"],\"url\":\"https:\/\/portaltela.pt\/por\/367410592786\/\"}]}<\/script>\n<!-- \/ Yoast SEO plugin. -->","yoast_head_json":{"title":"PSP prende homem para cumprir cinco anos e meio de pris\u00e3o na Madeira - Portal Tela Portugal","robots":{"index":"index","follow":"follow","max-snippet":"max-snippet:-1","max-image-preview":"max-image-preview:large","max-video-preview":"max-video-preview:-1"},"og_locale":"pt_PT","og_type":"article","og_title":"PSP prende homem para cumprir cinco anos e meio de pris\u00e3o na Madeira - Portal Tela Portugal","og_description":"A PSP deteve um homem de 45 anos, que vivia em mendicidade na Madeira, com mandado de deten\u00e7\u00e3o para cumprir cinco anos e seis meses de pris\u00e3o. A deten\u00e7\u00e3o ocorreu nos arredores do Parque Empresarial Zona Oeste, em C\u00e2mara de Lobos, conjugado ao Funchal. A pena resulta de tr\u00eas crimes cometidos em 2023: furto de viatura no Funchal, em outubro, e dois furtos qualificados em C\u00e2mara de Lobos, em novembro, atrav\u00e9s do arrombamento de montras. A investiga\u00e7\u00e3o reuniu provas suficientes para a acusa\u00e7\u00e3o p\u00fablica e para a condena\u00e7\u00e3o no julgamento. O caso \u00e9 comunicado pela PSP, sem indica\u00e7\u00e3o de detalhes adicionais.","og_url":"https:\/\/portaltela.pt\/noticias\/2026\/01\/30\/psp-prende-homem-para-cumprir-cinco-anos-e-meio-de-prisao-na-madeira\/","og_site_name":"Portal Tela Portugal","article_published_time":"2026-01-30T16:55:49+00:00","author":"Telinha","twitter_card":"summary_large_image","twitter_misc":{"Escrito por":"Telinha","Tempo estimado de leitura":"1 minuto"},"schema":{"@context":"https:\/\/schema.org","@graph":[{"@type":"Article","@id":"https:\/\/portaltela.pt\/noticias\/2026\/01\/30\/psp-prende-homem-para-cumprir-cinco-anos-e-meio-de-prisao-na-madeira\/#article","isPartOf":{"@id":"https:\/\/portaltela.pt\/noticias\/2026\/01\/30\/psp-prende-homem-para-cumprir-cinco-anos-e-meio-de-prisao-na-madeira\/"},"author":{"name":"Telinha","@id":"https:\/\/portaltela.pt\/#\/schema\/person\/c4278d4a6028830caff9ee44b42d32ed"},"headline":"PSP prende homem para cumprir cinco anos e meio de pris\u00e3o na Madeira","datePublished":"2026-01-30T16:55:49+00:00","mainEntityOfPage":{"@id":"https:\/\/portaltela.pt\/noticias\/2026\/01\/30\/psp-prende-homem-para-cumprir-cinco-anos-e-meio-de-prisao-na-madeira\/"},"wordCount":179,"image":{"@id":"https:\/\/portaltela.pt\/noticias\/2026\/01\/30\/psp-prende-homem-para-cumprir-cinco-anos-e-meio-de-prisao-na-madeira\/#primaryimage"},"thumbnailUrl":"https:\/\/portaltela.pt\/s.01k8rhncp4jt1\/2026\/01\/img_1500x1000uu2024-06-10-14-20-00-1677056-11.jpg","keywords":["C\u00e2mara de Lobos","crime","deten\u00e7\u00e3o","Funchal","furto","Madeira"],"articleSection":["Not\u00edcias"],"inLanguage":"pt-PT"},{"@type":"WebPage","@id":"https:\/\/portaltela.pt\/noticias\/2026\/01\/30\/psp-prende-homem-para-cumprir-cinco-anos-e-meio-de-prisao-na-madeira\/","url":"https:\/\/portaltela.pt\/noticias\/2026\/01\/30\/psp-prende-homem-para-cumprir-cinco-anos-e-meio-de-prisao-na-madeira\/","name":"PSP prende homem para cumprir cinco anos e meio de pris\u00e3o na Madeira - Portal Tela Portugal","isPartOf":{"@id":"https:\/\/portaltela.pt\/#website"},"primaryImageOfPage":{"@id":"https:\/\/portaltela.pt\/noticias\/2026\/01\/30\/psp-prende-homem-para-cumprir-cinco-anos-e-meio-de-prisao-na-madeira\/#primaryimage"},"image":{"@id":"https:\/\/portaltela.pt\/noticias\/2026\/01\/30\/psp-prende-homem-para-cumprir-cinco-anos-e-meio-de-prisao-na-madeira\/#primaryimage"},"thumbnailUrl":"https:\/\/portaltela.pt\/s.01k8rhncp4jt1\/2026\/01\/img_1500x1000uu2024-06-10-14-20-00-1677056-11.jpg","datePublished":"2026-01-30T16:55:49+00:00","author":{"@id":"https:\/\/portaltela.pt\/#\/schema\/person\/c4278d4a6028830caff9ee44b42d32ed"},"breadcrumb":{"@id":"https:\/\/portaltela.pt\/noticias\/2026\/01\/30\/psp-prende-homem-para-cumprir-cinco-anos-e-meio-de-prisao-na-madeira\/#breadcrumb"},"inLanguage":"pt-PT","potentialAction":[{"@type":"ReadAction","target":["https:\/\/portaltela.pt\/noticias\/2026\/01\/30\/psp-prende-homem-para-cumprir-cinco-anos-e-meio-de-prisao-na-madeira\/"]}]},{"@type":"ImageObject","inLanguage":"pt-PT","@id":"https:\/\/portaltela.pt\/noticias\/2026\/01\/30\/psp-prende-homem-para-cumprir-cinco-anos-e-meio-de-prisao-na-madeira\/#primaryimage","url":"https:\/\/portaltela.pt\/s.01k8rhncp4jt1\/2026\/01\/img_1500x1000uu2024-06-10-14-20-00-1677056-11.jpg","contentUrl":"https:\/\/portaltela.pt\/s.01k8rhncp4jt1\/2026\/01\/img_1500x1000uu2024-06-10-14-20-00-1677056-11.jpg","width":796,"height":448,"caption":"PSP"},{"@type":"BreadcrumbList","@id":"https:\/\/portaltela.pt\/noticias\/2026\/01\/30\/psp-prende-homem-para-cumprir-cinco-anos-e-meio-de-prisao-na-madeira\/#breadcrumb","itemListElement":[{"@type":"ListItem","position":1,"name":"In\u00edcio","item":"https:\/\/portaltela.pt\/"},{"@type":"ListItem","position":2,"name":"PSP prende homem para cumprir cinco anos e meio de pris\u00e3o na Madeira"}]},{"@type":"WebSite","@id":"https:\/\/portaltela.pt\/#website","url":"https:\/\/portaltela.pt\/","name":"Portal Tela Portugal","description":"","potentialAction":[{"@type":"SearchAction","target":{"@type":"EntryPoint","urlTemplate":"https:\/\/portaltela.pt\/?s={search_term_string}"},"query-input":{"@type":"PropertyValueSpecification","valueRequired":true,"valueName":"search_term_string"}}],"inLanguage":"pt-PT"},{"@type":"Person","@id":"https:\/\/portaltela.pt\/#\/schema\/person\/c4278d4a6028830caff9ee44b42d32ed","name":"Telinha","image":{"@type":"ImageObject","inLanguage":"pt-PT","@id":"https:\/\/portaltela.pt\/s.01k8rhncp4jt1\/2025\/11\/talking-bot-125x125.png","url":"https:\/\/portaltela.pt\/s.01k8rhncp4jt1\/2025\/11\/talking-bot-125x125.png","contentUrl":"https:\/\/portaltela.pt\/s.01k8rhncp4jt1\/2025\/11\/talking-bot-125x125.png","caption":"Telinha"},"sameAs":["https:\/\/portaltela.pt\/"],"url":"https:\/\/portaltela.pt\/por\/367410592786\/"}]}},"_links":{"self":[{"href":"https:\/\/portaltela.pt\/api\/wp\/v2\/posts\/184784","targetHints":{"allow":["GET"]}}],"collection":[{"href":"https:\/\/portaltela.pt\/api\/wp\/v2\/posts"}],"about":[{"href":"https:\/\/portaltela.pt\/api\/wp\/v2\/types\/post"}],"author":[{"embeddable":true,"href":"https:\/\/portaltela.pt\/api\/wp\/v2\/users\/2"}],"replies":[{"embeddable":true,"href":"https:\/\/portaltela.pt\/api\/wp\/v2\/comments?post=184784"}],"version-history":[{"count":0,"href":"https:\/\/portaltela.pt\/api\/wp\/v2\/posts\/184784\/revisions"}],"wp:featuredmedia":[{"embeddable":true,"href":"https:\/\/portaltela.pt\/api\/wp\/v2\/media\/184793"}],"wp:attachment":[{"href":"https:\/\/portaltela.pt\/api\/wp\/v2\/media?parent=184784"}],"wp:term":[{"taxonomy":"category","embeddable":true,"href":"https:\/\/portaltela.pt\/api\/wp\/v2\/categories?post=184784"},{"taxonomy":"post_tag","embeddable":true,"href":"https:\/\/portaltela.pt\/api\/wp\/v2\/tags?post=184784"}],"curies":[{"name":"wp","href":"https:\/\/api.w.org\/{rel}","templated":true}]}}