{"id":184774,"date":"2026-01-30T13:44:06","date_gmt":"2026-01-30T16:44:06","guid":{"rendered":"https:\/\/portaltela.pt\/noticias\/2026\/01\/30\/vendas-novas-tio-avo-detido-por-alegado-abuso-sexual-de-menor-de-10-anos\/"},"modified":"2026-01-30T13:44:06","modified_gmt":"2026-01-30T16:44:06","slug":"vendas-novas-tio-avo-detido-por-alegado-abuso-sexual-de-menor-de-10-anos","status":"publish","type":"post","link":"https:\/\/portaltela.pt\/noticias\/2026\/01\/30\/vendas-novas-tio-avo-detido-por-alegado-abuso-sexual-de-menor-de-10-anos\/","title":{"rendered":"Vendas Novas: Tio-av\u00f4 detido por alegado abuso sexual de menor de 10 anos"},"content":{"rendered":"<p>Um homem de 72 anos foi detido pela Pol\u00edcia Judici\u00e1ria esta sexta-feira, em Vendas Novas, sob suspeita de abuso sexual de uma crian\u00e7a de 10 anos, que \u00e9 sua sobrinha-neta. A investiga\u00e7\u00e3o envolve dois epis\u00f3dios ocorridos nos meses de outubro e novembro de 2025, na resid\u00eancia da fam\u00edlia.<\/p>\n<p>Segundo a PJ, os abusos teriam ocorrido em duas ocasi\u00f5es distintas, sempre na casa onde a crian\u00e7a residia com o suspeito. A gravidade dos factos levou a abertura do inqu\u00e9rito e \u00e0 retirada de medidas cautelares iniciais.<\/p>\n<p>A investiga\u00e7\u00e3o teve in\u00edcio ap\u00f3s a escola da crian\u00e7a ter comunicado \u00e0 Guarda Nacional Republicana relatos da menor, que relatou os epis\u00f3dios de forma clara. As autoridades esclarecem que a den\u00fancia deu origem ao processo.<\/p>\n<p>O detido dever\u00e1 ser apresentado ao primeiro interrogat\u00f3rio judicial para aplica\u00e7\u00e3o das medidas de coa\u00e7\u00e3o consideradas adequadas. A PJ n\u00e3o adianta mais detalhes sobre as medidas nem sobre poss\u00edveis outras dilig\u00eancias.<\/p>\n","protected":false},"excerpt":{"rendered":"<ul>\n<li>A Pol\u00edcia Judici\u00e1ria deteve, esta sexta-feira, um homem de 72 anos suspeito de abuso sexual de uma crian\u00e7a de 10 anos, sua sobrinha-neta.<\/li>\n<li>Os abusos ter\u00e3o ocorrido em duas ocasi\u00f5es durante outubro e novembro de 2025, na resid\u00eancia da fam\u00edlia.<\/li>\n<li>A investiga\u00e7\u00e3o come\u00e7ou ap\u00f3s a escola comunicar \u00e0 Guarda Nacional Republicana os relatos claros da crian\u00e7a.<\/li>\n<li>O detido ser\u00e1 apresentado a primeiro interrogat\u00f3rio judicial para aplica\u00e7\u00e3o das medidas de coa\u00e7\u00e3o adequadas.<\/li>\n<\/ul>\n","protected":false},"author":2,"featured_media":184814,"comment_status":"closed","ping_status":"closed","sticky":false,"template":"","format":"standard","meta":{"footnotes":""},"categories":[1],"tags":[817,1796,1802,4112],"class_list":["post-184774","post","type-post","status-publish","format-standard","has-post-thumbnail","hentry","category-noticias","tag-abuso-de-menor-dependente-ou-em-situacao-vulneravel","tag-abuso-sexual-de-menor-dependente","tag-policia-judiciaria","tag-vendas-novas"],"yoast_head":"<!-- This site is optimized with the Yoast SEO plugin v27.2 - https:\/\/yoast.com\/product\/yoast-seo-wordpress\/ -->\n<title>Vendas Novas: Tio-av\u00f4 detido por alegado abuso sexual de menor de 10 anos - Portal Tela Portugal<\/title>\n<meta name=\"robots\" content=\"index, follow, max-snippet:-1, max-image-preview:large, max-video-preview:-1\" \/>\n<meta property=\"og:locale\" content=\"pt_PT\" \/>\n<meta property=\"og:type\" content=\"article\" \/>\n<meta property=\"og:title\" content=\"Vendas Novas: Tio-av\u00f4 detido por alegado abuso sexual de menor de 10 anos - Portal Tela Portugal\" \/>\n<meta property=\"og:description\" content=\"A Pol\u00edcia Judici\u00e1ria deteve, esta sexta-feira, um homem de 72 anos suspeito de abuso sexual de uma crian\u00e7a de 10 anos, sua sobrinha-neta. Os abusos ter\u00e3o ocorrido em duas ocasi\u00f5es durante outubro e novembro de 2025, na resid\u00eancia da fam\u00edlia. A investiga\u00e7\u00e3o come\u00e7ou ap\u00f3s a escola comunicar \u00e0 Guarda Nacional Republicana os relatos claros da crian\u00e7a. O detido ser\u00e1 apresentado a primeiro interrogat\u00f3rio judicial para aplica\u00e7\u00e3o das medidas de coa\u00e7\u00e3o adequadas.\" \/>\n<meta property=\"og:url\" content=\"https:\/\/portaltela.pt\/noticias\/2026\/01\/30\/vendas-novas-tio-avo-detido-por-alegado-abuso-sexual-de-menor-de-10-anos\/\" \/>\n<meta property=\"og:site_name\" content=\"Portal Tela Portugal\" \/>\n<meta property=\"article:published_time\" content=\"2026-01-30T16:44:06+00:00\" \/>\n<meta name=\"author\" content=\"Telinha\" \/>\n<meta name=\"twitter:card\" content=\"summary_large_image\" \/>\n<meta name=\"twitter:label1\" content=\"Escrito por\" \/>\n\t<meta name=\"twitter:data1\" content=\"Telinha\" \/>\n\t<meta name=\"twitter:label2\" content=\"Tempo estimado de leitura\" \/>\n\t<meta name=\"twitter:data2\" content=\"1 minuto\" \/>\n<script type=\"application\/ld+json\" class=\"yoast-schema-graph\">{\"@context\":\"https:\/\/schema.org\",\"@graph\":[{\"@type\":\"Article\",\"@id\":\"https:\/\/portaltela.pt\/noticias\/2026\/01\/30\/vendas-novas-tio-avo-detido-por-alegado-abuso-sexual-de-menor-de-10-anos\/#article\",\"isPartOf\":{\"@id\":\"https:\/\/portaltela.pt\/noticias\/2026\/01\/30\/vendas-novas-tio-avo-detido-por-alegado-abuso-sexual-de-menor-de-10-anos\/\"},\"author\":{\"name\":\"Telinha\",\"@id\":\"https:\/\/portaltela.pt\/#\/schema\/person\/c4278d4a6028830caff9ee44b42d32ed\"},\"headline\":\"Vendas Novas: Tio-av\u00f4 detido por alegado abuso sexual de menor de 10 anos\",\"datePublished\":\"2026-01-30T16:44:06+00:00\",\"mainEntityOfPage\":{\"@id\":\"https:\/\/portaltela.pt\/noticias\/2026\/01\/30\/vendas-novas-tio-avo-detido-por-alegado-abuso-sexual-de-menor-de-10-anos\/\"},\"wordCount\":179,\"image\":{\"@id\":\"https:\/\/portaltela.pt\/noticias\/2026\/01\/30\/vendas-novas-tio-avo-detido-por-alegado-abuso-sexual-de-menor-de-10-anos\/#primaryimage\"},\"thumbnailUrl\":\"https:\/\/portaltela.pt\/s.01k8rhncp4jt1\/2026\/01\/detido.jpg\",\"keywords\":[\"abuso de menor dependente ou em situa\u00e7\u00e3o vulner\u00e1vel\",\"abuso sexual de menor dependente\",\"Pol\u00edcia Judici\u00e1ria\",\"Vendas Novas\"],\"articleSection\":[\"Not\u00edcias\"],\"inLanguage\":\"pt-PT\"},{\"@type\":\"WebPage\",\"@id\":\"https:\/\/portaltela.pt\/noticias\/2026\/01\/30\/vendas-novas-tio-avo-detido-por-alegado-abuso-sexual-de-menor-de-10-anos\/\",\"url\":\"https:\/\/portaltela.pt\/noticias\/2026\/01\/30\/vendas-novas-tio-avo-detido-por-alegado-abuso-sexual-de-menor-de-10-anos\/\",\"name\":\"Vendas Novas: Tio-av\u00f4 detido por alegado abuso sexual de menor de 10 anos - Portal Tela Portugal\",\"isPartOf\":{\"@id\":\"https:\/\/portaltela.pt\/#website\"},\"primaryImageOfPage\":{\"@id\":\"https:\/\/portaltela.pt\/noticias\/2026\/01\/30\/vendas-novas-tio-avo-detido-por-alegado-abuso-sexual-de-menor-de-10-anos\/#primaryimage\"},\"image\":{\"@id\":\"https:\/\/portaltela.pt\/noticias\/2026\/01\/30\/vendas-novas-tio-avo-detido-por-alegado-abuso-sexual-de-menor-de-10-anos\/#primaryimage\"},\"thumbnailUrl\":\"https:\/\/portaltela.pt\/s.01k8rhncp4jt1\/2026\/01\/detido.jpg\",\"datePublished\":\"2026-01-30T16:44:06+00:00\",\"author\":{\"@id\":\"https:\/\/portaltela.pt\/#\/schema\/person\/c4278d4a6028830caff9ee44b42d32ed\"},\"breadcrumb\":{\"@id\":\"https:\/\/portaltela.pt\/noticias\/2026\/01\/30\/vendas-novas-tio-avo-detido-por-alegado-abuso-sexual-de-menor-de-10-anos\/#breadcrumb\"},\"inLanguage\":\"pt-PT\",\"potentialAction\":[{\"@type\":\"ReadAction\",\"target\":[\"https:\/\/portaltela.pt\/noticias\/2026\/01\/30\/vendas-novas-tio-avo-detido-por-alegado-abuso-sexual-de-menor-de-10-anos\/\"]}]},{\"@type\":\"ImageObject\",\"inLanguage\":\"pt-PT\",\"@id\":\"https:\/\/portaltela.pt\/noticias\/2026\/01\/30\/vendas-novas-tio-avo-detido-por-alegado-abuso-sexual-de-menor-de-10-anos\/#primaryimage\",\"url\":\"https:\/\/portaltela.pt\/s.01k8rhncp4jt1\/2026\/01\/detido.jpg\",\"contentUrl\":\"https:\/\/portaltela.pt\/s.01k8rhncp4jt1\/2026\/01\/detido.jpg\",\"width\":796,\"height\":448,\"caption\":\"Photo\"},{\"@type\":\"BreadcrumbList\",\"@id\":\"https:\/\/portaltela.pt\/noticias\/2026\/01\/30\/vendas-novas-tio-avo-detido-por-alegado-abuso-sexual-de-menor-de-10-anos\/#breadcrumb\",\"itemListElement\":[{\"@type\":\"ListItem\",\"position\":1,\"name\":\"In\u00edcio\",\"item\":\"https:\/\/portaltela.pt\/\"},{\"@type\":\"ListItem\",\"position\":2,\"name\":\"Vendas Novas: Tio-av\u00f4 detido por alegado abuso sexual de menor de 10 anos\"}]},{\"@type\":\"WebSite\",\"@id\":\"https:\/\/portaltela.pt\/#website\",\"url\":\"https:\/\/portaltela.pt\/\",\"name\":\"Portal Tela Portugal\",\"description\":\"\",\"potentialAction\":[{\"@type\":\"SearchAction\",\"target\":{\"@type\":\"EntryPoint\",\"urlTemplate\":\"https:\/\/portaltela.pt\/?s={search_term_string}\"},\"query-input\":{\"@type\":\"PropertyValueSpecification\",\"valueRequired\":true,\"valueName\":\"search_term_string\"}}],\"inLanguage\":\"pt-PT\"},{\"@type\":\"Person\",\"@id\":\"https:\/\/portaltela.pt\/#\/schema\/person\/c4278d4a6028830caff9ee44b42d32ed\",\"name\":\"Telinha\",\"image\":{\"@type\":\"ImageObject\",\"inLanguage\":\"pt-PT\",\"@id\":\"https:\/\/portaltela.pt\/s.01k8rhncp4jt1\/2025\/11\/talking-bot-125x125.png\",\"url\":\"https:\/\/portaltela.pt\/s.01k8rhncp4jt1\/2025\/11\/talking-bot-125x125.png\",\"contentUrl\":\"https:\/\/portaltela.pt\/s.01k8rhncp4jt1\/2025\/11\/talking-bot-125x125.png\",\"caption\":\"Telinha\"},\"sameAs\":[\"https:\/\/portaltela.pt\/\"],\"url\":\"https:\/\/portaltela.pt\/por\/367410592786\/\"}]}<\/script>\n<!-- \/ Yoast SEO plugin. -->","yoast_head_json":{"title":"Vendas Novas: Tio-av\u00f4 detido por alegado abuso sexual de menor de 10 anos - Portal Tela Portugal","robots":{"index":"index","follow":"follow","max-snippet":"max-snippet:-1","max-image-preview":"max-image-preview:large","max-video-preview":"max-video-preview:-1"},"og_locale":"pt_PT","og_type":"article","og_title":"Vendas Novas: Tio-av\u00f4 detido por alegado abuso sexual de menor de 10 anos - Portal Tela Portugal","og_description":"A Pol\u00edcia Judici\u00e1ria deteve, esta sexta-feira, um homem de 72 anos suspeito de abuso sexual de uma crian\u00e7a de 10 anos, sua sobrinha-neta. Os abusos ter\u00e3o ocorrido em duas ocasi\u00f5es durante outubro e novembro de 2025, na resid\u00eancia da fam\u00edlia. A investiga\u00e7\u00e3o come\u00e7ou ap\u00f3s a escola comunicar \u00e0 Guarda Nacional Republicana os relatos claros da crian\u00e7a. O detido ser\u00e1 apresentado a primeiro interrogat\u00f3rio judicial para aplica\u00e7\u00e3o das medidas de coa\u00e7\u00e3o adequadas.","og_url":"https:\/\/portaltela.pt\/noticias\/2026\/01\/30\/vendas-novas-tio-avo-detido-por-alegado-abuso-sexual-de-menor-de-10-anos\/","og_site_name":"Portal Tela Portugal","article_published_time":"2026-01-30T16:44:06+00:00","author":"Telinha","twitter_card":"summary_large_image","twitter_misc":{"Escrito por":"Telinha","Tempo estimado de leitura":"1 minuto"},"schema":{"@context":"https:\/\/schema.org","@graph":[{"@type":"Article","@id":"https:\/\/portaltela.pt\/noticias\/2026\/01\/30\/vendas-novas-tio-avo-detido-por-alegado-abuso-sexual-de-menor-de-10-anos\/#article","isPartOf":{"@id":"https:\/\/portaltela.pt\/noticias\/2026\/01\/30\/vendas-novas-tio-avo-detido-por-alegado-abuso-sexual-de-menor-de-10-anos\/"},"author":{"name":"Telinha","@id":"https:\/\/portaltela.pt\/#\/schema\/person\/c4278d4a6028830caff9ee44b42d32ed"},"headline":"Vendas Novas: Tio-av\u00f4 detido por alegado abuso sexual de menor de 10 anos","datePublished":"2026-01-30T16:44:06+00:00","mainEntityOfPage":{"@id":"https:\/\/portaltela.pt\/noticias\/2026\/01\/30\/vendas-novas-tio-avo-detido-por-alegado-abuso-sexual-de-menor-de-10-anos\/"},"wordCount":179,"image":{"@id":"https:\/\/portaltela.pt\/noticias\/2026\/01\/30\/vendas-novas-tio-avo-detido-por-alegado-abuso-sexual-de-menor-de-10-anos\/#primaryimage"},"thumbnailUrl":"https:\/\/portaltela.pt\/s.01k8rhncp4jt1\/2026\/01\/detido.jpg","keywords":["abuso de menor dependente ou em situa\u00e7\u00e3o vulner\u00e1vel","abuso sexual de menor dependente","Pol\u00edcia Judici\u00e1ria","Vendas Novas"],"articleSection":["Not\u00edcias"],"inLanguage":"pt-PT"},{"@type":"WebPage","@id":"https:\/\/portaltela.pt\/noticias\/2026\/01\/30\/vendas-novas-tio-avo-detido-por-alegado-abuso-sexual-de-menor-de-10-anos\/","url":"https:\/\/portaltela.pt\/noticias\/2026\/01\/30\/vendas-novas-tio-avo-detido-por-alegado-abuso-sexual-de-menor-de-10-anos\/","name":"Vendas Novas: Tio-av\u00f4 detido por alegado abuso sexual de menor de 10 anos - Portal Tela Portugal","isPartOf":{"@id":"https:\/\/portaltela.pt\/#website"},"primaryImageOfPage":{"@id":"https:\/\/portaltela.pt\/noticias\/2026\/01\/30\/vendas-novas-tio-avo-detido-por-alegado-abuso-sexual-de-menor-de-10-anos\/#primaryimage"},"image":{"@id":"https:\/\/portaltela.pt\/noticias\/2026\/01\/30\/vendas-novas-tio-avo-detido-por-alegado-abuso-sexual-de-menor-de-10-anos\/#primaryimage"},"thumbnailUrl":"https:\/\/portaltela.pt\/s.01k8rhncp4jt1\/2026\/01\/detido.jpg","datePublished":"2026-01-30T16:44:06+00:00","author":{"@id":"https:\/\/portaltela.pt\/#\/schema\/person\/c4278d4a6028830caff9ee44b42d32ed"},"breadcrumb":{"@id":"https:\/\/portaltela.pt\/noticias\/2026\/01\/30\/vendas-novas-tio-avo-detido-por-alegado-abuso-sexual-de-menor-de-10-anos\/#breadcrumb"},"inLanguage":"pt-PT","potentialAction":[{"@type":"ReadAction","target":["https:\/\/portaltela.pt\/noticias\/2026\/01\/30\/vendas-novas-tio-avo-detido-por-alegado-abuso-sexual-de-menor-de-10-anos\/"]}]},{"@type":"ImageObject","inLanguage":"pt-PT","@id":"https:\/\/portaltela.pt\/noticias\/2026\/01\/30\/vendas-novas-tio-avo-detido-por-alegado-abuso-sexual-de-menor-de-10-anos\/#primaryimage","url":"https:\/\/portaltela.pt\/s.01k8rhncp4jt1\/2026\/01\/detido.jpg","contentUrl":"https:\/\/portaltela.pt\/s.01k8rhncp4jt1\/2026\/01\/detido.jpg","width":796,"height":448,"caption":"Photo"},{"@type":"BreadcrumbList","@id":"https:\/\/portaltela.pt\/noticias\/2026\/01\/30\/vendas-novas-tio-avo-detido-por-alegado-abuso-sexual-de-menor-de-10-anos\/#breadcrumb","itemListElement":[{"@type":"ListItem","position":1,"name":"In\u00edcio","item":"https:\/\/portaltela.pt\/"},{"@type":"ListItem","position":2,"name":"Vendas Novas: Tio-av\u00f4 detido por alegado abuso sexual de menor de 10 anos"}]},{"@type":"WebSite","@id":"https:\/\/portaltela.pt\/#website","url":"https:\/\/portaltela.pt\/","name":"Portal Tela Portugal","description":"","potentialAction":[{"@type":"SearchAction","target":{"@type":"EntryPoint","urlTemplate":"https:\/\/portaltela.pt\/?s={search_term_string}"},"query-input":{"@type":"PropertyValueSpecification","valueRequired":true,"valueName":"search_term_string"}}],"inLanguage":"pt-PT"},{"@type":"Person","@id":"https:\/\/portaltela.pt\/#\/schema\/person\/c4278d4a6028830caff9ee44b42d32ed","name":"Telinha","image":{"@type":"ImageObject","inLanguage":"pt-PT","@id":"https:\/\/portaltela.pt\/s.01k8rhncp4jt1\/2025\/11\/talking-bot-125x125.png","url":"https:\/\/portaltela.pt\/s.01k8rhncp4jt1\/2025\/11\/talking-bot-125x125.png","contentUrl":"https:\/\/portaltela.pt\/s.01k8rhncp4jt1\/2025\/11\/talking-bot-125x125.png","caption":"Telinha"},"sameAs":["https:\/\/portaltela.pt\/"],"url":"https:\/\/portaltela.pt\/por\/367410592786\/"}]}},"_links":{"self":[{"href":"https:\/\/portaltela.pt\/api\/wp\/v2\/posts\/184774","targetHints":{"allow":["GET"]}}],"collection":[{"href":"https:\/\/portaltela.pt\/api\/wp\/v2\/posts"}],"about":[{"href":"https:\/\/portaltela.pt\/api\/wp\/v2\/types\/post"}],"author":[{"embeddable":true,"href":"https:\/\/portaltela.pt\/api\/wp\/v2\/users\/2"}],"replies":[{"embeddable":true,"href":"https:\/\/portaltela.pt\/api\/wp\/v2\/comments?post=184774"}],"version-history":[{"count":0,"href":"https:\/\/portaltela.pt\/api\/wp\/v2\/posts\/184774\/revisions"}],"wp:featuredmedia":[{"embeddable":true,"href":"https:\/\/portaltela.pt\/api\/wp\/v2\/media\/184814"}],"wp:attachment":[{"href":"https:\/\/portaltela.pt\/api\/wp\/v2\/media?parent=184774"}],"wp:term":[{"taxonomy":"category","embeddable":true,"href":"https:\/\/portaltela.pt\/api\/wp\/v2\/categories?post=184774"},{"taxonomy":"post_tag","embeddable":true,"href":"https:\/\/portaltela.pt\/api\/wp\/v2\/tags?post=184774"}],"curies":[{"name":"wp","href":"https:\/\/api.w.org\/{rel}","templated":true}]}}