{"id":184757,"date":"2026-01-30T13:53:00","date_gmt":"2026-01-30T16:53:00","guid":{"rendered":"https:\/\/portaltela.pt\/noticias\/2026\/01\/30\/imagens-do-bunker-do-pai-que-raptou-a-filha-para-protege-la-do-apocalipse\/"},"modified":"2026-01-30T13:53:00","modified_gmt":"2026-01-30T16:53:00","slug":"imagens-do-bunker-do-pai-que-raptou-a-filha-para-protege-la-do-apocalipse","status":"publish","type":"post","link":"https:\/\/portaltela.pt\/noticias\/2026\/01\/30\/imagens-do-bunker-do-pai-que-raptou-a-filha-para-protege-la-do-apocalipse\/","title":{"rendered":"Imagens do bunker do pai que raptou a filha para proteg\u00ea-la do apocalipse"},"content":{"rendered":"<p>O ex-banc\u00e1rio antivacinas raptou a filha de tr\u00eas anos para a proteger do que descreve como apocalipse. O homem foi detido ao fim de uma semana, na regi\u00e3o do Porto, ap\u00f3s ter constru\u00eddo um bunker em Montalegre ao longo dos \u00faltimos anos.<\/p>\n<p>O abrigo fica numa grande propriedade isolada do concelho de Montalegre e est\u00e1 a cerca de seis metros de profundidade. Pode acolher at\u00e9 seis pessoas e, segundo informa\u00e7\u00f5es ao JN, disp\u00f5e de tudo o que \u00e9 necess\u00e1rio para viver.<\/p>\n<p>O acesso ao interior faz-se por uma escadaria com dezenas de degraus. O sistema de renova\u00e7\u00e3o de ar e \u00e1gua \u00e9 uma das comodidades, existentes em duas divis\u00f5es, onde tamb\u00e9m havia grandes quantidades de alimentos desidratados.<\/p>\n<p>Segundo o jornal, pai e filha pernoitaram no bunker durante uma semana. A estrutura est\u00e1 localizada numa zona de dif\u00edcil acesso, que nesta altura do ano s\u00f3 \u00e9 alcan\u00e7\u00e1vel por jipe.<\/p>\n","protected":false},"excerpt":{"rendered":"<ul>\n<li>Um ex-banc\u00e1rio antivacinas raptou a filha de tr\u00eas anos e foi detido ao fim de uma semana, na zona do Porto, depois de ter constru\u00eddo um bunker em Montalegre.<\/li>\n<li>O abrigo situa-se a cerca de seis metros de profundidade e pode acolher at\u00e9 seis pessoas.<\/li>\n<li>O bunker fica numa grande propriedade isolada do concelho de Montalegre, acess\u00edvel nesta altura do ano apenas por jipe.<\/li>\n<li>O interior tem duas divis\u00f5es, com renova\u00e7\u00e3o de ar, \u00e1gua canalizada e grandes quantidades de alimentos desidratados.<\/li>\n<li>Pai e filha teriam pernoitado no interior do bunkER durante uma semana.<\/li>\n<\/ul>\n","protected":false},"author":2,"featured_media":184810,"comment_status":"closed","ping_status":"closed","sticky":false,"template":"","format":"standard","meta":{"footnotes":""},"categories":[1],"tags":[147,215,3913,2765,982,1170],"class_list":["post-184757","post","type-post","status-publish","format-standard","has-post-thumbnail","hentry","category-noticias","tag-crime","tag-investigacao","tag-montalegre","tag-norte","tag-porto","tag-sequestro"],"yoast_head":"<!-- This site is optimized with the Yoast SEO plugin v27.2 - https:\/\/yoast.com\/product\/yoast-seo-wordpress\/ -->\n<title>Imagens do bunker do pai que raptou a filha para proteg\u00ea-la do apocalipse - Portal Tela Portugal<\/title>\n<meta name=\"robots\" content=\"index, follow, max-snippet:-1, max-image-preview:large, max-video-preview:-1\" \/>\n<meta property=\"og:locale\" content=\"pt_PT\" \/>\n<meta property=\"og:type\" content=\"article\" \/>\n<meta property=\"og:title\" content=\"Imagens do bunker do pai que raptou a filha para proteg\u00ea-la do apocalipse - Portal Tela Portugal\" \/>\n<meta property=\"og:description\" content=\"Um ex-banc\u00e1rio antivacinas raptou a filha de tr\u00eas anos e foi detido ao fim de uma semana, na zona do Porto, depois de ter constru\u00eddo um bunker em Montalegre. O abrigo situa-se a cerca de seis metros de profundidade e pode acolher at\u00e9 seis pessoas. O bunker fica numa grande propriedade isolada do concelho de Montalegre, acess\u00edvel nesta altura do ano apenas por jipe. O interior tem duas divis\u00f5es, com renova\u00e7\u00e3o de ar, \u00e1gua canalizada e grandes quantidades de alimentos desidratados. Pai e filha teriam pernoitado no interior do bunkER durante uma semana.\" \/>\n<meta property=\"og:url\" content=\"https:\/\/portaltela.pt\/noticias\/2026\/01\/30\/imagens-do-bunker-do-pai-que-raptou-a-filha-para-protege-la-do-apocalipse\/\" \/>\n<meta property=\"og:site_name\" content=\"Portal Tela Portugal\" \/>\n<meta property=\"article:published_time\" content=\"2026-01-30T16:53:00+00:00\" \/>\n<meta name=\"author\" content=\"Telinha\" \/>\n<meta name=\"twitter:card\" content=\"summary_large_image\" \/>\n<meta name=\"twitter:label1\" content=\"Escrito por\" \/>\n\t<meta name=\"twitter:data1\" content=\"Telinha\" \/>\n\t<meta name=\"twitter:label2\" content=\"Tempo estimado de leitura\" \/>\n\t<meta name=\"twitter:data2\" content=\"1 minuto\" \/>\n<script type=\"application\/ld+json\" class=\"yoast-schema-graph\">{\"@context\":\"https:\/\/schema.org\",\"@graph\":[{\"@type\":\"Article\",\"@id\":\"https:\/\/portaltela.pt\/noticias\/2026\/01\/30\/imagens-do-bunker-do-pai-que-raptou-a-filha-para-protege-la-do-apocalipse\/#article\",\"isPartOf\":{\"@id\":\"https:\/\/portaltela.pt\/noticias\/2026\/01\/30\/imagens-do-bunker-do-pai-que-raptou-a-filha-para-protege-la-do-apocalipse\/\"},\"author\":{\"name\":\"Telinha\",\"@id\":\"https:\/\/portaltela.pt\/#\/schema\/person\/c4278d4a6028830caff9ee44b42d32ed\"},\"headline\":\"Imagens do bunker do pai que raptou a filha para proteg\u00ea-la do apocalipse\",\"datePublished\":\"2026-01-30T16:53:00+00:00\",\"mainEntityOfPage\":{\"@id\":\"https:\/\/portaltela.pt\/noticias\/2026\/01\/30\/imagens-do-bunker-do-pai-que-raptou-a-filha-para-protege-la-do-apocalipse\/\"},\"wordCount\":172,\"image\":{\"@id\":\"https:\/\/portaltela.pt\/noticias\/2026\/01\/30\/imagens-do-bunker-do-pai-que-raptou-a-filha-para-protege-la-do-apocalipse\/#primaryimage\"},\"thumbnailUrl\":\"https:\/\/portaltela.pt\/s.01k8rhncp4jt1\/2026\/01\/image-2139.jpg\",\"keywords\":[\"crime\",\"investiga\u00e7\u00e3o\",\"Montalegre\",\"Norte\",\"Porto\",\"sequestro\"],\"articleSection\":[\"Not\u00edcias\"],\"inLanguage\":\"pt-PT\"},{\"@type\":\"WebPage\",\"@id\":\"https:\/\/portaltela.pt\/noticias\/2026\/01\/30\/imagens-do-bunker-do-pai-que-raptou-a-filha-para-protege-la-do-apocalipse\/\",\"url\":\"https:\/\/portaltela.pt\/noticias\/2026\/01\/30\/imagens-do-bunker-do-pai-que-raptou-a-filha-para-protege-la-do-apocalipse\/\",\"name\":\"Imagens do bunker do pai que raptou a filha para proteg\u00ea-la do apocalipse - Portal Tela Portugal\",\"isPartOf\":{\"@id\":\"https:\/\/portaltela.pt\/#website\"},\"primaryImageOfPage\":{\"@id\":\"https:\/\/portaltela.pt\/noticias\/2026\/01\/30\/imagens-do-bunker-do-pai-que-raptou-a-filha-para-protege-la-do-apocalipse\/#primaryimage\"},\"image\":{\"@id\":\"https:\/\/portaltela.pt\/noticias\/2026\/01\/30\/imagens-do-bunker-do-pai-que-raptou-a-filha-para-protege-la-do-apocalipse\/#primaryimage\"},\"thumbnailUrl\":\"https:\/\/portaltela.pt\/s.01k8rhncp4jt1\/2026\/01\/image-2139.jpg\",\"datePublished\":\"2026-01-30T16:53:00+00:00\",\"author\":{\"@id\":\"https:\/\/portaltela.pt\/#\/schema\/person\/c4278d4a6028830caff9ee44b42d32ed\"},\"breadcrumb\":{\"@id\":\"https:\/\/portaltela.pt\/noticias\/2026\/01\/30\/imagens-do-bunker-do-pai-que-raptou-a-filha-para-protege-la-do-apocalipse\/#breadcrumb\"},\"inLanguage\":\"pt-PT\",\"potentialAction\":[{\"@type\":\"ReadAction\",\"target\":[\"https:\/\/portaltela.pt\/noticias\/2026\/01\/30\/imagens-do-bunker-do-pai-que-raptou-a-filha-para-protege-la-do-apocalipse\/\"]}]},{\"@type\":\"ImageObject\",\"inLanguage\":\"pt-PT\",\"@id\":\"https:\/\/portaltela.pt\/noticias\/2026\/01\/30\/imagens-do-bunker-do-pai-que-raptou-a-filha-para-protege-la-do-apocalipse\/#primaryimage\",\"url\":\"https:\/\/portaltela.pt\/s.01k8rhncp4jt1\/2026\/01\/image-2139.jpg\",\"contentUrl\":\"https:\/\/portaltela.pt\/s.01k8rhncp4jt1\/2026\/01\/image-2139.jpg\",\"width\":796,\"height\":448,\"caption\":\"A entrada do abrigo\"},{\"@type\":\"BreadcrumbList\",\"@id\":\"https:\/\/portaltela.pt\/noticias\/2026\/01\/30\/imagens-do-bunker-do-pai-que-raptou-a-filha-para-protege-la-do-apocalipse\/#breadcrumb\",\"itemListElement\":[{\"@type\":\"ListItem\",\"position\":1,\"name\":\"In\u00edcio\",\"item\":\"https:\/\/portaltela.pt\/\"},{\"@type\":\"ListItem\",\"position\":2,\"name\":\"Imagens do bunker do pai que raptou a filha para proteg\u00ea-la do apocalipse\"}]},{\"@type\":\"WebSite\",\"@id\":\"https:\/\/portaltela.pt\/#website\",\"url\":\"https:\/\/portaltela.pt\/\",\"name\":\"Portal Tela Portugal\",\"description\":\"\",\"potentialAction\":[{\"@type\":\"SearchAction\",\"target\":{\"@type\":\"EntryPoint\",\"urlTemplate\":\"https:\/\/portaltela.pt\/?s={search_term_string}\"},\"query-input\":{\"@type\":\"PropertyValueSpecification\",\"valueRequired\":true,\"valueName\":\"search_term_string\"}}],\"inLanguage\":\"pt-PT\"},{\"@type\":\"Person\",\"@id\":\"https:\/\/portaltela.pt\/#\/schema\/person\/c4278d4a6028830caff9ee44b42d32ed\",\"name\":\"Telinha\",\"image\":{\"@type\":\"ImageObject\",\"inLanguage\":\"pt-PT\",\"@id\":\"https:\/\/portaltela.pt\/s.01k8rhncp4jt1\/2025\/11\/talking-bot-125x125.png\",\"url\":\"https:\/\/portaltela.pt\/s.01k8rhncp4jt1\/2025\/11\/talking-bot-125x125.png\",\"contentUrl\":\"https:\/\/portaltela.pt\/s.01k8rhncp4jt1\/2025\/11\/talking-bot-125x125.png\",\"caption\":\"Telinha\"},\"sameAs\":[\"https:\/\/portaltela.pt\/\"],\"url\":\"https:\/\/portaltela.pt\/por\/367410592786\/\"}]}<\/script>\n<!-- \/ Yoast SEO plugin. -->","yoast_head_json":{"title":"Imagens do bunker do pai que raptou a filha para proteg\u00ea-la do apocalipse - Portal Tela Portugal","robots":{"index":"index","follow":"follow","max-snippet":"max-snippet:-1","max-image-preview":"max-image-preview:large","max-video-preview":"max-video-preview:-1"},"og_locale":"pt_PT","og_type":"article","og_title":"Imagens do bunker do pai que raptou a filha para proteg\u00ea-la do apocalipse - Portal Tela Portugal","og_description":"Um ex-banc\u00e1rio antivacinas raptou a filha de tr\u00eas anos e foi detido ao fim de uma semana, na zona do Porto, depois de ter constru\u00eddo um bunker em Montalegre. O abrigo situa-se a cerca de seis metros de profundidade e pode acolher at\u00e9 seis pessoas. O bunker fica numa grande propriedade isolada do concelho de Montalegre, acess\u00edvel nesta altura do ano apenas por jipe. O interior tem duas divis\u00f5es, com renova\u00e7\u00e3o de ar, \u00e1gua canalizada e grandes quantidades de alimentos desidratados. Pai e filha teriam pernoitado no interior do bunkER durante uma semana.","og_url":"https:\/\/portaltela.pt\/noticias\/2026\/01\/30\/imagens-do-bunker-do-pai-que-raptou-a-filha-para-protege-la-do-apocalipse\/","og_site_name":"Portal Tela Portugal","article_published_time":"2026-01-30T16:53:00+00:00","author":"Telinha","twitter_card":"summary_large_image","twitter_misc":{"Escrito por":"Telinha","Tempo estimado de leitura":"1 minuto"},"schema":{"@context":"https:\/\/schema.org","@graph":[{"@type":"Article","@id":"https:\/\/portaltela.pt\/noticias\/2026\/01\/30\/imagens-do-bunker-do-pai-que-raptou-a-filha-para-protege-la-do-apocalipse\/#article","isPartOf":{"@id":"https:\/\/portaltela.pt\/noticias\/2026\/01\/30\/imagens-do-bunker-do-pai-que-raptou-a-filha-para-protege-la-do-apocalipse\/"},"author":{"name":"Telinha","@id":"https:\/\/portaltela.pt\/#\/schema\/person\/c4278d4a6028830caff9ee44b42d32ed"},"headline":"Imagens do bunker do pai que raptou a filha para proteg\u00ea-la do apocalipse","datePublished":"2026-01-30T16:53:00+00:00","mainEntityOfPage":{"@id":"https:\/\/portaltela.pt\/noticias\/2026\/01\/30\/imagens-do-bunker-do-pai-que-raptou-a-filha-para-protege-la-do-apocalipse\/"},"wordCount":172,"image":{"@id":"https:\/\/portaltela.pt\/noticias\/2026\/01\/30\/imagens-do-bunker-do-pai-que-raptou-a-filha-para-protege-la-do-apocalipse\/#primaryimage"},"thumbnailUrl":"https:\/\/portaltela.pt\/s.01k8rhncp4jt1\/2026\/01\/image-2139.jpg","keywords":["crime","investiga\u00e7\u00e3o","Montalegre","Norte","Porto","sequestro"],"articleSection":["Not\u00edcias"],"inLanguage":"pt-PT"},{"@type":"WebPage","@id":"https:\/\/portaltela.pt\/noticias\/2026\/01\/30\/imagens-do-bunker-do-pai-que-raptou-a-filha-para-protege-la-do-apocalipse\/","url":"https:\/\/portaltela.pt\/noticias\/2026\/01\/30\/imagens-do-bunker-do-pai-que-raptou-a-filha-para-protege-la-do-apocalipse\/","name":"Imagens do bunker do pai que raptou a filha para proteg\u00ea-la do apocalipse - Portal Tela Portugal","isPartOf":{"@id":"https:\/\/portaltela.pt\/#website"},"primaryImageOfPage":{"@id":"https:\/\/portaltela.pt\/noticias\/2026\/01\/30\/imagens-do-bunker-do-pai-que-raptou-a-filha-para-protege-la-do-apocalipse\/#primaryimage"},"image":{"@id":"https:\/\/portaltela.pt\/noticias\/2026\/01\/30\/imagens-do-bunker-do-pai-que-raptou-a-filha-para-protege-la-do-apocalipse\/#primaryimage"},"thumbnailUrl":"https:\/\/portaltela.pt\/s.01k8rhncp4jt1\/2026\/01\/image-2139.jpg","datePublished":"2026-01-30T16:53:00+00:00","author":{"@id":"https:\/\/portaltela.pt\/#\/schema\/person\/c4278d4a6028830caff9ee44b42d32ed"},"breadcrumb":{"@id":"https:\/\/portaltela.pt\/noticias\/2026\/01\/30\/imagens-do-bunker-do-pai-que-raptou-a-filha-para-protege-la-do-apocalipse\/#breadcrumb"},"inLanguage":"pt-PT","potentialAction":[{"@type":"ReadAction","target":["https:\/\/portaltela.pt\/noticias\/2026\/01\/30\/imagens-do-bunker-do-pai-que-raptou-a-filha-para-protege-la-do-apocalipse\/"]}]},{"@type":"ImageObject","inLanguage":"pt-PT","@id":"https:\/\/portaltela.pt\/noticias\/2026\/01\/30\/imagens-do-bunker-do-pai-que-raptou-a-filha-para-protege-la-do-apocalipse\/#primaryimage","url":"https:\/\/portaltela.pt\/s.01k8rhncp4jt1\/2026\/01\/image-2139.jpg","contentUrl":"https:\/\/portaltela.pt\/s.01k8rhncp4jt1\/2026\/01\/image-2139.jpg","width":796,"height":448,"caption":"A entrada do abrigo"},{"@type":"BreadcrumbList","@id":"https:\/\/portaltela.pt\/noticias\/2026\/01\/30\/imagens-do-bunker-do-pai-que-raptou-a-filha-para-protege-la-do-apocalipse\/#breadcrumb","itemListElement":[{"@type":"ListItem","position":1,"name":"In\u00edcio","item":"https:\/\/portaltela.pt\/"},{"@type":"ListItem","position":2,"name":"Imagens do bunker do pai que raptou a filha para proteg\u00ea-la do apocalipse"}]},{"@type":"WebSite","@id":"https:\/\/portaltela.pt\/#website","url":"https:\/\/portaltela.pt\/","name":"Portal Tela Portugal","description":"","potentialAction":[{"@type":"SearchAction","target":{"@type":"EntryPoint","urlTemplate":"https:\/\/portaltela.pt\/?s={search_term_string}"},"query-input":{"@type":"PropertyValueSpecification","valueRequired":true,"valueName":"search_term_string"}}],"inLanguage":"pt-PT"},{"@type":"Person","@id":"https:\/\/portaltela.pt\/#\/schema\/person\/c4278d4a6028830caff9ee44b42d32ed","name":"Telinha","image":{"@type":"ImageObject","inLanguage":"pt-PT","@id":"https:\/\/portaltela.pt\/s.01k8rhncp4jt1\/2025\/11\/talking-bot-125x125.png","url":"https:\/\/portaltela.pt\/s.01k8rhncp4jt1\/2025\/11\/talking-bot-125x125.png","contentUrl":"https:\/\/portaltela.pt\/s.01k8rhncp4jt1\/2025\/11\/talking-bot-125x125.png","caption":"Telinha"},"sameAs":["https:\/\/portaltela.pt\/"],"url":"https:\/\/portaltela.pt\/por\/367410592786\/"}]}},"_links":{"self":[{"href":"https:\/\/portaltela.pt\/api\/wp\/v2\/posts\/184757","targetHints":{"allow":["GET"]}}],"collection":[{"href":"https:\/\/portaltela.pt\/api\/wp\/v2\/posts"}],"about":[{"href":"https:\/\/portaltela.pt\/api\/wp\/v2\/types\/post"}],"author":[{"embeddable":true,"href":"https:\/\/portaltela.pt\/api\/wp\/v2\/users\/2"}],"replies":[{"embeddable":true,"href":"https:\/\/portaltela.pt\/api\/wp\/v2\/comments?post=184757"}],"version-history":[{"count":0,"href":"https:\/\/portaltela.pt\/api\/wp\/v2\/posts\/184757\/revisions"}],"wp:featuredmedia":[{"embeddable":true,"href":"https:\/\/portaltela.pt\/api\/wp\/v2\/media\/184810"}],"wp:attachment":[{"href":"https:\/\/portaltela.pt\/api\/wp\/v2\/media?parent=184757"}],"wp:term":[{"taxonomy":"category","embeddable":true,"href":"https:\/\/portaltela.pt\/api\/wp\/v2\/categories?post=184757"},{"taxonomy":"post_tag","embeddable":true,"href":"https:\/\/portaltela.pt\/api\/wp\/v2\/tags?post=184757"}],"curies":[{"name":"wp","href":"https:\/\/api.w.org\/{rel}","templated":true}]}}