{"id":184711,"date":"2026-01-30T13:26:35","date_gmt":"2026-01-30T16:26:35","guid":{"rendered":"https:\/\/portaltela.pt\/noticias\/2026\/01\/30\/pj-detem-homem-em-amarante-por-pornografia-de-menores\/"},"modified":"2026-01-30T13:26:35","modified_gmt":"2026-01-30T16:26:35","slug":"pj-detem-homem-em-amarante-por-pornografia-de-menores","status":"publish","type":"post","link":"https:\/\/portaltela.pt\/noticias\/2026\/01\/30\/pj-detem-homem-em-amarante-por-pornografia-de-menores\/","title":{"rendered":"PJ det\u00e9m homem em Amarante por pornografia de menores"},"content":{"rendered":"<p>A Pol\u00edcia Judici\u00e1ria (PJ), atrav\u00e9s da Diretoria do Norte, deteve ontem em Amarante um homem de 39 anos pela presum\u00edvel autoria de crimes de pornografia de menores, ocorridos em dezembro de 2024 e envolvendo plataformas inform\u00e1ticas. Durante as dilig\u00eancias, foram apreendidos conte\u00fados multim\u00e9dia com menores obtidos atrav\u00e9s de redes sociais e aplica\u00e7\u00f5es de mensagens. A deten\u00e7\u00e3o ocorreu em flagrante delito.<\/p>\n<p>O suspeito possui antecedentes criminais relacionados com il\u00edcitos contra a liberdade e autodetermina\u00e7\u00e3o sexual. A investiga\u00e7\u00e3o come\u00e7ou a partir de informa\u00e7\u00f5es de plataformas digitais e est\u00e1 a decorrer com v\u00e1rias per\u00edcias t\u00e9cnicas para recolha de prova.<\/p>\n<p>O detido ser\u00e1 hoje apresentado ao primeiro interrogat\u00f3rio judicial para aplica\u00e7\u00e3o de medidas de coa\u00e7\u00e3o, no tribunal competente de Amarante, segundo informa\u00e7\u00f5es da PJ. A autoridade judicial poder\u00e1 decidir sobre a sua manuten\u00e7\u00e3o em pris\u00e3o preventiva ou outras medidas aplic\u00e1veis.<\/p>\n<h3>Medidas de coa\u00e7\u00e3o e pr\u00f3ximos passos<\/h3>\n<p>As autoridades n\u00e3o indicaram prazos para novos desdobramentos, limitando-se a confirmar a apresenta\u00e7\u00e3o a interrogat\u00f3rio e a continuidade das dilig\u00eancias, incluindo a an\u00e1lise de conte\u00fados apreendidos.<\/p>\n","protected":false},"excerpt":{"rendered":"<ul>\n<li>A Pol\u00edcia Judici\u00e1ria deteve, em Amarante, um homem de 39 anos, pela presum\u00edvel autoria de crimes de pornografia de menores ocorridos em dezembro de 2024.<\/li>\n<li>A deten\u00e7\u00e3o ocorreu em flagrante delito durante dilig\u00eancias da Diretoria do Norte, com a apreens\u00e3o de conte\u00fados multim\u00e9dia com menores.<\/li>\n<li>Os materiais foram obtidos pelo suspeito atrav\u00e9s de redes sociais e aplica\u00e7\u00f5es de mensagens instant\u00e2neas.<\/li>\n<li>O detido tem antecedentes criminais relacionados com il\u00edcitos contra a liberdade e autodetermina\u00e7\u00e3o sexual.<\/li>\n<li>Hoje ser\u00e1 apresentado a primeiro interrogat\u00f3rio judicial para aplica\u00e7\u00e3o de medidas de coa\u00e7\u00e3o.<\/li>\n<\/ul>\n","protected":false},"author":2,"featured_media":184729,"comment_status":"closed","ping_status":"closed","sticky":false,"template":"","format":"standard","meta":{"footnotes":""},"categories":[1],"tags":[1303,4139,215,1802,2510,1432],"class_list":["post-184711","post","type-post","status-publish","format-standard","has-post-thumbnail","hentry","category-noticias","tag-amarante","tag-detencao","tag-investigacao","tag-policia-judiciaria","tag-pornografia-de-menor-dependente","tag-pornografia-de-menores"],"yoast_head":"<!-- This site is optimized with the Yoast SEO plugin v27.2 - https:\/\/yoast.com\/product\/yoast-seo-wordpress\/ -->\n<title>PJ det\u00e9m homem em Amarante por pornografia de menores - Portal Tela Portugal<\/title>\n<meta name=\"robots\" content=\"index, follow, max-snippet:-1, max-image-preview:large, max-video-preview:-1\" \/>\n<meta property=\"og:locale\" content=\"pt_PT\" \/>\n<meta property=\"og:type\" content=\"article\" \/>\n<meta property=\"og:title\" content=\"PJ det\u00e9m homem em Amarante por pornografia de menores - Portal Tela Portugal\" \/>\n<meta property=\"og:description\" content=\"A Pol\u00edcia Judici\u00e1ria deteve, em Amarante, um homem de 39 anos, pela presum\u00edvel autoria de crimes de pornografia de menores ocorridos em dezembro de 2024. A deten\u00e7\u00e3o ocorreu em flagrante delito durante dilig\u00eancias da Diretoria do Norte, com a apreens\u00e3o de conte\u00fados multim\u00e9dia com menores. Os materiais foram obtidos pelo suspeito atrav\u00e9s de redes sociais e aplica\u00e7\u00f5es de mensagens instant\u00e2neas. O detido tem antecedentes criminais relacionados com il\u00edcitos contra a liberdade e autodetermina\u00e7\u00e3o sexual. Hoje ser\u00e1 apresentado a primeiro interrogat\u00f3rio judicial para aplica\u00e7\u00e3o de medidas de coa\u00e7\u00e3o.\" \/>\n<meta property=\"og:url\" content=\"https:\/\/portaltela.pt\/noticias\/2026\/01\/30\/pj-detem-homem-em-amarante-por-pornografia-de-menores\/\" \/>\n<meta property=\"og:site_name\" content=\"Portal Tela Portugal\" \/>\n<meta property=\"article:published_time\" content=\"2026-01-30T16:26:35+00:00\" \/>\n<meta name=\"author\" content=\"Telinha\" \/>\n<meta name=\"twitter:card\" content=\"summary_large_image\" \/>\n<meta name=\"twitter:label1\" content=\"Escrito por\" \/>\n\t<meta name=\"twitter:data1\" content=\"Telinha\" \/>\n\t<meta name=\"twitter:label2\" content=\"Tempo estimado de leitura\" \/>\n\t<meta name=\"twitter:data2\" content=\"1 minuto\" \/>\n<script type=\"application\/ld+json\" class=\"yoast-schema-graph\">{\"@context\":\"https:\/\/schema.org\",\"@graph\":[{\"@type\":\"Article\",\"@id\":\"https:\/\/portaltela.pt\/noticias\/2026\/01\/30\/pj-detem-homem-em-amarante-por-pornografia-de-menores\/#article\",\"isPartOf\":{\"@id\":\"https:\/\/portaltela.pt\/noticias\/2026\/01\/30\/pj-detem-homem-em-amarante-por-pornografia-de-menores\/\"},\"author\":{\"name\":\"Telinha\",\"@id\":\"https:\/\/portaltela.pt\/#\/schema\/person\/c4278d4a6028830caff9ee44b42d32ed\"},\"headline\":\"PJ det\u00e9m homem em Amarante por pornografia de menores\",\"datePublished\":\"2026-01-30T16:26:35+00:00\",\"mainEntityOfPage\":{\"@id\":\"https:\/\/portaltela.pt\/noticias\/2026\/01\/30\/pj-detem-homem-em-amarante-por-pornografia-de-menores\/\"},\"wordCount\":210,\"image\":{\"@id\":\"https:\/\/portaltela.pt\/noticias\/2026\/01\/30\/pj-detem-homem-em-amarante-por-pornografia-de-menores\/#primaryimage\"},\"thumbnailUrl\":\"https:\/\/portaltela.pt\/s.01k8rhncp4jt1\/2026\/01\/GettyImages-627161278.webp\",\"keywords\":[\"Amarante\",\"deten\u00e7\u00e3o\",\"investiga\u00e7\u00e3o\",\"Pol\u00edcia Judici\u00e1ria\",\"pornografia de menor dependente\",\"pornografia de menores\"],\"articleSection\":[\"Not\u00edcias\"],\"inLanguage\":\"pt-PT\"},{\"@type\":\"WebPage\",\"@id\":\"https:\/\/portaltela.pt\/noticias\/2026\/01\/30\/pj-detem-homem-em-amarante-por-pornografia-de-menores\/\",\"url\":\"https:\/\/portaltela.pt\/noticias\/2026\/01\/30\/pj-detem-homem-em-amarante-por-pornografia-de-menores\/\",\"name\":\"PJ det\u00e9m homem em Amarante por pornografia de menores - Portal Tela Portugal\",\"isPartOf\":{\"@id\":\"https:\/\/portaltela.pt\/#website\"},\"primaryImageOfPage\":{\"@id\":\"https:\/\/portaltela.pt\/noticias\/2026\/01\/30\/pj-detem-homem-em-amarante-por-pornografia-de-menores\/#primaryimage\"},\"image\":{\"@id\":\"https:\/\/portaltela.pt\/noticias\/2026\/01\/30\/pj-detem-homem-em-amarante-por-pornografia-de-menores\/#primaryimage\"},\"thumbnailUrl\":\"https:\/\/portaltela.pt\/s.01k8rhncp4jt1\/2026\/01\/GettyImages-627161278.webp\",\"datePublished\":\"2026-01-30T16:26:35+00:00\",\"author\":{\"@id\":\"https:\/\/portaltela.pt\/#\/schema\/person\/c4278d4a6028830caff9ee44b42d32ed\"},\"breadcrumb\":{\"@id\":\"https:\/\/portaltela.pt\/noticias\/2026\/01\/30\/pj-detem-homem-em-amarante-por-pornografia-de-menores\/#breadcrumb\"},\"inLanguage\":\"pt-PT\",\"potentialAction\":[{\"@type\":\"ReadAction\",\"target\":[\"https:\/\/portaltela.pt\/noticias\/2026\/01\/30\/pj-detem-homem-em-amarante-por-pornografia-de-menores\/\"]}]},{\"@type\":\"ImageObject\",\"inLanguage\":\"pt-PT\",\"@id\":\"https:\/\/portaltela.pt\/noticias\/2026\/01\/30\/pj-detem-homem-em-amarante-por-pornografia-de-menores\/#primaryimage\",\"url\":\"https:\/\/portaltela.pt\/s.01k8rhncp4jt1\/2026\/01\/GettyImages-627161278.webp\",\"contentUrl\":\"https:\/\/portaltela.pt\/s.01k8rhncp4jt1\/2026\/01\/GettyImages-627161278.webp\",\"width\":980,\"height\":550,\"caption\":\"PJ det\u00e9m homem em Amarante por pornografia de menores\"},{\"@type\":\"BreadcrumbList\",\"@id\":\"https:\/\/portaltela.pt\/noticias\/2026\/01\/30\/pj-detem-homem-em-amarante-por-pornografia-de-menores\/#breadcrumb\",\"itemListElement\":[{\"@type\":\"ListItem\",\"position\":1,\"name\":\"In\u00edcio\",\"item\":\"https:\/\/portaltela.pt\/\"},{\"@type\":\"ListItem\",\"position\":2,\"name\":\"PJ det\u00e9m homem em Amarante por pornografia de menores\"}]},{\"@type\":\"WebSite\",\"@id\":\"https:\/\/portaltela.pt\/#website\",\"url\":\"https:\/\/portaltela.pt\/\",\"name\":\"Portal Tela Portugal\",\"description\":\"\",\"potentialAction\":[{\"@type\":\"SearchAction\",\"target\":{\"@type\":\"EntryPoint\",\"urlTemplate\":\"https:\/\/portaltela.pt\/?s={search_term_string}\"},\"query-input\":{\"@type\":\"PropertyValueSpecification\",\"valueRequired\":true,\"valueName\":\"search_term_string\"}}],\"inLanguage\":\"pt-PT\"},{\"@type\":\"Person\",\"@id\":\"https:\/\/portaltela.pt\/#\/schema\/person\/c4278d4a6028830caff9ee44b42d32ed\",\"name\":\"Telinha\",\"image\":{\"@type\":\"ImageObject\",\"inLanguage\":\"pt-PT\",\"@id\":\"https:\/\/portaltela.pt\/s.01k8rhncp4jt1\/2025\/11\/talking-bot-125x125.png\",\"url\":\"https:\/\/portaltela.pt\/s.01k8rhncp4jt1\/2025\/11\/talking-bot-125x125.png\",\"contentUrl\":\"https:\/\/portaltela.pt\/s.01k8rhncp4jt1\/2025\/11\/talking-bot-125x125.png\",\"caption\":\"Telinha\"},\"sameAs\":[\"https:\/\/portaltela.pt\/\"],\"url\":\"https:\/\/portaltela.pt\/por\/367410592786\/\"}]}<\/script>\n<!-- \/ Yoast SEO plugin. -->","yoast_head_json":{"title":"PJ det\u00e9m homem em Amarante por pornografia de menores - Portal Tela Portugal","robots":{"index":"index","follow":"follow","max-snippet":"max-snippet:-1","max-image-preview":"max-image-preview:large","max-video-preview":"max-video-preview:-1"},"og_locale":"pt_PT","og_type":"article","og_title":"PJ det\u00e9m homem em Amarante por pornografia de menores - Portal Tela Portugal","og_description":"A Pol\u00edcia Judici\u00e1ria deteve, em Amarante, um homem de 39 anos, pela presum\u00edvel autoria de crimes de pornografia de menores ocorridos em dezembro de 2024. A deten\u00e7\u00e3o ocorreu em flagrante delito durante dilig\u00eancias da Diretoria do Norte, com a apreens\u00e3o de conte\u00fados multim\u00e9dia com menores. Os materiais foram obtidos pelo suspeito atrav\u00e9s de redes sociais e aplica\u00e7\u00f5es de mensagens instant\u00e2neas. O detido tem antecedentes criminais relacionados com il\u00edcitos contra a liberdade e autodetermina\u00e7\u00e3o sexual. Hoje ser\u00e1 apresentado a primeiro interrogat\u00f3rio judicial para aplica\u00e7\u00e3o de medidas de coa\u00e7\u00e3o.","og_url":"https:\/\/portaltela.pt\/noticias\/2026\/01\/30\/pj-detem-homem-em-amarante-por-pornografia-de-menores\/","og_site_name":"Portal Tela Portugal","article_published_time":"2026-01-30T16:26:35+00:00","author":"Telinha","twitter_card":"summary_large_image","twitter_misc":{"Escrito por":"Telinha","Tempo estimado de leitura":"1 minuto"},"schema":{"@context":"https:\/\/schema.org","@graph":[{"@type":"Article","@id":"https:\/\/portaltela.pt\/noticias\/2026\/01\/30\/pj-detem-homem-em-amarante-por-pornografia-de-menores\/#article","isPartOf":{"@id":"https:\/\/portaltela.pt\/noticias\/2026\/01\/30\/pj-detem-homem-em-amarante-por-pornografia-de-menores\/"},"author":{"name":"Telinha","@id":"https:\/\/portaltela.pt\/#\/schema\/person\/c4278d4a6028830caff9ee44b42d32ed"},"headline":"PJ det\u00e9m homem em Amarante por pornografia de menores","datePublished":"2026-01-30T16:26:35+00:00","mainEntityOfPage":{"@id":"https:\/\/portaltela.pt\/noticias\/2026\/01\/30\/pj-detem-homem-em-amarante-por-pornografia-de-menores\/"},"wordCount":210,"image":{"@id":"https:\/\/portaltela.pt\/noticias\/2026\/01\/30\/pj-detem-homem-em-amarante-por-pornografia-de-menores\/#primaryimage"},"thumbnailUrl":"https:\/\/portaltela.pt\/s.01k8rhncp4jt1\/2026\/01\/GettyImages-627161278.webp","keywords":["Amarante","deten\u00e7\u00e3o","investiga\u00e7\u00e3o","Pol\u00edcia Judici\u00e1ria","pornografia de menor dependente","pornografia de menores"],"articleSection":["Not\u00edcias"],"inLanguage":"pt-PT"},{"@type":"WebPage","@id":"https:\/\/portaltela.pt\/noticias\/2026\/01\/30\/pj-detem-homem-em-amarante-por-pornografia-de-menores\/","url":"https:\/\/portaltela.pt\/noticias\/2026\/01\/30\/pj-detem-homem-em-amarante-por-pornografia-de-menores\/","name":"PJ det\u00e9m homem em Amarante por pornografia de menores - Portal Tela Portugal","isPartOf":{"@id":"https:\/\/portaltela.pt\/#website"},"primaryImageOfPage":{"@id":"https:\/\/portaltela.pt\/noticias\/2026\/01\/30\/pj-detem-homem-em-amarante-por-pornografia-de-menores\/#primaryimage"},"image":{"@id":"https:\/\/portaltela.pt\/noticias\/2026\/01\/30\/pj-detem-homem-em-amarante-por-pornografia-de-menores\/#primaryimage"},"thumbnailUrl":"https:\/\/portaltela.pt\/s.01k8rhncp4jt1\/2026\/01\/GettyImages-627161278.webp","datePublished":"2026-01-30T16:26:35+00:00","author":{"@id":"https:\/\/portaltela.pt\/#\/schema\/person\/c4278d4a6028830caff9ee44b42d32ed"},"breadcrumb":{"@id":"https:\/\/portaltela.pt\/noticias\/2026\/01\/30\/pj-detem-homem-em-amarante-por-pornografia-de-menores\/#breadcrumb"},"inLanguage":"pt-PT","potentialAction":[{"@type":"ReadAction","target":["https:\/\/portaltela.pt\/noticias\/2026\/01\/30\/pj-detem-homem-em-amarante-por-pornografia-de-menores\/"]}]},{"@type":"ImageObject","inLanguage":"pt-PT","@id":"https:\/\/portaltela.pt\/noticias\/2026\/01\/30\/pj-detem-homem-em-amarante-por-pornografia-de-menores\/#primaryimage","url":"https:\/\/portaltela.pt\/s.01k8rhncp4jt1\/2026\/01\/GettyImages-627161278.webp","contentUrl":"https:\/\/portaltela.pt\/s.01k8rhncp4jt1\/2026\/01\/GettyImages-627161278.webp","width":980,"height":550,"caption":"PJ det\u00e9m homem em Amarante por pornografia de menores"},{"@type":"BreadcrumbList","@id":"https:\/\/portaltela.pt\/noticias\/2026\/01\/30\/pj-detem-homem-em-amarante-por-pornografia-de-menores\/#breadcrumb","itemListElement":[{"@type":"ListItem","position":1,"name":"In\u00edcio","item":"https:\/\/portaltela.pt\/"},{"@type":"ListItem","position":2,"name":"PJ det\u00e9m homem em Amarante por pornografia de menores"}]},{"@type":"WebSite","@id":"https:\/\/portaltela.pt\/#website","url":"https:\/\/portaltela.pt\/","name":"Portal Tela Portugal","description":"","potentialAction":[{"@type":"SearchAction","target":{"@type":"EntryPoint","urlTemplate":"https:\/\/portaltela.pt\/?s={search_term_string}"},"query-input":{"@type":"PropertyValueSpecification","valueRequired":true,"valueName":"search_term_string"}}],"inLanguage":"pt-PT"},{"@type":"Person","@id":"https:\/\/portaltela.pt\/#\/schema\/person\/c4278d4a6028830caff9ee44b42d32ed","name":"Telinha","image":{"@type":"ImageObject","inLanguage":"pt-PT","@id":"https:\/\/portaltela.pt\/s.01k8rhncp4jt1\/2025\/11\/talking-bot-125x125.png","url":"https:\/\/portaltela.pt\/s.01k8rhncp4jt1\/2025\/11\/talking-bot-125x125.png","contentUrl":"https:\/\/portaltela.pt\/s.01k8rhncp4jt1\/2025\/11\/talking-bot-125x125.png","caption":"Telinha"},"sameAs":["https:\/\/portaltela.pt\/"],"url":"https:\/\/portaltela.pt\/por\/367410592786\/"}]}},"_links":{"self":[{"href":"https:\/\/portaltela.pt\/api\/wp\/v2\/posts\/184711","targetHints":{"allow":["GET"]}}],"collection":[{"href":"https:\/\/portaltela.pt\/api\/wp\/v2\/posts"}],"about":[{"href":"https:\/\/portaltela.pt\/api\/wp\/v2\/types\/post"}],"author":[{"embeddable":true,"href":"https:\/\/portaltela.pt\/api\/wp\/v2\/users\/2"}],"replies":[{"embeddable":true,"href":"https:\/\/portaltela.pt\/api\/wp\/v2\/comments?post=184711"}],"version-history":[{"count":0,"href":"https:\/\/portaltela.pt\/api\/wp\/v2\/posts\/184711\/revisions"}],"wp:featuredmedia":[{"embeddable":true,"href":"https:\/\/portaltela.pt\/api\/wp\/v2\/media\/184729"}],"wp:attachment":[{"href":"https:\/\/portaltela.pt\/api\/wp\/v2\/media?parent=184711"}],"wp:term":[{"taxonomy":"category","embeddable":true,"href":"https:\/\/portaltela.pt\/api\/wp\/v2\/categories?post=184711"},{"taxonomy":"post_tag","embeddable":true,"href":"https:\/\/portaltela.pt\/api\/wp\/v2\/tags?post=184711"}],"curies":[{"name":"wp","href":"https:\/\/api.w.org\/{rel}","templated":true}]}}